{"id":18239,"date":"2020-08-25T18:02:29","date_gmt":"2020-08-25T16:02:29","guid":{"rendered":"https:\/\/blog.tmgrupoinmobiliario.com\/fr\/?p=18239"},"modified":"2020-11-11T18:04:24","modified_gmt":"2020-11-11T17:04:24","slug":"tm-en-belgique","status":"publish","type":"post","link":"https:\/\/blog.tmgrupoinmobiliario.com\/fr\/2020\/08\/25\/tm-en-belgique\/","title":{"rendered":"TM en Belgique"},"content":{"rendered":"<p>&nbsp;<\/p>\n<p style=\"text-align: justify;margin: 0cm 0cm 7.5pt 0cm\"><span lang=\"FR\" style=\"font-family: 'Raleway',sans-serif;color: #777777\">Au cours des cinq derni\u00e8res ann\u00e9es,<span class=\"apple-converted-space\">\u00a0<\/span><strong><span style=\"font-family: 'Raleway',sans-serif\">TM<\/span><\/strong><span class=\"apple-converted-space\">\u00a0<\/span>a vu le nombre de clients en provenance de<span class=\"apple-converted-space\">\u00a0<\/span><strong><span style=\"font-family: 'Raleway',sans-serif\">Belgique<\/span><\/strong><span class=\"apple-converted-space\">\u00a0<\/span>et des<span class=\"apple-converted-space\">\u00a0<\/span><strong><span style=\"font-family: 'Raleway',sans-serif\">Pays-Bas<\/span><\/strong><span class=\"apple-converted-space\">\u00a0<\/span>augmenter et venir agrandir sa grande famille de propri\u00e9taires. Nombreux sont les citoyens belges et hollandais qui ont d\u00e9j\u00e0 choisi un logement<span class=\"apple-converted-space\">\u00a0<\/span><strong><span style=\"font-family: 'Raleway',sans-serif\">TM<\/span><\/strong><span class=\"apple-converted-space\">\u00a0<\/span>et nous tenons \u00e0 les remercier de leur confiance.<\/span><\/p>\n<p style=\"margin: 0cm 0cm 7.5pt 0cm\"><span lang=\"FR\" style=\"font-family: 'Raleway',sans-serif;color: #777777\">\u00a0<\/span><\/p>\n<p style=\"text-align: justify;margin: 0cm 0cm 7.5pt 0cm\"><strong><span lang=\"FR\" style=\"font-family: 'Raleway',sans-serif;color: #777777\">TM<\/span><\/strong><span class=\"apple-converted-space\"><span lang=\"FR\" style=\"font-family: 'Raleway',sans-serif;color: #777777\">\u00a0<\/span><\/span><span lang=\"FR\" style=\"font-family: 'Raleway',sans-serif;color: #777777\">s\u2019est engag\u00e9e en faveur de l\u2019am\u00e9lioration des services. C\u2019est pourquoi, chaque ann\u00e9e, nous d\u00e9veloppons des actions visant \u00e0 instaurer des relations plus \u00e9troites et de meilleure qualit\u00e9 avec nos clients afin de mieux comprendre et conna\u00eetre leurs attentes et leur exp\u00e9rience d\u2019achat.<\/span><\/p>\n<p style=\"margin: 0cm 0cm 7.5pt 0cm\"><span lang=\"FR\" style=\"font-family: 'Raleway',sans-serif;color: #777777\">\u00a0<\/span><\/p>\n<p style=\"text-align: justify;margin: 0cm 0cm 7.5pt 0cm\"><span lang=\"FR\" style=\"font-family: 'Raleway',sans-serif;color: #777777\">Cette fois, nous vous parlons de l\u2019une de nos derni\u00e8res initiatives en ce sens, \u00e0 savoir l\u2019ouverture d\u2019une nouvelle agence<span class=\"apple-converted-space\">\u00a0<\/span><strong><span style=\"font-family: 'Raleway',sans-serif\">TM<\/span><\/strong><span class=\"apple-converted-space\">\u00a0<\/span>\u00e0<span class=\"apple-converted-space\">\u00a0<\/span><strong><span style=\"font-family: 'Raleway',sans-serif\">Bruxelles<\/span><\/strong><span class=\"apple-converted-space\">\u00a0<\/span>qui r\u00e9alise, tout au long de la p\u00e9riode d\u2019\u00e9t\u00e9, des pr\u00e9sentations hebdomadaires de produit en<span class=\"apple-converted-space\">\u00a0<\/span><strong><span style=\"font-family: 'Raleway',sans-serif\">Belgique<\/span><\/strong>. C\u2019est un moyen de nous rapprocher de nos clients belges et des personnes int\u00e9ress\u00e9es qui se trouvent actuellement dans le pays. C\u2019est sans nul doute une option int\u00e9ressante pour ceux qui recherchent un logement sur la plage, en Espagne, et qui ne peuvent pas se rendre de suite sur les lieux pour visiter la r\u00e9sidence. Une \u00e9quipe commerciale parlant fran\u00e7ais, flamand et anglais se tient \u00e0 leur disposition afin de leur communiquer directement les informations personnalis\u00e9es sur les promotions qui r\u00e9pondent le mieux \u00e0 leurs besoins.<\/span><\/p>\n<p style=\"margin: 0cm 0cm 7.5pt 0cm\"><span lang=\"FR\" style=\"font-family: 'Raleway',sans-serif;color: #777777\">\u00a0<\/span><\/p>\n<p style=\"margin: 0cm 0cm 7.5pt 0cm\"><strong><span lang=\"FR\" style=\"font-family: 'Raleway',sans-serif;color: #777777\">TM<\/span><\/strong><span class=\"apple-converted-space\"><span lang=\"FR\" style=\"font-family: 'Raleway',sans-serif;color: #777777\">\u00a0<\/span><\/span><span lang=\"FR\" style=\"font-family: 'Raleway',sans-serif;color: #777777\">leur donne \u00e9galement la possibilit\u00e9 de passer leurs vacances en Espagne, dans la r\u00e9sidence qui les int\u00e9resse\u00a0: une mani\u00e8re id\u00e9ale de vivre l\u2019exp\u00e9rience d\u2019un s\u00e9jour dans leur futur logement \u00e0 la plage, avant de l\u2019acqu\u00e9rir.<\/span><\/p>\n","protected":false},"excerpt":{"rendered":"<p>&nbsp; Au cours des cinq derni\u00e8res ann\u00e9es,\u00a0TM\u00a0a vu le nombre de clients en provenance de\u00a0Belgique\u00a0et des\u00a0Pays-Bas\u00a0augmenter et venir agrandir sa grande famille de propri\u00e9taires. Nombreux sont les citoyens belges et hollandais qui ont d\u00e9j\u00e0 choisi un logement\u00a0TM\u00a0et nous tenons \u00e0 les remercier de leur confiance. \u00a0 TM\u00a0s\u2019est engag\u00e9e en faveur de l\u2019am\u00e9lioration des services. C\u2019est [&hellip;]<\/p>\n","protected":false},"author":11710,"featured_media":18244,"comment_status":"open","ping_status":"open","sticky":false,"template":"","format":"standard","meta":{"_jetpack_memberships_contains_paid_content":false,"footnotes":""},"categories":[3],"tags":[],"class_list":["post-18239","post","type-post","status-publish","format-standard","has-post-thumbnail","hentry","category-actualidad-tm","formato-comunicacion"],"better_featured_image":{"id":18244,"alt_text":"","caption":"","description":"","media_type":"image","media_details":{"width":1000,"height":666,"file":"2020\/11\/image-2020-11-11T180321.733.jpg","sizes":{"medium":{"file":"image-2020-11-11T180321.733-300x200.jpg","width":300,"height":200,"mime-type":"image\/jpeg","source_url":"https:\/\/blog.tmgrupoinmobiliario.com\/fr\/wp-content\/uploads\/sites\/5\/2020\/11\/image-2020-11-11T180321.733-300x200.jpg"},"thumbnail":{"file":"image-2020-11-11T180321.733-150x150.jpg","width":150,"height":150,"mime-type":"image\/jpeg","source_url":"https:\/\/blog.tmgrupoinmobiliario.com\/fr\/wp-content\/uploads\/sites\/5\/2020\/11\/image-2020-11-11T180321.733-150x150.jpg"},"medium_large":{"file":"image-2020-11-11T180321.733-768x511.jpg","width":768,"height":511,"mime-type":"image\/jpeg","source_url":"https:\/\/blog.tmgrupoinmobiliario.com\/fr\/wp-content\/uploads\/sites\/5\/2020\/11\/image-2020-11-11T180321.733-768x511.jpg"}},"image_meta":{"aperture":"0","credit":"","camera":"","caption":"","created_timestamp":"0","copyright":"","focal_length":"0","iso":"0","shutter_speed":"0","title":"","orientation":"0","keywords":[]}},"post":18239,"source_url":"https:\/\/blog.tmgrupoinmobiliario.com\/fr\/wp-content\/uploads\/sites\/5\/2020\/11\/image-2020-11-11T180321.733.jpg"},"acf":{"imagen_destacada_desktop":false,"imagen_destacada_mobile":false,"formato":{"term_id":24,"name":"Comunicaci\u00f3n","slug":"comunicacion","term_group":0,"term_taxonomy_id":24,"taxonomy":"formato","description":"","parent":0,"count":89,"filter":"raw"},"entradilla":"","etiquetas":"","cabecera_escritorio":"https:\/\/blog.tmgrupoinmobiliario.com\/fr\/wp-content\/uploads\/sites\/5\/2020\/11\/image-2020-11-11T180144.590.jpg","cabecera_mobile":"https:\/\/blog.tmgrupoinmobiliario.com\/fr\/wp-content\/uploads\/sites\/5\/2020\/11\/image-2020-11-11T180151.668.jpg","galeria":false},"yoast_head":"<!-- This site is optimized with the Yoast SEO Premium plugin v23.6 (Yoast SEO v27.5) - https:\/\/yoast.com\/product\/yoast-seo-premium-wordpress\/ -->\n<title>TM en Belgique - Francais<\/title>\n<meta name=\"robots\" content=\"index, follow, max-snippet:-1, max-image-preview:large, max-video-preview:-1\" \/>\n<link rel=\"canonical\" href=\"https:\/\/blog.tmgrupoinmobiliario.com\/fr\/2020\/08\/25\/tm-en-belgique\/\" \/>\n<meta property=\"og:locale\" content=\"fr_FR\" \/>\n<meta property=\"og:type\" content=\"article\" \/>\n<meta property=\"og:title\" content=\"TM en Belgique\" \/>\n<meta property=\"og:description\" content=\"&nbsp; Au cours des cinq derni\u00e8res ann\u00e9es,\u00a0TM\u00a0a vu le nombre de clients en provenance de\u00a0Belgique\u00a0et des\u00a0Pays-Bas\u00a0augmenter et venir agrandir sa grande famille de propri\u00e9taires. Nombreux sont les citoyens belges et hollandais qui ont d\u00e9j\u00e0 choisi un logement\u00a0TM\u00a0et nous tenons \u00e0 les remercier de leur confiance. \u00a0 TM\u00a0s\u2019est engag\u00e9e en faveur de l\u2019am\u00e9lioration des services. C\u2019est [&hellip;]\" \/>\n<meta property=\"og:url\" content=\"https:\/\/blog.tmgrupoinmobiliario.com\/fr\/2020\/08\/25\/tm-en-belgique\/\" \/>\n<meta property=\"og:site_name\" content=\"Francais\" \/>\n<meta property=\"article:published_time\" content=\"2020-08-25T16:02:29+00:00\" \/>\n<meta property=\"article:modified_time\" content=\"2020-11-11T17:04:24+00:00\" \/>\n<meta property=\"og:image\" content=\"https:\/\/blog.tmgrupoinmobiliario.com\/fr\/wp-content\/uploads\/sites\/5\/2020\/11\/image-2020-11-11T180321.733.jpg\" \/>\n\t<meta property=\"og:image:width\" content=\"1000\" \/>\n\t<meta property=\"og:image:height\" content=\"666\" \/>\n\t<meta property=\"og:image:type\" content=\"image\/jpeg\" \/>\n<meta name=\"author\" content=\"alberto\" \/>\n<meta name=\"twitter:card\" content=\"summary_large_image\" \/>\n<meta name=\"twitter:label1\" content=\"\u00c9crit par\" \/>\n\t<meta name=\"twitter:data1\" content=\"alberto\" \/>\n\t<meta name=\"twitter:label2\" content=\"Dur\u00e9e de lecture estim\u00e9e\" \/>\n\t<meta name=\"twitter:data2\" content=\"1 minute\" \/>\n<script type=\"application\/ld+json\" class=\"yoast-schema-graph\">{\"@context\":\"https:\\\/\\\/schema.org\",\"@graph\":[{\"@type\":\"Article\",\"@id\":\"https:\\\/\\\/blog.tmgrupoinmobiliario.com\\\/fr\\\/2020\\\/08\\\/25\\\/tm-en-belgique\\\/#article\",\"isPartOf\":{\"@id\":\"https:\\\/\\\/blog.tmgrupoinmobiliario.com\\\/fr\\\/2020\\\/08\\\/25\\\/tm-en-belgique\\\/\"},\"author\":{\"name\":\"alberto\",\"@id\":\"https:\\\/\\\/blog.tmgrupoinmobiliario.com\\\/fr\\\/#\\\/schema\\\/person\\\/4059e96ae5aca6723920ee59eef29527\"},\"headline\":\"TM en Belgique\",\"datePublished\":\"2020-08-25T16:02:29+00:00\",\"dateModified\":\"2020-11-11T17:04:24+00:00\",\"mainEntityOfPage\":{\"@id\":\"https:\\\/\\\/blog.tmgrupoinmobiliario.com\\\/fr\\\/2020\\\/08\\\/25\\\/tm-en-belgique\\\/\"},\"wordCount\":294,\"commentCount\":0,\"image\":{\"@id\":\"https:\\\/\\\/blog.tmgrupoinmobiliario.com\\\/fr\\\/2020\\\/08\\\/25\\\/tm-en-belgique\\\/#primaryimage\"},\"thumbnailUrl\":\"https:\\\/\\\/blog.tmgrupoinmobiliario.com\\\/fr\\\/wp-content\\\/uploads\\\/sites\\\/5\\\/2020\\\/11\\\/image-2020-11-11T180321.733.jpg\",\"articleSection\":[\"Actualit\u00e9 TM\"],\"inLanguage\":\"fr-FR\",\"potentialAction\":[{\"@type\":\"CommentAction\",\"name\":\"Comment\",\"target\":[\"https:\\\/\\\/blog.tmgrupoinmobiliario.com\\\/fr\\\/2020\\\/08\\\/25\\\/tm-en-belgique\\\/#respond\"]}]},{\"@type\":\"WebPage\",\"@id\":\"https:\\\/\\\/blog.tmgrupoinmobiliario.com\\\/fr\\\/2020\\\/08\\\/25\\\/tm-en-belgique\\\/\",\"url\":\"https:\\\/\\\/blog.tmgrupoinmobiliario.com\\\/fr\\\/2020\\\/08\\\/25\\\/tm-en-belgique\\\/\",\"name\":\"TM en Belgique - Francais\",\"isPartOf\":{\"@id\":\"https:\\\/\\\/blog.tmgrupoinmobiliario.com\\\/fr\\\/#website\"},\"primaryImageOfPage\":{\"@id\":\"https:\\\/\\\/blog.tmgrupoinmobiliario.com\\\/fr\\\/2020\\\/08\\\/25\\\/tm-en-belgique\\\/#primaryimage\"},\"image\":{\"@id\":\"https:\\\/\\\/blog.tmgrupoinmobiliario.com\\\/fr\\\/2020\\\/08\\\/25\\\/tm-en-belgique\\\/#primaryimage\"},\"thumbnailUrl\":\"https:\\\/\\\/blog.tmgrupoinmobiliario.com\\\/fr\\\/wp-content\\\/uploads\\\/sites\\\/5\\\/2020\\\/11\\\/image-2020-11-11T180321.733.jpg\",\"datePublished\":\"2020-08-25T16:02:29+00:00\",\"dateModified\":\"2020-11-11T17:04:24+00:00\",\"author\":{\"@id\":\"https:\\\/\\\/blog.tmgrupoinmobiliario.com\\\/fr\\\/#\\\/schema\\\/person\\\/4059e96ae5aca6723920ee59eef29527\"},\"breadcrumb\":{\"@id\":\"https:\\\/\\\/blog.tmgrupoinmobiliario.com\\\/fr\\\/2020\\\/08\\\/25\\\/tm-en-belgique\\\/#breadcrumb\"},\"inLanguage\":\"fr-FR\",\"potentialAction\":[{\"@type\":\"ReadAction\",\"target\":[\"https:\\\/\\\/blog.tmgrupoinmobiliario.com\\\/fr\\\/2020\\\/08\\\/25\\\/tm-en-belgique\\\/\"]}]},{\"@type\":\"ImageObject\",\"inLanguage\":\"fr-FR\",\"@id\":\"https:\\\/\\\/blog.tmgrupoinmobiliario.com\\\/fr\\\/2020\\\/08\\\/25\\\/tm-en-belgique\\\/#primaryimage\",\"url\":\"https:\\\/\\\/blog.tmgrupoinmobiliario.com\\\/fr\\\/wp-content\\\/uploads\\\/sites\\\/5\\\/2020\\\/11\\\/image-2020-11-11T180321.733.jpg\",\"contentUrl\":\"https:\\\/\\\/blog.tmgrupoinmobiliario.com\\\/fr\\\/wp-content\\\/uploads\\\/sites\\\/5\\\/2020\\\/11\\\/image-2020-11-11T180321.733.jpg\",\"width\":1000,\"height\":666},{\"@type\":\"BreadcrumbList\",\"@id\":\"https:\\\/\\\/blog.tmgrupoinmobiliario.com\\\/fr\\\/2020\\\/08\\\/25\\\/tm-en-belgique\\\/#breadcrumb\",\"itemListElement\":[{\"@type\":\"ListItem\",\"position\":1,\"name\":\"Portada\",\"item\":\"https:\\\/\\\/blog.tmgrupoinmobiliario.com\\\/fr\\\/\"},{\"@type\":\"ListItem\",\"position\":2,\"name\":\"TM en Belgique\"}]},{\"@type\":\"WebSite\",\"@id\":\"https:\\\/\\\/blog.tmgrupoinmobiliario.com\\\/fr\\\/#website\",\"url\":\"https:\\\/\\\/blog.tmgrupoinmobiliario.com\\\/fr\\\/\",\"name\":\"Francais\",\"description\":\"Otro sitio m\u00e1s de Blog Desarrollo TM sitios\",\"potentialAction\":[{\"@type\":\"SearchAction\",\"target\":{\"@type\":\"EntryPoint\",\"urlTemplate\":\"https:\\\/\\\/blog.tmgrupoinmobiliario.com\\\/fr\\\/?s={search_term_string}\"},\"query-input\":{\"@type\":\"PropertyValueSpecification\",\"valueRequired\":true,\"valueName\":\"search_term_string\"}}],\"inLanguage\":\"fr-FR\"},{\"@type\":\"Person\",\"@id\":\"https:\\\/\\\/blog.tmgrupoinmobiliario.com\\\/fr\\\/#\\\/schema\\\/person\\\/4059e96ae5aca6723920ee59eef29527\",\"name\":\"alberto\",\"image\":{\"@type\":\"ImageObject\",\"inLanguage\":\"fr-FR\",\"@id\":\"https:\\\/\\\/secure.gravatar.com\\\/avatar\\\/06c6cde3178430a549915eadb7c401c2bc823ad9e7a52cee2719f7299538c934?s=96&d=mm&r=g\",\"url\":\"https:\\\/\\\/secure.gravatar.com\\\/avatar\\\/06c6cde3178430a549915eadb7c401c2bc823ad9e7a52cee2719f7299538c934?s=96&d=mm&r=g\",\"contentUrl\":\"https:\\\/\\\/secure.gravatar.com\\\/avatar\\\/06c6cde3178430a549915eadb7c401c2bc823ad9e7a52cee2719f7299538c934?s=96&d=mm&r=g\",\"caption\":\"alberto\"},\"url\":\"https:\\\/\\\/blog.tmgrupoinmobiliario.com\\\/fr\\\/author\\\/alberto\\\/\"}]}<\/script>\n<!-- \/ Yoast SEO Premium plugin. -->","yoast_head_json":{"title":"TM en Belgique - Francais","robots":{"index":"index","follow":"follow","max-snippet":"max-snippet:-1","max-image-preview":"max-image-preview:large","max-video-preview":"max-video-preview:-1"},"canonical":"https:\/\/blog.tmgrupoinmobiliario.com\/fr\/2020\/08\/25\/tm-en-belgique\/","og_locale":"fr_FR","og_type":"article","og_title":"TM en Belgique","og_description":"&nbsp; Au cours des cinq derni\u00e8res ann\u00e9es,\u00a0TM\u00a0a vu le nombre de clients en provenance de\u00a0Belgique\u00a0et des\u00a0Pays-Bas\u00a0augmenter et venir agrandir sa grande famille de propri\u00e9taires. Nombreux sont les citoyens belges et hollandais qui ont d\u00e9j\u00e0 choisi un logement\u00a0TM\u00a0et nous tenons \u00e0 les remercier de leur confiance. \u00a0 TM\u00a0s\u2019est engag\u00e9e en faveur de l\u2019am\u00e9lioration des services. C\u2019est [&hellip;]","og_url":"https:\/\/blog.tmgrupoinmobiliario.com\/fr\/2020\/08\/25\/tm-en-belgique\/","og_site_name":"Francais","article_published_time":"2020-08-25T16:02:29+00:00","article_modified_time":"2020-11-11T17:04:24+00:00","og_image":[{"width":1000,"height":666,"url":"https:\/\/blog.tmgrupoinmobiliario.com\/fr\/wp-content\/uploads\/sites\/5\/2020\/11\/image-2020-11-11T180321.733.jpg","type":"image\/jpeg"}],"author":"alberto","twitter_card":"summary_large_image","twitter_misc":{"\u00c9crit par":"alberto","Dur\u00e9e de lecture estim\u00e9e":"1 minute"},"schema":{"@context":"https:\/\/schema.org","@graph":[{"@type":"Article","@id":"https:\/\/blog.tmgrupoinmobiliario.com\/fr\/2020\/08\/25\/tm-en-belgique\/#article","isPartOf":{"@id":"https:\/\/blog.tmgrupoinmobiliario.com\/fr\/2020\/08\/25\/tm-en-belgique\/"},"author":{"name":"alberto","@id":"https:\/\/blog.tmgrupoinmobiliario.com\/fr\/#\/schema\/person\/4059e96ae5aca6723920ee59eef29527"},"headline":"TM en Belgique","datePublished":"2020-08-25T16:02:29+00:00","dateModified":"2020-11-11T17:04:24+00:00","mainEntityOfPage":{"@id":"https:\/\/blog.tmgrupoinmobiliario.com\/fr\/2020\/08\/25\/tm-en-belgique\/"},"wordCount":294,"commentCount":0,"image":{"@id":"https:\/\/blog.tmgrupoinmobiliario.com\/fr\/2020\/08\/25\/tm-en-belgique\/#primaryimage"},"thumbnailUrl":"https:\/\/blog.tmgrupoinmobiliario.com\/fr\/wp-content\/uploads\/sites\/5\/2020\/11\/image-2020-11-11T180321.733.jpg","articleSection":["Actualit\u00e9 TM"],"inLanguage":"fr-FR","potentialAction":[{"@type":"CommentAction","name":"Comment","target":["https:\/\/blog.tmgrupoinmobiliario.com\/fr\/2020\/08\/25\/tm-en-belgique\/#respond"]}]},{"@type":"WebPage","@id":"https:\/\/blog.tmgrupoinmobiliario.com\/fr\/2020\/08\/25\/tm-en-belgique\/","url":"https:\/\/blog.tmgrupoinmobiliario.com\/fr\/2020\/08\/25\/tm-en-belgique\/","name":"TM en Belgique - Francais","isPartOf":{"@id":"https:\/\/blog.tmgrupoinmobiliario.com\/fr\/#website"},"primaryImageOfPage":{"@id":"https:\/\/blog.tmgrupoinmobiliario.com\/fr\/2020\/08\/25\/tm-en-belgique\/#primaryimage"},"image":{"@id":"https:\/\/blog.tmgrupoinmobiliario.com\/fr\/2020\/08\/25\/tm-en-belgique\/#primaryimage"},"thumbnailUrl":"https:\/\/blog.tmgrupoinmobiliario.com\/fr\/wp-content\/uploads\/sites\/5\/2020\/11\/image-2020-11-11T180321.733.jpg","datePublished":"2020-08-25T16:02:29+00:00","dateModified":"2020-11-11T17:04:24+00:00","author":{"@id":"https:\/\/blog.tmgrupoinmobiliario.com\/fr\/#\/schema\/person\/4059e96ae5aca6723920ee59eef29527"},"breadcrumb":{"@id":"https:\/\/blog.tmgrupoinmobiliario.com\/fr\/2020\/08\/25\/tm-en-belgique\/#breadcrumb"},"inLanguage":"fr-FR","potentialAction":[{"@type":"ReadAction","target":["https:\/\/blog.tmgrupoinmobiliario.com\/fr\/2020\/08\/25\/tm-en-belgique\/"]}]},{"@type":"ImageObject","inLanguage":"fr-FR","@id":"https:\/\/blog.tmgrupoinmobiliario.com\/fr\/2020\/08\/25\/tm-en-belgique\/#primaryimage","url":"https:\/\/blog.tmgrupoinmobiliario.com\/fr\/wp-content\/uploads\/sites\/5\/2020\/11\/image-2020-11-11T180321.733.jpg","contentUrl":"https:\/\/blog.tmgrupoinmobiliario.com\/fr\/wp-content\/uploads\/sites\/5\/2020\/11\/image-2020-11-11T180321.733.jpg","width":1000,"height":666},{"@type":"BreadcrumbList","@id":"https:\/\/blog.tmgrupoinmobiliario.com\/fr\/2020\/08\/25\/tm-en-belgique\/#breadcrumb","itemListElement":[{"@type":"ListItem","position":1,"name":"Portada","item":"https:\/\/blog.tmgrupoinmobiliario.com\/fr\/"},{"@type":"ListItem","position":2,"name":"TM en Belgique"}]},{"@type":"WebSite","@id":"https:\/\/blog.tmgrupoinmobiliario.com\/fr\/#website","url":"https:\/\/blog.tmgrupoinmobiliario.com\/fr\/","name":"Francais","description":"Otro sitio m\u00e1s de Blog Desarrollo TM sitios","potentialAction":[{"@type":"SearchAction","target":{"@type":"EntryPoint","urlTemplate":"https:\/\/blog.tmgrupoinmobiliario.com\/fr\/?s={search_term_string}"},"query-input":{"@type":"PropertyValueSpecification","valueRequired":true,"valueName":"search_term_string"}}],"inLanguage":"fr-FR"},{"@type":"Person","@id":"https:\/\/blog.tmgrupoinmobiliario.com\/fr\/#\/schema\/person\/4059e96ae5aca6723920ee59eef29527","name":"alberto","image":{"@type":"ImageObject","inLanguage":"fr-FR","@id":"https:\/\/secure.gravatar.com\/avatar\/06c6cde3178430a549915eadb7c401c2bc823ad9e7a52cee2719f7299538c934?s=96&d=mm&r=g","url":"https:\/\/secure.gravatar.com\/avatar\/06c6cde3178430a549915eadb7c401c2bc823ad9e7a52cee2719f7299538c934?s=96&d=mm&r=g","contentUrl":"https:\/\/secure.gravatar.com\/avatar\/06c6cde3178430a549915eadb7c401c2bc823ad9e7a52cee2719f7299538c934?s=96&d=mm&r=g","caption":"alberto"},"url":"https:\/\/blog.tmgrupoinmobiliario.com\/fr\/author\/alberto\/"}]}},"jetpack_featured_media_url":"https:\/\/blog.tmgrupoinmobiliario.com\/fr\/wp-content\/uploads\/sites\/5\/2020\/11\/image-2020-11-11T180321.733.jpg","jetpack_sharing_enabled":true,"_links":{"self":[{"href":"https:\/\/blog.tmgrupoinmobiliario.com\/fr\/wp-json\/wp\/v2\/posts\/18239","targetHints":{"allow":["GET"]}}],"collection":[{"href":"https:\/\/blog.tmgrupoinmobiliario.com\/fr\/wp-json\/wp\/v2\/posts"}],"about":[{"href":"https:\/\/blog.tmgrupoinmobiliario.com\/fr\/wp-json\/wp\/v2\/types\/post"}],"author":[{"embeddable":true,"href":"https:\/\/blog.tmgrupoinmobiliario.com\/fr\/wp-json\/wp\/v2\/users\/11710"}],"replies":[{"embeddable":true,"href":"https:\/\/blog.tmgrupoinmobiliario.com\/fr\/wp-json\/wp\/v2\/comments?post=18239"}],"version-history":[{"count":2,"href":"https:\/\/blog.tmgrupoinmobiliario.com\/fr\/wp-json\/wp\/v2\/posts\/18239\/revisions"}],"predecessor-version":[{"id":18243,"href":"https:\/\/blog.tmgrupoinmobiliario.com\/fr\/wp-json\/wp\/v2\/posts\/18239\/revisions\/18243"}],"wp:featuredmedia":[{"embeddable":true,"href":"https:\/\/blog.tmgrupoinmobiliario.com\/fr\/wp-json\/wp\/v2\/media\/18244"}],"wp:attachment":[{"href":"https:\/\/blog.tmgrupoinmobiliario.com\/fr\/wp-json\/wp\/v2\/media?parent=18239"}],"wp:term":[{"taxonomy":"category","embeddable":true,"href":"https:\/\/blog.tmgrupoinmobiliario.com\/fr\/wp-json\/wp\/v2\/categories?post=18239"},{"taxonomy":"post_tag","embeddable":true,"href":"https:\/\/blog.tmgrupoinmobiliario.com\/fr\/wp-json\/wp\/v2\/tags?post=18239"}],"curies":[{"name":"wp","href":"https:\/\/api.w.org\/{rel}","templated":true}]}}