{"id":18844,"date":"2025-09-23T10:16:41","date_gmt":"2025-09-23T08:16:41","guid":{"rendered":"https:\/\/blog.tmgrupoinmobiliario.com\/en\/?p=18844"},"modified":"2025-09-23T13:17:08","modified_gmt":"2025-09-23T11:17:08","slug":"tm-tower-this-is-what-europes-tallest-residential-skyscraper-will-be-like","status":"publish","type":"post","link":"https:\/\/blog.tmgrupoinmobiliario.com\/en\/2025\/09\/23\/tm-tower-this-is-what-europes-tallest-residential-skyscraper-will-be-like\/","title":{"rendered":"TM Tower: This Is What Europe\u2019s Tallest Residential Skyscraper Will Be Like"},"content":{"rendered":"<p>Madrid, September 19, 2025 \u2013<a href=\"http:\/\/Budowa tego projektu przez TM Grupo Inmobiliario oznacza inwestycj\u0119 w wysoko\u015bci 140 milion\u00f3w euro oraz stworzenie tysi\u0119cy bezpo\u015brednich i po\u015brednich miejsc pracy w mie\u015bcie.  W pierwszych dniach po uruchomieniu, 25% mieszka\u0144 zosta\u0142o ju\u017c zarezerwowanych, co dowodzi zainteresowania zar\u00f3wno krajowego, jak i mi\u0119dzynarodowego rynku jedn\u0105 z najbardziej ekskluzywnych ofert turystyki mieszkaniowej w Europie.\"> TM Real Estate Group<\/a>, a leading Real Estate holding company based in Alicante and a benchmark in the residential, hotel, and vacation tourism sector, specializing in the construction and development of housing along the Mediterranean coast and the Caribbean, has officially unveiled <strong>TM Tower, a unique project set to mark a turning point in European residential architecture. Standing at 230 meters tall with 64 floors, it will become the tallest residential building in Europe.<\/strong><\/p>\n<p><img loading=\"lazy\" decoding=\"async\" class=\"alignnone size-full wp-image-26615\" src=\"https:\/\/blog.tmgrupoinmobiliario.com\/wp-content\/uploads\/2025\/09\/TM-TOWER_05_Aerea-picada-1.jpg\" alt=\"\" width=\"5000\" height=\"3536\" \/><\/p>\n<p data-start=\"0\" data-end=\"213\">The event, hosted by journalist Mar\u00eda Fuster, <strong>brought together nearly 400 attendees<\/strong>, including local and regional authorities, institutional representatives, clients, suppliers, partners, and members of the media.<\/p>\n<p data-start=\"215\" data-end=\"577\" data-is-last-node=\"\" data-is-only-node=\"\">The ceremony began with an inspirational video about Benidorm and the trajectory of TM Grupo Inmobiliario, followed by official speeches from its Chairwoman, \u00c1ngeles Serna, and CEO, Pablo Serna. Both emphasized the significance of <strong>TM Tower as a symbol of the Mediterranean\u2019s future and a milestone for the company and the internationalization of the Spain brand.<\/strong><\/p>\n<p data-start=\"215\" data-end=\"577\" data-is-last-node=\"\" data-is-only-node=\"\"><img loading=\"lazy\" decoding=\"async\" class=\"alignnone size-full wp-image-26618\" src=\"https:\/\/blog.tmgrupoinmobiliario.com\/wp-content\/uploads\/2025\/09\/Angeles-Serna-Presidenta-TM-Grupo-Inmobiliario.jpeg\" alt=\"\" width=\"3552\" height=\"2368\" \/><\/p>\n<p data-start=\"215\" data-end=\"577\" data-is-last-node=\"\" data-is-only-node=\"\">\u201cThis milestone is part of the journey we\u2019ve built in the Poniente area over the past decade. Following landmark projects such as Sunset Dreams, Sunset Waves, Sunset Cliffs, Sunset Sailors, and Eagle Tower, today we take a step further with TM Tower, which stands as the crowning jewel of this skyline and turns it into a European and global benchmark,\u201d says <strong>Pablo Serna, CEO of TM Real Estate Group.<\/strong><\/p>\n<p data-start=\"215\" data-end=\"577\" data-is-last-node=\"\" data-is-only-node=\"\"><em><img loading=\"lazy\" decoding=\"async\" class=\"alignnone size-full wp-image-26616\" src=\"https:\/\/blog.tmgrupoinmobiliario.com\/wp-content\/uploads\/2025\/09\/Pablo-Serna-Ceo-de-TM.jpg\" alt=\"\" width=\"5120\" height=\"3414\" \/><\/em><\/p>\n<p data-start=\"0\" data-end=\"214\">The premiere of the TM Tower presentation video was then screened, followed by Augusto Monte, Commercial and Marketing Director, who shared the project\u2019s unique features and officially kicked off the sales process.<\/p>\n<p data-start=\"216\" data-end=\"564\"><strong>The Mayor of Benidorm, Toni P\u00e9rez, concluded the institutional segment by highlighting the city\u2019s potential to attract investment and, in turn, create jobs and promote well-being. He also emphasized that this new tower\u2014like those previously built by TM\u2014enhances the vertical urbanism that has been a hallmark of Benidorm for nearly seven decades.<\/strong><\/p>\n<p data-start=\"566\" data-end=\"762\" data-is-last-node=\"\" data-is-only-node=\"\">The evening concluded with a seaside networking cocktail and a drone show that lit up the Benidorm sky, <strong>tracing the silhouette of TM Tower in motion as a preview of the city\u2019s newest skyline icon.<\/strong><\/p>\n<p data-start=\"566\" data-end=\"762\" data-is-last-node=\"\" data-is-only-node=\"\"><strong><img loading=\"lazy\" decoding=\"async\" class=\"alignnone size-full wp-image-26617\" src=\"https:\/\/blog.tmgrupoinmobiliario.com\/wp-content\/uploads\/2025\/09\/Antonio-Perez-Alcalde-de-Benidorm.jpg\" alt=\"\" width=\"5120\" height=\"3414\" \/><\/strong><\/p>\n<p data-start=\"566\" data-end=\"762\" data-is-last-node=\"\" data-is-only-node=\"\"><strong>A Project Worthy of Benidorm<\/strong><\/p>\n<p data-start=\"34\" data-end=\"442\">Located on <strong>Benidorm\u2019s Poniente Beach, TM Tower will feature 260 homes ranging from one to four bedrooms, along with over 10,000 m\u00b2 of communal areas that redefine the concept of high-rise living<\/strong>: heated pools, a gym, cinema room, sports areas, and a skybar on the 63rd floor with an astronomical observatory, developed in collaboration with the Jes\u00fas Carnicer Didactic and Interactive Science Museum (MUDIC).<\/p>\n<p data-start=\"444\" data-end=\"1021\"><strong>The construction of this colossal development represents an investment of \u20ac140 million by the holding company and has generated thousands of direct and indirect jobs<\/strong>, directly benefiting architects, engineers, suppliers, and tradespeople. The project is part of the company\u2019s strong commitment to Benidorm:<br data-start=\"750\" data-end=\"753\" \/>\u201cOver the past decade, <strong>TM has invested more than \u20ac400 million in Benidorm<\/strong>, transforming this area into an international benchmark and making it possible for thousands of families to enjoy a new life by the sea,\u201d <strong>says \u00c1ngeles Serna, Chairwoman of TM Real Estate Group.<\/strong><\/p>\n<p data-start=\"1023\" data-end=\"1400\" data-is-last-node=\"\" data-is-only-node=\"\">Construction of TM Tower is already underway, with <strong>delivery of the homes scheduled for the last quarter of 2028.<\/strong> <strong>In the first few days after its launch<\/strong>, media and commercial interest has been immediate, and so far, <strong>25% of the units have already been reserved\u2014clearly positioning the development as one of the most exclusive and prominent residential tourism projects in Europe.<\/strong><\/p>\n<p data-start=\"1023\" data-end=\"1400\" data-is-last-node=\"\" data-is-only-node=\"\"><img loading=\"lazy\" decoding=\"async\" class=\"alignnone size-full wp-image-26619\" src=\"https:\/\/blog.tmgrupoinmobiliario.com\/wp-content\/uploads\/2025\/09\/TM-TOWER_-Skyline-Benidorm-con-drones.jpg\" alt=\"\" width=\"5120\" height=\"3414\" \/><\/p>\n<p data-start=\"1023\" data-end=\"1400\" data-is-last-node=\"\" data-is-only-node=\"\"><strong>Architecture and Design: A Mediterranean Benchmark<\/strong><\/p>\n<p data-start=\"56\" data-end=\"495\">The architectural project brings together two prestigious studios: <strong>BakPak Architects and GEA Architects<\/strong>. It is inspired by the organic shape of a sea coral, <strong>paying homage to the Mediterranean and to Benidorm\u2019s international DNA<\/strong>. From a technical standpoint, TM Tower will feature a high-rigidity reinforced concrete structure, validated through wind tunnel testing at the Polytechnic University of Madrid,<strong> ensuring both safety and comfort.<\/strong><\/p>\n<p data-start=\"497\" data-end=\"682\"><strong>Vertical mobility will be handled by seven ultra-fast elevators<\/strong>, capable of reaching speeds of 6 meters per second, offering residents an experience akin to that of major global cities.<\/p>\n<p data-start=\"497\" data-end=\"682\"><strong>Spain and Tourism as a Driving Force<\/strong><\/p>\n<p data-start=\"731\" data-end=\"1019\">\u201cSpain is today one of the world\u2019s leading tourism powers. This leadership is particularly evident in the Valencian Community, where residential tourism already accounts for <strong>5% of the region\u2019s GDP and over 30% of the GDP in the province of Alicante,\u201d confirms TM Chairwoman \u00c1ngeles Serna.<\/strong><\/p>\n<p data-start=\"1021\" data-end=\"1268\" data-is-last-node=\"\" data-is-only-node=\"\">\u201cIn this context, <strong>projects like TM Tower will further establish Benidorm as an international benchmark and strengthen Spain\u2019s role on the global map of tourism and residential investment,\u201d emphasizes Pablo Serna, CEO of the Alicante-based company.<\/strong><\/p>\n<p data-start=\"1021\" data-end=\"1268\" data-is-last-node=\"\" data-is-only-node=\"\">\n","protected":false},"excerpt":{"rendered":"<p>Madrid, September 19, 2025 \u2013 TM Real Estate Group, a leading Real Estate holding company based in Alicante and a benchmark in the residential, hotel, and vacation tourism sector, specializing in the construction and development of housing along the Mediterranean coast and the Caribbean, has officially unveiled TM Tower, a unique project set to mark [&hellip;]<\/p>\n","protected":false},"author":11730,"featured_media":18857,"comment_status":"open","ping_status":"open","sticky":false,"template":"","format":"standard","meta":{"_jetpack_memberships_contains_paid_content":false,"footnotes":""},"categories":[457,1,8],"tags":[466,123],"class_list":["post-18844","post","type-post","status-publish","format-standard","has-post-thumbnail","hentry","category-notas-prensa","category-sin-categoria","category-actualidad-tm","tag-tag-all","tag-tag-compromise-en-2","formato-comunicacion"],"better_featured_image":{"id":18857,"alt_text":"","caption":"","description":"","media_type":"image","media_details":{"width":1000,"height":666,"file":"2025\/09\/Presidenta-y-CEO-instituciones-TM-Tower.png","filesize":1160185,"sizes":{},"image_meta":{"aperture":"0","credit":"","camera":"","caption":"","created_timestamp":"0","copyright":"","focal_length":"0","iso":"0","shutter_speed":"0","title":"","orientation":"0","keywords":[]}},"post":18844,"source_url":"https:\/\/blog.tmgrupoinmobiliario.com\/en\/wp-content\/uploads\/sites\/2\/2025\/09\/Presidenta-y-CEO-instituciones-TM-Tower.png"},"acf":{"imagen_destacada_desktop":"https:\/\/blog.tmgrupoinmobiliario.com\/en\/wp-content\/uploads\/sites\/2\/2025\/09\/Instituciones-TM-Tower.png","imagen_destacada_mobile":"https:\/\/blog.tmgrupoinmobiliario.com\/en\/wp-content\/uploads\/sites\/2\/2025\/09\/TM-Tower-drone.png","formato":{"term_id":462,"name":"Comunicaci\u00f3n","slug":"comunicacion","term_group":0,"term_taxonomy_id":462,"taxonomy":"formato","description":"","parent":0,"count":187,"filter":"raw"},"entradilla":"The construction of this project by TM Real Estate Group represents an investment of 140 million euros and the creation of thousands of direct and indirect jobs in the city.\r\n\r\n\r\n\r\n\r\nIn the first days after its launch, 25% of the homes have already been reserved, demonstrating strong interest from both national and international markets in one of the most exclusive residential tourism developments in Europe.","etiquetas":"","cabecera_escritorio":"https:\/\/blog.tmgrupoinmobiliario.com\/en\/wp-content\/uploads\/sites\/2\/2025\/09\/TM-Tower.png","cabecera_mobile":"https:\/\/blog.tmgrupoinmobiliario.com\/en\/wp-content\/uploads\/sites\/2\/2025\/09\/Espectaculo-drones-TM-Tower.png","galeria":false},"yoast_head":"<!-- This site is optimized with the Yoast SEO Premium plugin v23.6 (Yoast SEO v27.4) - https:\/\/yoast.com\/product\/yoast-seo-premium-wordpress\/ -->\n<title>TM Tower: This Is What Europe\u2019s Tallest Residential Skyscraper Will Be Like - English<\/title>\n<meta name=\"robots\" content=\"index, follow, max-snippet:-1, max-image-preview:large, max-video-preview:-1\" \/>\n<link rel=\"canonical\" href=\"https:\/\/blog.tmgrupoinmobiliario.com\/en\/2025\/09\/23\/tm-tower-this-is-what-europes-tallest-residential-skyscraper-will-be-like\/\" \/>\n<meta property=\"og:locale\" content=\"en_US\" \/>\n<meta property=\"og:type\" content=\"article\" \/>\n<meta property=\"og:title\" content=\"TM Tower: This Is What Europe\u2019s Tallest Residential Skyscraper Will Be Like\" \/>\n<meta property=\"og:description\" content=\"Madrid, September 19, 2025 \u2013 TM Real Estate Group, a leading Real Estate holding company based in Alicante and a benchmark in the residential, hotel, and vacation tourism sector, specializing in the construction and development of housing along the Mediterranean coast and the Caribbean, has officially unveiled TM Tower, a unique project set to mark [&hellip;]\" \/>\n<meta property=\"og:url\" content=\"https:\/\/blog.tmgrupoinmobiliario.com\/en\/2025\/09\/23\/tm-tower-this-is-what-europes-tallest-residential-skyscraper-will-be-like\/\" \/>\n<meta property=\"og:site_name\" content=\"English\" \/>\n<meta property=\"article:published_time\" content=\"2025-09-23T08:16:41+00:00\" \/>\n<meta property=\"article:modified_time\" content=\"2025-09-23T11:17:08+00:00\" \/>\n<meta property=\"og:image\" content=\"https:\/\/blog.tmgrupoinmobiliario.com\/en\/wp-content\/uploads\/sites\/2\/2025\/09\/Presidenta-y-CEO-instituciones-TM-Tower.png\" \/>\n\t<meta property=\"og:image:width\" content=\"1000\" \/>\n\t<meta property=\"og:image:height\" content=\"666\" \/>\n\t<meta property=\"og:image:type\" content=\"image\/png\" \/>\n<meta name=\"author\" content=\"laurabm\" \/>\n<meta name=\"twitter:card\" content=\"summary_large_image\" \/>\n<meta name=\"twitter:label1\" content=\"Written by\" \/>\n\t<meta name=\"twitter:data1\" content=\"laurabm\" \/>\n\t<meta name=\"twitter:label2\" content=\"Est. reading time\" \/>\n\t<meta name=\"twitter:data2\" content=\"5 minutes\" \/>\n<script type=\"application\/ld+json\" class=\"yoast-schema-graph\">{\"@context\":\"https:\\\/\\\/schema.org\",\"@graph\":[{\"@type\":\"Article\",\"@id\":\"https:\\\/\\\/blog.tmgrupoinmobiliario.com\\\/en\\\/2025\\\/09\\\/23\\\/tm-tower-this-is-what-europes-tallest-residential-skyscraper-will-be-like\\\/#article\",\"isPartOf\":{\"@id\":\"https:\\\/\\\/blog.tmgrupoinmobiliario.com\\\/en\\\/2025\\\/09\\\/23\\\/tm-tower-this-is-what-europes-tallest-residential-skyscraper-will-be-like\\\/\"},\"author\":{\"name\":\"laurabm\",\"@id\":\"https:\\\/\\\/blog.tmgrupoinmobiliario.com\\\/en\\\/#\\\/schema\\\/person\\\/ad7d97239ce82e1af205d57b005d3c36\"},\"headline\":\"TM Tower: This Is What Europe\u2019s Tallest Residential Skyscraper Will Be Like\",\"datePublished\":\"2025-09-23T08:16:41+00:00\",\"dateModified\":\"2025-09-23T11:17:08+00:00\",\"mainEntityOfPage\":{\"@id\":\"https:\\\/\\\/blog.tmgrupoinmobiliario.com\\\/en\\\/2025\\\/09\\\/23\\\/tm-tower-this-is-what-europes-tallest-residential-skyscraper-will-be-like\\\/\"},\"wordCount\":770,\"commentCount\":0,\"image\":{\"@id\":\"https:\\\/\\\/blog.tmgrupoinmobiliario.com\\\/en\\\/2025\\\/09\\\/23\\\/tm-tower-this-is-what-europes-tallest-residential-skyscraper-will-be-like\\\/#primaryimage\"},\"thumbnailUrl\":\"https:\\\/\\\/blog.tmgrupoinmobiliario.com\\\/en\\\/wp-content\\\/uploads\\\/sites\\\/2\\\/2025\\\/09\\\/Presidenta-y-CEO-instituciones-TM-Tower.png\",\"keywords\":[\"tag-all\",\"tag-compromise\"],\"articleSection\":[\"Press release\",\"Sin categor\u00eda\",\"TM News\"],\"inLanguage\":\"en-US\",\"potentialAction\":[{\"@type\":\"CommentAction\",\"name\":\"Comment\",\"target\":[\"https:\\\/\\\/blog.tmgrupoinmobiliario.com\\\/en\\\/2025\\\/09\\\/23\\\/tm-tower-this-is-what-europes-tallest-residential-skyscraper-will-be-like\\\/#respond\"]}]},{\"@type\":\"WebPage\",\"@id\":\"https:\\\/\\\/blog.tmgrupoinmobiliario.com\\\/en\\\/2025\\\/09\\\/23\\\/tm-tower-this-is-what-europes-tallest-residential-skyscraper-will-be-like\\\/\",\"url\":\"https:\\\/\\\/blog.tmgrupoinmobiliario.com\\\/en\\\/2025\\\/09\\\/23\\\/tm-tower-this-is-what-europes-tallest-residential-skyscraper-will-be-like\\\/\",\"name\":\"TM Tower: This Is What Europe\u2019s Tallest Residential Skyscraper Will Be Like - English\",\"isPartOf\":{\"@id\":\"https:\\\/\\\/blog.tmgrupoinmobiliario.com\\\/en\\\/#website\"},\"primaryImageOfPage\":{\"@id\":\"https:\\\/\\\/blog.tmgrupoinmobiliario.com\\\/en\\\/2025\\\/09\\\/23\\\/tm-tower-this-is-what-europes-tallest-residential-skyscraper-will-be-like\\\/#primaryimage\"},\"image\":{\"@id\":\"https:\\\/\\\/blog.tmgrupoinmobiliario.com\\\/en\\\/2025\\\/09\\\/23\\\/tm-tower-this-is-what-europes-tallest-residential-skyscraper-will-be-like\\\/#primaryimage\"},\"thumbnailUrl\":\"https:\\\/\\\/blog.tmgrupoinmobiliario.com\\\/en\\\/wp-content\\\/uploads\\\/sites\\\/2\\\/2025\\\/09\\\/Presidenta-y-CEO-instituciones-TM-Tower.png\",\"datePublished\":\"2025-09-23T08:16:41+00:00\",\"dateModified\":\"2025-09-23T11:17:08+00:00\",\"author\":{\"@id\":\"https:\\\/\\\/blog.tmgrupoinmobiliario.com\\\/en\\\/#\\\/schema\\\/person\\\/ad7d97239ce82e1af205d57b005d3c36\"},\"breadcrumb\":{\"@id\":\"https:\\\/\\\/blog.tmgrupoinmobiliario.com\\\/en\\\/2025\\\/09\\\/23\\\/tm-tower-this-is-what-europes-tallest-residential-skyscraper-will-be-like\\\/#breadcrumb\"},\"inLanguage\":\"en-US\",\"potentialAction\":[{\"@type\":\"ReadAction\",\"target\":[\"https:\\\/\\\/blog.tmgrupoinmobiliario.com\\\/en\\\/2025\\\/09\\\/23\\\/tm-tower-this-is-what-europes-tallest-residential-skyscraper-will-be-like\\\/\"]}]},{\"@type\":\"ImageObject\",\"inLanguage\":\"en-US\",\"@id\":\"https:\\\/\\\/blog.tmgrupoinmobiliario.com\\\/en\\\/2025\\\/09\\\/23\\\/tm-tower-this-is-what-europes-tallest-residential-skyscraper-will-be-like\\\/#primaryimage\",\"url\":\"https:\\\/\\\/blog.tmgrupoinmobiliario.com\\\/en\\\/wp-content\\\/uploads\\\/sites\\\/2\\\/2025\\\/09\\\/Presidenta-y-CEO-instituciones-TM-Tower.png\",\"contentUrl\":\"https:\\\/\\\/blog.tmgrupoinmobiliario.com\\\/en\\\/wp-content\\\/uploads\\\/sites\\\/2\\\/2025\\\/09\\\/Presidenta-y-CEO-instituciones-TM-Tower.png\",\"width\":1000,\"height\":666},{\"@type\":\"BreadcrumbList\",\"@id\":\"https:\\\/\\\/blog.tmgrupoinmobiliario.com\\\/en\\\/2025\\\/09\\\/23\\\/tm-tower-this-is-what-europes-tallest-residential-skyscraper-will-be-like\\\/#breadcrumb\",\"itemListElement\":[{\"@type\":\"ListItem\",\"position\":1,\"name\":\"Portada\",\"item\":\"https:\\\/\\\/blog.tmgrupoinmobiliario.com\\\/en\\\/\"},{\"@type\":\"ListItem\",\"position\":2,\"name\":\"TM Tower: This Is What Europe\u2019s Tallest Residential Skyscraper Will Be Like\"}]},{\"@type\":\"WebSite\",\"@id\":\"https:\\\/\\\/blog.tmgrupoinmobiliario.com\\\/en\\\/#website\",\"url\":\"https:\\\/\\\/blog.tmgrupoinmobiliario.com\\\/en\\\/\",\"name\":\"English\",\"description\":\"Otro sitio m\u00e1s de Blog Desarrollo TM sitios\",\"potentialAction\":[{\"@type\":\"SearchAction\",\"target\":{\"@type\":\"EntryPoint\",\"urlTemplate\":\"https:\\\/\\\/blog.tmgrupoinmobiliario.com\\\/en\\\/?s={search_term_string}\"},\"query-input\":{\"@type\":\"PropertyValueSpecification\",\"valueRequired\":true,\"valueName\":\"search_term_string\"}}],\"inLanguage\":\"en-US\"},{\"@type\":\"Person\",\"@id\":\"https:\\\/\\\/blog.tmgrupoinmobiliario.com\\\/en\\\/#\\\/schema\\\/person\\\/ad7d97239ce82e1af205d57b005d3c36\",\"name\":\"laurabm\",\"image\":{\"@type\":\"ImageObject\",\"inLanguage\":\"en-US\",\"@id\":\"https:\\\/\\\/secure.gravatar.com\\\/avatar\\\/a97e415f97899fc38aade30ac2e3143fcda2a8b75542722fce9a26dd00745c13?s=96&d=mm&r=g\",\"url\":\"https:\\\/\\\/secure.gravatar.com\\\/avatar\\\/a97e415f97899fc38aade30ac2e3143fcda2a8b75542722fce9a26dd00745c13?s=96&d=mm&r=g\",\"contentUrl\":\"https:\\\/\\\/secure.gravatar.com\\\/avatar\\\/a97e415f97899fc38aade30ac2e3143fcda2a8b75542722fce9a26dd00745c13?s=96&d=mm&r=g\",\"caption\":\"laurabm\"},\"url\":\"https:\\\/\\\/blog.tmgrupoinmobiliario.com\\\/en\\\/author\\\/laurabm\\\/\"}]}<\/script>\n<!-- \/ Yoast SEO Premium plugin. -->","yoast_head_json":{"title":"TM Tower: This Is What Europe\u2019s Tallest Residential Skyscraper Will Be Like - English","robots":{"index":"index","follow":"follow","max-snippet":"max-snippet:-1","max-image-preview":"max-image-preview:large","max-video-preview":"max-video-preview:-1"},"canonical":"https:\/\/blog.tmgrupoinmobiliario.com\/en\/2025\/09\/23\/tm-tower-this-is-what-europes-tallest-residential-skyscraper-will-be-like\/","og_locale":"en_US","og_type":"article","og_title":"TM Tower: This Is What Europe\u2019s Tallest Residential Skyscraper Will Be Like","og_description":"Madrid, September 19, 2025 \u2013 TM Real Estate Group, a leading Real Estate holding company based in Alicante and a benchmark in the residential, hotel, and vacation tourism sector, specializing in the construction and development of housing along the Mediterranean coast and the Caribbean, has officially unveiled TM Tower, a unique project set to mark [&hellip;]","og_url":"https:\/\/blog.tmgrupoinmobiliario.com\/en\/2025\/09\/23\/tm-tower-this-is-what-europes-tallest-residential-skyscraper-will-be-like\/","og_site_name":"English","article_published_time":"2025-09-23T08:16:41+00:00","article_modified_time":"2025-09-23T11:17:08+00:00","og_image":[{"width":1000,"height":666,"url":"https:\/\/blog.tmgrupoinmobiliario.com\/en\/wp-content\/uploads\/sites\/2\/2025\/09\/Presidenta-y-CEO-instituciones-TM-Tower.png","type":"image\/png"}],"author":"laurabm","twitter_card":"summary_large_image","twitter_misc":{"Written by":"laurabm","Est. reading time":"5 minutes"},"schema":{"@context":"https:\/\/schema.org","@graph":[{"@type":"Article","@id":"https:\/\/blog.tmgrupoinmobiliario.com\/en\/2025\/09\/23\/tm-tower-this-is-what-europes-tallest-residential-skyscraper-will-be-like\/#article","isPartOf":{"@id":"https:\/\/blog.tmgrupoinmobiliario.com\/en\/2025\/09\/23\/tm-tower-this-is-what-europes-tallest-residential-skyscraper-will-be-like\/"},"author":{"name":"laurabm","@id":"https:\/\/blog.tmgrupoinmobiliario.com\/en\/#\/schema\/person\/ad7d97239ce82e1af205d57b005d3c36"},"headline":"TM Tower: This Is What Europe\u2019s Tallest Residential Skyscraper Will Be Like","datePublished":"2025-09-23T08:16:41+00:00","dateModified":"2025-09-23T11:17:08+00:00","mainEntityOfPage":{"@id":"https:\/\/blog.tmgrupoinmobiliario.com\/en\/2025\/09\/23\/tm-tower-this-is-what-europes-tallest-residential-skyscraper-will-be-like\/"},"wordCount":770,"commentCount":0,"image":{"@id":"https:\/\/blog.tmgrupoinmobiliario.com\/en\/2025\/09\/23\/tm-tower-this-is-what-europes-tallest-residential-skyscraper-will-be-like\/#primaryimage"},"thumbnailUrl":"https:\/\/blog.tmgrupoinmobiliario.com\/en\/wp-content\/uploads\/sites\/2\/2025\/09\/Presidenta-y-CEO-instituciones-TM-Tower.png","keywords":["tag-all","tag-compromise"],"articleSection":["Press release","Sin categor\u00eda","TM News"],"inLanguage":"en-US","potentialAction":[{"@type":"CommentAction","name":"Comment","target":["https:\/\/blog.tmgrupoinmobiliario.com\/en\/2025\/09\/23\/tm-tower-this-is-what-europes-tallest-residential-skyscraper-will-be-like\/#respond"]}]},{"@type":"WebPage","@id":"https:\/\/blog.tmgrupoinmobiliario.com\/en\/2025\/09\/23\/tm-tower-this-is-what-europes-tallest-residential-skyscraper-will-be-like\/","url":"https:\/\/blog.tmgrupoinmobiliario.com\/en\/2025\/09\/23\/tm-tower-this-is-what-europes-tallest-residential-skyscraper-will-be-like\/","name":"TM Tower: This Is What Europe\u2019s Tallest Residential Skyscraper Will Be Like - English","isPartOf":{"@id":"https:\/\/blog.tmgrupoinmobiliario.com\/en\/#website"},"primaryImageOfPage":{"@id":"https:\/\/blog.tmgrupoinmobiliario.com\/en\/2025\/09\/23\/tm-tower-this-is-what-europes-tallest-residential-skyscraper-will-be-like\/#primaryimage"},"image":{"@id":"https:\/\/blog.tmgrupoinmobiliario.com\/en\/2025\/09\/23\/tm-tower-this-is-what-europes-tallest-residential-skyscraper-will-be-like\/#primaryimage"},"thumbnailUrl":"https:\/\/blog.tmgrupoinmobiliario.com\/en\/wp-content\/uploads\/sites\/2\/2025\/09\/Presidenta-y-CEO-instituciones-TM-Tower.png","datePublished":"2025-09-23T08:16:41+00:00","dateModified":"2025-09-23T11:17:08+00:00","author":{"@id":"https:\/\/blog.tmgrupoinmobiliario.com\/en\/#\/schema\/person\/ad7d97239ce82e1af205d57b005d3c36"},"breadcrumb":{"@id":"https:\/\/blog.tmgrupoinmobiliario.com\/en\/2025\/09\/23\/tm-tower-this-is-what-europes-tallest-residential-skyscraper-will-be-like\/#breadcrumb"},"inLanguage":"en-US","potentialAction":[{"@type":"ReadAction","target":["https:\/\/blog.tmgrupoinmobiliario.com\/en\/2025\/09\/23\/tm-tower-this-is-what-europes-tallest-residential-skyscraper-will-be-like\/"]}]},{"@type":"ImageObject","inLanguage":"en-US","@id":"https:\/\/blog.tmgrupoinmobiliario.com\/en\/2025\/09\/23\/tm-tower-this-is-what-europes-tallest-residential-skyscraper-will-be-like\/#primaryimage","url":"https:\/\/blog.tmgrupoinmobiliario.com\/en\/wp-content\/uploads\/sites\/2\/2025\/09\/Presidenta-y-CEO-instituciones-TM-Tower.png","contentUrl":"https:\/\/blog.tmgrupoinmobiliario.com\/en\/wp-content\/uploads\/sites\/2\/2025\/09\/Presidenta-y-CEO-instituciones-TM-Tower.png","width":1000,"height":666},{"@type":"BreadcrumbList","@id":"https:\/\/blog.tmgrupoinmobiliario.com\/en\/2025\/09\/23\/tm-tower-this-is-what-europes-tallest-residential-skyscraper-will-be-like\/#breadcrumb","itemListElement":[{"@type":"ListItem","position":1,"name":"Portada","item":"https:\/\/blog.tmgrupoinmobiliario.com\/en\/"},{"@type":"ListItem","position":2,"name":"TM Tower: This Is What Europe\u2019s Tallest Residential Skyscraper Will Be Like"}]},{"@type":"WebSite","@id":"https:\/\/blog.tmgrupoinmobiliario.com\/en\/#website","url":"https:\/\/blog.tmgrupoinmobiliario.com\/en\/","name":"English","description":"Otro sitio m\u00e1s de Blog Desarrollo TM sitios","potentialAction":[{"@type":"SearchAction","target":{"@type":"EntryPoint","urlTemplate":"https:\/\/blog.tmgrupoinmobiliario.com\/en\/?s={search_term_string}"},"query-input":{"@type":"PropertyValueSpecification","valueRequired":true,"valueName":"search_term_string"}}],"inLanguage":"en-US"},{"@type":"Person","@id":"https:\/\/blog.tmgrupoinmobiliario.com\/en\/#\/schema\/person\/ad7d97239ce82e1af205d57b005d3c36","name":"laurabm","image":{"@type":"ImageObject","inLanguage":"en-US","@id":"https:\/\/secure.gravatar.com\/avatar\/a97e415f97899fc38aade30ac2e3143fcda2a8b75542722fce9a26dd00745c13?s=96&d=mm&r=g","url":"https:\/\/secure.gravatar.com\/avatar\/a97e415f97899fc38aade30ac2e3143fcda2a8b75542722fce9a26dd00745c13?s=96&d=mm&r=g","contentUrl":"https:\/\/secure.gravatar.com\/avatar\/a97e415f97899fc38aade30ac2e3143fcda2a8b75542722fce9a26dd00745c13?s=96&d=mm&r=g","caption":"laurabm"},"url":"https:\/\/blog.tmgrupoinmobiliario.com\/en\/author\/laurabm\/"}]}},"jetpack_featured_media_url":"https:\/\/blog.tmgrupoinmobiliario.com\/en\/wp-content\/uploads\/sites\/2\/2025\/09\/Presidenta-y-CEO-instituciones-TM-Tower.png","jetpack_sharing_enabled":true,"_links":{"self":[{"href":"https:\/\/blog.tmgrupoinmobiliario.com\/en\/wp-json\/wp\/v2\/posts\/18844","targetHints":{"allow":["GET"]}}],"collection":[{"href":"https:\/\/blog.tmgrupoinmobiliario.com\/en\/wp-json\/wp\/v2\/posts"}],"about":[{"href":"https:\/\/blog.tmgrupoinmobiliario.com\/en\/wp-json\/wp\/v2\/types\/post"}],"author":[{"embeddable":true,"href":"https:\/\/blog.tmgrupoinmobiliario.com\/en\/wp-json\/wp\/v2\/users\/11730"}],"replies":[{"embeddable":true,"href":"https:\/\/blog.tmgrupoinmobiliario.com\/en\/wp-json\/wp\/v2\/comments?post=18844"}],"version-history":[{"count":13,"href":"https:\/\/blog.tmgrupoinmobiliario.com\/en\/wp-json\/wp\/v2\/posts\/18844\/revisions"}],"predecessor-version":[{"id":18863,"href":"https:\/\/blog.tmgrupoinmobiliario.com\/en\/wp-json\/wp\/v2\/posts\/18844\/revisions\/18863"}],"wp:featuredmedia":[{"embeddable":true,"href":"https:\/\/blog.tmgrupoinmobiliario.com\/en\/wp-json\/wp\/v2\/media\/18857"}],"wp:attachment":[{"href":"https:\/\/blog.tmgrupoinmobiliario.com\/en\/wp-json\/wp\/v2\/media?parent=18844"}],"wp:term":[{"taxonomy":"category","embeddable":true,"href":"https:\/\/blog.tmgrupoinmobiliario.com\/en\/wp-json\/wp\/v2\/categories?post=18844"},{"taxonomy":"post_tag","embeddable":true,"href":"https:\/\/blog.tmgrupoinmobiliario.com\/en\/wp-json\/wp\/v2\/tags?post=18844"}],"curies":[{"name":"wp","href":"https:\/\/api.w.org\/{rel}","templated":true}]}}