{"id":18496,"date":"2024-10-31T13:19:46","date_gmt":"2024-10-31T12:19:46","guid":{"rendered":"https:\/\/blog.tmgrupoinmobiliario.com\/en\/?p=18496"},"modified":"2024-10-31T13:19:46","modified_gmt":"2024-10-31T12:19:46","slug":"six-ideas-for-this-autumn-on-the-costa-del-sol","status":"publish","type":"post","link":"https:\/\/blog.tmgrupoinmobiliario.com\/en\/2024\/10\/31\/six-ideas-for-this-autumn-on-the-costa-del-sol\/","title":{"rendered":"Six ideas for this autumn on the Costa del Sol"},"content":{"rendered":"<h2><\/h2>\n<h4><span style=\"color: #ff0000\"><strong>Savour Marbella\u2019s gastronomic delights<\/strong><\/span><\/h4>\n<p>Marbella is a favourite destination for sampling M\u00e1laga&#8217;s regional cuisine. Thanks to its stunning coastal location, you can sample a range of fresh fish dishes including sardine skewers, dogfish stew, pilpil prawns (prawns with garlic and chilli), anchovies and M\u00e1laga style fried fish. These quintessential Marbella fish and seafood dishes are gastronomic delights not to be missed. Other typical dishes include gazpacho and ajoblanco. And to finish, treat yourself to a sweet Marbella speciality, Rosquetes de Marbella. Take a day (or more) to sample Marbella\u2019s culinary delights!<\/p>\n<h4><span style=\"color: #ff0000\"><strong>Spend a day in M\u00e1laga<\/strong><\/span><\/h4>\n<p>Autumn is the best time of year to spend a day exploring M\u00e1laga. Discover the special places the city has to offer, including: the Plaza de la Constituci\u00f3n, the famous street Calle Larios, the Baroque Plaza del Obispo, the Cathedral, the Alcazaba de M\u00e1laga and the Roman Theatre. Explore the enchanting San Agust\u00edn, Granada and Alcazabilla streets, the Plaza de la Merced, the birthplace of Pablo Picasso and the Muelle Uno shopping centre. There is so much to see, but in 24 hours you can visit the key tourist attractions and get a good feel for the regional capital.<\/p>\n<h4><span style=\"color: #ff0000\"><strong>Walk the Caminito del Rey<\/strong><\/span><\/h4>\n<p>For those who like hiking, the Caminito del Rey is a must. The walking route is one of the most celebrated in Spain, with its stunning gorges, valleys and cliffs. The Caminito del Rey is just 60 km from the city of M\u00e1laga and is an 8 km route, 2.9 km of which are along walkways offering stunning views. The walkways on the side of the rock faces overlooking the gorges run parallel to the Guadalhorce River. A route to make you fall in love with the M\u00e1laga landscape. We recommend purchasing tickets on the official website, due to the high demand for tickets, which sell out quickly.<\/p>\n<h4><span style=\"color: #ff0000\"><strong>The white towns of M\u00e1laga<\/strong><\/span><\/h4>\n<p>The M\u00e1laga region is famous for its white towns, and autumn is the perfect time to explore them. Ronda is the most famous of these, with its unmistakable bridge high over the Tajo River gorge, making it one of the prettiest places in the region. Frigiliana is one of the most charming of M\u00e1laga\u2019s white towns, with its narrow streets inviting visitors to explore the town centre and visit the Palacio de los Condes. The enchanting Mijas Pueblo is famous for its many viewpoints offering spectacular views over the Mediterranean; one of these has been officially recognised as a Heritage Site. Casares, known as the Pueblo Colgante (Hanging Village), has also been recognised as a Heritage Site for its whitewashed houses and steep narrow streets. These white towns are some of the jewels of the M\u00e1laga region.<\/p>\n<h4><span style=\"color: #ff0000\"><strong>Fall in love with art in M\u00e1laga\u2019s museums<\/strong><\/span><\/h4>\n<p>Art is one of M\u00e1laga\u2019s most important visitor attractions. In fact, the town has over 40 museums showcasing art in all its glory. The Museo Picasso M\u00e1laga is located in the historic centre of the artist\u2019s town of birth and is home to over 230 of his works. The Museo de Carmen Thyssen located in M\u00e1laga&#8217;s historic centre houses 285 works of art from the different 19th and 20th century periods of Spanish and Andalusian painting. The Centre Pompidou M\u00e1laga, located on the waterfront, houses a permanent collection of art from the 20th and 21st centuries, as well as hosting temporary exhibitions throughout the year. Other notable museums include the Contemporary Art Museum (Centro de Arte Contempor\u00e1neo), the Automobile and Fashion Museum (Museo Automovil\u00edstico y de la Moda) and the Aeronautical Museum of M\u00e1laga (Museo Nacional de Aeropuertos, Navegaci\u00f3n y Transporte A\u00e9reo).<\/p>\n<h4><span style=\"color: #ff0000\"><strong>Lose yourself in M\u00e1laga\u2019s Botanical Gardens<\/strong><\/span><\/h4>\n<p>The city of M\u00e1laga is home to a natural oasis: the Jard\u00edn Bot\u00e1nico Hist\u00f3rico La Concepci\u00f3n, these subtropical exotic gardens are among the best of their kind in Europe. Recognised as a Site of Cultural Interest in 1855, the gardens contain over fifty thousand species of plants of which three thousand are tropical, subtropical and indigenous, and can be enjoyed all year round. From 1 October to 31 March the opening times are 09.30 to 17.30 daily. Fall in love with the Botanical Gardens!<\/p>\n<p>&nbsp;<\/p>\n","protected":false},"excerpt":{"rendered":"<p>Savour Marbella\u2019s gastronomic delights Marbella is a favourite destination for sampling M\u00e1laga&#8217;s regional cuisine. Thanks to its stunning coastal location, you can sample a range of fresh fish dishes including sardine skewers, dogfish stew, pilpil prawns (prawns with garlic and chilli), anchovies and M\u00e1laga style fried fish. These quintessential Marbella fish and seafood dishes are [&hellip;]<\/p>\n","protected":false},"author":11729,"featured_media":18497,"comment_status":"open","ping_status":"open","sticky":false,"template":"","format":"standard","meta":{"_jetpack_memberships_contains_paid_content":false,"footnotes":""},"categories":[464],"tags":[599,548,601,510,177,600],"class_list":["post-18496","post","type-post","status-publish","format-standard","has-post-thumbnail","hentry","category-tus-vacaciones","tag-autumn-costa-del-sol","tag-malaga","tag-malagas-museums","tag-marbella","tag-tm-real-estate-group-en","tag-white-towns-malaga","formato-blog"],"better_featured_image":{"id":18497,"alt_text":"Six ideas for this autumn on the Costa del Sol","caption":"","description":"","media_type":"image","media_details":{"width":1000,"height":666,"file":"2024\/10\/Planes-otono-Costa-del-Sol-.jpg","filesize":230157,"sizes":{"medium":{"file":"Planes-otono-Costa-del-Sol--300x200.jpg","width":300,"height":200,"mime-type":"image\/jpeg","filesize":24121,"source_url":"https:\/\/blog.tmgrupoinmobiliario.com\/en\/wp-content\/uploads\/sites\/2\/2024\/10\/Planes-otono-Costa-del-Sol--300x200.jpg"},"thumbnail":{"file":"Planes-otono-Costa-del-Sol--150x150.jpg","width":150,"height":150,"mime-type":"image\/jpeg","filesize":10037,"source_url":"https:\/\/blog.tmgrupoinmobiliario.com\/en\/wp-content\/uploads\/sites\/2\/2024\/10\/Planes-otono-Costa-del-Sol--150x150.jpg"},"medium_large":{"file":"Planes-otono-Costa-del-Sol--768x511.jpg","width":768,"height":511,"mime-type":"image\/jpeg","filesize":129412,"source_url":"https:\/\/blog.tmgrupoinmobiliario.com\/en\/wp-content\/uploads\/sites\/2\/2024\/10\/Planes-otono-Costa-del-Sol--768x511.jpg"}},"image_meta":{"aperture":"0","credit":"","camera":"","caption":"","created_timestamp":"0","copyright":"","focal_length":"0","iso":"0","shutter_speed":"0","title":"","orientation":"1","keywords":[]}},"post":18496,"source_url":"https:\/\/blog.tmgrupoinmobiliario.com\/en\/wp-content\/uploads\/sites\/2\/2024\/10\/Planes-otono-Costa-del-Sol-.jpg"},"acf":{"imagen_destacada_desktop":"https:\/\/blog.tmgrupoinmobiliario.com\/en\/wp-content\/uploads\/sites\/2\/2024\/10\/Planes-otono-Costa-del-Sol-1920x870-1.jpg","imagen_destacada_mobile":"https:\/\/blog.tmgrupoinmobiliario.com\/en\/wp-content\/uploads\/sites\/2\/2024\/10\/Planes-otono-Costa-del-Sol-540.jpg","formato":{"term_id":514,"name":"Blog","slug":"blog","term_group":0,"term_taxonomy_id":514,"taxonomy":"formato","description":"","parent":0,"count":53,"filter":"raw"},"entradilla":"The Costa del Sol is a favourite destination for an autumn escape. We bring you urban adventures, gastronomic delights, museum visits and scenic escapades in the M\u00e1laga hills. Let\u2019s take a closer look at the autumn highlights on offer on the Costa del Sol!","etiquetas":"","cabecera_escritorio":"https:\/\/blog.tmgrupoinmobiliario.com\/en\/wp-content\/uploads\/sites\/2\/2024\/10\/Planes-otono-Costa-del-Sol-1200x300-.jpg","cabecera_mobile":"https:\/\/blog.tmgrupoinmobiliario.com\/en\/wp-content\/uploads\/sites\/2\/2024\/10\/Planes-otono-Costa-del-Sol-768.jpg","galeria":false},"yoast_head":"<!-- This site is optimized with the Yoast SEO Premium plugin v23.6 (Yoast SEO v27.5) - https:\/\/yoast.com\/product\/yoast-seo-premium-wordpress\/ -->\n<title>Six ideas for this autumn on the Costa del Sol - English<\/title>\n<meta name=\"description\" content=\"The Costa del Sol is a favourite destination for an autumn escape. We bring you urban adventures, gastronomic delights, and museum visits.\" \/>\n<meta name=\"robots\" content=\"index, follow, max-snippet:-1, max-image-preview:large, max-video-preview:-1\" \/>\n<link rel=\"canonical\" href=\"https:\/\/blog.tmgrupoinmobiliario.com\/en\/2024\/10\/31\/six-ideas-for-this-autumn-on-the-costa-del-sol\/\" \/>\n<meta property=\"og:locale\" content=\"en_US\" \/>\n<meta property=\"og:type\" content=\"article\" \/>\n<meta property=\"og:title\" content=\"Six ideas for this autumn on the Costa del Sol\" \/>\n<meta property=\"og:description\" content=\"The Costa del Sol is a favourite destination for an autumn escape. We bring you urban adventures, gastronomic delights, and museum visits.\" \/>\n<meta property=\"og:url\" content=\"https:\/\/blog.tmgrupoinmobiliario.com\/en\/2024\/10\/31\/six-ideas-for-this-autumn-on-the-costa-del-sol\/\" \/>\n<meta property=\"og:site_name\" content=\"English\" \/>\n<meta property=\"article:published_time\" content=\"2024-10-31T12:19:46+00:00\" \/>\n<meta property=\"og:image\" content=\"https:\/\/blog.tmgrupoinmobiliario.com\/en\/wp-content\/uploads\/sites\/2\/2024\/10\/Planes-otono-Costa-del-Sol-.jpg\" \/>\n\t<meta property=\"og:image:width\" content=\"1000\" \/>\n\t<meta property=\"og:image:height\" content=\"666\" \/>\n\t<meta property=\"og:image:type\" content=\"image\/jpeg\" \/>\n<meta name=\"author\" content=\"indira\" \/>\n<meta name=\"twitter:card\" content=\"summary_large_image\" \/>\n<meta name=\"twitter:label1\" content=\"Written by\" \/>\n\t<meta name=\"twitter:data1\" content=\"indira\" \/>\n\t<meta name=\"twitter:label2\" content=\"Est. reading time\" \/>\n\t<meta name=\"twitter:data2\" content=\"4 minutes\" \/>\n<script type=\"application\/ld+json\" class=\"yoast-schema-graph\">{\"@context\":\"https:\\\/\\\/schema.org\",\"@graph\":[{\"@type\":\"Article\",\"@id\":\"https:\\\/\\\/blog.tmgrupoinmobiliario.com\\\/en\\\/2024\\\/10\\\/31\\\/six-ideas-for-this-autumn-on-the-costa-del-sol\\\/#article\",\"isPartOf\":{\"@id\":\"https:\\\/\\\/blog.tmgrupoinmobiliario.com\\\/en\\\/2024\\\/10\\\/31\\\/six-ideas-for-this-autumn-on-the-costa-del-sol\\\/\"},\"author\":{\"name\":\"indira\",\"@id\":\"https:\\\/\\\/blog.tmgrupoinmobiliario.com\\\/en\\\/#\\\/schema\\\/person\\\/bbbac745abadad64177a5ee6a73cbf7c\"},\"headline\":\"Six ideas for this autumn on the Costa del Sol\",\"datePublished\":\"2024-10-31T12:19:46+00:00\",\"mainEntityOfPage\":{\"@id\":\"https:\\\/\\\/blog.tmgrupoinmobiliario.com\\\/en\\\/2024\\\/10\\\/31\\\/six-ideas-for-this-autumn-on-the-costa-del-sol\\\/\"},\"wordCount\":727,\"commentCount\":0,\"image\":{\"@id\":\"https:\\\/\\\/blog.tmgrupoinmobiliario.com\\\/en\\\/2024\\\/10\\\/31\\\/six-ideas-for-this-autumn-on-the-costa-del-sol\\\/#primaryimage\"},\"thumbnailUrl\":\"https:\\\/\\\/blog.tmgrupoinmobiliario.com\\\/en\\\/wp-content\\\/uploads\\\/sites\\\/2\\\/2024\\\/10\\\/Planes-otono-Costa-del-Sol-.jpg\",\"keywords\":[\"autumn Costa del Sol\",\"M\u00e1laga\",\"M\u00e1laga's museums\",\"marbella\",\"TM Real Estate Group\",\"white towns M\u00e1laga\"],\"articleSection\":[\"Your holidays\"],\"inLanguage\":\"en-US\",\"potentialAction\":[{\"@type\":\"CommentAction\",\"name\":\"Comment\",\"target\":[\"https:\\\/\\\/blog.tmgrupoinmobiliario.com\\\/en\\\/2024\\\/10\\\/31\\\/six-ideas-for-this-autumn-on-the-costa-del-sol\\\/#respond\"]}]},{\"@type\":\"WebPage\",\"@id\":\"https:\\\/\\\/blog.tmgrupoinmobiliario.com\\\/en\\\/2024\\\/10\\\/31\\\/six-ideas-for-this-autumn-on-the-costa-del-sol\\\/\",\"url\":\"https:\\\/\\\/blog.tmgrupoinmobiliario.com\\\/en\\\/2024\\\/10\\\/31\\\/six-ideas-for-this-autumn-on-the-costa-del-sol\\\/\",\"name\":\"Six ideas for this autumn on the Costa del Sol - English\",\"isPartOf\":{\"@id\":\"https:\\\/\\\/blog.tmgrupoinmobiliario.com\\\/en\\\/#website\"},\"primaryImageOfPage\":{\"@id\":\"https:\\\/\\\/blog.tmgrupoinmobiliario.com\\\/en\\\/2024\\\/10\\\/31\\\/six-ideas-for-this-autumn-on-the-costa-del-sol\\\/#primaryimage\"},\"image\":{\"@id\":\"https:\\\/\\\/blog.tmgrupoinmobiliario.com\\\/en\\\/2024\\\/10\\\/31\\\/six-ideas-for-this-autumn-on-the-costa-del-sol\\\/#primaryimage\"},\"thumbnailUrl\":\"https:\\\/\\\/blog.tmgrupoinmobiliario.com\\\/en\\\/wp-content\\\/uploads\\\/sites\\\/2\\\/2024\\\/10\\\/Planes-otono-Costa-del-Sol-.jpg\",\"datePublished\":\"2024-10-31T12:19:46+00:00\",\"author\":{\"@id\":\"https:\\\/\\\/blog.tmgrupoinmobiliario.com\\\/en\\\/#\\\/schema\\\/person\\\/bbbac745abadad64177a5ee6a73cbf7c\"},\"description\":\"The Costa del Sol is a favourite destination for an autumn escape. We bring you urban adventures, gastronomic delights, and museum visits.\",\"breadcrumb\":{\"@id\":\"https:\\\/\\\/blog.tmgrupoinmobiliario.com\\\/en\\\/2024\\\/10\\\/31\\\/six-ideas-for-this-autumn-on-the-costa-del-sol\\\/#breadcrumb\"},\"inLanguage\":\"en-US\",\"potentialAction\":[{\"@type\":\"ReadAction\",\"target\":[\"https:\\\/\\\/blog.tmgrupoinmobiliario.com\\\/en\\\/2024\\\/10\\\/31\\\/six-ideas-for-this-autumn-on-the-costa-del-sol\\\/\"]}]},{\"@type\":\"ImageObject\",\"inLanguage\":\"en-US\",\"@id\":\"https:\\\/\\\/blog.tmgrupoinmobiliario.com\\\/en\\\/2024\\\/10\\\/31\\\/six-ideas-for-this-autumn-on-the-costa-del-sol\\\/#primaryimage\",\"url\":\"https:\\\/\\\/blog.tmgrupoinmobiliario.com\\\/en\\\/wp-content\\\/uploads\\\/sites\\\/2\\\/2024\\\/10\\\/Planes-otono-Costa-del-Sol-.jpg\",\"contentUrl\":\"https:\\\/\\\/blog.tmgrupoinmobiliario.com\\\/en\\\/wp-content\\\/uploads\\\/sites\\\/2\\\/2024\\\/10\\\/Planes-otono-Costa-del-Sol-.jpg\",\"width\":1000,\"height\":666,\"caption\":\"Six ideas for this autumn on the Costa del Sol\"},{\"@type\":\"BreadcrumbList\",\"@id\":\"https:\\\/\\\/blog.tmgrupoinmobiliario.com\\\/en\\\/2024\\\/10\\\/31\\\/six-ideas-for-this-autumn-on-the-costa-del-sol\\\/#breadcrumb\",\"itemListElement\":[{\"@type\":\"ListItem\",\"position\":1,\"name\":\"Portada\",\"item\":\"https:\\\/\\\/blog.tmgrupoinmobiliario.com\\\/en\\\/\"},{\"@type\":\"ListItem\",\"position\":2,\"name\":\"Six ideas for this autumn on the Costa del Sol\"}]},{\"@type\":\"WebSite\",\"@id\":\"https:\\\/\\\/blog.tmgrupoinmobiliario.com\\\/en\\\/#website\",\"url\":\"https:\\\/\\\/blog.tmgrupoinmobiliario.com\\\/en\\\/\",\"name\":\"English\",\"description\":\"Otro sitio m\u00e1s de Blog Desarrollo TM sitios\",\"potentialAction\":[{\"@type\":\"SearchAction\",\"target\":{\"@type\":\"EntryPoint\",\"urlTemplate\":\"https:\\\/\\\/blog.tmgrupoinmobiliario.com\\\/en\\\/?s={search_term_string}\"},\"query-input\":{\"@type\":\"PropertyValueSpecification\",\"valueRequired\":true,\"valueName\":\"search_term_string\"}}],\"inLanguage\":\"en-US\"},{\"@type\":\"Person\",\"@id\":\"https:\\\/\\\/blog.tmgrupoinmobiliario.com\\\/en\\\/#\\\/schema\\\/person\\\/bbbac745abadad64177a5ee6a73cbf7c\",\"name\":\"indira\",\"image\":{\"@type\":\"ImageObject\",\"inLanguage\":\"en-US\",\"@id\":\"https:\\\/\\\/secure.gravatar.com\\\/avatar\\\/e9bcc7a0bb2179240c56a1875899ce9a1dfa15d5b7527f71259eaee6010d7203?s=96&d=mm&r=g\",\"url\":\"https:\\\/\\\/secure.gravatar.com\\\/avatar\\\/e9bcc7a0bb2179240c56a1875899ce9a1dfa15d5b7527f71259eaee6010d7203?s=96&d=mm&r=g\",\"contentUrl\":\"https:\\\/\\\/secure.gravatar.com\\\/avatar\\\/e9bcc7a0bb2179240c56a1875899ce9a1dfa15d5b7527f71259eaee6010d7203?s=96&d=mm&r=g\",\"caption\":\"indira\"},\"url\":\"https:\\\/\\\/blog.tmgrupoinmobiliario.com\\\/en\\\/author\\\/indira\\\/\"}]}<\/script>\n<!-- \/ Yoast SEO Premium plugin. -->","yoast_head_json":{"title":"Six ideas for this autumn on the Costa del Sol - English","description":"The Costa del Sol is a favourite destination for an autumn escape. We bring you urban adventures, gastronomic delights, and museum visits.","robots":{"index":"index","follow":"follow","max-snippet":"max-snippet:-1","max-image-preview":"max-image-preview:large","max-video-preview":"max-video-preview:-1"},"canonical":"https:\/\/blog.tmgrupoinmobiliario.com\/en\/2024\/10\/31\/six-ideas-for-this-autumn-on-the-costa-del-sol\/","og_locale":"en_US","og_type":"article","og_title":"Six ideas for this autumn on the Costa del Sol","og_description":"The Costa del Sol is a favourite destination for an autumn escape. We bring you urban adventures, gastronomic delights, and museum visits.","og_url":"https:\/\/blog.tmgrupoinmobiliario.com\/en\/2024\/10\/31\/six-ideas-for-this-autumn-on-the-costa-del-sol\/","og_site_name":"English","article_published_time":"2024-10-31T12:19:46+00:00","og_image":[{"width":1000,"height":666,"url":"https:\/\/blog.tmgrupoinmobiliario.com\/en\/wp-content\/uploads\/sites\/2\/2024\/10\/Planes-otono-Costa-del-Sol-.jpg","type":"image\/jpeg"}],"author":"indira","twitter_card":"summary_large_image","twitter_misc":{"Written by":"indira","Est. reading time":"4 minutes"},"schema":{"@context":"https:\/\/schema.org","@graph":[{"@type":"Article","@id":"https:\/\/blog.tmgrupoinmobiliario.com\/en\/2024\/10\/31\/six-ideas-for-this-autumn-on-the-costa-del-sol\/#article","isPartOf":{"@id":"https:\/\/blog.tmgrupoinmobiliario.com\/en\/2024\/10\/31\/six-ideas-for-this-autumn-on-the-costa-del-sol\/"},"author":{"name":"indira","@id":"https:\/\/blog.tmgrupoinmobiliario.com\/en\/#\/schema\/person\/bbbac745abadad64177a5ee6a73cbf7c"},"headline":"Six ideas for this autumn on the Costa del Sol","datePublished":"2024-10-31T12:19:46+00:00","mainEntityOfPage":{"@id":"https:\/\/blog.tmgrupoinmobiliario.com\/en\/2024\/10\/31\/six-ideas-for-this-autumn-on-the-costa-del-sol\/"},"wordCount":727,"commentCount":0,"image":{"@id":"https:\/\/blog.tmgrupoinmobiliario.com\/en\/2024\/10\/31\/six-ideas-for-this-autumn-on-the-costa-del-sol\/#primaryimage"},"thumbnailUrl":"https:\/\/blog.tmgrupoinmobiliario.com\/en\/wp-content\/uploads\/sites\/2\/2024\/10\/Planes-otono-Costa-del-Sol-.jpg","keywords":["autumn Costa del Sol","M\u00e1laga","M\u00e1laga's museums","marbella","TM Real Estate Group","white towns M\u00e1laga"],"articleSection":["Your holidays"],"inLanguage":"en-US","potentialAction":[{"@type":"CommentAction","name":"Comment","target":["https:\/\/blog.tmgrupoinmobiliario.com\/en\/2024\/10\/31\/six-ideas-for-this-autumn-on-the-costa-del-sol\/#respond"]}]},{"@type":"WebPage","@id":"https:\/\/blog.tmgrupoinmobiliario.com\/en\/2024\/10\/31\/six-ideas-for-this-autumn-on-the-costa-del-sol\/","url":"https:\/\/blog.tmgrupoinmobiliario.com\/en\/2024\/10\/31\/six-ideas-for-this-autumn-on-the-costa-del-sol\/","name":"Six ideas for this autumn on the Costa del Sol - English","isPartOf":{"@id":"https:\/\/blog.tmgrupoinmobiliario.com\/en\/#website"},"primaryImageOfPage":{"@id":"https:\/\/blog.tmgrupoinmobiliario.com\/en\/2024\/10\/31\/six-ideas-for-this-autumn-on-the-costa-del-sol\/#primaryimage"},"image":{"@id":"https:\/\/blog.tmgrupoinmobiliario.com\/en\/2024\/10\/31\/six-ideas-for-this-autumn-on-the-costa-del-sol\/#primaryimage"},"thumbnailUrl":"https:\/\/blog.tmgrupoinmobiliario.com\/en\/wp-content\/uploads\/sites\/2\/2024\/10\/Planes-otono-Costa-del-Sol-.jpg","datePublished":"2024-10-31T12:19:46+00:00","author":{"@id":"https:\/\/blog.tmgrupoinmobiliario.com\/en\/#\/schema\/person\/bbbac745abadad64177a5ee6a73cbf7c"},"description":"The Costa del Sol is a favourite destination for an autumn escape. We bring you urban adventures, gastronomic delights, and museum visits.","breadcrumb":{"@id":"https:\/\/blog.tmgrupoinmobiliario.com\/en\/2024\/10\/31\/six-ideas-for-this-autumn-on-the-costa-del-sol\/#breadcrumb"},"inLanguage":"en-US","potentialAction":[{"@type":"ReadAction","target":["https:\/\/blog.tmgrupoinmobiliario.com\/en\/2024\/10\/31\/six-ideas-for-this-autumn-on-the-costa-del-sol\/"]}]},{"@type":"ImageObject","inLanguage":"en-US","@id":"https:\/\/blog.tmgrupoinmobiliario.com\/en\/2024\/10\/31\/six-ideas-for-this-autumn-on-the-costa-del-sol\/#primaryimage","url":"https:\/\/blog.tmgrupoinmobiliario.com\/en\/wp-content\/uploads\/sites\/2\/2024\/10\/Planes-otono-Costa-del-Sol-.jpg","contentUrl":"https:\/\/blog.tmgrupoinmobiliario.com\/en\/wp-content\/uploads\/sites\/2\/2024\/10\/Planes-otono-Costa-del-Sol-.jpg","width":1000,"height":666,"caption":"Six ideas for this autumn on the Costa del Sol"},{"@type":"BreadcrumbList","@id":"https:\/\/blog.tmgrupoinmobiliario.com\/en\/2024\/10\/31\/six-ideas-for-this-autumn-on-the-costa-del-sol\/#breadcrumb","itemListElement":[{"@type":"ListItem","position":1,"name":"Portada","item":"https:\/\/blog.tmgrupoinmobiliario.com\/en\/"},{"@type":"ListItem","position":2,"name":"Six ideas for this autumn on the Costa del Sol"}]},{"@type":"WebSite","@id":"https:\/\/blog.tmgrupoinmobiliario.com\/en\/#website","url":"https:\/\/blog.tmgrupoinmobiliario.com\/en\/","name":"English","description":"Otro sitio m\u00e1s de Blog Desarrollo TM sitios","potentialAction":[{"@type":"SearchAction","target":{"@type":"EntryPoint","urlTemplate":"https:\/\/blog.tmgrupoinmobiliario.com\/en\/?s={search_term_string}"},"query-input":{"@type":"PropertyValueSpecification","valueRequired":true,"valueName":"search_term_string"}}],"inLanguage":"en-US"},{"@type":"Person","@id":"https:\/\/blog.tmgrupoinmobiliario.com\/en\/#\/schema\/person\/bbbac745abadad64177a5ee6a73cbf7c","name":"indira","image":{"@type":"ImageObject","inLanguage":"en-US","@id":"https:\/\/secure.gravatar.com\/avatar\/e9bcc7a0bb2179240c56a1875899ce9a1dfa15d5b7527f71259eaee6010d7203?s=96&d=mm&r=g","url":"https:\/\/secure.gravatar.com\/avatar\/e9bcc7a0bb2179240c56a1875899ce9a1dfa15d5b7527f71259eaee6010d7203?s=96&d=mm&r=g","contentUrl":"https:\/\/secure.gravatar.com\/avatar\/e9bcc7a0bb2179240c56a1875899ce9a1dfa15d5b7527f71259eaee6010d7203?s=96&d=mm&r=g","caption":"indira"},"url":"https:\/\/blog.tmgrupoinmobiliario.com\/en\/author\/indira\/"}]}},"jetpack_featured_media_url":"https:\/\/blog.tmgrupoinmobiliario.com\/en\/wp-content\/uploads\/sites\/2\/2024\/10\/Planes-otono-Costa-del-Sol-.jpg","jetpack_sharing_enabled":true,"_links":{"self":[{"href":"https:\/\/blog.tmgrupoinmobiliario.com\/en\/wp-json\/wp\/v2\/posts\/18496","targetHints":{"allow":["GET"]}}],"collection":[{"href":"https:\/\/blog.tmgrupoinmobiliario.com\/en\/wp-json\/wp\/v2\/posts"}],"about":[{"href":"https:\/\/blog.tmgrupoinmobiliario.com\/en\/wp-json\/wp\/v2\/types\/post"}],"author":[{"embeddable":true,"href":"https:\/\/blog.tmgrupoinmobiliario.com\/en\/wp-json\/wp\/v2\/users\/11729"}],"replies":[{"embeddable":true,"href":"https:\/\/blog.tmgrupoinmobiliario.com\/en\/wp-json\/wp\/v2\/comments?post=18496"}],"version-history":[{"count":3,"href":"https:\/\/blog.tmgrupoinmobiliario.com\/en\/wp-json\/wp\/v2\/posts\/18496\/revisions"}],"predecessor-version":[{"id":18504,"href":"https:\/\/blog.tmgrupoinmobiliario.com\/en\/wp-json\/wp\/v2\/posts\/18496\/revisions\/18504"}],"wp:featuredmedia":[{"embeddable":true,"href":"https:\/\/blog.tmgrupoinmobiliario.com\/en\/wp-json\/wp\/v2\/media\/18497"}],"wp:attachment":[{"href":"https:\/\/blog.tmgrupoinmobiliario.com\/en\/wp-json\/wp\/v2\/media?parent=18496"}],"wp:term":[{"taxonomy":"category","embeddable":true,"href":"https:\/\/blog.tmgrupoinmobiliario.com\/en\/wp-json\/wp\/v2\/categories?post=18496"},{"taxonomy":"post_tag","embeddable":true,"href":"https:\/\/blog.tmgrupoinmobiliario.com\/en\/wp-json\/wp\/v2\/tags?post=18496"}],"curies":[{"name":"wp","href":"https:\/\/api.w.org\/{rel}","templated":true}]}}