{"id":16838,"date":"2022-06-03T09:52:48","date_gmt":"2022-06-03T07:52:48","guid":{"rendered":"https:\/\/blog.tmgrupoinmobiliario.com\/en\/?p=16838"},"modified":"2022-06-03T10:33:16","modified_gmt":"2022-06-03T08:33:16","slug":"tm-real-estate-group-participates-in-sima","status":"publish","type":"post","link":"https:\/\/blog.tmgrupoinmobiliario.com\/en\/2022\/06\/03\/tm-real-estate-group-participates-in-sima\/","title":{"rendered":"TM Real Estate Group participates in SIMA, the largest real estate event in Europe"},"content":{"rendered":"<p>&nbsp;<\/p>\n<p><strong>Torrevieja, 27th May 2022 &#8211; <\/strong><a href=\"https:\/\/www.tmgrupoinmobiliario.com\/\"><strong>TM Real Estate Group<\/strong><\/a>, a leading company in the residential tourism sector in Alicante<strong>, participated in SIMA, the leading real estate event in Europe for professionals, where companies, institutions and professionals meet to share their views on current real estate issues.<\/strong><\/p>\n<p>&nbsp;<\/p>\n<p>During the event,<strong> \u00c1ngeles Serna<\/strong>, the company\u2019s president and Director of Corporate Governance, <strong>took part in the SIMAPRO Forum on second homes<\/strong>, which addressed <strong>issues such as the investment factor in purchase decisions, new motivations and preferences and the importance of property management services<\/strong>, among others. The conference, moderated by Ferr\u00e1n Font, Director of Studies at PISOS.COM, also included presentations by Jos\u00e9 Mar\u00eda Esteban, National Director of Real Estate Development at ORES&amp;BRYAN; Setareh Mohregi, Director of the Costa del Sol International Department at GILMAR CONSULTING REAL ESTATE; and Javier Rom\u00e1n, Director of Real Estate Assets &#8211; <em>Head of Real Estate<\/em> at DIGLO.<\/p>\n<p>&nbsp;<\/p>\n<figure id=\"attachment_21352\" aria-describedby=\"caption-attachment-21352\" style=\"width: 729px\" class=\"wp-caption aligncenter\"><img loading=\"lazy\" decoding=\"async\" class=\"wp-image-21352\" src=\"https:\/\/www.tmgrupoinmobiliario.com\/blog\/wp-content\/uploads\/2022\/05\/sima-1024x731.jpg\" alt=\"\" width=\"729\" height=\"520\" \/><figcaption id=\"caption-attachment-21352\" class=\"wp-caption-text\">\u00c1ngeles Serna during SIMAPRO Forum about second homes.<\/figcaption><\/figure>\n<p>&nbsp;<\/p>\n<p>During her participation in the forum, Serna concluded that levels <strong>of foreign purchases are reaching pre-pandemic figures<\/strong>,<em> &#8220;a fact that places <strong>Spain as a leader in residential tourism<\/strong> within the global market.&#8221;<\/em> Furthermore, TM\u2019s president confirmed that <em>\u201c<strong>Property Management services are in high demand and have a long way to go. <\/strong>These results place <strong>Alicante as the leading area driving the figures in the residential tourism sector with people of English, German and Polish nationality.&#8221; <\/strong><\/em><\/p>\n<p>&nbsp;<\/p>\n<p>As a result, TM attended this major national and international event with its own stand, presenting its entire range of <strong>seaside<\/strong> <strong>properties in Mallorca, Marbella, Estepona, Alicante, Murcia and Almeria.<\/strong><\/p>\n<p>&nbsp;<\/p>\n<div class=\"jetpack-video-wrapper\"><span class=\"embed-youtube\" style=\"text-align:center; display: block;\"><iframe loading=\"lazy\" class=\"youtube-player\" width=\"640\" height=\"360\" src=\"https:\/\/www.youtube.com\/embed\/tg_jtzkVqhs?version=3&#038;rel=1&#038;showsearch=0&#038;showinfo=1&#038;iv_load_policy=1&#038;fs=1&#038;hl=en-US&#038;autohide=2&#038;wmode=transparent\" allowfullscreen=\"true\" style=\"border:0;\" sandbox=\"allow-scripts allow-same-origin allow-popups allow-presentation allow-popups-to-escape-sandbox\"><\/iframe><\/span><\/div>\n<p>&nbsp;<\/p>\n<p>With Alicante being the epicentre, <strong>it has been the national leader for second homes since 2008, with a total of 557,579 second homes in 2020.\u00a0 These figures mean that 8.61% of non-primary housing in Spain is located in the province of Alicante, <\/strong>according to data from the Institute of Economic Studies of the Province of Alicante, INECA.<\/p>\n<p>&nbsp;<\/p>\n","protected":false},"excerpt":{"rendered":"<p>&nbsp; Torrevieja, 27th May 2022 &#8211; TM Real Estate Group, a leading company in the residential tourism sector in Alicante, participated in SIMA, the leading real estate event in Europe for professionals, where companies, institutions and professionals meet to share their views on current real estate issues. &nbsp; During the event, \u00c1ngeles Serna, the company\u2019s [&hellip;]<\/p>\n","protected":false},"author":11716,"featured_media":16841,"comment_status":"open","ping_status":"open","sticky":false,"template":"","format":"standard","meta":{"_jetpack_memberships_contains_paid_content":false,"footnotes":""},"categories":[465,457],"tags":[466,123],"class_list":["post-16838","post","type-post","status-publish","format-standard","has-post-thumbnail","hentry","category-news-tm","category-notas-prensa","tag-tag-all","tag-tag-compromise-en-2","formato-comunicacion"],"better_featured_image":{"id":16841,"alt_text":"","caption":"","description":"","media_type":"image","media_details":{"width":1000,"height":666,"file":"2022\/06\/1000x666sima1.jpg","sizes":{"medium":{"file":"1000x666sima1-300x200.jpg","width":300,"height":200,"mime-type":"image\/jpeg","source_url":"https:\/\/blog.tmgrupoinmobiliario.com\/en\/wp-content\/uploads\/sites\/2\/2022\/06\/1000x666sima1-300x200.jpg"},"thumbnail":{"file":"1000x666sima1-150x150.jpg","width":150,"height":150,"mime-type":"image\/jpeg","source_url":"https:\/\/blog.tmgrupoinmobiliario.com\/en\/wp-content\/uploads\/sites\/2\/2022\/06\/1000x666sima1-150x150.jpg"},"medium_large":{"file":"1000x666sima1-768x511.jpg","width":768,"height":511,"mime-type":"image\/jpeg","source_url":"https:\/\/blog.tmgrupoinmobiliario.com\/en\/wp-content\/uploads\/sites\/2\/2022\/06\/1000x666sima1-768x511.jpg"}},"image_meta":{"aperture":"0","credit":"","camera":"","caption":"","created_timestamp":"0","copyright":"","focal_length":"0","iso":"0","shutter_speed":"0","title":"","orientation":"0","keywords":[]}},"post":16838,"source_url":"https:\/\/blog.tmgrupoinmobiliario.com\/en\/wp-content\/uploads\/sites\/2\/2022\/06\/1000x666sima1.jpg"},"acf":{"imagen_destacada_desktop":"https:\/\/blog.tmgrupoinmobiliario.com\/en\/wp-content\/uploads\/sites\/2\/2022\/06\/1920x870-sima-11.jpg","imagen_destacada_mobile":"https:\/\/blog.tmgrupoinmobiliario.com\/en\/wp-content\/uploads\/sites\/2\/2022\/06\/540x540-sima-11.jpg","formato":{"term_id":462,"name":"Comunicaci\u00f3n","slug":"comunicacion","term_group":0,"term_taxonomy_id":462,"taxonomy":"formato","description":"","parent":0,"count":188,"filter":"raw"},"entradilla":"\u00c1ngeles Serna, Group's president, has participated as a speaker at the SIMAPPRO Forum on second homes with experts from real estate.\r\n\r\nSerna: \"Alicante is positioned as the leading driving force in the figures of the residential tourism sector with citizens of English, German and Polish nationality\"","etiquetas":"","cabecera_escritorio":"https:\/\/blog.tmgrupoinmobiliario.com\/en\/wp-content\/uploads\/sites\/2\/2022\/06\/1200x300-sima1.jpg","cabecera_mobile":"https:\/\/blog.tmgrupoinmobiliario.com\/en\/wp-content\/uploads\/sites\/2\/2022\/06\/768x768-sima-11.jpg","galeria":false},"yoast_head":"<!-- This site is optimized with the Yoast SEO Premium plugin v23.6 (Yoast SEO v27.5) - https:\/\/yoast.com\/product\/yoast-seo-premium-wordpress\/ -->\n<title>TM Real Estate Group participates in SIMA, the largest real estate event in Europe - English<\/title>\n<meta name=\"robots\" content=\"index, follow, max-snippet:-1, max-image-preview:large, max-video-preview:-1\" \/>\n<link rel=\"canonical\" href=\"https:\/\/blog.tmgrupoinmobiliario.com\/en\/2022\/06\/03\/tm-real-estate-group-participates-in-sima\/\" \/>\n<meta property=\"og:locale\" content=\"en_US\" \/>\n<meta property=\"og:type\" content=\"article\" \/>\n<meta property=\"og:title\" content=\"TM Real Estate Group participates in SIMA, the largest real estate event in Europe\" \/>\n<meta property=\"og:description\" content=\"&nbsp; Torrevieja, 27th May 2022 &#8211; TM Real Estate Group, a leading company in the residential tourism sector in Alicante, participated in SIMA, the leading real estate event in Europe for professionals, where companies, institutions and professionals meet to share their views on current real estate issues. &nbsp; During the event, \u00c1ngeles Serna, the company\u2019s [&hellip;]\" \/>\n<meta property=\"og:url\" content=\"https:\/\/blog.tmgrupoinmobiliario.com\/en\/2022\/06\/03\/tm-real-estate-group-participates-in-sima\/\" \/>\n<meta property=\"og:site_name\" content=\"English\" \/>\n<meta property=\"article:published_time\" content=\"2022-06-03T07:52:48+00:00\" \/>\n<meta property=\"article:modified_time\" content=\"2022-06-03T08:33:16+00:00\" \/>\n<meta property=\"og:image\" content=\"https:\/\/blog.tmgrupoinmobiliario.com\/en\/wp-content\/uploads\/sites\/2\/2022\/06\/1000x666sima1.jpg\" \/>\n\t<meta property=\"og:image:width\" content=\"1000\" \/>\n\t<meta property=\"og:image:height\" content=\"666\" \/>\n\t<meta property=\"og:image:type\" content=\"image\/jpeg\" \/>\n<meta name=\"author\" content=\"marina\" \/>\n<meta name=\"twitter:card\" content=\"summary_large_image\" \/>\n<meta name=\"twitter:label1\" content=\"Written by\" \/>\n\t<meta name=\"twitter:data1\" content=\"marina\" \/>\n\t<meta name=\"twitter:label2\" content=\"Est. reading time\" \/>\n\t<meta name=\"twitter:data2\" content=\"2 minutes\" \/>\n<script type=\"application\/ld+json\" class=\"yoast-schema-graph\">{\"@context\":\"https:\\\/\\\/schema.org\",\"@graph\":[{\"@type\":\"Article\",\"@id\":\"https:\\\/\\\/blog.tmgrupoinmobiliario.com\\\/en\\\/2022\\\/06\\\/03\\\/tm-real-estate-group-participates-in-sima\\\/#article\",\"isPartOf\":{\"@id\":\"https:\\\/\\\/blog.tmgrupoinmobiliario.com\\\/en\\\/2022\\\/06\\\/03\\\/tm-real-estate-group-participates-in-sima\\\/\"},\"author\":{\"name\":\"marina\",\"@id\":\"https:\\\/\\\/blog.tmgrupoinmobiliario.com\\\/en\\\/#\\\/schema\\\/person\\\/788477479d35e623ab75c2fb194e7730\"},\"headline\":\"TM Real Estate Group participates in SIMA, the largest real estate event in Europe\",\"datePublished\":\"2022-06-03T07:52:48+00:00\",\"dateModified\":\"2022-06-03T08:33:16+00:00\",\"mainEntityOfPage\":{\"@id\":\"https:\\\/\\\/blog.tmgrupoinmobiliario.com\\\/en\\\/2022\\\/06\\\/03\\\/tm-real-estate-group-participates-in-sima\\\/\"},\"wordCount\":360,\"commentCount\":0,\"image\":{\"@id\":\"https:\\\/\\\/blog.tmgrupoinmobiliario.com\\\/en\\\/2022\\\/06\\\/03\\\/tm-real-estate-group-participates-in-sima\\\/#primaryimage\"},\"thumbnailUrl\":\"https:\\\/\\\/blog.tmgrupoinmobiliario.com\\\/en\\\/wp-content\\\/uploads\\\/sites\\\/2\\\/2022\\\/06\\\/1000x666sima1.jpg\",\"keywords\":[\"tag-all\",\"tag-compromise\"],\"articleSection\":[\"News TM\",\"Press release\"],\"inLanguage\":\"en-US\",\"potentialAction\":[{\"@type\":\"CommentAction\",\"name\":\"Comment\",\"target\":[\"https:\\\/\\\/blog.tmgrupoinmobiliario.com\\\/en\\\/2022\\\/06\\\/03\\\/tm-real-estate-group-participates-in-sima\\\/#respond\"]}]},{\"@type\":\"WebPage\",\"@id\":\"https:\\\/\\\/blog.tmgrupoinmobiliario.com\\\/en\\\/2022\\\/06\\\/03\\\/tm-real-estate-group-participates-in-sima\\\/\",\"url\":\"https:\\\/\\\/blog.tmgrupoinmobiliario.com\\\/en\\\/2022\\\/06\\\/03\\\/tm-real-estate-group-participates-in-sima\\\/\",\"name\":\"TM Real Estate Group participates in SIMA, the largest real estate event in Europe - English\",\"isPartOf\":{\"@id\":\"https:\\\/\\\/blog.tmgrupoinmobiliario.com\\\/en\\\/#website\"},\"primaryImageOfPage\":{\"@id\":\"https:\\\/\\\/blog.tmgrupoinmobiliario.com\\\/en\\\/2022\\\/06\\\/03\\\/tm-real-estate-group-participates-in-sima\\\/#primaryimage\"},\"image\":{\"@id\":\"https:\\\/\\\/blog.tmgrupoinmobiliario.com\\\/en\\\/2022\\\/06\\\/03\\\/tm-real-estate-group-participates-in-sima\\\/#primaryimage\"},\"thumbnailUrl\":\"https:\\\/\\\/blog.tmgrupoinmobiliario.com\\\/en\\\/wp-content\\\/uploads\\\/sites\\\/2\\\/2022\\\/06\\\/1000x666sima1.jpg\",\"datePublished\":\"2022-06-03T07:52:48+00:00\",\"dateModified\":\"2022-06-03T08:33:16+00:00\",\"author\":{\"@id\":\"https:\\\/\\\/blog.tmgrupoinmobiliario.com\\\/en\\\/#\\\/schema\\\/person\\\/788477479d35e623ab75c2fb194e7730\"},\"breadcrumb\":{\"@id\":\"https:\\\/\\\/blog.tmgrupoinmobiliario.com\\\/en\\\/2022\\\/06\\\/03\\\/tm-real-estate-group-participates-in-sima\\\/#breadcrumb\"},\"inLanguage\":\"en-US\",\"potentialAction\":[{\"@type\":\"ReadAction\",\"target\":[\"https:\\\/\\\/blog.tmgrupoinmobiliario.com\\\/en\\\/2022\\\/06\\\/03\\\/tm-real-estate-group-participates-in-sima\\\/\"]}]},{\"@type\":\"ImageObject\",\"inLanguage\":\"en-US\",\"@id\":\"https:\\\/\\\/blog.tmgrupoinmobiliario.com\\\/en\\\/2022\\\/06\\\/03\\\/tm-real-estate-group-participates-in-sima\\\/#primaryimage\",\"url\":\"https:\\\/\\\/blog.tmgrupoinmobiliario.com\\\/en\\\/wp-content\\\/uploads\\\/sites\\\/2\\\/2022\\\/06\\\/1000x666sima1.jpg\",\"contentUrl\":\"https:\\\/\\\/blog.tmgrupoinmobiliario.com\\\/en\\\/wp-content\\\/uploads\\\/sites\\\/2\\\/2022\\\/06\\\/1000x666sima1.jpg\",\"width\":1000,\"height\":666},{\"@type\":\"BreadcrumbList\",\"@id\":\"https:\\\/\\\/blog.tmgrupoinmobiliario.com\\\/en\\\/2022\\\/06\\\/03\\\/tm-real-estate-group-participates-in-sima\\\/#breadcrumb\",\"itemListElement\":[{\"@type\":\"ListItem\",\"position\":1,\"name\":\"Portada\",\"item\":\"https:\\\/\\\/blog.tmgrupoinmobiliario.com\\\/en\\\/\"},{\"@type\":\"ListItem\",\"position\":2,\"name\":\"TM Real Estate Group participates in SIMA, the largest real estate event in Europe\"}]},{\"@type\":\"WebSite\",\"@id\":\"https:\\\/\\\/blog.tmgrupoinmobiliario.com\\\/en\\\/#website\",\"url\":\"https:\\\/\\\/blog.tmgrupoinmobiliario.com\\\/en\\\/\",\"name\":\"English\",\"description\":\"Otro sitio m\u00e1s de Blog Desarrollo TM sitios\",\"potentialAction\":[{\"@type\":\"SearchAction\",\"target\":{\"@type\":\"EntryPoint\",\"urlTemplate\":\"https:\\\/\\\/blog.tmgrupoinmobiliario.com\\\/en\\\/?s={search_term_string}\"},\"query-input\":{\"@type\":\"PropertyValueSpecification\",\"valueRequired\":true,\"valueName\":\"search_term_string\"}}],\"inLanguage\":\"en-US\"},{\"@type\":\"Person\",\"@id\":\"https:\\\/\\\/blog.tmgrupoinmobiliario.com\\\/en\\\/#\\\/schema\\\/person\\\/788477479d35e623ab75c2fb194e7730\",\"name\":\"marina\",\"image\":{\"@type\":\"ImageObject\",\"inLanguage\":\"en-US\",\"@id\":\"https:\\\/\\\/secure.gravatar.com\\\/avatar\\\/34480839eb5b1bb235efe5be1b7e49218e07e314c17d1fb9ba5183ac5c2c64f3?s=96&d=mm&r=g\",\"url\":\"https:\\\/\\\/secure.gravatar.com\\\/avatar\\\/34480839eb5b1bb235efe5be1b7e49218e07e314c17d1fb9ba5183ac5c2c64f3?s=96&d=mm&r=g\",\"contentUrl\":\"https:\\\/\\\/secure.gravatar.com\\\/avatar\\\/34480839eb5b1bb235efe5be1b7e49218e07e314c17d1fb9ba5183ac5c2c64f3?s=96&d=mm&r=g\",\"caption\":\"marina\"},\"url\":\"https:\\\/\\\/blog.tmgrupoinmobiliario.com\\\/en\\\/author\\\/marina\\\/\"}]}<\/script>\n<!-- \/ Yoast SEO Premium plugin. -->","yoast_head_json":{"title":"TM Real Estate Group participates in SIMA, the largest real estate event in Europe - English","robots":{"index":"index","follow":"follow","max-snippet":"max-snippet:-1","max-image-preview":"max-image-preview:large","max-video-preview":"max-video-preview:-1"},"canonical":"https:\/\/blog.tmgrupoinmobiliario.com\/en\/2022\/06\/03\/tm-real-estate-group-participates-in-sima\/","og_locale":"en_US","og_type":"article","og_title":"TM Real Estate Group participates in SIMA, the largest real estate event in Europe","og_description":"&nbsp; Torrevieja, 27th May 2022 &#8211; TM Real Estate Group, a leading company in the residential tourism sector in Alicante, participated in SIMA, the leading real estate event in Europe for professionals, where companies, institutions and professionals meet to share their views on current real estate issues. &nbsp; During the event, \u00c1ngeles Serna, the company\u2019s [&hellip;]","og_url":"https:\/\/blog.tmgrupoinmobiliario.com\/en\/2022\/06\/03\/tm-real-estate-group-participates-in-sima\/","og_site_name":"English","article_published_time":"2022-06-03T07:52:48+00:00","article_modified_time":"2022-06-03T08:33:16+00:00","og_image":[{"width":1000,"height":666,"url":"https:\/\/blog.tmgrupoinmobiliario.com\/en\/wp-content\/uploads\/sites\/2\/2022\/06\/1000x666sima1.jpg","type":"image\/jpeg"}],"author":"marina","twitter_card":"summary_large_image","twitter_misc":{"Written by":"marina","Est. reading time":"2 minutes"},"schema":{"@context":"https:\/\/schema.org","@graph":[{"@type":"Article","@id":"https:\/\/blog.tmgrupoinmobiliario.com\/en\/2022\/06\/03\/tm-real-estate-group-participates-in-sima\/#article","isPartOf":{"@id":"https:\/\/blog.tmgrupoinmobiliario.com\/en\/2022\/06\/03\/tm-real-estate-group-participates-in-sima\/"},"author":{"name":"marina","@id":"https:\/\/blog.tmgrupoinmobiliario.com\/en\/#\/schema\/person\/788477479d35e623ab75c2fb194e7730"},"headline":"TM Real Estate Group participates in SIMA, the largest real estate event in Europe","datePublished":"2022-06-03T07:52:48+00:00","dateModified":"2022-06-03T08:33:16+00:00","mainEntityOfPage":{"@id":"https:\/\/blog.tmgrupoinmobiliario.com\/en\/2022\/06\/03\/tm-real-estate-group-participates-in-sima\/"},"wordCount":360,"commentCount":0,"image":{"@id":"https:\/\/blog.tmgrupoinmobiliario.com\/en\/2022\/06\/03\/tm-real-estate-group-participates-in-sima\/#primaryimage"},"thumbnailUrl":"https:\/\/blog.tmgrupoinmobiliario.com\/en\/wp-content\/uploads\/sites\/2\/2022\/06\/1000x666sima1.jpg","keywords":["tag-all","tag-compromise"],"articleSection":["News TM","Press release"],"inLanguage":"en-US","potentialAction":[{"@type":"CommentAction","name":"Comment","target":["https:\/\/blog.tmgrupoinmobiliario.com\/en\/2022\/06\/03\/tm-real-estate-group-participates-in-sima\/#respond"]}]},{"@type":"WebPage","@id":"https:\/\/blog.tmgrupoinmobiliario.com\/en\/2022\/06\/03\/tm-real-estate-group-participates-in-sima\/","url":"https:\/\/blog.tmgrupoinmobiliario.com\/en\/2022\/06\/03\/tm-real-estate-group-participates-in-sima\/","name":"TM Real Estate Group participates in SIMA, the largest real estate event in Europe - English","isPartOf":{"@id":"https:\/\/blog.tmgrupoinmobiliario.com\/en\/#website"},"primaryImageOfPage":{"@id":"https:\/\/blog.tmgrupoinmobiliario.com\/en\/2022\/06\/03\/tm-real-estate-group-participates-in-sima\/#primaryimage"},"image":{"@id":"https:\/\/blog.tmgrupoinmobiliario.com\/en\/2022\/06\/03\/tm-real-estate-group-participates-in-sima\/#primaryimage"},"thumbnailUrl":"https:\/\/blog.tmgrupoinmobiliario.com\/en\/wp-content\/uploads\/sites\/2\/2022\/06\/1000x666sima1.jpg","datePublished":"2022-06-03T07:52:48+00:00","dateModified":"2022-06-03T08:33:16+00:00","author":{"@id":"https:\/\/blog.tmgrupoinmobiliario.com\/en\/#\/schema\/person\/788477479d35e623ab75c2fb194e7730"},"breadcrumb":{"@id":"https:\/\/blog.tmgrupoinmobiliario.com\/en\/2022\/06\/03\/tm-real-estate-group-participates-in-sima\/#breadcrumb"},"inLanguage":"en-US","potentialAction":[{"@type":"ReadAction","target":["https:\/\/blog.tmgrupoinmobiliario.com\/en\/2022\/06\/03\/tm-real-estate-group-participates-in-sima\/"]}]},{"@type":"ImageObject","inLanguage":"en-US","@id":"https:\/\/blog.tmgrupoinmobiliario.com\/en\/2022\/06\/03\/tm-real-estate-group-participates-in-sima\/#primaryimage","url":"https:\/\/blog.tmgrupoinmobiliario.com\/en\/wp-content\/uploads\/sites\/2\/2022\/06\/1000x666sima1.jpg","contentUrl":"https:\/\/blog.tmgrupoinmobiliario.com\/en\/wp-content\/uploads\/sites\/2\/2022\/06\/1000x666sima1.jpg","width":1000,"height":666},{"@type":"BreadcrumbList","@id":"https:\/\/blog.tmgrupoinmobiliario.com\/en\/2022\/06\/03\/tm-real-estate-group-participates-in-sima\/#breadcrumb","itemListElement":[{"@type":"ListItem","position":1,"name":"Portada","item":"https:\/\/blog.tmgrupoinmobiliario.com\/en\/"},{"@type":"ListItem","position":2,"name":"TM Real Estate Group participates in SIMA, the largest real estate event in Europe"}]},{"@type":"WebSite","@id":"https:\/\/blog.tmgrupoinmobiliario.com\/en\/#website","url":"https:\/\/blog.tmgrupoinmobiliario.com\/en\/","name":"English","description":"Otro sitio m\u00e1s de Blog Desarrollo TM sitios","potentialAction":[{"@type":"SearchAction","target":{"@type":"EntryPoint","urlTemplate":"https:\/\/blog.tmgrupoinmobiliario.com\/en\/?s={search_term_string}"},"query-input":{"@type":"PropertyValueSpecification","valueRequired":true,"valueName":"search_term_string"}}],"inLanguage":"en-US"},{"@type":"Person","@id":"https:\/\/blog.tmgrupoinmobiliario.com\/en\/#\/schema\/person\/788477479d35e623ab75c2fb194e7730","name":"marina","image":{"@type":"ImageObject","inLanguage":"en-US","@id":"https:\/\/secure.gravatar.com\/avatar\/34480839eb5b1bb235efe5be1b7e49218e07e314c17d1fb9ba5183ac5c2c64f3?s=96&d=mm&r=g","url":"https:\/\/secure.gravatar.com\/avatar\/34480839eb5b1bb235efe5be1b7e49218e07e314c17d1fb9ba5183ac5c2c64f3?s=96&d=mm&r=g","contentUrl":"https:\/\/secure.gravatar.com\/avatar\/34480839eb5b1bb235efe5be1b7e49218e07e314c17d1fb9ba5183ac5c2c64f3?s=96&d=mm&r=g","caption":"marina"},"url":"https:\/\/blog.tmgrupoinmobiliario.com\/en\/author\/marina\/"}]}},"jetpack_featured_media_url":"https:\/\/blog.tmgrupoinmobiliario.com\/en\/wp-content\/uploads\/sites\/2\/2022\/06\/1000x666sima1.jpg","jetpack_sharing_enabled":true,"_links":{"self":[{"href":"https:\/\/blog.tmgrupoinmobiliario.com\/en\/wp-json\/wp\/v2\/posts\/16838","targetHints":{"allow":["GET"]}}],"collection":[{"href":"https:\/\/blog.tmgrupoinmobiliario.com\/en\/wp-json\/wp\/v2\/posts"}],"about":[{"href":"https:\/\/blog.tmgrupoinmobiliario.com\/en\/wp-json\/wp\/v2\/types\/post"}],"author":[{"embeddable":true,"href":"https:\/\/blog.tmgrupoinmobiliario.com\/en\/wp-json\/wp\/v2\/users\/11716"}],"replies":[{"embeddable":true,"href":"https:\/\/blog.tmgrupoinmobiliario.com\/en\/wp-json\/wp\/v2\/comments?post=16838"}],"version-history":[{"count":2,"href":"https:\/\/blog.tmgrupoinmobiliario.com\/en\/wp-json\/wp\/v2\/posts\/16838\/revisions"}],"predecessor-version":[{"id":16845,"href":"https:\/\/blog.tmgrupoinmobiliario.com\/en\/wp-json\/wp\/v2\/posts\/16838\/revisions\/16845"}],"wp:featuredmedia":[{"embeddable":true,"href":"https:\/\/blog.tmgrupoinmobiliario.com\/en\/wp-json\/wp\/v2\/media\/16841"}],"wp:attachment":[{"href":"https:\/\/blog.tmgrupoinmobiliario.com\/en\/wp-json\/wp\/v2\/media?parent=16838"}],"wp:term":[{"taxonomy":"category","embeddable":true,"href":"https:\/\/blog.tmgrupoinmobiliario.com\/en\/wp-json\/wp\/v2\/categories?post=16838"},{"taxonomy":"post_tag","embeddable":true,"href":"https:\/\/blog.tmgrupoinmobiliario.com\/en\/wp-json\/wp\/v2\/tags?post=16838"}],"curies":[{"name":"wp","href":"https:\/\/api.w.org\/{rel}","templated":true}]}}