{"id":13729,"date":"2019-10-29T10:12:59","date_gmt":"2019-10-29T09:12:59","guid":{"rendered":"https:\/\/blog.tmgrupoinmobiliario.com\/en\/?p=13729"},"modified":"2019-10-31T12:47:37","modified_gmt":"2019-10-31T11:47:37","slug":"tm-real-estate-group-wins-economia-3-magazines-business-development-award","status":"publish","type":"post","link":"https:\/\/blog.tmgrupoinmobiliario.com\/en\/2019\/10\/29\/tm-real-estate-group-wins-economia-3-magazines-business-development-award\/","title":{"rendered":"TM Real Estate Group wins Economia 3 Magazine\u2019s Business Development Award"},"content":{"rendered":"<p>02.10.2019 I TM Real Estate Group<\/p>\n<p>TM Real Estate Group has won the 2019 Business Development Award from Economia 3 Magazine, the leading publisher of economic news in the Valencian Community.<\/p>\n<p>Group president, \u00c1ngeles Serna, managing director, Pablo Serna, and vice-president, Abel Garc\u00eda, received the award from the managing director of Caja Rural Central, Jos\u00e9 Victor Guill\u00e9n.<\/p>\n<p><img loading=\"lazy\" decoding=\"async\" class=\"aligncenter wp-image-13752 size-full\" src=\"https:\/\/www.tmgrupoinmobiliario.com\/blog\/en\/wp-content\/uploads\/sites\/2\/2019\/10\/Premios-1.jpg\" alt=\"\" width=\"946\" height=\"633\" srcset=\"https:\/\/blog.tmgrupoinmobiliario.com\/en\/wp-content\/uploads\/sites\/2\/2019\/10\/Premios-1.jpg 946w, https:\/\/blog.tmgrupoinmobiliario.com\/en\/wp-content\/uploads\/sites\/2\/2019\/10\/Premios-1-300x201.jpg 300w, https:\/\/blog.tmgrupoinmobiliario.com\/en\/wp-content\/uploads\/sites\/2\/2019\/10\/Premios-1-768x514.jpg 768w\" sizes=\"auto, (max-width: 946px) 100vw, 946px\" \/><\/p>\n<p>This award highlights the development of the business and work carried out over the group\u2019s 50 years of activity, its commitment to the province of Alicante and internationalisation, and its contribution to the dynamism and development of the province\u2019s economy.<\/p>\n<p>The Alicante Museum of Archaeology hosted the event which was attended by numerous guests, businessmen and women, and representatives from Valencian institutions.<\/p>\n<p>The company joins other businesses and institutions which won awards in this 3rd edition, such as Laboratorios Quinton in the Research category, the Valencian Association of Footwear Companies in the Business Association section, the Valencian Community Digital District in the Outstanding Public Body category, Forest Chemical in the Innovation and Entrepreneurship section, Summa Innova in Digital Transformation, Actiu in Internationalisation, Jes\u00fas Navarro, managing director of Carmencita, in Business Leadership, and the president of Caja Rural Centro, who received the Special Award from the jury.<\/p>\n<p>&nbsp;<\/p>\n<p><img loading=\"lazy\" decoding=\"async\" class=\"wp-image-13753 size-full aligncenter\" src=\"https:\/\/www.tmgrupoinmobiliario.com\/blog\/en\/wp-content\/uploads\/sites\/2\/2019\/10\/2-premios.jpg\" alt=\"\" width=\"948\" height=\"633\" srcset=\"https:\/\/blog.tmgrupoinmobiliario.com\/en\/wp-content\/uploads\/sites\/2\/2019\/10\/2-premios.jpg 948w, https:\/\/blog.tmgrupoinmobiliario.com\/en\/wp-content\/uploads\/sites\/2\/2019\/10\/2-premios-300x200.jpg 300w, https:\/\/blog.tmgrupoinmobiliario.com\/en\/wp-content\/uploads\/sites\/2\/2019\/10\/2-premios-768x513.jpg 768w\" sizes=\"auto, (max-width: 948px) 100vw, 948px\" \/><\/p>\n<p>&nbsp;<\/p>\n<p><img loading=\"lazy\" decoding=\"async\" class=\"aligncenter wp-image-13754 size-full\" src=\"https:\/\/www.tmgrupoinmobiliario.com\/blog\/en\/wp-content\/uploads\/sites\/2\/2019\/10\/3-premios.jpg\" alt=\"\" width=\"946\" height=\"633\" srcset=\"https:\/\/blog.tmgrupoinmobiliario.com\/en\/wp-content\/uploads\/sites\/2\/2019\/10\/3-premios.jpg 946w, https:\/\/blog.tmgrupoinmobiliario.com\/en\/wp-content\/uploads\/sites\/2\/2019\/10\/3-premios-300x201.jpg 300w, https:\/\/blog.tmgrupoinmobiliario.com\/en\/wp-content\/uploads\/sites\/2\/2019\/10\/3-premios-768x514.jpg 768w\" sizes=\"auto, (max-width: 946px) 100vw, 946px\" \/><\/p>\n<p>&nbsp;<\/p>\n<p><strong>Related links:<\/strong><\/p>\n<p><a href=\"https:\/\/www.tmgrupoinmobiliario.com\/blog\/en\/2019\/10\/29\/tm-real-estate-group-wins-award-in-the-xxiv-edition-of-the-aefa-awards\/\">TM Real Estate Group wins award in the XXIV Edition of the AEFA Awards\u00a0<\/a><\/p>\n<p>&nbsp;<\/p>\n<p>&nbsp;<\/p>\n","protected":false},"excerpt":{"rendered":"<p>02.10.2019 I TM Real Estate Group TM Real Estate Group has won the 2019 Business Development Award from Economia 3 Magazine, the leading publisher of economic news in the Valencian Community. Group president, \u00c1ngeles Serna, managing director, Pablo Serna, and vice-president, Abel Garc\u00eda, received the award from the managing director of Caja Rural Central, Jos\u00e9 [&hellip;]<\/p>\n","protected":false},"author":11711,"featured_media":13772,"comment_status":"open","ping_status":"open","sticky":false,"template":"","format":"standard","meta":{"_jetpack_memberships_contains_paid_content":false,"footnotes":""},"categories":[1],"tags":[],"class_list":["post-13729","post","type-post","status-publish","format-standard","has-post-thumbnail","hentry","category-sin-categoria"],"better_featured_image":{"id":13772,"alt_text":"","caption":"","description":"","media_type":"image","media_details":{"width":1000,"height":666,"file":"2019\/10\/PREMIOS.jpg","sizes":{"thumbnail":{"file":"PREMIOS-150x150.jpg","width":150,"height":150,"mime-type":"image\/jpeg","source_url":"https:\/\/blog.tmgrupoinmobiliario.com\/en\/wp-content\/uploads\/sites\/2\/2019\/10\/PREMIOS-150x150.jpg"},"medium":{"file":"PREMIOS-300x200.jpg","width":300,"height":200,"mime-type":"image\/jpeg","source_url":"https:\/\/blog.tmgrupoinmobiliario.com\/en\/wp-content\/uploads\/sites\/2\/2019\/10\/PREMIOS-300x200.jpg"},"medium_large":{"file":"PREMIOS-768x511.jpg","width":768,"height":511,"mime-type":"image\/jpeg","source_url":"https:\/\/blog.tmgrupoinmobiliario.com\/en\/wp-content\/uploads\/sites\/2\/2019\/10\/PREMIOS-768x511.jpg"}},"image_meta":{"aperture":"0","credit":"","camera":"","caption":"","created_timestamp":"0","copyright":"","focal_length":"0","iso":"0","shutter_speed":"0","title":"","orientation":"1","keywords":[]}},"post":13729,"source_url":"https:\/\/blog.tmgrupoinmobiliario.com\/en\/wp-content\/uploads\/sites\/2\/2019\/10\/PREMIOS.jpg"},"acf":{"imagen_destacada_desktop":null,"imagen_destacada_mobile":null,"formato":null,"entradilla":null,"etiquetas":null,"cabecera_escritorio":null,"cabecera_mobile":null,"galeria":null},"yoast_head":"<!-- This site is optimized with the Yoast SEO Premium plugin v23.6 (Yoast SEO v27.5) - https:\/\/yoast.com\/product\/yoast-seo-premium-wordpress\/ -->\n<title>TM Real Estate Group wins Economia 3 Magazine\u2019s Business Development Award - English<\/title>\n<meta name=\"robots\" content=\"index, follow, max-snippet:-1, max-image-preview:large, max-video-preview:-1\" \/>\n<link rel=\"canonical\" href=\"https:\/\/blog.tmgrupoinmobiliario.com\/en\/2019\/10\/29\/tm-real-estate-group-wins-economia-3-magazines-business-development-award\/\" \/>\n<meta property=\"og:locale\" content=\"en_US\" \/>\n<meta property=\"og:type\" content=\"article\" \/>\n<meta property=\"og:title\" content=\"TM Real Estate Group wins Economia 3 Magazine\u2019s Business Development Award\" \/>\n<meta property=\"og:description\" content=\"02.10.2019 I TM Real Estate Group TM Real Estate Group has won the 2019 Business Development Award from Economia 3 Magazine, the leading publisher of economic news in the Valencian Community. Group president, \u00c1ngeles Serna, managing director, Pablo Serna, and vice-president, Abel Garc\u00eda, received the award from the managing director of Caja Rural Central, Jos\u00e9 [&hellip;]\" \/>\n<meta property=\"og:url\" content=\"https:\/\/blog.tmgrupoinmobiliario.com\/en\/2019\/10\/29\/tm-real-estate-group-wins-economia-3-magazines-business-development-award\/\" \/>\n<meta property=\"og:site_name\" content=\"English\" \/>\n<meta property=\"article:published_time\" content=\"2019-10-29T09:12:59+00:00\" \/>\n<meta property=\"article:modified_time\" content=\"2019-10-31T11:47:37+00:00\" \/>\n<meta property=\"og:image\" content=\"https:\/\/blog.tmgrupoinmobiliario.com\/en\/wp-content\/uploads\/sites\/2\/2019\/10\/PREMIOS.jpg\" \/>\n\t<meta property=\"og:image:width\" content=\"1000\" \/>\n\t<meta property=\"og:image:height\" content=\"666\" \/>\n\t<meta property=\"og:image:type\" content=\"image\/jpeg\" \/>\n<meta name=\"author\" content=\"fara\" \/>\n<meta name=\"twitter:card\" content=\"summary_large_image\" \/>\n<meta name=\"twitter:label1\" content=\"Written by\" \/>\n\t<meta name=\"twitter:data1\" content=\"fara\" \/>\n\t<meta name=\"twitter:label2\" content=\"Est. reading time\" \/>\n\t<meta name=\"twitter:data2\" content=\"1 minute\" \/>\n<script type=\"application\/ld+json\" class=\"yoast-schema-graph\">{\"@context\":\"https:\\\/\\\/schema.org\",\"@graph\":[{\"@type\":\"Article\",\"@id\":\"https:\\\/\\\/blog.tmgrupoinmobiliario.com\\\/en\\\/2019\\\/10\\\/29\\\/tm-real-estate-group-wins-economia-3-magazines-business-development-award\\\/#article\",\"isPartOf\":{\"@id\":\"https:\\\/\\\/blog.tmgrupoinmobiliario.com\\\/en\\\/2019\\\/10\\\/29\\\/tm-real-estate-group-wins-economia-3-magazines-business-development-award\\\/\"},\"author\":{\"name\":\"fara\",\"@id\":\"https:\\\/\\\/blog.tmgrupoinmobiliario.com\\\/en\\\/#\\\/schema\\\/person\\\/a84aec2e78e08c84b83b6c2e603485d4\"},\"headline\":\"TM Real Estate Group wins Economia 3 Magazine\u2019s Business Development Award\",\"datePublished\":\"2019-10-29T09:12:59+00:00\",\"dateModified\":\"2019-10-31T11:47:37+00:00\",\"mainEntityOfPage\":{\"@id\":\"https:\\\/\\\/blog.tmgrupoinmobiliario.com\\\/en\\\/2019\\\/10\\\/29\\\/tm-real-estate-group-wins-economia-3-magazines-business-development-award\\\/\"},\"wordCount\":236,\"commentCount\":0,\"image\":{\"@id\":\"https:\\\/\\\/blog.tmgrupoinmobiliario.com\\\/en\\\/2019\\\/10\\\/29\\\/tm-real-estate-group-wins-economia-3-magazines-business-development-award\\\/#primaryimage\"},\"thumbnailUrl\":\"https:\\\/\\\/blog.tmgrupoinmobiliario.com\\\/en\\\/wp-content\\\/uploads\\\/sites\\\/2\\\/2019\\\/10\\\/PREMIOS.jpg\",\"articleSection\":[\"Sin categor\u00eda\"],\"inLanguage\":\"en-US\",\"potentialAction\":[{\"@type\":\"CommentAction\",\"name\":\"Comment\",\"target\":[\"https:\\\/\\\/blog.tmgrupoinmobiliario.com\\\/en\\\/2019\\\/10\\\/29\\\/tm-real-estate-group-wins-economia-3-magazines-business-development-award\\\/#respond\"]}]},{\"@type\":\"WebPage\",\"@id\":\"https:\\\/\\\/blog.tmgrupoinmobiliario.com\\\/en\\\/2019\\\/10\\\/29\\\/tm-real-estate-group-wins-economia-3-magazines-business-development-award\\\/\",\"url\":\"https:\\\/\\\/blog.tmgrupoinmobiliario.com\\\/en\\\/2019\\\/10\\\/29\\\/tm-real-estate-group-wins-economia-3-magazines-business-development-award\\\/\",\"name\":\"TM Real Estate Group wins Economia 3 Magazine\u2019s Business Development Award - English\",\"isPartOf\":{\"@id\":\"https:\\\/\\\/blog.tmgrupoinmobiliario.com\\\/en\\\/#website\"},\"primaryImageOfPage\":{\"@id\":\"https:\\\/\\\/blog.tmgrupoinmobiliario.com\\\/en\\\/2019\\\/10\\\/29\\\/tm-real-estate-group-wins-economia-3-magazines-business-development-award\\\/#primaryimage\"},\"image\":{\"@id\":\"https:\\\/\\\/blog.tmgrupoinmobiliario.com\\\/en\\\/2019\\\/10\\\/29\\\/tm-real-estate-group-wins-economia-3-magazines-business-development-award\\\/#primaryimage\"},\"thumbnailUrl\":\"https:\\\/\\\/blog.tmgrupoinmobiliario.com\\\/en\\\/wp-content\\\/uploads\\\/sites\\\/2\\\/2019\\\/10\\\/PREMIOS.jpg\",\"datePublished\":\"2019-10-29T09:12:59+00:00\",\"dateModified\":\"2019-10-31T11:47:37+00:00\",\"author\":{\"@id\":\"https:\\\/\\\/blog.tmgrupoinmobiliario.com\\\/en\\\/#\\\/schema\\\/person\\\/a84aec2e78e08c84b83b6c2e603485d4\"},\"breadcrumb\":{\"@id\":\"https:\\\/\\\/blog.tmgrupoinmobiliario.com\\\/en\\\/2019\\\/10\\\/29\\\/tm-real-estate-group-wins-economia-3-magazines-business-development-award\\\/#breadcrumb\"},\"inLanguage\":\"en-US\",\"potentialAction\":[{\"@type\":\"ReadAction\",\"target\":[\"https:\\\/\\\/blog.tmgrupoinmobiliario.com\\\/en\\\/2019\\\/10\\\/29\\\/tm-real-estate-group-wins-economia-3-magazines-business-development-award\\\/\"]}]},{\"@type\":\"ImageObject\",\"inLanguage\":\"en-US\",\"@id\":\"https:\\\/\\\/blog.tmgrupoinmobiliario.com\\\/en\\\/2019\\\/10\\\/29\\\/tm-real-estate-group-wins-economia-3-magazines-business-development-award\\\/#primaryimage\",\"url\":\"https:\\\/\\\/blog.tmgrupoinmobiliario.com\\\/en\\\/wp-content\\\/uploads\\\/sites\\\/2\\\/2019\\\/10\\\/PREMIOS.jpg\",\"contentUrl\":\"https:\\\/\\\/blog.tmgrupoinmobiliario.com\\\/en\\\/wp-content\\\/uploads\\\/sites\\\/2\\\/2019\\\/10\\\/PREMIOS.jpg\",\"width\":1000,\"height\":666},{\"@type\":\"BreadcrumbList\",\"@id\":\"https:\\\/\\\/blog.tmgrupoinmobiliario.com\\\/en\\\/2019\\\/10\\\/29\\\/tm-real-estate-group-wins-economia-3-magazines-business-development-award\\\/#breadcrumb\",\"itemListElement\":[{\"@type\":\"ListItem\",\"position\":1,\"name\":\"Portada\",\"item\":\"https:\\\/\\\/blog.tmgrupoinmobiliario.com\\\/en\\\/\"},{\"@type\":\"ListItem\",\"position\":2,\"name\":\"TM Real Estate Group wins Economia 3 Magazine\u2019s Business Development Award\"}]},{\"@type\":\"WebSite\",\"@id\":\"https:\\\/\\\/blog.tmgrupoinmobiliario.com\\\/en\\\/#website\",\"url\":\"https:\\\/\\\/blog.tmgrupoinmobiliario.com\\\/en\\\/\",\"name\":\"English\",\"description\":\"Otro sitio m\u00e1s de Blog Desarrollo TM sitios\",\"potentialAction\":[{\"@type\":\"SearchAction\",\"target\":{\"@type\":\"EntryPoint\",\"urlTemplate\":\"https:\\\/\\\/blog.tmgrupoinmobiliario.com\\\/en\\\/?s={search_term_string}\"},\"query-input\":{\"@type\":\"PropertyValueSpecification\",\"valueRequired\":true,\"valueName\":\"search_term_string\"}}],\"inLanguage\":\"en-US\"},{\"@type\":\"Person\",\"@id\":\"https:\\\/\\\/blog.tmgrupoinmobiliario.com\\\/en\\\/#\\\/schema\\\/person\\\/a84aec2e78e08c84b83b6c2e603485d4\",\"name\":\"fara\",\"image\":{\"@type\":\"ImageObject\",\"inLanguage\":\"en-US\",\"@id\":\"https:\\\/\\\/secure.gravatar.com\\\/avatar\\\/7f220746227c0519c6c04da143303cd82cc8dcb5a6e36ab83c4d34194b752687?s=96&d=mm&r=g\",\"url\":\"https:\\\/\\\/secure.gravatar.com\\\/avatar\\\/7f220746227c0519c6c04da143303cd82cc8dcb5a6e36ab83c4d34194b752687?s=96&d=mm&r=g\",\"contentUrl\":\"https:\\\/\\\/secure.gravatar.com\\\/avatar\\\/7f220746227c0519c6c04da143303cd82cc8dcb5a6e36ab83c4d34194b752687?s=96&d=mm&r=g\",\"caption\":\"fara\"},\"url\":\"https:\\\/\\\/blog.tmgrupoinmobiliario.com\\\/en\\\/author\\\/fara\\\/\"}]}<\/script>\n<!-- \/ Yoast SEO Premium plugin. -->","yoast_head_json":{"title":"TM Real Estate Group wins Economia 3 Magazine\u2019s Business Development Award - English","robots":{"index":"index","follow":"follow","max-snippet":"max-snippet:-1","max-image-preview":"max-image-preview:large","max-video-preview":"max-video-preview:-1"},"canonical":"https:\/\/blog.tmgrupoinmobiliario.com\/en\/2019\/10\/29\/tm-real-estate-group-wins-economia-3-magazines-business-development-award\/","og_locale":"en_US","og_type":"article","og_title":"TM Real Estate Group wins Economia 3 Magazine\u2019s Business Development Award","og_description":"02.10.2019 I TM Real Estate Group TM Real Estate Group has won the 2019 Business Development Award from Economia 3 Magazine, the leading publisher of economic news in the Valencian Community. Group president, \u00c1ngeles Serna, managing director, Pablo Serna, and vice-president, Abel Garc\u00eda, received the award from the managing director of Caja Rural Central, Jos\u00e9 [&hellip;]","og_url":"https:\/\/blog.tmgrupoinmobiliario.com\/en\/2019\/10\/29\/tm-real-estate-group-wins-economia-3-magazines-business-development-award\/","og_site_name":"English","article_published_time":"2019-10-29T09:12:59+00:00","article_modified_time":"2019-10-31T11:47:37+00:00","og_image":[{"width":1000,"height":666,"url":"https:\/\/blog.tmgrupoinmobiliario.com\/en\/wp-content\/uploads\/sites\/2\/2019\/10\/PREMIOS.jpg","type":"image\/jpeg"}],"author":"fara","twitter_card":"summary_large_image","twitter_misc":{"Written by":"fara","Est. reading time":"1 minute"},"schema":{"@context":"https:\/\/schema.org","@graph":[{"@type":"Article","@id":"https:\/\/blog.tmgrupoinmobiliario.com\/en\/2019\/10\/29\/tm-real-estate-group-wins-economia-3-magazines-business-development-award\/#article","isPartOf":{"@id":"https:\/\/blog.tmgrupoinmobiliario.com\/en\/2019\/10\/29\/tm-real-estate-group-wins-economia-3-magazines-business-development-award\/"},"author":{"name":"fara","@id":"https:\/\/blog.tmgrupoinmobiliario.com\/en\/#\/schema\/person\/a84aec2e78e08c84b83b6c2e603485d4"},"headline":"TM Real Estate Group wins Economia 3 Magazine\u2019s Business Development Award","datePublished":"2019-10-29T09:12:59+00:00","dateModified":"2019-10-31T11:47:37+00:00","mainEntityOfPage":{"@id":"https:\/\/blog.tmgrupoinmobiliario.com\/en\/2019\/10\/29\/tm-real-estate-group-wins-economia-3-magazines-business-development-award\/"},"wordCount":236,"commentCount":0,"image":{"@id":"https:\/\/blog.tmgrupoinmobiliario.com\/en\/2019\/10\/29\/tm-real-estate-group-wins-economia-3-magazines-business-development-award\/#primaryimage"},"thumbnailUrl":"https:\/\/blog.tmgrupoinmobiliario.com\/en\/wp-content\/uploads\/sites\/2\/2019\/10\/PREMIOS.jpg","articleSection":["Sin categor\u00eda"],"inLanguage":"en-US","potentialAction":[{"@type":"CommentAction","name":"Comment","target":["https:\/\/blog.tmgrupoinmobiliario.com\/en\/2019\/10\/29\/tm-real-estate-group-wins-economia-3-magazines-business-development-award\/#respond"]}]},{"@type":"WebPage","@id":"https:\/\/blog.tmgrupoinmobiliario.com\/en\/2019\/10\/29\/tm-real-estate-group-wins-economia-3-magazines-business-development-award\/","url":"https:\/\/blog.tmgrupoinmobiliario.com\/en\/2019\/10\/29\/tm-real-estate-group-wins-economia-3-magazines-business-development-award\/","name":"TM Real Estate Group wins Economia 3 Magazine\u2019s Business Development Award - English","isPartOf":{"@id":"https:\/\/blog.tmgrupoinmobiliario.com\/en\/#website"},"primaryImageOfPage":{"@id":"https:\/\/blog.tmgrupoinmobiliario.com\/en\/2019\/10\/29\/tm-real-estate-group-wins-economia-3-magazines-business-development-award\/#primaryimage"},"image":{"@id":"https:\/\/blog.tmgrupoinmobiliario.com\/en\/2019\/10\/29\/tm-real-estate-group-wins-economia-3-magazines-business-development-award\/#primaryimage"},"thumbnailUrl":"https:\/\/blog.tmgrupoinmobiliario.com\/en\/wp-content\/uploads\/sites\/2\/2019\/10\/PREMIOS.jpg","datePublished":"2019-10-29T09:12:59+00:00","dateModified":"2019-10-31T11:47:37+00:00","author":{"@id":"https:\/\/blog.tmgrupoinmobiliario.com\/en\/#\/schema\/person\/a84aec2e78e08c84b83b6c2e603485d4"},"breadcrumb":{"@id":"https:\/\/blog.tmgrupoinmobiliario.com\/en\/2019\/10\/29\/tm-real-estate-group-wins-economia-3-magazines-business-development-award\/#breadcrumb"},"inLanguage":"en-US","potentialAction":[{"@type":"ReadAction","target":["https:\/\/blog.tmgrupoinmobiliario.com\/en\/2019\/10\/29\/tm-real-estate-group-wins-economia-3-magazines-business-development-award\/"]}]},{"@type":"ImageObject","inLanguage":"en-US","@id":"https:\/\/blog.tmgrupoinmobiliario.com\/en\/2019\/10\/29\/tm-real-estate-group-wins-economia-3-magazines-business-development-award\/#primaryimage","url":"https:\/\/blog.tmgrupoinmobiliario.com\/en\/wp-content\/uploads\/sites\/2\/2019\/10\/PREMIOS.jpg","contentUrl":"https:\/\/blog.tmgrupoinmobiliario.com\/en\/wp-content\/uploads\/sites\/2\/2019\/10\/PREMIOS.jpg","width":1000,"height":666},{"@type":"BreadcrumbList","@id":"https:\/\/blog.tmgrupoinmobiliario.com\/en\/2019\/10\/29\/tm-real-estate-group-wins-economia-3-magazines-business-development-award\/#breadcrumb","itemListElement":[{"@type":"ListItem","position":1,"name":"Portada","item":"https:\/\/blog.tmgrupoinmobiliario.com\/en\/"},{"@type":"ListItem","position":2,"name":"TM Real Estate Group wins Economia 3 Magazine\u2019s Business Development Award"}]},{"@type":"WebSite","@id":"https:\/\/blog.tmgrupoinmobiliario.com\/en\/#website","url":"https:\/\/blog.tmgrupoinmobiliario.com\/en\/","name":"English","description":"Otro sitio m\u00e1s de Blog Desarrollo TM sitios","potentialAction":[{"@type":"SearchAction","target":{"@type":"EntryPoint","urlTemplate":"https:\/\/blog.tmgrupoinmobiliario.com\/en\/?s={search_term_string}"},"query-input":{"@type":"PropertyValueSpecification","valueRequired":true,"valueName":"search_term_string"}}],"inLanguage":"en-US"},{"@type":"Person","@id":"https:\/\/blog.tmgrupoinmobiliario.com\/en\/#\/schema\/person\/a84aec2e78e08c84b83b6c2e603485d4","name":"fara","image":{"@type":"ImageObject","inLanguage":"en-US","@id":"https:\/\/secure.gravatar.com\/avatar\/7f220746227c0519c6c04da143303cd82cc8dcb5a6e36ab83c4d34194b752687?s=96&d=mm&r=g","url":"https:\/\/secure.gravatar.com\/avatar\/7f220746227c0519c6c04da143303cd82cc8dcb5a6e36ab83c4d34194b752687?s=96&d=mm&r=g","contentUrl":"https:\/\/secure.gravatar.com\/avatar\/7f220746227c0519c6c04da143303cd82cc8dcb5a6e36ab83c4d34194b752687?s=96&d=mm&r=g","caption":"fara"},"url":"https:\/\/blog.tmgrupoinmobiliario.com\/en\/author\/fara\/"}]}},"jetpack_featured_media_url":"https:\/\/blog.tmgrupoinmobiliario.com\/en\/wp-content\/uploads\/sites\/2\/2019\/10\/PREMIOS.jpg","jetpack_sharing_enabled":true,"_links":{"self":[{"href":"https:\/\/blog.tmgrupoinmobiliario.com\/en\/wp-json\/wp\/v2\/posts\/13729","targetHints":{"allow":["GET"]}}],"collection":[{"href":"https:\/\/blog.tmgrupoinmobiliario.com\/en\/wp-json\/wp\/v2\/posts"}],"about":[{"href":"https:\/\/blog.tmgrupoinmobiliario.com\/en\/wp-json\/wp\/v2\/types\/post"}],"author":[{"embeddable":true,"href":"https:\/\/blog.tmgrupoinmobiliario.com\/en\/wp-json\/wp\/v2\/users\/11711"}],"replies":[{"embeddable":true,"href":"https:\/\/blog.tmgrupoinmobiliario.com\/en\/wp-json\/wp\/v2\/comments?post=13729"}],"version-history":[{"count":5,"href":"https:\/\/blog.tmgrupoinmobiliario.com\/en\/wp-json\/wp\/v2\/posts\/13729\/revisions"}],"predecessor-version":[{"id":13785,"href":"https:\/\/blog.tmgrupoinmobiliario.com\/en\/wp-json\/wp\/v2\/posts\/13729\/revisions\/13785"}],"wp:featuredmedia":[{"embeddable":true,"href":"https:\/\/blog.tmgrupoinmobiliario.com\/en\/wp-json\/wp\/v2\/media\/13772"}],"wp:attachment":[{"href":"https:\/\/blog.tmgrupoinmobiliario.com\/en\/wp-json\/wp\/v2\/media?parent=13729"}],"wp:term":[{"taxonomy":"category","embeddable":true,"href":"https:\/\/blog.tmgrupoinmobiliario.com\/en\/wp-json\/wp\/v2\/categories?post=13729"},{"taxonomy":"post_tag","embeddable":true,"href":"https:\/\/blog.tmgrupoinmobiliario.com\/en\/wp-json\/wp\/v2\/tags?post=13729"}],"curies":[{"name":"wp","href":"https:\/\/api.w.org\/{rel}","templated":true}]}}