{"id":12855,"date":"2018-09-17T17:12:04","date_gmt":"2018-09-17T17:12:04","guid":{"rendered":"https:\/\/blog.tmgrupoinmobiliario.com\/en\/?p=12855"},"modified":"2019-08-13T16:12:13","modified_gmt":"2019-08-13T14:12:13","slug":"opening-in-mexico-the-jose-luis-serna-childrens-garden-in-nuevo-noh-bec-financed-by-tm-grupo-inmobiliario","status":"publish","type":"post","link":"https:\/\/blog.tmgrupoinmobiliario.com\/en\/2018\/09\/17\/opening-in-mexico-the-jose-luis-serna-childrens-garden-in-nuevo-noh-bec-financed-by-tm-grupo-inmobiliario\/","title":{"rendered":"Opening in Mexico: The Jos\u00e9 Luis Serna Children&#8217;s Garden in Nuevo Noh-Bec, financed by TM Grupo Inmobiliario"},"content":{"rendered":"<p>09.09.2018 I TM Grupo Inmobiliario<\/p>\n<p>TM Grupo Inmobiliario, through <strong>The Fives Hotels &amp; Residences by TM and The Fives Foundation<\/strong>, continues to display its <strong>social commitment in Mexico<\/strong> with the <strong>inauguration of the Jos\u00e9 Luis Serna New Noh-Bec Children&#8217;s Garden<\/strong>, named in honour of the company&#8217;s founder.<\/p>\n<p>This project, involving an investment of almost 6 million Mexican pesos, will be <strong>benefiting 180 children<\/strong> of Colonia Noh-Bec, located on the outskirts of Playa del Carmen and considered as one of the most disadvantaged areas in the region.\u00a0The school will give local people new spaces for the integral development of infants beginning their education.<\/p>\n<p><img loading=\"lazy\" decoding=\"async\" class=\"aligncenter wp-image-13738 size-full\" src=\"https:\/\/www.tmgrupoinmobiliario.com\/blog\/wp-content\/uploads\/2018\/09\/41408194_1901552749926299_6975825555052560384_n.jpg\" alt=\"\" width=\"960\" height=\"720\" \/><\/p>\n<p>The facilities include 6 fully equipped classrooms with a capacity for 30 students each, offices for school management, toilets for teachers and students, a dining area, gardens and a large central courtyard.<\/p>\n<p><img loading=\"lazy\" decoding=\"async\" class=\"aligncenter wp-image-13740 size-full\" src=\"https:\/\/www.tmgrupoinmobiliario.com\/blog\/wp-content\/uploads\/2018\/09\/4bc5dfba-3e19-48cf-a5c6-27cca1ab4c28-1.jpeg\" alt=\"\" width=\"1280\" height=\"960\" \/><\/p>\n<p>&nbsp;<\/p>\n<p><img loading=\"lazy\" decoding=\"async\" class=\"wp-image-13754 size-full aligncenter\" src=\"https:\/\/www.tmgrupoinmobiliario.com\/blog\/wp-content\/uploads\/2018\/09\/f56cb0e1-4550-46e3-9038-a243be2f7ae3.jpg\" alt=\"\" width=\"1080\" height=\"720\" \/><\/p>\n<p>&nbsp;<\/p>\n<p><img loading=\"lazy\" decoding=\"async\" class=\"aligncenter wp-image-13734 size-full\" src=\"https:\/\/www.tmgrupoinmobiliario.com\/blog\/wp-content\/uploads\/2018\/09\/41388464_887864924934809_3911245726545346560_n.jpg\" alt=\"\" width=\"960\" height=\"640\" \/><\/p>\n<p>The inaugural ceremony took place last Sunday, 9th September, attended by the Municipal Solidarity Chairwoman, Cristina Torres, the General Director of TM Real Estate Group in Mexico, Joaqu\u00edn Serna, as well as managers, collaborators, teachers and parents.<\/p>\n<p>The Municipal Chairwoman thanked TM Real Estate Group for &#8220;their support for education as an essential tool to build a better society, in an area where the law prohibits government action, and where only thanks to private initiative, as fostered by the The Fives Group, can we contribute to development and prosperity.&#8221;<\/p>\n<p>In turn, TM Real Estate Group General Director Joaqu\u00edn Serna expressed his enthusiasm in continuing the legacy of the Group\u2019s founder:\u00a0&#8220;My father always prioritised children&#8217;s education,&#8221; he stated, thanking the entire team contributing to this project, and expressing his gratitude in becoming part of the history of the Noh-Bec community.<\/p>\n<p>The inauguration of the infant school is part of the first phase of a global project which was signed a year and a half ago between TM Real Estate Group and the local authorities, contemplating the construction and improvement of primary and secondary schools so as to benefit a total of 550 students in the community.<\/p>\n<p>This initiative is part of the Corporate Social Responsibility actions of TM Real Estate Group and its commitment to undertake projects promoting the right to education as a key tool for development and social change.<\/p>\n<div class=\"jetpack-video-wrapper\"><span class=\"embed-youtube\" style=\"text-align:center; display: block;\"><iframe loading=\"lazy\" class=\"youtube-player\" width=\"640\" height=\"360\" src=\"https:\/\/www.youtube.com\/embed\/D_Zf07PmX0c?version=3&#038;rel=1&#038;showsearch=0&#038;showinfo=1&#038;iv_load_policy=1&#038;fs=1&#038;hl=en-US&#038;autohide=2&#038;wmode=transparent\" allowfullscreen=\"true\" style=\"border:0;\" sandbox=\"allow-scripts allow-same-origin allow-popups allow-presentation allow-popups-to-escape-sandbox\"><\/iframe><\/span><\/div>\n<p>&nbsp;<\/p>\n","protected":false},"excerpt":{"rendered":"<p>09.09.2018 I TM Grupo Inmobiliario TM Grupo Inmobiliario, through The Fives Hotels &amp; Residences by TM and The Fives Foundation, continues to display its social commitment in Mexico with the inauguration of the Jos\u00e9 Luis Serna New Noh-Bec Children&#8217;s Garden, named in honour of the company&#8217;s founder. This project, involving an investment of almost 6 [&hellip;]<\/p>\n","protected":false},"author":11723,"featured_media":12859,"comment_status":"open","ping_status":"open","sticky":false,"template":"","format":"standard","meta":{"_jetpack_memberships_contains_paid_content":false,"footnotes":""},"categories":[1],"tags":[441,442,275,123,440],"class_list":["post-12855","post","type-post","status-publish","format-standard","has-post-thumbnail","hentry","category-sin-categoria","tag-tag-business","tag-tag-business-hotels-mex","tag-tag-business-promo-mex-en","tag-tag-compromise-en-2","tag-tag-home"],"better_featured_image":{"id":12859,"alt_text":"","caption":"","description":"","media_type":"image","media_details":{"width":405,"height":270,"file":"2018\/09\/INAUGURACI\u00d3N-DE-JARD\u00cdN-DE-NI\u00d1OS-EN-NUEVO-NOH-BEC-6-2-blog.jpg","sizes":{"thumbnail":{"file":"INAUGURACI\u00d3N-DE-JARD\u00cdN-DE-NI\u00d1OS-EN-NUEVO-NOH-BEC-6-2-blog-150x150.jpg","width":150,"height":150,"mime-type":"image\/jpeg","source_url":"https:\/\/blog.tmgrupoinmobiliario.com\/en\/wp-content\/uploads\/sites\/2\/2018\/09\/INAUGURACI\u00d3N-DE-JARD\u00cdN-DE-NI\u00d1OS-EN-NUEVO-NOH-BEC-6-2-blog-150x150.jpg"},"medium":{"file":"INAUGURACI\u00d3N-DE-JARD\u00cdN-DE-NI\u00d1OS-EN-NUEVO-NOH-BEC-6-2-blog-300x200.jpg","width":300,"height":200,"mime-type":"image\/jpeg","source_url":"https:\/\/blog.tmgrupoinmobiliario.com\/en\/wp-content\/uploads\/sites\/2\/2018\/09\/INAUGURACI\u00d3N-DE-JARD\u00cdN-DE-NI\u00d1OS-EN-NUEVO-NOH-BEC-6-2-blog-300x200.jpg"},"blog-medium":{"file":"INAUGURACI\u00d3N-DE-JARD\u00cdN-DE-NI\u00d1OS-EN-NUEVO-NOH-BEC-6-2-blog-320x202.jpg","width":320,"height":202,"mime-type":"image\/jpeg","source_url":"https:\/\/blog.tmgrupoinmobiliario.com\/en\/wp-content\/uploads\/sites\/2\/2018\/09\/INAUGURACI\u00d3N-DE-JARD\u00cdN-DE-NI\u00d1OS-EN-NUEVO-NOH-BEC-6-2-blog-320x202.jpg"},"tabs-img":{"file":"INAUGURACI\u00d3N-DE-JARD\u00cdN-DE-NI\u00d1OS-EN-NUEVO-NOH-BEC-6-2-blog-52x50.jpg","width":52,"height":50,"mime-type":"image\/jpeg","source_url":"https:\/\/blog.tmgrupoinmobiliario.com\/en\/wp-content\/uploads\/sites\/2\/2018\/09\/INAUGURACI\u00d3N-DE-JARD\u00cdN-DE-NI\u00d1OS-EN-NUEVO-NOH-BEC-6-2-blog-52x50.jpg"},"related-img":{"file":"INAUGURACI\u00d3N-DE-JARD\u00cdN-DE-NI\u00d1OS-EN-NUEVO-NOH-BEC-6-2-blog-180x138.jpg","width":180,"height":138,"mime-type":"image\/jpeg","source_url":"https:\/\/blog.tmgrupoinmobiliario.com\/en\/wp-content\/uploads\/sites\/2\/2018\/09\/INAUGURACI\u00d3N-DE-JARD\u00cdN-DE-NI\u00d1OS-EN-NUEVO-NOH-BEC-6-2-blog-180x138.jpg"},"portfolio-three":{"file":"INAUGURACI\u00d3N-DE-JARD\u00cdN-DE-NI\u00d1OS-EN-NUEVO-NOH-BEC-6-2-blog-300x214.jpg","width":300,"height":214,"mime-type":"image\/jpeg","source_url":"https:\/\/blog.tmgrupoinmobiliario.com\/en\/wp-content\/uploads\/sites\/2\/2018\/09\/INAUGURACI\u00d3N-DE-JARD\u00cdN-DE-NI\u00d1OS-EN-NUEVO-NOH-BEC-6-2-blog-300x214.jpg"},"portfolio-four":{"file":"INAUGURACI\u00d3N-DE-JARD\u00cdN-DE-NI\u00d1OS-EN-NUEVO-NOH-BEC-6-2-blog-220x161.jpg","width":220,"height":161,"mime-type":"image\/jpeg","source_url":"https:\/\/blog.tmgrupoinmobiliario.com\/en\/wp-content\/uploads\/sites\/2\/2018\/09\/INAUGURACI\u00d3N-DE-JARD\u00cdN-DE-NI\u00d1OS-EN-NUEVO-NOH-BEC-6-2-blog-220x161.jpg"},"portfolio-five":{"file":"INAUGURACI\u00d3N-DE-JARD\u00cdN-DE-NI\u00d1OS-EN-NUEVO-NOH-BEC-6-2-blog-177x142.jpg","width":177,"height":142,"mime-type":"image\/jpeg","source_url":"https:\/\/blog.tmgrupoinmobiliario.com\/en\/wp-content\/uploads\/sites\/2\/2018\/09\/INAUGURACI\u00d3N-DE-JARD\u00cdN-DE-NI\u00d1OS-EN-NUEVO-NOH-BEC-6-2-blog-177x142.jpg"},"portfolio-six":{"file":"INAUGURACI\u00d3N-DE-JARD\u00cdN-DE-NI\u00d1OS-EN-NUEVO-NOH-BEC-6-2-blog-147x118.jpg","width":147,"height":118,"mime-type":"image\/jpeg","source_url":"https:\/\/blog.tmgrupoinmobiliario.com\/en\/wp-content\/uploads\/sites\/2\/2018\/09\/INAUGURACI\u00d3N-DE-JARD\u00cdN-DE-NI\u00d1OS-EN-NUEVO-NOH-BEC-6-2-blog-147x118.jpg"},"recent-works-thumbnail":{"file":"INAUGURACI\u00d3N-DE-JARD\u00cdN-DE-NI\u00d1OS-EN-NUEVO-NOH-BEC-6-2-blog-66x66.jpg","width":66,"height":66,"mime-type":"image\/jpeg","source_url":"https:\/\/blog.tmgrupoinmobiliario.com\/en\/wp-content\/uploads\/sites\/2\/2018\/09\/INAUGURACI\u00d3N-DE-JARD\u00cdN-DE-NI\u00d1OS-EN-NUEVO-NOH-BEC-6-2-blog-66x66.jpg"}},"image_meta":{"aperture":"5","credit":"","camera":"Canon EOS 6D","caption":"","created_timestamp":"1536491879","copyright":"","focal_length":"24","iso":"640","shutter_speed":"0.00125","title":"","orientation":"1","keywords":[]}},"post":12855,"source_url":"https:\/\/blog.tmgrupoinmobiliario.com\/en\/wp-content\/uploads\/sites\/2\/2018\/09\/INAUGURACI\u00d3N-DE-JARD\u00cdN-DE-NI\u00d1OS-EN-NUEVO-NOH-BEC-6-2-blog.jpg"},"acf":{"imagen_destacada_desktop":null,"imagen_destacada_mobile":null,"formato":null,"entradilla":null,"etiquetas":null,"cabecera_escritorio":null,"cabecera_mobile":null,"galeria":null},"yoast_head":"<!-- This site is optimized with the Yoast SEO Premium plugin v23.6 (Yoast SEO v27.5) - https:\/\/yoast.com\/product\/yoast-seo-premium-wordpress\/ -->\n<title>Opening in Mexico: The Jos\u00e9 Luis Serna Children&#039;s Garden in Nuevo Noh-Bec, financed by TM Grupo Inmobiliario - English<\/title>\n<meta name=\"robots\" content=\"index, follow, max-snippet:-1, max-image-preview:large, max-video-preview:-1\" \/>\n<link rel=\"canonical\" href=\"https:\/\/blog.tmgrupoinmobiliario.com\/en\/2018\/09\/17\/opening-in-mexico-the-jose-luis-serna-childrens-garden-in-nuevo-noh-bec-financed-by-tm-grupo-inmobiliario\/\" \/>\n<meta property=\"og:locale\" content=\"en_US\" \/>\n<meta property=\"og:type\" content=\"article\" \/>\n<meta property=\"og:title\" content=\"Opening in Mexico: The Jos\u00e9 Luis Serna Children&#039;s Garden in Nuevo Noh-Bec, financed by TM Grupo Inmobiliario\" \/>\n<meta property=\"og:description\" content=\"09.09.2018 I TM Grupo Inmobiliario TM Grupo Inmobiliario, through The Fives Hotels &amp; Residences by TM and The Fives Foundation, continues to display its social commitment in Mexico with the inauguration of the Jos\u00e9 Luis Serna New Noh-Bec Children&#8217;s Garden, named in honour of the company&#8217;s founder. This project, involving an investment of almost 6 [&hellip;]\" \/>\n<meta property=\"og:url\" content=\"https:\/\/blog.tmgrupoinmobiliario.com\/en\/2018\/09\/17\/opening-in-mexico-the-jose-luis-serna-childrens-garden-in-nuevo-noh-bec-financed-by-tm-grupo-inmobiliario\/\" \/>\n<meta property=\"og:site_name\" content=\"English\" \/>\n<meta property=\"article:published_time\" content=\"2018-09-17T17:12:04+00:00\" \/>\n<meta property=\"article:modified_time\" content=\"2019-08-13T14:12:13+00:00\" \/>\n<meta property=\"og:image\" content=\"https:\/\/blog.tmgrupoinmobiliario.com\/en\/wp-content\/uploads\/sites\/2\/2018\/09\/INAUGURACI\u00d3N-DE-JARD\u00cdN-DE-NI\u00d1OS-EN-NUEVO-NOH-BEC-6-2-blog.jpg\" \/>\n\t<meta property=\"og:image:width\" content=\"405\" \/>\n\t<meta property=\"og:image:height\" content=\"270\" \/>\n\t<meta property=\"og:image:type\" content=\"image\/jpeg\" \/>\n<meta name=\"author\" content=\"sabina\" \/>\n<meta name=\"twitter:card\" content=\"summary_large_image\" \/>\n<meta name=\"twitter:label1\" content=\"Written by\" \/>\n\t<meta name=\"twitter:data1\" content=\"sabina\" \/>\n\t<meta name=\"twitter:label2\" content=\"Est. reading time\" \/>\n\t<meta name=\"twitter:data2\" content=\"2 minutes\" \/>\n<script type=\"application\/ld+json\" class=\"yoast-schema-graph\">{\"@context\":\"https:\\\/\\\/schema.org\",\"@graph\":[{\"@type\":\"Article\",\"@id\":\"https:\\\/\\\/blog.tmgrupoinmobiliario.com\\\/en\\\/2018\\\/09\\\/17\\\/opening-in-mexico-the-jose-luis-serna-childrens-garden-in-nuevo-noh-bec-financed-by-tm-grupo-inmobiliario\\\/#article\",\"isPartOf\":{\"@id\":\"https:\\\/\\\/blog.tmgrupoinmobiliario.com\\\/en\\\/2018\\\/09\\\/17\\\/opening-in-mexico-the-jose-luis-serna-childrens-garden-in-nuevo-noh-bec-financed-by-tm-grupo-inmobiliario\\\/\"},\"author\":{\"name\":\"sabina\",\"@id\":\"https:\\\/\\\/blog.tmgrupoinmobiliario.com\\\/en\\\/#\\\/schema\\\/person\\\/27af0dbfdce919d609baf4fed660de3b\"},\"headline\":\"Opening in Mexico: The Jos\u00e9 Luis Serna Children&#8217;s Garden in Nuevo Noh-Bec, financed by TM Grupo Inmobiliario\",\"datePublished\":\"2018-09-17T17:12:04+00:00\",\"dateModified\":\"2019-08-13T14:12:13+00:00\",\"mainEntityOfPage\":{\"@id\":\"https:\\\/\\\/blog.tmgrupoinmobiliario.com\\\/en\\\/2018\\\/09\\\/17\\\/opening-in-mexico-the-jose-luis-serna-childrens-garden-in-nuevo-noh-bec-financed-by-tm-grupo-inmobiliario\\\/\"},\"wordCount\":394,\"commentCount\":0,\"image\":{\"@id\":\"https:\\\/\\\/blog.tmgrupoinmobiliario.com\\\/en\\\/2018\\\/09\\\/17\\\/opening-in-mexico-the-jose-luis-serna-childrens-garden-in-nuevo-noh-bec-financed-by-tm-grupo-inmobiliario\\\/#primaryimage\"},\"thumbnailUrl\":\"https:\\\/\\\/blog.tmgrupoinmobiliario.com\\\/en\\\/wp-content\\\/uploads\\\/sites\\\/2\\\/2018\\\/09\\\/INAUGURACI\u00d3N-DE-JARD\u00cdN-DE-NI\u00d1OS-EN-NUEVO-NOH-BEC-6-2-blog.jpg\",\"keywords\":[\"tag-business\",\"tag-business-hotels-mex\",\"tag-business-promo-mex\",\"tag-compromise\",\"tag-home\"],\"articleSection\":[\"Sin categor\u00eda\"],\"inLanguage\":\"en-US\",\"potentialAction\":[{\"@type\":\"CommentAction\",\"name\":\"Comment\",\"target\":[\"https:\\\/\\\/blog.tmgrupoinmobiliario.com\\\/en\\\/2018\\\/09\\\/17\\\/opening-in-mexico-the-jose-luis-serna-childrens-garden-in-nuevo-noh-bec-financed-by-tm-grupo-inmobiliario\\\/#respond\"]}]},{\"@type\":\"WebPage\",\"@id\":\"https:\\\/\\\/blog.tmgrupoinmobiliario.com\\\/en\\\/2018\\\/09\\\/17\\\/opening-in-mexico-the-jose-luis-serna-childrens-garden-in-nuevo-noh-bec-financed-by-tm-grupo-inmobiliario\\\/\",\"url\":\"https:\\\/\\\/blog.tmgrupoinmobiliario.com\\\/en\\\/2018\\\/09\\\/17\\\/opening-in-mexico-the-jose-luis-serna-childrens-garden-in-nuevo-noh-bec-financed-by-tm-grupo-inmobiliario\\\/\",\"name\":\"Opening in Mexico: The Jos\u00e9 Luis Serna Children's Garden in Nuevo Noh-Bec, financed by TM Grupo Inmobiliario - English\",\"isPartOf\":{\"@id\":\"https:\\\/\\\/blog.tmgrupoinmobiliario.com\\\/en\\\/#website\"},\"primaryImageOfPage\":{\"@id\":\"https:\\\/\\\/blog.tmgrupoinmobiliario.com\\\/en\\\/2018\\\/09\\\/17\\\/opening-in-mexico-the-jose-luis-serna-childrens-garden-in-nuevo-noh-bec-financed-by-tm-grupo-inmobiliario\\\/#primaryimage\"},\"image\":{\"@id\":\"https:\\\/\\\/blog.tmgrupoinmobiliario.com\\\/en\\\/2018\\\/09\\\/17\\\/opening-in-mexico-the-jose-luis-serna-childrens-garden-in-nuevo-noh-bec-financed-by-tm-grupo-inmobiliario\\\/#primaryimage\"},\"thumbnailUrl\":\"https:\\\/\\\/blog.tmgrupoinmobiliario.com\\\/en\\\/wp-content\\\/uploads\\\/sites\\\/2\\\/2018\\\/09\\\/INAUGURACI\u00d3N-DE-JARD\u00cdN-DE-NI\u00d1OS-EN-NUEVO-NOH-BEC-6-2-blog.jpg\",\"datePublished\":\"2018-09-17T17:12:04+00:00\",\"dateModified\":\"2019-08-13T14:12:13+00:00\",\"author\":{\"@id\":\"https:\\\/\\\/blog.tmgrupoinmobiliario.com\\\/en\\\/#\\\/schema\\\/person\\\/27af0dbfdce919d609baf4fed660de3b\"},\"breadcrumb\":{\"@id\":\"https:\\\/\\\/blog.tmgrupoinmobiliario.com\\\/en\\\/2018\\\/09\\\/17\\\/opening-in-mexico-the-jose-luis-serna-childrens-garden-in-nuevo-noh-bec-financed-by-tm-grupo-inmobiliario\\\/#breadcrumb\"},\"inLanguage\":\"en-US\",\"potentialAction\":[{\"@type\":\"ReadAction\",\"target\":[\"https:\\\/\\\/blog.tmgrupoinmobiliario.com\\\/en\\\/2018\\\/09\\\/17\\\/opening-in-mexico-the-jose-luis-serna-childrens-garden-in-nuevo-noh-bec-financed-by-tm-grupo-inmobiliario\\\/\"]}]},{\"@type\":\"ImageObject\",\"inLanguage\":\"en-US\",\"@id\":\"https:\\\/\\\/blog.tmgrupoinmobiliario.com\\\/en\\\/2018\\\/09\\\/17\\\/opening-in-mexico-the-jose-luis-serna-childrens-garden-in-nuevo-noh-bec-financed-by-tm-grupo-inmobiliario\\\/#primaryimage\",\"url\":\"https:\\\/\\\/blog.tmgrupoinmobiliario.com\\\/en\\\/wp-content\\\/uploads\\\/sites\\\/2\\\/2018\\\/09\\\/INAUGURACI\u00d3N-DE-JARD\u00cdN-DE-NI\u00d1OS-EN-NUEVO-NOH-BEC-6-2-blog.jpg\",\"contentUrl\":\"https:\\\/\\\/blog.tmgrupoinmobiliario.com\\\/en\\\/wp-content\\\/uploads\\\/sites\\\/2\\\/2018\\\/09\\\/INAUGURACI\u00d3N-DE-JARD\u00cdN-DE-NI\u00d1OS-EN-NUEVO-NOH-BEC-6-2-blog.jpg\",\"width\":405,\"height\":270},{\"@type\":\"BreadcrumbList\",\"@id\":\"https:\\\/\\\/blog.tmgrupoinmobiliario.com\\\/en\\\/2018\\\/09\\\/17\\\/opening-in-mexico-the-jose-luis-serna-childrens-garden-in-nuevo-noh-bec-financed-by-tm-grupo-inmobiliario\\\/#breadcrumb\",\"itemListElement\":[{\"@type\":\"ListItem\",\"position\":1,\"name\":\"Portada\",\"item\":\"https:\\\/\\\/blog.tmgrupoinmobiliario.com\\\/en\\\/\"},{\"@type\":\"ListItem\",\"position\":2,\"name\":\"Opening in Mexico: The Jos\u00e9 Luis Serna Children&#8217;s Garden in Nuevo Noh-Bec, financed by TM Grupo Inmobiliario\"}]},{\"@type\":\"WebSite\",\"@id\":\"https:\\\/\\\/blog.tmgrupoinmobiliario.com\\\/en\\\/#website\",\"url\":\"https:\\\/\\\/blog.tmgrupoinmobiliario.com\\\/en\\\/\",\"name\":\"English\",\"description\":\"Otro sitio m\u00e1s de Blog Desarrollo TM sitios\",\"potentialAction\":[{\"@type\":\"SearchAction\",\"target\":{\"@type\":\"EntryPoint\",\"urlTemplate\":\"https:\\\/\\\/blog.tmgrupoinmobiliario.com\\\/en\\\/?s={search_term_string}\"},\"query-input\":{\"@type\":\"PropertyValueSpecification\",\"valueRequired\":true,\"valueName\":\"search_term_string\"}}],\"inLanguage\":\"en-US\"},{\"@type\":\"Person\",\"@id\":\"https:\\\/\\\/blog.tmgrupoinmobiliario.com\\\/en\\\/#\\\/schema\\\/person\\\/27af0dbfdce919d609baf4fed660de3b\",\"name\":\"sabina\",\"image\":{\"@type\":\"ImageObject\",\"inLanguage\":\"en-US\",\"@id\":\"https:\\\/\\\/secure.gravatar.com\\\/avatar\\\/78951ea4de48b19a4896632042286f6ad92ec263906716df0a9c32c58b3cc837?s=96&d=mm&r=g\",\"url\":\"https:\\\/\\\/secure.gravatar.com\\\/avatar\\\/78951ea4de48b19a4896632042286f6ad92ec263906716df0a9c32c58b3cc837?s=96&d=mm&r=g\",\"contentUrl\":\"https:\\\/\\\/secure.gravatar.com\\\/avatar\\\/78951ea4de48b19a4896632042286f6ad92ec263906716df0a9c32c58b3cc837?s=96&d=mm&r=g\",\"caption\":\"sabina\"},\"url\":\"https:\\\/\\\/blog.tmgrupoinmobiliario.com\\\/en\\\/author\\\/sabina\\\/\"}]}<\/script>\n<!-- \/ Yoast SEO Premium plugin. -->","yoast_head_json":{"title":"Opening in Mexico: The Jos\u00e9 Luis Serna Children's Garden in Nuevo Noh-Bec, financed by TM Grupo Inmobiliario - English","robots":{"index":"index","follow":"follow","max-snippet":"max-snippet:-1","max-image-preview":"max-image-preview:large","max-video-preview":"max-video-preview:-1"},"canonical":"https:\/\/blog.tmgrupoinmobiliario.com\/en\/2018\/09\/17\/opening-in-mexico-the-jose-luis-serna-childrens-garden-in-nuevo-noh-bec-financed-by-tm-grupo-inmobiliario\/","og_locale":"en_US","og_type":"article","og_title":"Opening in Mexico: The Jos\u00e9 Luis Serna Children's Garden in Nuevo Noh-Bec, financed by TM Grupo Inmobiliario","og_description":"09.09.2018 I TM Grupo Inmobiliario TM Grupo Inmobiliario, through The Fives Hotels &amp; Residences by TM and The Fives Foundation, continues to display its social commitment in Mexico with the inauguration of the Jos\u00e9 Luis Serna New Noh-Bec Children&#8217;s Garden, named in honour of the company&#8217;s founder. This project, involving an investment of almost 6 [&hellip;]","og_url":"https:\/\/blog.tmgrupoinmobiliario.com\/en\/2018\/09\/17\/opening-in-mexico-the-jose-luis-serna-childrens-garden-in-nuevo-noh-bec-financed-by-tm-grupo-inmobiliario\/","og_site_name":"English","article_published_time":"2018-09-17T17:12:04+00:00","article_modified_time":"2019-08-13T14:12:13+00:00","og_image":[{"width":405,"height":270,"url":"https:\/\/blog.tmgrupoinmobiliario.com\/en\/wp-content\/uploads\/sites\/2\/2018\/09\/INAUGURACI\u00d3N-DE-JARD\u00cdN-DE-NI\u00d1OS-EN-NUEVO-NOH-BEC-6-2-blog.jpg","type":"image\/jpeg"}],"author":"sabina","twitter_card":"summary_large_image","twitter_misc":{"Written by":"sabina","Est. reading time":"2 minutes"},"schema":{"@context":"https:\/\/schema.org","@graph":[{"@type":"Article","@id":"https:\/\/blog.tmgrupoinmobiliario.com\/en\/2018\/09\/17\/opening-in-mexico-the-jose-luis-serna-childrens-garden-in-nuevo-noh-bec-financed-by-tm-grupo-inmobiliario\/#article","isPartOf":{"@id":"https:\/\/blog.tmgrupoinmobiliario.com\/en\/2018\/09\/17\/opening-in-mexico-the-jose-luis-serna-childrens-garden-in-nuevo-noh-bec-financed-by-tm-grupo-inmobiliario\/"},"author":{"name":"sabina","@id":"https:\/\/blog.tmgrupoinmobiliario.com\/en\/#\/schema\/person\/27af0dbfdce919d609baf4fed660de3b"},"headline":"Opening in Mexico: The Jos\u00e9 Luis Serna Children&#8217;s Garden in Nuevo Noh-Bec, financed by TM Grupo Inmobiliario","datePublished":"2018-09-17T17:12:04+00:00","dateModified":"2019-08-13T14:12:13+00:00","mainEntityOfPage":{"@id":"https:\/\/blog.tmgrupoinmobiliario.com\/en\/2018\/09\/17\/opening-in-mexico-the-jose-luis-serna-childrens-garden-in-nuevo-noh-bec-financed-by-tm-grupo-inmobiliario\/"},"wordCount":394,"commentCount":0,"image":{"@id":"https:\/\/blog.tmgrupoinmobiliario.com\/en\/2018\/09\/17\/opening-in-mexico-the-jose-luis-serna-childrens-garden-in-nuevo-noh-bec-financed-by-tm-grupo-inmobiliario\/#primaryimage"},"thumbnailUrl":"https:\/\/blog.tmgrupoinmobiliario.com\/en\/wp-content\/uploads\/sites\/2\/2018\/09\/INAUGURACI\u00d3N-DE-JARD\u00cdN-DE-NI\u00d1OS-EN-NUEVO-NOH-BEC-6-2-blog.jpg","keywords":["tag-business","tag-business-hotels-mex","tag-business-promo-mex","tag-compromise","tag-home"],"articleSection":["Sin categor\u00eda"],"inLanguage":"en-US","potentialAction":[{"@type":"CommentAction","name":"Comment","target":["https:\/\/blog.tmgrupoinmobiliario.com\/en\/2018\/09\/17\/opening-in-mexico-the-jose-luis-serna-childrens-garden-in-nuevo-noh-bec-financed-by-tm-grupo-inmobiliario\/#respond"]}]},{"@type":"WebPage","@id":"https:\/\/blog.tmgrupoinmobiliario.com\/en\/2018\/09\/17\/opening-in-mexico-the-jose-luis-serna-childrens-garden-in-nuevo-noh-bec-financed-by-tm-grupo-inmobiliario\/","url":"https:\/\/blog.tmgrupoinmobiliario.com\/en\/2018\/09\/17\/opening-in-mexico-the-jose-luis-serna-childrens-garden-in-nuevo-noh-bec-financed-by-tm-grupo-inmobiliario\/","name":"Opening in Mexico: The Jos\u00e9 Luis Serna Children's Garden in Nuevo Noh-Bec, financed by TM Grupo Inmobiliario - English","isPartOf":{"@id":"https:\/\/blog.tmgrupoinmobiliario.com\/en\/#website"},"primaryImageOfPage":{"@id":"https:\/\/blog.tmgrupoinmobiliario.com\/en\/2018\/09\/17\/opening-in-mexico-the-jose-luis-serna-childrens-garden-in-nuevo-noh-bec-financed-by-tm-grupo-inmobiliario\/#primaryimage"},"image":{"@id":"https:\/\/blog.tmgrupoinmobiliario.com\/en\/2018\/09\/17\/opening-in-mexico-the-jose-luis-serna-childrens-garden-in-nuevo-noh-bec-financed-by-tm-grupo-inmobiliario\/#primaryimage"},"thumbnailUrl":"https:\/\/blog.tmgrupoinmobiliario.com\/en\/wp-content\/uploads\/sites\/2\/2018\/09\/INAUGURACI\u00d3N-DE-JARD\u00cdN-DE-NI\u00d1OS-EN-NUEVO-NOH-BEC-6-2-blog.jpg","datePublished":"2018-09-17T17:12:04+00:00","dateModified":"2019-08-13T14:12:13+00:00","author":{"@id":"https:\/\/blog.tmgrupoinmobiliario.com\/en\/#\/schema\/person\/27af0dbfdce919d609baf4fed660de3b"},"breadcrumb":{"@id":"https:\/\/blog.tmgrupoinmobiliario.com\/en\/2018\/09\/17\/opening-in-mexico-the-jose-luis-serna-childrens-garden-in-nuevo-noh-bec-financed-by-tm-grupo-inmobiliario\/#breadcrumb"},"inLanguage":"en-US","potentialAction":[{"@type":"ReadAction","target":["https:\/\/blog.tmgrupoinmobiliario.com\/en\/2018\/09\/17\/opening-in-mexico-the-jose-luis-serna-childrens-garden-in-nuevo-noh-bec-financed-by-tm-grupo-inmobiliario\/"]}]},{"@type":"ImageObject","inLanguage":"en-US","@id":"https:\/\/blog.tmgrupoinmobiliario.com\/en\/2018\/09\/17\/opening-in-mexico-the-jose-luis-serna-childrens-garden-in-nuevo-noh-bec-financed-by-tm-grupo-inmobiliario\/#primaryimage","url":"https:\/\/blog.tmgrupoinmobiliario.com\/en\/wp-content\/uploads\/sites\/2\/2018\/09\/INAUGURACI\u00d3N-DE-JARD\u00cdN-DE-NI\u00d1OS-EN-NUEVO-NOH-BEC-6-2-blog.jpg","contentUrl":"https:\/\/blog.tmgrupoinmobiliario.com\/en\/wp-content\/uploads\/sites\/2\/2018\/09\/INAUGURACI\u00d3N-DE-JARD\u00cdN-DE-NI\u00d1OS-EN-NUEVO-NOH-BEC-6-2-blog.jpg","width":405,"height":270},{"@type":"BreadcrumbList","@id":"https:\/\/blog.tmgrupoinmobiliario.com\/en\/2018\/09\/17\/opening-in-mexico-the-jose-luis-serna-childrens-garden-in-nuevo-noh-bec-financed-by-tm-grupo-inmobiliario\/#breadcrumb","itemListElement":[{"@type":"ListItem","position":1,"name":"Portada","item":"https:\/\/blog.tmgrupoinmobiliario.com\/en\/"},{"@type":"ListItem","position":2,"name":"Opening in Mexico: The Jos\u00e9 Luis Serna Children&#8217;s Garden in Nuevo Noh-Bec, financed by TM Grupo Inmobiliario"}]},{"@type":"WebSite","@id":"https:\/\/blog.tmgrupoinmobiliario.com\/en\/#website","url":"https:\/\/blog.tmgrupoinmobiliario.com\/en\/","name":"English","description":"Otro sitio m\u00e1s de Blog Desarrollo TM sitios","potentialAction":[{"@type":"SearchAction","target":{"@type":"EntryPoint","urlTemplate":"https:\/\/blog.tmgrupoinmobiliario.com\/en\/?s={search_term_string}"},"query-input":{"@type":"PropertyValueSpecification","valueRequired":true,"valueName":"search_term_string"}}],"inLanguage":"en-US"},{"@type":"Person","@id":"https:\/\/blog.tmgrupoinmobiliario.com\/en\/#\/schema\/person\/27af0dbfdce919d609baf4fed660de3b","name":"sabina","image":{"@type":"ImageObject","inLanguage":"en-US","@id":"https:\/\/secure.gravatar.com\/avatar\/78951ea4de48b19a4896632042286f6ad92ec263906716df0a9c32c58b3cc837?s=96&d=mm&r=g","url":"https:\/\/secure.gravatar.com\/avatar\/78951ea4de48b19a4896632042286f6ad92ec263906716df0a9c32c58b3cc837?s=96&d=mm&r=g","contentUrl":"https:\/\/secure.gravatar.com\/avatar\/78951ea4de48b19a4896632042286f6ad92ec263906716df0a9c32c58b3cc837?s=96&d=mm&r=g","caption":"sabina"},"url":"https:\/\/blog.tmgrupoinmobiliario.com\/en\/author\/sabina\/"}]}},"jetpack_featured_media_url":"https:\/\/blog.tmgrupoinmobiliario.com\/en\/wp-content\/uploads\/sites\/2\/2018\/09\/INAUGURACI\u00d3N-DE-JARD\u00cdN-DE-NI\u00d1OS-EN-NUEVO-NOH-BEC-6-2-blog.jpg","jetpack_sharing_enabled":true,"_links":{"self":[{"href":"https:\/\/blog.tmgrupoinmobiliario.com\/en\/wp-json\/wp\/v2\/posts\/12855","targetHints":{"allow":["GET"]}}],"collection":[{"href":"https:\/\/blog.tmgrupoinmobiliario.com\/en\/wp-json\/wp\/v2\/posts"}],"about":[{"href":"https:\/\/blog.tmgrupoinmobiliario.com\/en\/wp-json\/wp\/v2\/types\/post"}],"author":[{"embeddable":true,"href":"https:\/\/blog.tmgrupoinmobiliario.com\/en\/wp-json\/wp\/v2\/users\/11723"}],"replies":[{"embeddable":true,"href":"https:\/\/blog.tmgrupoinmobiliario.com\/en\/wp-json\/wp\/v2\/comments?post=12855"}],"version-history":[{"count":5,"href":"https:\/\/blog.tmgrupoinmobiliario.com\/en\/wp-json\/wp\/v2\/posts\/12855\/revisions"}],"predecessor-version":[{"id":12878,"href":"https:\/\/blog.tmgrupoinmobiliario.com\/en\/wp-json\/wp\/v2\/posts\/12855\/revisions\/12878"}],"wp:featuredmedia":[{"embeddable":true,"href":"https:\/\/blog.tmgrupoinmobiliario.com\/en\/wp-json\/wp\/v2\/media\/12859"}],"wp:attachment":[{"href":"https:\/\/blog.tmgrupoinmobiliario.com\/en\/wp-json\/wp\/v2\/media?parent=12855"}],"wp:term":[{"taxonomy":"category","embeddable":true,"href":"https:\/\/blog.tmgrupoinmobiliario.com\/en\/wp-json\/wp\/v2\/categories?post=12855"},{"taxonomy":"post_tag","embeddable":true,"href":"https:\/\/blog.tmgrupoinmobiliario.com\/en\/wp-json\/wp\/v2\/tags?post=12855"}],"curies":[{"name":"wp","href":"https:\/\/api.w.org\/{rel}","templated":true}]}}