{"id":9733,"date":"2018-08-28T15:29:11","date_gmt":"2018-08-28T15:29:11","guid":{"rendered":"https:\/\/blog.tmgrupoinmobiliario.com\/de\/?p=9733"},"modified":"2018-08-30T17:12:40","modified_gmt":"2018-08-30T17:12:40","slug":"tm-grupo-inmobiliario-startet-die-initiative-punto-verde-zur-foerderung-des-recyclings","status":"publish","type":"post","link":"https:\/\/blog.tmgrupoinmobiliario.com\/de\/2018\/08\/28\/tm-grupo-inmobiliario-startet-die-initiative-punto-verde-zur-foerderung-des-recyclings\/","title":{"rendered":"TM Grupo Inmobiliario startet die Initiative \u201ePunto Verde\u201c zur F\u00f6rderung des Recyclings"},"content":{"rendered":"<p>15.06.2018 I TM Grupo Inmobiliario<\/p>\n<p>&nbsp;<\/p>\n<p>Im Rahmen seiner CSR-Politik hat der Konzern TM Grupo Inmobiliario das Engagement f\u00fcr die Umwelt mit dem Start einer Aktion zur F\u00f6rderung des Recyclings in den B\u00fcros verst\u00e4rkt, n\u00e4mlich dem \u201ePunto Verde TM\u201c.<\/p>\n<p>In den \u00fcber 20 Beh\u00e4ltern, die f\u00fcr diesen Zweck zun\u00e4chst am Hauptsitz und in einigen Niederlassungen aufgestellt werden, kann das Personal Papier und Pappe, Tonerkartuschen, Kunststoffverpackungen und Batterien sammeln.<\/p>\n<p>Diese Initiative ist ein weiterer Schritt im Rahmen des TM-Engagements und unseres Einsatzes f\u00fcr Nachhaltigkeit.<\/p>\n","protected":false},"excerpt":{"rendered":"<p>15.06.2018 I TM Grupo Inmobiliario &nbsp; Im Rahmen seiner CSR-Politik hat der Konzern TM Grupo Inmobiliario das Engagement f\u00fcr die Umwelt mit dem Start einer Aktion zur F\u00f6rderung des Recyclings in den B\u00fcros verst\u00e4rkt, n\u00e4mlich dem \u201ePunto Verde TM\u201c. In den \u00fcber 20 Beh\u00e4ltern, die f\u00fcr diesen Zweck zun\u00e4chst am Hauptsitz und in einigen Niederlassungen [&hellip;]<\/p>\n","protected":false},"author":2,"featured_media":12776,"comment_status":"open","ping_status":"open","sticky":false,"template":"","format":"standard","meta":{"_jetpack_memberships_contains_paid_content":false,"footnotes":""},"categories":[1],"tags":[55],"class_list":["post-9733","post","type-post","status-publish","format-standard","has-post-thumbnail","hentry","category-sin-categoria","tag-tag-compromise"],"better_featured_image":{"id":12776,"alt_text":"","caption":"","description":"","media_type":"image","media_details":{"width":405,"height":270,"file":"2018\/08\/8.1-Punto-verde-2.jpg","sizes":{"thumbnail":{"file":"8.1-Punto-verde-2-150x150.jpg","width":150,"height":150,"mime-type":"image\/jpeg","source_url":"https:\/\/blog.tmgrupoinmobiliario.com\/de\/wp-content\/uploads\/sites\/3\/2018\/08\/8.1-Punto-verde-2-150x150.jpg"},"medium":{"file":"8.1-Punto-verde-2-300x200.jpg","width":300,"height":200,"mime-type":"image\/jpeg","source_url":"https:\/\/blog.tmgrupoinmobiliario.com\/de\/wp-content\/uploads\/sites\/3\/2018\/08\/8.1-Punto-verde-2-300x200.jpg"},"twentyseventeen-thumbnail-avatar":{"file":"8.1-Punto-verde-2-100x100.jpg","width":100,"height":100,"mime-type":"image\/jpeg","source_url":"https:\/\/blog.tmgrupoinmobiliario.com\/de\/wp-content\/uploads\/sites\/3\/2018\/08\/8.1-Punto-verde-2-100x100.jpg"}},"image_meta":{"aperture":"0","credit":"","camera":"","caption":"","created_timestamp":"1530035613","copyright":"","focal_length":"0","iso":"0","shutter_speed":"0","title":"","orientation":"1","keywords":[]}},"post":9733,"source_url":"https:\/\/blog.tmgrupoinmobiliario.com\/de\/wp-content\/uploads\/sites\/3\/2018\/08\/8.1-Punto-verde-2.jpg"},"acf":{"imagen_destacada_desktop":null,"imagen_destacada_mobile":null,"formato":null,"entradilla":null,"etiquetas":null,"cabecera_escritorio":null,"cabecera_mobile":null,"galeria":null},"yoast_head":"<!-- This site is optimized with the Yoast SEO Premium plugin v23.6 (Yoast SEO v27.5) - https:\/\/yoast.com\/product\/yoast-seo-premium-wordpress\/ -->\n<title>TM Grupo Inmobiliario startet die Initiative \u201ePunto Verde\u201c zur F\u00f6rderung des Recyclings - Deutsche<\/title>\n<meta name=\"robots\" content=\"index, follow, max-snippet:-1, max-image-preview:large, max-video-preview:-1\" \/>\n<link rel=\"canonical\" href=\"https:\/\/blog.tmgrupoinmobiliario.com\/de\/2018\/08\/28\/tm-grupo-inmobiliario-startet-die-initiative-punto-verde-zur-foerderung-des-recyclings\/\" \/>\n<meta property=\"og:locale\" content=\"de_DE\" \/>\n<meta property=\"og:type\" content=\"article\" \/>\n<meta property=\"og:title\" content=\"TM Grupo Inmobiliario startet die Initiative \u201ePunto Verde\u201c zur F\u00f6rderung des Recyclings\" \/>\n<meta property=\"og:description\" content=\"15.06.2018 I TM Grupo Inmobiliario &nbsp; Im Rahmen seiner CSR-Politik hat der Konzern TM Grupo Inmobiliario das Engagement f\u00fcr die Umwelt mit dem Start einer Aktion zur F\u00f6rderung des Recyclings in den B\u00fcros verst\u00e4rkt, n\u00e4mlich dem \u201ePunto Verde TM\u201c. In den \u00fcber 20 Beh\u00e4ltern, die f\u00fcr diesen Zweck zun\u00e4chst am Hauptsitz und in einigen Niederlassungen [&hellip;]\" \/>\n<meta property=\"og:url\" content=\"https:\/\/blog.tmgrupoinmobiliario.com\/de\/2018\/08\/28\/tm-grupo-inmobiliario-startet-die-initiative-punto-verde-zur-foerderung-des-recyclings\/\" \/>\n<meta property=\"og:site_name\" content=\"Deutsche\" \/>\n<meta property=\"article:published_time\" content=\"2018-08-28T15:29:11+00:00\" \/>\n<meta property=\"article:modified_time\" content=\"2018-08-30T17:12:40+00:00\" \/>\n<meta property=\"og:image\" content=\"https:\/\/blog.tmgrupoinmobiliario.com\/de\/wp-content\/uploads\/sites\/3\/2018\/08\/8.1-Punto-verde-2.jpg\" \/>\n\t<meta property=\"og:image:width\" content=\"405\" \/>\n\t<meta property=\"og:image:height\" content=\"270\" \/>\n\t<meta property=\"og:image:type\" content=\"image\/jpeg\" \/>\n<meta name=\"author\" content=\"gabriel\" \/>\n<meta name=\"twitter:card\" content=\"summary_large_image\" \/>\n<meta name=\"twitter:label1\" content=\"Geschrieben von\" \/>\n\t<meta name=\"twitter:data1\" content=\"gabriel\" \/>\n<script type=\"application\/ld+json\" class=\"yoast-schema-graph\">{\"@context\":\"https:\\\/\\\/schema.org\",\"@graph\":[{\"@type\":\"Article\",\"@id\":\"https:\\\/\\\/blog.tmgrupoinmobiliario.com\\\/de\\\/2018\\\/08\\\/28\\\/tm-grupo-inmobiliario-startet-die-initiative-punto-verde-zur-foerderung-des-recyclings\\\/#article\",\"isPartOf\":{\"@id\":\"https:\\\/\\\/blog.tmgrupoinmobiliario.com\\\/de\\\/2018\\\/08\\\/28\\\/tm-grupo-inmobiliario-startet-die-initiative-punto-verde-zur-foerderung-des-recyclings\\\/\"},\"author\":{\"name\":\"gabriel\",\"@id\":\"https:\\\/\\\/blog.tmgrupoinmobiliario.com\\\/de\\\/#\\\/schema\\\/person\\\/afefb8099a8353361267b2d406faba3d\"},\"headline\":\"TM Grupo Inmobiliario startet die Initiative \u201ePunto Verde\u201c zur F\u00f6rderung des Recyclings\",\"datePublished\":\"2018-08-28T15:29:11+00:00\",\"dateModified\":\"2018-08-30T17:12:40+00:00\",\"mainEntityOfPage\":{\"@id\":\"https:\\\/\\\/blog.tmgrupoinmobiliario.com\\\/de\\\/2018\\\/08\\\/28\\\/tm-grupo-inmobiliario-startet-die-initiative-punto-verde-zur-foerderung-des-recyclings\\\/\"},\"wordCount\":103,\"commentCount\":0,\"image\":{\"@id\":\"https:\\\/\\\/blog.tmgrupoinmobiliario.com\\\/de\\\/2018\\\/08\\\/28\\\/tm-grupo-inmobiliario-startet-die-initiative-punto-verde-zur-foerderung-des-recyclings\\\/#primaryimage\"},\"thumbnailUrl\":\"https:\\\/\\\/blog.tmgrupoinmobiliario.com\\\/de\\\/wp-content\\\/uploads\\\/sites\\\/3\\\/2018\\\/08\\\/8.1-Punto-verde-2.jpg\",\"keywords\":[\"tag-compromise\"],\"articleSection\":[\"Sin categor\u00eda\"],\"inLanguage\":\"de\",\"potentialAction\":[{\"@type\":\"CommentAction\",\"name\":\"Comment\",\"target\":[\"https:\\\/\\\/blog.tmgrupoinmobiliario.com\\\/de\\\/2018\\\/08\\\/28\\\/tm-grupo-inmobiliario-startet-die-initiative-punto-verde-zur-foerderung-des-recyclings\\\/#respond\"]}]},{\"@type\":\"WebPage\",\"@id\":\"https:\\\/\\\/blog.tmgrupoinmobiliario.com\\\/de\\\/2018\\\/08\\\/28\\\/tm-grupo-inmobiliario-startet-die-initiative-punto-verde-zur-foerderung-des-recyclings\\\/\",\"url\":\"https:\\\/\\\/blog.tmgrupoinmobiliario.com\\\/de\\\/2018\\\/08\\\/28\\\/tm-grupo-inmobiliario-startet-die-initiative-punto-verde-zur-foerderung-des-recyclings\\\/\",\"name\":\"TM Grupo Inmobiliario startet die Initiative \u201ePunto Verde\u201c zur F\u00f6rderung des Recyclings - Deutsche\",\"isPartOf\":{\"@id\":\"https:\\\/\\\/blog.tmgrupoinmobiliario.com\\\/de\\\/#website\"},\"primaryImageOfPage\":{\"@id\":\"https:\\\/\\\/blog.tmgrupoinmobiliario.com\\\/de\\\/2018\\\/08\\\/28\\\/tm-grupo-inmobiliario-startet-die-initiative-punto-verde-zur-foerderung-des-recyclings\\\/#primaryimage\"},\"image\":{\"@id\":\"https:\\\/\\\/blog.tmgrupoinmobiliario.com\\\/de\\\/2018\\\/08\\\/28\\\/tm-grupo-inmobiliario-startet-die-initiative-punto-verde-zur-foerderung-des-recyclings\\\/#primaryimage\"},\"thumbnailUrl\":\"https:\\\/\\\/blog.tmgrupoinmobiliario.com\\\/de\\\/wp-content\\\/uploads\\\/sites\\\/3\\\/2018\\\/08\\\/8.1-Punto-verde-2.jpg\",\"datePublished\":\"2018-08-28T15:29:11+00:00\",\"dateModified\":\"2018-08-30T17:12:40+00:00\",\"author\":{\"@id\":\"https:\\\/\\\/blog.tmgrupoinmobiliario.com\\\/de\\\/#\\\/schema\\\/person\\\/afefb8099a8353361267b2d406faba3d\"},\"breadcrumb\":{\"@id\":\"https:\\\/\\\/blog.tmgrupoinmobiliario.com\\\/de\\\/2018\\\/08\\\/28\\\/tm-grupo-inmobiliario-startet-die-initiative-punto-verde-zur-foerderung-des-recyclings\\\/#breadcrumb\"},\"inLanguage\":\"de\",\"potentialAction\":[{\"@type\":\"ReadAction\",\"target\":[\"https:\\\/\\\/blog.tmgrupoinmobiliario.com\\\/de\\\/2018\\\/08\\\/28\\\/tm-grupo-inmobiliario-startet-die-initiative-punto-verde-zur-foerderung-des-recyclings\\\/\"]}]},{\"@type\":\"ImageObject\",\"inLanguage\":\"de\",\"@id\":\"https:\\\/\\\/blog.tmgrupoinmobiliario.com\\\/de\\\/2018\\\/08\\\/28\\\/tm-grupo-inmobiliario-startet-die-initiative-punto-verde-zur-foerderung-des-recyclings\\\/#primaryimage\",\"url\":\"https:\\\/\\\/blog.tmgrupoinmobiliario.com\\\/de\\\/wp-content\\\/uploads\\\/sites\\\/3\\\/2018\\\/08\\\/8.1-Punto-verde-2.jpg\",\"contentUrl\":\"https:\\\/\\\/blog.tmgrupoinmobiliario.com\\\/de\\\/wp-content\\\/uploads\\\/sites\\\/3\\\/2018\\\/08\\\/8.1-Punto-verde-2.jpg\",\"width\":405,\"height\":270},{\"@type\":\"BreadcrumbList\",\"@id\":\"https:\\\/\\\/blog.tmgrupoinmobiliario.com\\\/de\\\/2018\\\/08\\\/28\\\/tm-grupo-inmobiliario-startet-die-initiative-punto-verde-zur-foerderung-des-recyclings\\\/#breadcrumb\",\"itemListElement\":[{\"@type\":\"ListItem\",\"position\":1,\"name\":\"Portada\",\"item\":\"https:\\\/\\\/blog.tmgrupoinmobiliario.com\\\/de\\\/\"},{\"@type\":\"ListItem\",\"position\":2,\"name\":\"TM Grupo Inmobiliario startet die Initiative \u201ePunto Verde\u201c zur F\u00f6rderung des Recyclings\"}]},{\"@type\":\"WebSite\",\"@id\":\"https:\\\/\\\/blog.tmgrupoinmobiliario.com\\\/de\\\/#website\",\"url\":\"https:\\\/\\\/blog.tmgrupoinmobiliario.com\\\/de\\\/\",\"name\":\"Deutsche\",\"description\":\"Otro sitio m\u00e1s de Blog Desarrollo TM sitios\",\"potentialAction\":[{\"@type\":\"SearchAction\",\"target\":{\"@type\":\"EntryPoint\",\"urlTemplate\":\"https:\\\/\\\/blog.tmgrupoinmobiliario.com\\\/de\\\/?s={search_term_string}\"},\"query-input\":{\"@type\":\"PropertyValueSpecification\",\"valueRequired\":true,\"valueName\":\"search_term_string\"}}],\"inLanguage\":\"de\"},{\"@type\":\"Person\",\"@id\":\"https:\\\/\\\/blog.tmgrupoinmobiliario.com\\\/de\\\/#\\\/schema\\\/person\\\/afefb8099a8353361267b2d406faba3d\",\"name\":\"gabriel\",\"image\":{\"@type\":\"ImageObject\",\"inLanguage\":\"de\",\"@id\":\"https:\\\/\\\/secure.gravatar.com\\\/avatar\\\/f5dc4696f8aa3f8805e672c27207b3e540f4c2b07eaf10d856e62bb55d7c1445?s=96&d=mm&r=g\",\"url\":\"https:\\\/\\\/secure.gravatar.com\\\/avatar\\\/f5dc4696f8aa3f8805e672c27207b3e540f4c2b07eaf10d856e62bb55d7c1445?s=96&d=mm&r=g\",\"contentUrl\":\"https:\\\/\\\/secure.gravatar.com\\\/avatar\\\/f5dc4696f8aa3f8805e672c27207b3e540f4c2b07eaf10d856e62bb55d7c1445?s=96&d=mm&r=g\",\"caption\":\"gabriel\"},\"url\":\"https:\\\/\\\/blog.tmgrupoinmobiliario.com\\\/de\\\/author\\\/gabriel\\\/\"}]}<\/script>\n<!-- \/ Yoast SEO Premium plugin. -->","yoast_head_json":{"title":"TM Grupo Inmobiliario startet die Initiative \u201ePunto Verde\u201c zur F\u00f6rderung des Recyclings - Deutsche","robots":{"index":"index","follow":"follow","max-snippet":"max-snippet:-1","max-image-preview":"max-image-preview:large","max-video-preview":"max-video-preview:-1"},"canonical":"https:\/\/blog.tmgrupoinmobiliario.com\/de\/2018\/08\/28\/tm-grupo-inmobiliario-startet-die-initiative-punto-verde-zur-foerderung-des-recyclings\/","og_locale":"de_DE","og_type":"article","og_title":"TM Grupo Inmobiliario startet die Initiative \u201ePunto Verde\u201c zur F\u00f6rderung des Recyclings","og_description":"15.06.2018 I TM Grupo Inmobiliario &nbsp; Im Rahmen seiner CSR-Politik hat der Konzern TM Grupo Inmobiliario das Engagement f\u00fcr die Umwelt mit dem Start einer Aktion zur F\u00f6rderung des Recyclings in den B\u00fcros verst\u00e4rkt, n\u00e4mlich dem \u201ePunto Verde TM\u201c. In den \u00fcber 20 Beh\u00e4ltern, die f\u00fcr diesen Zweck zun\u00e4chst am Hauptsitz und in einigen Niederlassungen [&hellip;]","og_url":"https:\/\/blog.tmgrupoinmobiliario.com\/de\/2018\/08\/28\/tm-grupo-inmobiliario-startet-die-initiative-punto-verde-zur-foerderung-des-recyclings\/","og_site_name":"Deutsche","article_published_time":"2018-08-28T15:29:11+00:00","article_modified_time":"2018-08-30T17:12:40+00:00","og_image":[{"width":405,"height":270,"url":"https:\/\/blog.tmgrupoinmobiliario.com\/de\/wp-content\/uploads\/sites\/3\/2018\/08\/8.1-Punto-verde-2.jpg","type":"image\/jpeg"}],"author":"gabriel","twitter_card":"summary_large_image","twitter_misc":{"Geschrieben von":"gabriel"},"schema":{"@context":"https:\/\/schema.org","@graph":[{"@type":"Article","@id":"https:\/\/blog.tmgrupoinmobiliario.com\/de\/2018\/08\/28\/tm-grupo-inmobiliario-startet-die-initiative-punto-verde-zur-foerderung-des-recyclings\/#article","isPartOf":{"@id":"https:\/\/blog.tmgrupoinmobiliario.com\/de\/2018\/08\/28\/tm-grupo-inmobiliario-startet-die-initiative-punto-verde-zur-foerderung-des-recyclings\/"},"author":{"name":"gabriel","@id":"https:\/\/blog.tmgrupoinmobiliario.com\/de\/#\/schema\/person\/afefb8099a8353361267b2d406faba3d"},"headline":"TM Grupo Inmobiliario startet die Initiative \u201ePunto Verde\u201c zur F\u00f6rderung des Recyclings","datePublished":"2018-08-28T15:29:11+00:00","dateModified":"2018-08-30T17:12:40+00:00","mainEntityOfPage":{"@id":"https:\/\/blog.tmgrupoinmobiliario.com\/de\/2018\/08\/28\/tm-grupo-inmobiliario-startet-die-initiative-punto-verde-zur-foerderung-des-recyclings\/"},"wordCount":103,"commentCount":0,"image":{"@id":"https:\/\/blog.tmgrupoinmobiliario.com\/de\/2018\/08\/28\/tm-grupo-inmobiliario-startet-die-initiative-punto-verde-zur-foerderung-des-recyclings\/#primaryimage"},"thumbnailUrl":"https:\/\/blog.tmgrupoinmobiliario.com\/de\/wp-content\/uploads\/sites\/3\/2018\/08\/8.1-Punto-verde-2.jpg","keywords":["tag-compromise"],"articleSection":["Sin categor\u00eda"],"inLanguage":"de","potentialAction":[{"@type":"CommentAction","name":"Comment","target":["https:\/\/blog.tmgrupoinmobiliario.com\/de\/2018\/08\/28\/tm-grupo-inmobiliario-startet-die-initiative-punto-verde-zur-foerderung-des-recyclings\/#respond"]}]},{"@type":"WebPage","@id":"https:\/\/blog.tmgrupoinmobiliario.com\/de\/2018\/08\/28\/tm-grupo-inmobiliario-startet-die-initiative-punto-verde-zur-foerderung-des-recyclings\/","url":"https:\/\/blog.tmgrupoinmobiliario.com\/de\/2018\/08\/28\/tm-grupo-inmobiliario-startet-die-initiative-punto-verde-zur-foerderung-des-recyclings\/","name":"TM Grupo Inmobiliario startet die Initiative \u201ePunto Verde\u201c zur F\u00f6rderung des Recyclings - Deutsche","isPartOf":{"@id":"https:\/\/blog.tmgrupoinmobiliario.com\/de\/#website"},"primaryImageOfPage":{"@id":"https:\/\/blog.tmgrupoinmobiliario.com\/de\/2018\/08\/28\/tm-grupo-inmobiliario-startet-die-initiative-punto-verde-zur-foerderung-des-recyclings\/#primaryimage"},"image":{"@id":"https:\/\/blog.tmgrupoinmobiliario.com\/de\/2018\/08\/28\/tm-grupo-inmobiliario-startet-die-initiative-punto-verde-zur-foerderung-des-recyclings\/#primaryimage"},"thumbnailUrl":"https:\/\/blog.tmgrupoinmobiliario.com\/de\/wp-content\/uploads\/sites\/3\/2018\/08\/8.1-Punto-verde-2.jpg","datePublished":"2018-08-28T15:29:11+00:00","dateModified":"2018-08-30T17:12:40+00:00","author":{"@id":"https:\/\/blog.tmgrupoinmobiliario.com\/de\/#\/schema\/person\/afefb8099a8353361267b2d406faba3d"},"breadcrumb":{"@id":"https:\/\/blog.tmgrupoinmobiliario.com\/de\/2018\/08\/28\/tm-grupo-inmobiliario-startet-die-initiative-punto-verde-zur-foerderung-des-recyclings\/#breadcrumb"},"inLanguage":"de","potentialAction":[{"@type":"ReadAction","target":["https:\/\/blog.tmgrupoinmobiliario.com\/de\/2018\/08\/28\/tm-grupo-inmobiliario-startet-die-initiative-punto-verde-zur-foerderung-des-recyclings\/"]}]},{"@type":"ImageObject","inLanguage":"de","@id":"https:\/\/blog.tmgrupoinmobiliario.com\/de\/2018\/08\/28\/tm-grupo-inmobiliario-startet-die-initiative-punto-verde-zur-foerderung-des-recyclings\/#primaryimage","url":"https:\/\/blog.tmgrupoinmobiliario.com\/de\/wp-content\/uploads\/sites\/3\/2018\/08\/8.1-Punto-verde-2.jpg","contentUrl":"https:\/\/blog.tmgrupoinmobiliario.com\/de\/wp-content\/uploads\/sites\/3\/2018\/08\/8.1-Punto-verde-2.jpg","width":405,"height":270},{"@type":"BreadcrumbList","@id":"https:\/\/blog.tmgrupoinmobiliario.com\/de\/2018\/08\/28\/tm-grupo-inmobiliario-startet-die-initiative-punto-verde-zur-foerderung-des-recyclings\/#breadcrumb","itemListElement":[{"@type":"ListItem","position":1,"name":"Portada","item":"https:\/\/blog.tmgrupoinmobiliario.com\/de\/"},{"@type":"ListItem","position":2,"name":"TM Grupo Inmobiliario startet die Initiative \u201ePunto Verde\u201c zur F\u00f6rderung des Recyclings"}]},{"@type":"WebSite","@id":"https:\/\/blog.tmgrupoinmobiliario.com\/de\/#website","url":"https:\/\/blog.tmgrupoinmobiliario.com\/de\/","name":"Deutsche","description":"Otro sitio m\u00e1s de Blog Desarrollo TM sitios","potentialAction":[{"@type":"SearchAction","target":{"@type":"EntryPoint","urlTemplate":"https:\/\/blog.tmgrupoinmobiliario.com\/de\/?s={search_term_string}"},"query-input":{"@type":"PropertyValueSpecification","valueRequired":true,"valueName":"search_term_string"}}],"inLanguage":"de"},{"@type":"Person","@id":"https:\/\/blog.tmgrupoinmobiliario.com\/de\/#\/schema\/person\/afefb8099a8353361267b2d406faba3d","name":"gabriel","image":{"@type":"ImageObject","inLanguage":"de","@id":"https:\/\/secure.gravatar.com\/avatar\/f5dc4696f8aa3f8805e672c27207b3e540f4c2b07eaf10d856e62bb55d7c1445?s=96&d=mm&r=g","url":"https:\/\/secure.gravatar.com\/avatar\/f5dc4696f8aa3f8805e672c27207b3e540f4c2b07eaf10d856e62bb55d7c1445?s=96&d=mm&r=g","contentUrl":"https:\/\/secure.gravatar.com\/avatar\/f5dc4696f8aa3f8805e672c27207b3e540f4c2b07eaf10d856e62bb55d7c1445?s=96&d=mm&r=g","caption":"gabriel"},"url":"https:\/\/blog.tmgrupoinmobiliario.com\/de\/author\/gabriel\/"}]}},"jetpack_featured_media_url":"https:\/\/blog.tmgrupoinmobiliario.com\/de\/wp-content\/uploads\/sites\/3\/2018\/08\/8.1-Punto-verde-2.jpg","jetpack_sharing_enabled":true,"_links":{"self":[{"href":"https:\/\/blog.tmgrupoinmobiliario.com\/de\/wp-json\/wp\/v2\/posts\/9733","targetHints":{"allow":["GET"]}}],"collection":[{"href":"https:\/\/blog.tmgrupoinmobiliario.com\/de\/wp-json\/wp\/v2\/posts"}],"about":[{"href":"https:\/\/blog.tmgrupoinmobiliario.com\/de\/wp-json\/wp\/v2\/types\/post"}],"author":[{"embeddable":true,"href":"https:\/\/blog.tmgrupoinmobiliario.com\/de\/wp-json\/wp\/v2\/users\/2"}],"replies":[{"embeddable":true,"href":"https:\/\/blog.tmgrupoinmobiliario.com\/de\/wp-json\/wp\/v2\/comments?post=9733"}],"version-history":[{"count":1,"href":"https:\/\/blog.tmgrupoinmobiliario.com\/de\/wp-json\/wp\/v2\/posts\/9733\/revisions"}],"predecessor-version":[{"id":9735,"href":"https:\/\/blog.tmgrupoinmobiliario.com\/de\/wp-json\/wp\/v2\/posts\/9733\/revisions\/9735"}],"wp:featuredmedia":[{"embeddable":true,"href":"https:\/\/blog.tmgrupoinmobiliario.com\/de\/wp-json\/wp\/v2\/media\/12776"}],"wp:attachment":[{"href":"https:\/\/blog.tmgrupoinmobiliario.com\/de\/wp-json\/wp\/v2\/media?parent=9733"}],"wp:term":[{"taxonomy":"category","embeddable":true,"href":"https:\/\/blog.tmgrupoinmobiliario.com\/de\/wp-json\/wp\/v2\/categories?post=9733"},{"taxonomy":"post_tag","embeddable":true,"href":"https:\/\/blog.tmgrupoinmobiliario.com\/de\/wp-json\/wp\/v2\/tags?post=9733"}],"curies":[{"name":"wp","href":"https:\/\/api.w.org\/{rel}","templated":true}]}}