{"id":9714,"date":"2018-08-28T15:24:14","date_gmt":"2018-08-28T15:24:14","guid":{"rendered":"https:\/\/blog.tmgrupoinmobiliario.com\/de\/?p=9714"},"modified":"2019-06-28T17:09:54","modified_gmt":"2019-06-28T15:09:54","slug":"tm-grupo-inmobiliario-veranstaltet-einen-agrar-workshop-fuer-mitarbeiter-und-ihre-familien","status":"publish","type":"post","link":"https:\/\/blog.tmgrupoinmobiliario.com\/de\/2018\/08\/28\/tm-grupo-inmobiliario-veranstaltet-einen-agrar-workshop-fuer-mitarbeiter-und-ihre-familien\/","title":{"rendered":"TM Grupo Inmobiliario veranstaltet einen Agrar-Workshop f\u00fcr Mitarbeiter und ihre Familien"},"content":{"rendered":"<p>15.04.2018 I TM Grupo Inmobiliario<\/p>\n<p><strong>\u00a0<\/strong><\/p>\n<p>Gestern fand in unserer Finca \u201eLas Moreras\u201c der 1. Agrar-Workshop f\u00fcr Mitarbeiter und ihre Familien statt. Das Landgut z\u00e4hlt zu den Vorzeigeobjekten unserer Gruppe. Hier werden haupts\u00e4chlich Zitrusfr\u00fcchte angebaut. Ziele des Workshops waren die F\u00f6rderung der pers\u00f6nlichen Beziehungen und die Vermittlung von Werten wie Kollegialit\u00e4t, Teamarbeit und Umweltschutz.<\/p>\n<p>Bei dem Familienevent konnten unsere Mitarbeiter und ihre Familien unter der Anleitung des MUDIC (Interaktive Museumsschule f\u00fcr Naturwissenschaften der Universit\u00e4t Miguel Hern\u00e1ndez) und in Zusammenarbeit mit unseren Kolleginnen und Kollegen der Agrarsparte grundlegende Anbautechniken wie das Pflanzen erlernen und einen gemeinsamen Tag unter freiem Himmel genie\u00dfen.<\/p>\n<p><img loading=\"lazy\" decoding=\"async\" class=\"size-large wp-image-9715 aligncenter\" src=\"https:\/\/www.tmgrupoinmobiliario.com\/blog\/de\/wp-content\/uploads\/sites\/3\/2018\/08\/3.b-taller-1024x678.jpg\" alt=\"\" width=\"525\" height=\"348\" srcset=\"https:\/\/blog.tmgrupoinmobiliario.com\/de\/wp-content\/uploads\/sites\/3\/2018\/08\/3.b-taller-1024x678.jpg 1024w, https:\/\/blog.tmgrupoinmobiliario.com\/de\/wp-content\/uploads\/sites\/3\/2018\/08\/3.b-taller-300x199.jpg 300w, https:\/\/blog.tmgrupoinmobiliario.com\/de\/wp-content\/uploads\/sites\/3\/2018\/08\/3.b-taller-768x509.jpg 768w\" sizes=\"auto, (max-width: 525px) 100vw, 525px\" \/><\/p>\n<p>Neben Gem\u00fcse wurden wenig bekannte Zitrusarten gepflanzt, darunter \u201eBuddhas Hand\u201c und \u201ePomeranze\u201c sowie ein Originalsetzling des Feigenbaums des Dichters Miguel Hern\u00e1ndez aus Orihuela.<\/p>\n<p>Der erlebnisreiche Tag endete mit einer Riesen-Paella f\u00fcr alle Teilnehmer vor dem Hauptgeb\u00e4ude der Finca.<\/p>\n<p><img loading=\"lazy\" decoding=\"async\" class=\"size-large wp-image-9716 aligncenter\" src=\"https:\/\/www.tmgrupoinmobiliario.com\/blog\/de\/wp-content\/uploads\/sites\/3\/2018\/08\/3.c-taller-1024x683.jpg\" alt=\"\" width=\"525\" height=\"350\" srcset=\"https:\/\/blog.tmgrupoinmobiliario.com\/de\/wp-content\/uploads\/sites\/3\/2018\/08\/3.c-taller-1024x683.jpg 1024w, https:\/\/blog.tmgrupoinmobiliario.com\/de\/wp-content\/uploads\/sites\/3\/2018\/08\/3.c-taller-300x200.jpg 300w, https:\/\/blog.tmgrupoinmobiliario.com\/de\/wp-content\/uploads\/sites\/3\/2018\/08\/3.c-taller-768x512.jpg 768w, https:\/\/blog.tmgrupoinmobiliario.com\/de\/wp-content\/uploads\/sites\/3\/2018\/08\/3.c-taller.jpg 1500w\" sizes=\"auto, (max-width: 525px) 100vw, 525px\" \/><\/p>\n","protected":false},"excerpt":{"rendered":"<p>15.04.2018 I TM Grupo Inmobiliario \u00a0 Gestern fand in unserer Finca \u201eLas Moreras\u201c der 1. Agrar-Workshop f\u00fcr Mitarbeiter und ihre Familien statt. Das Landgut z\u00e4hlt zu den Vorzeigeobjekten unserer Gruppe. Hier werden haupts\u00e4chlich Zitrusfr\u00fcchte angebaut. Ziele des Workshops waren die F\u00f6rderung der pers\u00f6nlichen Beziehungen und die Vermittlung von Werten wie Kollegialit\u00e4t, Teamarbeit und Umweltschutz. Bei [&hellip;]<\/p>\n","protected":false},"author":2,"featured_media":12771,"comment_status":"open","ping_status":"open","sticky":false,"template":"","format":"standard","meta":{"_jetpack_memberships_contains_paid_content":false,"footnotes":""},"categories":[1],"tags":[51,54,50,52,53,56],"class_list":["post-9714","post","type-post","status-publish","format-standard","has-post-thumbnail","hentry","category-sin-categoria","tag-tag-business","tag-tag-business-agro","tag-tag-business-hotels-mex","tag-tag-business-promo-mex","tag-tag-business-promo-spain","tag-tag-people"],"better_featured_image":{"id":12771,"alt_text":"","caption":"","description":"","media_type":"image","media_details":{"width":405,"height":274,"file":"2018\/08\/3.a-Taller-2.jpg","sizes":{"thumbnail":{"file":"3.a-Taller-2-150x150.jpg","width":150,"height":150,"mime-type":"image\/jpeg","source_url":"https:\/\/blog.tmgrupoinmobiliario.com\/de\/wp-content\/uploads\/sites\/3\/2018\/08\/3.a-Taller-2-150x150.jpg"},"medium":{"file":"3.a-Taller-2-300x203.jpg","width":300,"height":203,"mime-type":"image\/jpeg","source_url":"https:\/\/blog.tmgrupoinmobiliario.com\/de\/wp-content\/uploads\/sites\/3\/2018\/08\/3.a-Taller-2-300x203.jpg"},"twentyseventeen-thumbnail-avatar":{"file":"3.a-Taller-2-100x100.jpg","width":100,"height":100,"mime-type":"image\/jpeg","source_url":"https:\/\/blog.tmgrupoinmobiliario.com\/de\/wp-content\/uploads\/sites\/3\/2018\/08\/3.a-Taller-2-100x100.jpg"}},"image_meta":{"aperture":"0","credit":"","camera":"","caption":"","created_timestamp":"0","copyright":"","focal_length":"0","iso":"0","shutter_speed":"0","title":"","orientation":"1","keywords":[]}},"post":9714,"source_url":"https:\/\/blog.tmgrupoinmobiliario.com\/de\/wp-content\/uploads\/sites\/3\/2018\/08\/3.a-Taller-2.jpg"},"acf":{"imagen_destacada_desktop":null,"imagen_destacada_mobile":null,"formato":null,"entradilla":null,"etiquetas":null,"cabecera_escritorio":null,"cabecera_mobile":null,"galeria":null},"yoast_head":"<!-- This site is optimized with the Yoast SEO Premium plugin v23.6 (Yoast SEO v27.5) - https:\/\/yoast.com\/product\/yoast-seo-premium-wordpress\/ -->\n<title>TM Grupo Inmobiliario veranstaltet einen Agrar-Workshop f\u00fcr Mitarbeiter und ihre Familien - Deutsche<\/title>\n<meta name=\"robots\" content=\"index, follow, max-snippet:-1, max-image-preview:large, max-video-preview:-1\" \/>\n<link rel=\"canonical\" href=\"https:\/\/blog.tmgrupoinmobiliario.com\/de\/2018\/08\/28\/tm-grupo-inmobiliario-veranstaltet-einen-agrar-workshop-fuer-mitarbeiter-und-ihre-familien\/\" \/>\n<meta property=\"og:locale\" content=\"de_DE\" \/>\n<meta property=\"og:type\" content=\"article\" \/>\n<meta property=\"og:title\" content=\"TM Grupo Inmobiliario veranstaltet einen Agrar-Workshop f\u00fcr Mitarbeiter und ihre Familien\" \/>\n<meta property=\"og:description\" content=\"15.04.2018 I TM Grupo Inmobiliario \u00a0 Gestern fand in unserer Finca \u201eLas Moreras\u201c der 1. Agrar-Workshop f\u00fcr Mitarbeiter und ihre Familien statt. Das Landgut z\u00e4hlt zu den Vorzeigeobjekten unserer Gruppe. Hier werden haupts\u00e4chlich Zitrusfr\u00fcchte angebaut. Ziele des Workshops waren die F\u00f6rderung der pers\u00f6nlichen Beziehungen und die Vermittlung von Werten wie Kollegialit\u00e4t, Teamarbeit und Umweltschutz. Bei [&hellip;]\" \/>\n<meta property=\"og:url\" content=\"https:\/\/blog.tmgrupoinmobiliario.com\/de\/2018\/08\/28\/tm-grupo-inmobiliario-veranstaltet-einen-agrar-workshop-fuer-mitarbeiter-und-ihre-familien\/\" \/>\n<meta property=\"og:site_name\" content=\"Deutsche\" \/>\n<meta property=\"article:published_time\" content=\"2018-08-28T15:24:14+00:00\" \/>\n<meta property=\"article:modified_time\" content=\"2019-06-28T15:09:54+00:00\" \/>\n<meta property=\"og:image\" content=\"https:\/\/blog.tmgrupoinmobiliario.com\/de\/wp-content\/uploads\/sites\/3\/2018\/08\/3.a-Taller-2.jpg\" \/>\n\t<meta property=\"og:image:width\" content=\"405\" \/>\n\t<meta property=\"og:image:height\" content=\"274\" \/>\n\t<meta property=\"og:image:type\" content=\"image\/jpeg\" \/>\n<meta name=\"author\" content=\"gabriel\" \/>\n<meta name=\"twitter:card\" content=\"summary_large_image\" \/>\n<meta name=\"twitter:label1\" content=\"Geschrieben von\" \/>\n\t<meta name=\"twitter:data1\" content=\"gabriel\" \/>\n\t<meta name=\"twitter:label2\" content=\"Gesch\u00e4tzte Lesezeit\" \/>\n\t<meta name=\"twitter:data2\" content=\"1\u00a0Minute\" \/>\n<script type=\"application\/ld+json\" class=\"yoast-schema-graph\">{\"@context\":\"https:\\\/\\\/schema.org\",\"@graph\":[{\"@type\":\"Article\",\"@id\":\"https:\\\/\\\/blog.tmgrupoinmobiliario.com\\\/de\\\/2018\\\/08\\\/28\\\/tm-grupo-inmobiliario-veranstaltet-einen-agrar-workshop-fuer-mitarbeiter-und-ihre-familien\\\/#article\",\"isPartOf\":{\"@id\":\"https:\\\/\\\/blog.tmgrupoinmobiliario.com\\\/de\\\/2018\\\/08\\\/28\\\/tm-grupo-inmobiliario-veranstaltet-einen-agrar-workshop-fuer-mitarbeiter-und-ihre-familien\\\/\"},\"author\":{\"name\":\"gabriel\",\"@id\":\"https:\\\/\\\/blog.tmgrupoinmobiliario.com\\\/de\\\/#\\\/schema\\\/person\\\/afefb8099a8353361267b2d406faba3d\"},\"headline\":\"TM Grupo Inmobiliario veranstaltet einen Agrar-Workshop f\u00fcr Mitarbeiter und ihre Familien\",\"datePublished\":\"2018-08-28T15:24:14+00:00\",\"dateModified\":\"2019-06-28T15:09:54+00:00\",\"mainEntityOfPage\":{\"@id\":\"https:\\\/\\\/blog.tmgrupoinmobiliario.com\\\/de\\\/2018\\\/08\\\/28\\\/tm-grupo-inmobiliario-veranstaltet-einen-agrar-workshop-fuer-mitarbeiter-und-ihre-familien\\\/\"},\"wordCount\":162,\"commentCount\":0,\"image\":{\"@id\":\"https:\\\/\\\/blog.tmgrupoinmobiliario.com\\\/de\\\/2018\\\/08\\\/28\\\/tm-grupo-inmobiliario-veranstaltet-einen-agrar-workshop-fuer-mitarbeiter-und-ihre-familien\\\/#primaryimage\"},\"thumbnailUrl\":\"https:\\\/\\\/blog.tmgrupoinmobiliario.com\\\/de\\\/wp-content\\\/uploads\\\/sites\\\/3\\\/2018\\\/08\\\/3.a-Taller-2.jpg\",\"keywords\":[\"tag-business\",\"tag-business-agro\",\"tag-business-hotels-mex\",\"tag-business-promo-mex\",\"tag-business-promo-spain\",\"tag-people\"],\"articleSection\":[\"Sin categor\u00eda\"],\"inLanguage\":\"de\",\"potentialAction\":[{\"@type\":\"CommentAction\",\"name\":\"Comment\",\"target\":[\"https:\\\/\\\/blog.tmgrupoinmobiliario.com\\\/de\\\/2018\\\/08\\\/28\\\/tm-grupo-inmobiliario-veranstaltet-einen-agrar-workshop-fuer-mitarbeiter-und-ihre-familien\\\/#respond\"]}]},{\"@type\":\"WebPage\",\"@id\":\"https:\\\/\\\/blog.tmgrupoinmobiliario.com\\\/de\\\/2018\\\/08\\\/28\\\/tm-grupo-inmobiliario-veranstaltet-einen-agrar-workshop-fuer-mitarbeiter-und-ihre-familien\\\/\",\"url\":\"https:\\\/\\\/blog.tmgrupoinmobiliario.com\\\/de\\\/2018\\\/08\\\/28\\\/tm-grupo-inmobiliario-veranstaltet-einen-agrar-workshop-fuer-mitarbeiter-und-ihre-familien\\\/\",\"name\":\"TM Grupo Inmobiliario veranstaltet einen Agrar-Workshop f\u00fcr Mitarbeiter und ihre Familien - Deutsche\",\"isPartOf\":{\"@id\":\"https:\\\/\\\/blog.tmgrupoinmobiliario.com\\\/de\\\/#website\"},\"primaryImageOfPage\":{\"@id\":\"https:\\\/\\\/blog.tmgrupoinmobiliario.com\\\/de\\\/2018\\\/08\\\/28\\\/tm-grupo-inmobiliario-veranstaltet-einen-agrar-workshop-fuer-mitarbeiter-und-ihre-familien\\\/#primaryimage\"},\"image\":{\"@id\":\"https:\\\/\\\/blog.tmgrupoinmobiliario.com\\\/de\\\/2018\\\/08\\\/28\\\/tm-grupo-inmobiliario-veranstaltet-einen-agrar-workshop-fuer-mitarbeiter-und-ihre-familien\\\/#primaryimage\"},\"thumbnailUrl\":\"https:\\\/\\\/blog.tmgrupoinmobiliario.com\\\/de\\\/wp-content\\\/uploads\\\/sites\\\/3\\\/2018\\\/08\\\/3.a-Taller-2.jpg\",\"datePublished\":\"2018-08-28T15:24:14+00:00\",\"dateModified\":\"2019-06-28T15:09:54+00:00\",\"author\":{\"@id\":\"https:\\\/\\\/blog.tmgrupoinmobiliario.com\\\/de\\\/#\\\/schema\\\/person\\\/afefb8099a8353361267b2d406faba3d\"},\"breadcrumb\":{\"@id\":\"https:\\\/\\\/blog.tmgrupoinmobiliario.com\\\/de\\\/2018\\\/08\\\/28\\\/tm-grupo-inmobiliario-veranstaltet-einen-agrar-workshop-fuer-mitarbeiter-und-ihre-familien\\\/#breadcrumb\"},\"inLanguage\":\"de\",\"potentialAction\":[{\"@type\":\"ReadAction\",\"target\":[\"https:\\\/\\\/blog.tmgrupoinmobiliario.com\\\/de\\\/2018\\\/08\\\/28\\\/tm-grupo-inmobiliario-veranstaltet-einen-agrar-workshop-fuer-mitarbeiter-und-ihre-familien\\\/\"]}]},{\"@type\":\"ImageObject\",\"inLanguage\":\"de\",\"@id\":\"https:\\\/\\\/blog.tmgrupoinmobiliario.com\\\/de\\\/2018\\\/08\\\/28\\\/tm-grupo-inmobiliario-veranstaltet-einen-agrar-workshop-fuer-mitarbeiter-und-ihre-familien\\\/#primaryimage\",\"url\":\"https:\\\/\\\/blog.tmgrupoinmobiliario.com\\\/de\\\/wp-content\\\/uploads\\\/sites\\\/3\\\/2018\\\/08\\\/3.a-Taller-2.jpg\",\"contentUrl\":\"https:\\\/\\\/blog.tmgrupoinmobiliario.com\\\/de\\\/wp-content\\\/uploads\\\/sites\\\/3\\\/2018\\\/08\\\/3.a-Taller-2.jpg\",\"width\":405,\"height\":274},{\"@type\":\"BreadcrumbList\",\"@id\":\"https:\\\/\\\/blog.tmgrupoinmobiliario.com\\\/de\\\/2018\\\/08\\\/28\\\/tm-grupo-inmobiliario-veranstaltet-einen-agrar-workshop-fuer-mitarbeiter-und-ihre-familien\\\/#breadcrumb\",\"itemListElement\":[{\"@type\":\"ListItem\",\"position\":1,\"name\":\"Portada\",\"item\":\"https:\\\/\\\/blog.tmgrupoinmobiliario.com\\\/de\\\/\"},{\"@type\":\"ListItem\",\"position\":2,\"name\":\"TM Grupo Inmobiliario veranstaltet einen Agrar-Workshop f\u00fcr Mitarbeiter und ihre Familien\"}]},{\"@type\":\"WebSite\",\"@id\":\"https:\\\/\\\/blog.tmgrupoinmobiliario.com\\\/de\\\/#website\",\"url\":\"https:\\\/\\\/blog.tmgrupoinmobiliario.com\\\/de\\\/\",\"name\":\"Deutsche\",\"description\":\"Otro sitio m\u00e1s de Blog Desarrollo TM sitios\",\"potentialAction\":[{\"@type\":\"SearchAction\",\"target\":{\"@type\":\"EntryPoint\",\"urlTemplate\":\"https:\\\/\\\/blog.tmgrupoinmobiliario.com\\\/de\\\/?s={search_term_string}\"},\"query-input\":{\"@type\":\"PropertyValueSpecification\",\"valueRequired\":true,\"valueName\":\"search_term_string\"}}],\"inLanguage\":\"de\"},{\"@type\":\"Person\",\"@id\":\"https:\\\/\\\/blog.tmgrupoinmobiliario.com\\\/de\\\/#\\\/schema\\\/person\\\/afefb8099a8353361267b2d406faba3d\",\"name\":\"gabriel\",\"image\":{\"@type\":\"ImageObject\",\"inLanguage\":\"de\",\"@id\":\"https:\\\/\\\/secure.gravatar.com\\\/avatar\\\/f5dc4696f8aa3f8805e672c27207b3e540f4c2b07eaf10d856e62bb55d7c1445?s=96&d=mm&r=g\",\"url\":\"https:\\\/\\\/secure.gravatar.com\\\/avatar\\\/f5dc4696f8aa3f8805e672c27207b3e540f4c2b07eaf10d856e62bb55d7c1445?s=96&d=mm&r=g\",\"contentUrl\":\"https:\\\/\\\/secure.gravatar.com\\\/avatar\\\/f5dc4696f8aa3f8805e672c27207b3e540f4c2b07eaf10d856e62bb55d7c1445?s=96&d=mm&r=g\",\"caption\":\"gabriel\"},\"url\":\"https:\\\/\\\/blog.tmgrupoinmobiliario.com\\\/de\\\/author\\\/gabriel\\\/\"}]}<\/script>\n<!-- \/ Yoast SEO Premium plugin. -->","yoast_head_json":{"title":"TM Grupo Inmobiliario veranstaltet einen Agrar-Workshop f\u00fcr Mitarbeiter und ihre Familien - Deutsche","robots":{"index":"index","follow":"follow","max-snippet":"max-snippet:-1","max-image-preview":"max-image-preview:large","max-video-preview":"max-video-preview:-1"},"canonical":"https:\/\/blog.tmgrupoinmobiliario.com\/de\/2018\/08\/28\/tm-grupo-inmobiliario-veranstaltet-einen-agrar-workshop-fuer-mitarbeiter-und-ihre-familien\/","og_locale":"de_DE","og_type":"article","og_title":"TM Grupo Inmobiliario veranstaltet einen Agrar-Workshop f\u00fcr Mitarbeiter und ihre Familien","og_description":"15.04.2018 I TM Grupo Inmobiliario \u00a0 Gestern fand in unserer Finca \u201eLas Moreras\u201c der 1. Agrar-Workshop f\u00fcr Mitarbeiter und ihre Familien statt. Das Landgut z\u00e4hlt zu den Vorzeigeobjekten unserer Gruppe. Hier werden haupts\u00e4chlich Zitrusfr\u00fcchte angebaut. Ziele des Workshops waren die F\u00f6rderung der pers\u00f6nlichen Beziehungen und die Vermittlung von Werten wie Kollegialit\u00e4t, Teamarbeit und Umweltschutz. Bei [&hellip;]","og_url":"https:\/\/blog.tmgrupoinmobiliario.com\/de\/2018\/08\/28\/tm-grupo-inmobiliario-veranstaltet-einen-agrar-workshop-fuer-mitarbeiter-und-ihre-familien\/","og_site_name":"Deutsche","article_published_time":"2018-08-28T15:24:14+00:00","article_modified_time":"2019-06-28T15:09:54+00:00","og_image":[{"width":405,"height":274,"url":"https:\/\/blog.tmgrupoinmobiliario.com\/de\/wp-content\/uploads\/sites\/3\/2018\/08\/3.a-Taller-2.jpg","type":"image\/jpeg"}],"author":"gabriel","twitter_card":"summary_large_image","twitter_misc":{"Geschrieben von":"gabriel","Gesch\u00e4tzte Lesezeit":"1\u00a0Minute"},"schema":{"@context":"https:\/\/schema.org","@graph":[{"@type":"Article","@id":"https:\/\/blog.tmgrupoinmobiliario.com\/de\/2018\/08\/28\/tm-grupo-inmobiliario-veranstaltet-einen-agrar-workshop-fuer-mitarbeiter-und-ihre-familien\/#article","isPartOf":{"@id":"https:\/\/blog.tmgrupoinmobiliario.com\/de\/2018\/08\/28\/tm-grupo-inmobiliario-veranstaltet-einen-agrar-workshop-fuer-mitarbeiter-und-ihre-familien\/"},"author":{"name":"gabriel","@id":"https:\/\/blog.tmgrupoinmobiliario.com\/de\/#\/schema\/person\/afefb8099a8353361267b2d406faba3d"},"headline":"TM Grupo Inmobiliario veranstaltet einen Agrar-Workshop f\u00fcr Mitarbeiter und ihre Familien","datePublished":"2018-08-28T15:24:14+00:00","dateModified":"2019-06-28T15:09:54+00:00","mainEntityOfPage":{"@id":"https:\/\/blog.tmgrupoinmobiliario.com\/de\/2018\/08\/28\/tm-grupo-inmobiliario-veranstaltet-einen-agrar-workshop-fuer-mitarbeiter-und-ihre-familien\/"},"wordCount":162,"commentCount":0,"image":{"@id":"https:\/\/blog.tmgrupoinmobiliario.com\/de\/2018\/08\/28\/tm-grupo-inmobiliario-veranstaltet-einen-agrar-workshop-fuer-mitarbeiter-und-ihre-familien\/#primaryimage"},"thumbnailUrl":"https:\/\/blog.tmgrupoinmobiliario.com\/de\/wp-content\/uploads\/sites\/3\/2018\/08\/3.a-Taller-2.jpg","keywords":["tag-business","tag-business-agro","tag-business-hotels-mex","tag-business-promo-mex","tag-business-promo-spain","tag-people"],"articleSection":["Sin categor\u00eda"],"inLanguage":"de","potentialAction":[{"@type":"CommentAction","name":"Comment","target":["https:\/\/blog.tmgrupoinmobiliario.com\/de\/2018\/08\/28\/tm-grupo-inmobiliario-veranstaltet-einen-agrar-workshop-fuer-mitarbeiter-und-ihre-familien\/#respond"]}]},{"@type":"WebPage","@id":"https:\/\/blog.tmgrupoinmobiliario.com\/de\/2018\/08\/28\/tm-grupo-inmobiliario-veranstaltet-einen-agrar-workshop-fuer-mitarbeiter-und-ihre-familien\/","url":"https:\/\/blog.tmgrupoinmobiliario.com\/de\/2018\/08\/28\/tm-grupo-inmobiliario-veranstaltet-einen-agrar-workshop-fuer-mitarbeiter-und-ihre-familien\/","name":"TM Grupo Inmobiliario veranstaltet einen Agrar-Workshop f\u00fcr Mitarbeiter und ihre Familien - Deutsche","isPartOf":{"@id":"https:\/\/blog.tmgrupoinmobiliario.com\/de\/#website"},"primaryImageOfPage":{"@id":"https:\/\/blog.tmgrupoinmobiliario.com\/de\/2018\/08\/28\/tm-grupo-inmobiliario-veranstaltet-einen-agrar-workshop-fuer-mitarbeiter-und-ihre-familien\/#primaryimage"},"image":{"@id":"https:\/\/blog.tmgrupoinmobiliario.com\/de\/2018\/08\/28\/tm-grupo-inmobiliario-veranstaltet-einen-agrar-workshop-fuer-mitarbeiter-und-ihre-familien\/#primaryimage"},"thumbnailUrl":"https:\/\/blog.tmgrupoinmobiliario.com\/de\/wp-content\/uploads\/sites\/3\/2018\/08\/3.a-Taller-2.jpg","datePublished":"2018-08-28T15:24:14+00:00","dateModified":"2019-06-28T15:09:54+00:00","author":{"@id":"https:\/\/blog.tmgrupoinmobiliario.com\/de\/#\/schema\/person\/afefb8099a8353361267b2d406faba3d"},"breadcrumb":{"@id":"https:\/\/blog.tmgrupoinmobiliario.com\/de\/2018\/08\/28\/tm-grupo-inmobiliario-veranstaltet-einen-agrar-workshop-fuer-mitarbeiter-und-ihre-familien\/#breadcrumb"},"inLanguage":"de","potentialAction":[{"@type":"ReadAction","target":["https:\/\/blog.tmgrupoinmobiliario.com\/de\/2018\/08\/28\/tm-grupo-inmobiliario-veranstaltet-einen-agrar-workshop-fuer-mitarbeiter-und-ihre-familien\/"]}]},{"@type":"ImageObject","inLanguage":"de","@id":"https:\/\/blog.tmgrupoinmobiliario.com\/de\/2018\/08\/28\/tm-grupo-inmobiliario-veranstaltet-einen-agrar-workshop-fuer-mitarbeiter-und-ihre-familien\/#primaryimage","url":"https:\/\/blog.tmgrupoinmobiliario.com\/de\/wp-content\/uploads\/sites\/3\/2018\/08\/3.a-Taller-2.jpg","contentUrl":"https:\/\/blog.tmgrupoinmobiliario.com\/de\/wp-content\/uploads\/sites\/3\/2018\/08\/3.a-Taller-2.jpg","width":405,"height":274},{"@type":"BreadcrumbList","@id":"https:\/\/blog.tmgrupoinmobiliario.com\/de\/2018\/08\/28\/tm-grupo-inmobiliario-veranstaltet-einen-agrar-workshop-fuer-mitarbeiter-und-ihre-familien\/#breadcrumb","itemListElement":[{"@type":"ListItem","position":1,"name":"Portada","item":"https:\/\/blog.tmgrupoinmobiliario.com\/de\/"},{"@type":"ListItem","position":2,"name":"TM Grupo Inmobiliario veranstaltet einen Agrar-Workshop f\u00fcr Mitarbeiter und ihre Familien"}]},{"@type":"WebSite","@id":"https:\/\/blog.tmgrupoinmobiliario.com\/de\/#website","url":"https:\/\/blog.tmgrupoinmobiliario.com\/de\/","name":"Deutsche","description":"Otro sitio m\u00e1s de Blog Desarrollo TM sitios","potentialAction":[{"@type":"SearchAction","target":{"@type":"EntryPoint","urlTemplate":"https:\/\/blog.tmgrupoinmobiliario.com\/de\/?s={search_term_string}"},"query-input":{"@type":"PropertyValueSpecification","valueRequired":true,"valueName":"search_term_string"}}],"inLanguage":"de"},{"@type":"Person","@id":"https:\/\/blog.tmgrupoinmobiliario.com\/de\/#\/schema\/person\/afefb8099a8353361267b2d406faba3d","name":"gabriel","image":{"@type":"ImageObject","inLanguage":"de","@id":"https:\/\/secure.gravatar.com\/avatar\/f5dc4696f8aa3f8805e672c27207b3e540f4c2b07eaf10d856e62bb55d7c1445?s=96&d=mm&r=g","url":"https:\/\/secure.gravatar.com\/avatar\/f5dc4696f8aa3f8805e672c27207b3e540f4c2b07eaf10d856e62bb55d7c1445?s=96&d=mm&r=g","contentUrl":"https:\/\/secure.gravatar.com\/avatar\/f5dc4696f8aa3f8805e672c27207b3e540f4c2b07eaf10d856e62bb55d7c1445?s=96&d=mm&r=g","caption":"gabriel"},"url":"https:\/\/blog.tmgrupoinmobiliario.com\/de\/author\/gabriel\/"}]}},"jetpack_featured_media_url":"https:\/\/blog.tmgrupoinmobiliario.com\/de\/wp-content\/uploads\/sites\/3\/2018\/08\/3.a-Taller-2.jpg","jetpack_sharing_enabled":true,"_links":{"self":[{"href":"https:\/\/blog.tmgrupoinmobiliario.com\/de\/wp-json\/wp\/v2\/posts\/9714","targetHints":{"allow":["GET"]}}],"collection":[{"href":"https:\/\/blog.tmgrupoinmobiliario.com\/de\/wp-json\/wp\/v2\/posts"}],"about":[{"href":"https:\/\/blog.tmgrupoinmobiliario.com\/de\/wp-json\/wp\/v2\/types\/post"}],"author":[{"embeddable":true,"href":"https:\/\/blog.tmgrupoinmobiliario.com\/de\/wp-json\/wp\/v2\/users\/2"}],"replies":[{"embeddable":true,"href":"https:\/\/blog.tmgrupoinmobiliario.com\/de\/wp-json\/wp\/v2\/comments?post=9714"}],"version-history":[{"count":2,"href":"https:\/\/blog.tmgrupoinmobiliario.com\/de\/wp-json\/wp\/v2\/posts\/9714\/revisions"}],"predecessor-version":[{"id":13479,"href":"https:\/\/blog.tmgrupoinmobiliario.com\/de\/wp-json\/wp\/v2\/posts\/9714\/revisions\/13479"}],"wp:featuredmedia":[{"embeddable":true,"href":"https:\/\/blog.tmgrupoinmobiliario.com\/de\/wp-json\/wp\/v2\/media\/12771"}],"wp:attachment":[{"href":"https:\/\/blog.tmgrupoinmobiliario.com\/de\/wp-json\/wp\/v2\/media?parent=9714"}],"wp:term":[{"taxonomy":"category","embeddable":true,"href":"https:\/\/blog.tmgrupoinmobiliario.com\/de\/wp-json\/wp\/v2\/categories?post=9714"},{"taxonomy":"post_tag","embeddable":true,"href":"https:\/\/blog.tmgrupoinmobiliario.com\/de\/wp-json\/wp\/v2\/tags?post=9714"}],"curies":[{"name":"wp","href":"https:\/\/api.w.org\/{rel}","templated":true}]}}