{"id":9711,"date":"2018-08-28T15:22:44","date_gmt":"2018-08-28T15:22:44","guid":{"rendered":"https:\/\/blog.tmgrupoinmobiliario.com\/de\/?p=9711"},"modified":"2018-09-06T10:13:40","modified_gmt":"2018-09-06T10:13:40","slug":"tm-grupo-inmobiliario-gedenkt-seines-gruenders","status":"publish","type":"post","link":"https:\/\/blog.tmgrupoinmobiliario.com\/de\/2018\/08\/28\/tm-grupo-inmobiliario-gedenkt-seines-gruenders\/","title":{"rendered":"TM Grupo Inmobiliario gedenkt seines Gr\u00fcnders"},"content":{"rendered":"<p>5.04.2018 I TM Grupo Inmobiliario<\/p>\n<p>&nbsp;<\/p>\n<p>Am heutigen 5. April gedenken wir des Geburtstags unseres Gr\u00fcnders Jos\u00e9 Luis Serna, eines vision\u00e4ren Unternehmers voller Engagement f\u00fcr seine Arbeit.<\/p>\n<p>Bereits am Anfang seiner Berufst\u00e4tigkeit erkannte er, wie wichtig es ist, eine F\u00fchrungsrolle zu \u00fcbernehmen und ausgezeichnete Arbeit zu leisten. Er war von der Bedeutung einer umfassend am Kunden orientierten, einzigartigen Qualit\u00e4t der Arbeit \u00fcberzeugt, die sich heute in der Unternehmensphilosophie von TM Grupo Inmobiliario niederschl\u00e4gt.<\/p>\n<p>N\u00e4he, Integrit\u00e4t, Engagement, Kundenorientierung, Finanzkraft und Innovation sind die Werte, die wir von ihm \u00fcbernommen haben und auf die sich unsere T\u00e4tigkeit f\u00fcr diejenigen, die auf uns vertrauen, st\u00fctzt.<\/p>\n","protected":false},"excerpt":{"rendered":"<p>5.04.2018 I TM Grupo Inmobiliario &nbsp; Am heutigen 5. April gedenken wir des Geburtstags unseres Gr\u00fcnders Jos\u00e9 Luis Serna, eines vision\u00e4ren Unternehmers voller Engagement f\u00fcr seine Arbeit. Bereits am Anfang seiner Berufst\u00e4tigkeit erkannte er, wie wichtig es ist, eine F\u00fchrungsrolle zu \u00fcbernehmen und ausgezeichnete Arbeit zu leisten. Er war von der Bedeutung einer umfassend am [&hellip;]<\/p>\n","protected":false},"author":2,"featured_media":12827,"comment_status":"open","ping_status":"open","sticky":false,"template":"","format":"standard","meta":{"_jetpack_memberships_contains_paid_content":false,"footnotes":""},"categories":[1],"tags":[56],"class_list":["post-9711","post","type-post","status-publish","format-standard","has-post-thumbnail","hentry","category-sin-categoria","tag-tag-people"],"better_featured_image":{"id":12827,"alt_text":"","caption":"","description":"","media_type":"image","media_details":{"width":405,"height":270,"file":"2018\/08\/12A2656D-2.jpg","sizes":{"thumbnail":{"file":"12A2656D-2-150x150.jpg","width":150,"height":150,"mime-type":"image\/jpeg","source_url":"https:\/\/blog.tmgrupoinmobiliario.com\/de\/wp-content\/uploads\/sites\/3\/2018\/08\/12A2656D-2-150x150.jpg"},"medium":{"file":"12A2656D-2-300x200.jpg","width":300,"height":200,"mime-type":"image\/jpeg","source_url":"https:\/\/blog.tmgrupoinmobiliario.com\/de\/wp-content\/uploads\/sites\/3\/2018\/08\/12A2656D-2-300x200.jpg"},"blog-medium":{"file":"12A2656D-2-320x202.jpg","width":320,"height":202,"mime-type":"image\/jpeg","source_url":"https:\/\/blog.tmgrupoinmobiliario.com\/de\/wp-content\/uploads\/sites\/3\/2018\/08\/12A2656D-2-320x202.jpg"},"tabs-img":{"file":"12A2656D-2-52x50.jpg","width":52,"height":50,"mime-type":"image\/jpeg","source_url":"https:\/\/blog.tmgrupoinmobiliario.com\/de\/wp-content\/uploads\/sites\/3\/2018\/08\/12A2656D-2-52x50.jpg"},"related-img":{"file":"12A2656D-2-180x138.jpg","width":180,"height":138,"mime-type":"image\/jpeg","source_url":"https:\/\/blog.tmgrupoinmobiliario.com\/de\/wp-content\/uploads\/sites\/3\/2018\/08\/12A2656D-2-180x138.jpg"},"portfolio-three":{"file":"12A2656D-2-300x214.jpg","width":300,"height":214,"mime-type":"image\/jpeg","source_url":"https:\/\/blog.tmgrupoinmobiliario.com\/de\/wp-content\/uploads\/sites\/3\/2018\/08\/12A2656D-2-300x214.jpg"},"portfolio-four":{"file":"12A2656D-2-220x161.jpg","width":220,"height":161,"mime-type":"image\/jpeg","source_url":"https:\/\/blog.tmgrupoinmobiliario.com\/de\/wp-content\/uploads\/sites\/3\/2018\/08\/12A2656D-2-220x161.jpg"},"portfolio-five":{"file":"12A2656D-2-177x142.jpg","width":177,"height":142,"mime-type":"image\/jpeg","source_url":"https:\/\/blog.tmgrupoinmobiliario.com\/de\/wp-content\/uploads\/sites\/3\/2018\/08\/12A2656D-2-177x142.jpg"},"portfolio-six":{"file":"12A2656D-2-147x118.jpg","width":147,"height":118,"mime-type":"image\/jpeg","source_url":"https:\/\/blog.tmgrupoinmobiliario.com\/de\/wp-content\/uploads\/sites\/3\/2018\/08\/12A2656D-2-147x118.jpg"},"recent-works-thumbnail":{"file":"12A2656D-2-66x66.jpg","width":66,"height":66,"mime-type":"image\/jpeg","source_url":"https:\/\/blog.tmgrupoinmobiliario.com\/de\/wp-content\/uploads\/sites\/3\/2018\/08\/12A2656D-2-66x66.jpg"}},"image_meta":{"aperture":"0","credit":"","camera":"","caption":"","created_timestamp":"0","copyright":"","focal_length":"0","iso":"0","shutter_speed":"0","title":"","orientation":"0","keywords":[]}},"post":9711,"source_url":"https:\/\/blog.tmgrupoinmobiliario.com\/de\/wp-content\/uploads\/sites\/3\/2018\/08\/12A2656D-2.jpg"},"acf":{"imagen_destacada_desktop":null,"imagen_destacada_mobile":null,"formato":null,"entradilla":null,"etiquetas":null,"cabecera_escritorio":null,"cabecera_mobile":null,"galeria":null},"yoast_head":"<!-- This site is optimized with the Yoast SEO Premium plugin v23.6 (Yoast SEO v27.5) - https:\/\/yoast.com\/product\/yoast-seo-premium-wordpress\/ -->\n<title>TM Grupo Inmobiliario gedenkt seines Gr\u00fcnders - Deutsche<\/title>\n<meta name=\"robots\" content=\"index, follow, max-snippet:-1, max-image-preview:large, max-video-preview:-1\" \/>\n<link rel=\"canonical\" href=\"https:\/\/blog.tmgrupoinmobiliario.com\/de\/2018\/08\/28\/tm-grupo-inmobiliario-gedenkt-seines-gruenders\/\" \/>\n<meta property=\"og:locale\" content=\"de_DE\" \/>\n<meta property=\"og:type\" content=\"article\" \/>\n<meta property=\"og:title\" content=\"TM Grupo Inmobiliario gedenkt seines Gr\u00fcnders\" \/>\n<meta property=\"og:description\" content=\"5.04.2018 I TM Grupo Inmobiliario &nbsp; Am heutigen 5. April gedenken wir des Geburtstags unseres Gr\u00fcnders Jos\u00e9 Luis Serna, eines vision\u00e4ren Unternehmers voller Engagement f\u00fcr seine Arbeit. Bereits am Anfang seiner Berufst\u00e4tigkeit erkannte er, wie wichtig es ist, eine F\u00fchrungsrolle zu \u00fcbernehmen und ausgezeichnete Arbeit zu leisten. Er war von der Bedeutung einer umfassend am [&hellip;]\" \/>\n<meta property=\"og:url\" content=\"https:\/\/blog.tmgrupoinmobiliario.com\/de\/2018\/08\/28\/tm-grupo-inmobiliario-gedenkt-seines-gruenders\/\" \/>\n<meta property=\"og:site_name\" content=\"Deutsche\" \/>\n<meta property=\"article:published_time\" content=\"2018-08-28T15:22:44+00:00\" \/>\n<meta property=\"article:modified_time\" content=\"2018-09-06T10:13:40+00:00\" \/>\n<meta property=\"og:image\" content=\"https:\/\/blog.tmgrupoinmobiliario.com\/de\/wp-content\/uploads\/sites\/3\/2018\/08\/12A2656D-2.jpg\" \/>\n\t<meta property=\"og:image:width\" content=\"405\" \/>\n\t<meta property=\"og:image:height\" content=\"270\" \/>\n\t<meta property=\"og:image:type\" content=\"image\/jpeg\" \/>\n<meta name=\"author\" content=\"gabriel\" \/>\n<meta name=\"twitter:card\" content=\"summary_large_image\" \/>\n<meta name=\"twitter:label1\" content=\"Geschrieben von\" \/>\n\t<meta name=\"twitter:data1\" content=\"gabriel\" \/>\n\t<meta name=\"twitter:label2\" content=\"Gesch\u00e4tzte Lesezeit\" \/>\n\t<meta name=\"twitter:data2\" content=\"1\u00a0Minute\" \/>\n<script type=\"application\/ld+json\" class=\"yoast-schema-graph\">{\"@context\":\"https:\\\/\\\/schema.org\",\"@graph\":[{\"@type\":\"Article\",\"@id\":\"https:\\\/\\\/blog.tmgrupoinmobiliario.com\\\/de\\\/2018\\\/08\\\/28\\\/tm-grupo-inmobiliario-gedenkt-seines-gruenders\\\/#article\",\"isPartOf\":{\"@id\":\"https:\\\/\\\/blog.tmgrupoinmobiliario.com\\\/de\\\/2018\\\/08\\\/28\\\/tm-grupo-inmobiliario-gedenkt-seines-gruenders\\\/\"},\"author\":{\"name\":\"gabriel\",\"@id\":\"https:\\\/\\\/blog.tmgrupoinmobiliario.com\\\/de\\\/#\\\/schema\\\/person\\\/afefb8099a8353361267b2d406faba3d\"},\"headline\":\"TM Grupo Inmobiliario gedenkt seines Gr\u00fcnders\",\"datePublished\":\"2018-08-28T15:22:44+00:00\",\"dateModified\":\"2018-09-06T10:13:40+00:00\",\"mainEntityOfPage\":{\"@id\":\"https:\\\/\\\/blog.tmgrupoinmobiliario.com\\\/de\\\/2018\\\/08\\\/28\\\/tm-grupo-inmobiliario-gedenkt-seines-gruenders\\\/\"},\"wordCount\":119,\"commentCount\":0,\"image\":{\"@id\":\"https:\\\/\\\/blog.tmgrupoinmobiliario.com\\\/de\\\/2018\\\/08\\\/28\\\/tm-grupo-inmobiliario-gedenkt-seines-gruenders\\\/#primaryimage\"},\"thumbnailUrl\":\"https:\\\/\\\/blog.tmgrupoinmobiliario.com\\\/de\\\/wp-content\\\/uploads\\\/sites\\\/3\\\/2018\\\/08\\\/12A2656D-2.jpg\",\"keywords\":[\"tag-people\"],\"articleSection\":[\"Sin categor\u00eda\"],\"inLanguage\":\"de\",\"potentialAction\":[{\"@type\":\"CommentAction\",\"name\":\"Comment\",\"target\":[\"https:\\\/\\\/blog.tmgrupoinmobiliario.com\\\/de\\\/2018\\\/08\\\/28\\\/tm-grupo-inmobiliario-gedenkt-seines-gruenders\\\/#respond\"]}]},{\"@type\":\"WebPage\",\"@id\":\"https:\\\/\\\/blog.tmgrupoinmobiliario.com\\\/de\\\/2018\\\/08\\\/28\\\/tm-grupo-inmobiliario-gedenkt-seines-gruenders\\\/\",\"url\":\"https:\\\/\\\/blog.tmgrupoinmobiliario.com\\\/de\\\/2018\\\/08\\\/28\\\/tm-grupo-inmobiliario-gedenkt-seines-gruenders\\\/\",\"name\":\"TM Grupo Inmobiliario gedenkt seines Gr\u00fcnders - Deutsche\",\"isPartOf\":{\"@id\":\"https:\\\/\\\/blog.tmgrupoinmobiliario.com\\\/de\\\/#website\"},\"primaryImageOfPage\":{\"@id\":\"https:\\\/\\\/blog.tmgrupoinmobiliario.com\\\/de\\\/2018\\\/08\\\/28\\\/tm-grupo-inmobiliario-gedenkt-seines-gruenders\\\/#primaryimage\"},\"image\":{\"@id\":\"https:\\\/\\\/blog.tmgrupoinmobiliario.com\\\/de\\\/2018\\\/08\\\/28\\\/tm-grupo-inmobiliario-gedenkt-seines-gruenders\\\/#primaryimage\"},\"thumbnailUrl\":\"https:\\\/\\\/blog.tmgrupoinmobiliario.com\\\/de\\\/wp-content\\\/uploads\\\/sites\\\/3\\\/2018\\\/08\\\/12A2656D-2.jpg\",\"datePublished\":\"2018-08-28T15:22:44+00:00\",\"dateModified\":\"2018-09-06T10:13:40+00:00\",\"author\":{\"@id\":\"https:\\\/\\\/blog.tmgrupoinmobiliario.com\\\/de\\\/#\\\/schema\\\/person\\\/afefb8099a8353361267b2d406faba3d\"},\"breadcrumb\":{\"@id\":\"https:\\\/\\\/blog.tmgrupoinmobiliario.com\\\/de\\\/2018\\\/08\\\/28\\\/tm-grupo-inmobiliario-gedenkt-seines-gruenders\\\/#breadcrumb\"},\"inLanguage\":\"de\",\"potentialAction\":[{\"@type\":\"ReadAction\",\"target\":[\"https:\\\/\\\/blog.tmgrupoinmobiliario.com\\\/de\\\/2018\\\/08\\\/28\\\/tm-grupo-inmobiliario-gedenkt-seines-gruenders\\\/\"]}]},{\"@type\":\"ImageObject\",\"inLanguage\":\"de\",\"@id\":\"https:\\\/\\\/blog.tmgrupoinmobiliario.com\\\/de\\\/2018\\\/08\\\/28\\\/tm-grupo-inmobiliario-gedenkt-seines-gruenders\\\/#primaryimage\",\"url\":\"https:\\\/\\\/blog.tmgrupoinmobiliario.com\\\/de\\\/wp-content\\\/uploads\\\/sites\\\/3\\\/2018\\\/08\\\/12A2656D-2.jpg\",\"contentUrl\":\"https:\\\/\\\/blog.tmgrupoinmobiliario.com\\\/de\\\/wp-content\\\/uploads\\\/sites\\\/3\\\/2018\\\/08\\\/12A2656D-2.jpg\",\"width\":405,\"height\":270},{\"@type\":\"BreadcrumbList\",\"@id\":\"https:\\\/\\\/blog.tmgrupoinmobiliario.com\\\/de\\\/2018\\\/08\\\/28\\\/tm-grupo-inmobiliario-gedenkt-seines-gruenders\\\/#breadcrumb\",\"itemListElement\":[{\"@type\":\"ListItem\",\"position\":1,\"name\":\"Portada\",\"item\":\"https:\\\/\\\/blog.tmgrupoinmobiliario.com\\\/de\\\/\"},{\"@type\":\"ListItem\",\"position\":2,\"name\":\"TM Grupo Inmobiliario gedenkt seines Gr\u00fcnders\"}]},{\"@type\":\"WebSite\",\"@id\":\"https:\\\/\\\/blog.tmgrupoinmobiliario.com\\\/de\\\/#website\",\"url\":\"https:\\\/\\\/blog.tmgrupoinmobiliario.com\\\/de\\\/\",\"name\":\"Deutsche\",\"description\":\"Otro sitio m\u00e1s de Blog Desarrollo TM sitios\",\"potentialAction\":[{\"@type\":\"SearchAction\",\"target\":{\"@type\":\"EntryPoint\",\"urlTemplate\":\"https:\\\/\\\/blog.tmgrupoinmobiliario.com\\\/de\\\/?s={search_term_string}\"},\"query-input\":{\"@type\":\"PropertyValueSpecification\",\"valueRequired\":true,\"valueName\":\"search_term_string\"}}],\"inLanguage\":\"de\"},{\"@type\":\"Person\",\"@id\":\"https:\\\/\\\/blog.tmgrupoinmobiliario.com\\\/de\\\/#\\\/schema\\\/person\\\/afefb8099a8353361267b2d406faba3d\",\"name\":\"gabriel\",\"image\":{\"@type\":\"ImageObject\",\"inLanguage\":\"de\",\"@id\":\"https:\\\/\\\/secure.gravatar.com\\\/avatar\\\/f5dc4696f8aa3f8805e672c27207b3e540f4c2b07eaf10d856e62bb55d7c1445?s=96&d=mm&r=g\",\"url\":\"https:\\\/\\\/secure.gravatar.com\\\/avatar\\\/f5dc4696f8aa3f8805e672c27207b3e540f4c2b07eaf10d856e62bb55d7c1445?s=96&d=mm&r=g\",\"contentUrl\":\"https:\\\/\\\/secure.gravatar.com\\\/avatar\\\/f5dc4696f8aa3f8805e672c27207b3e540f4c2b07eaf10d856e62bb55d7c1445?s=96&d=mm&r=g\",\"caption\":\"gabriel\"},\"url\":\"https:\\\/\\\/blog.tmgrupoinmobiliario.com\\\/de\\\/author\\\/gabriel\\\/\"}]}<\/script>\n<!-- \/ Yoast SEO Premium plugin. -->","yoast_head_json":{"title":"TM Grupo Inmobiliario gedenkt seines Gr\u00fcnders - Deutsche","robots":{"index":"index","follow":"follow","max-snippet":"max-snippet:-1","max-image-preview":"max-image-preview:large","max-video-preview":"max-video-preview:-1"},"canonical":"https:\/\/blog.tmgrupoinmobiliario.com\/de\/2018\/08\/28\/tm-grupo-inmobiliario-gedenkt-seines-gruenders\/","og_locale":"de_DE","og_type":"article","og_title":"TM Grupo Inmobiliario gedenkt seines Gr\u00fcnders","og_description":"5.04.2018 I TM Grupo Inmobiliario &nbsp; Am heutigen 5. April gedenken wir des Geburtstags unseres Gr\u00fcnders Jos\u00e9 Luis Serna, eines vision\u00e4ren Unternehmers voller Engagement f\u00fcr seine Arbeit. Bereits am Anfang seiner Berufst\u00e4tigkeit erkannte er, wie wichtig es ist, eine F\u00fchrungsrolle zu \u00fcbernehmen und ausgezeichnete Arbeit zu leisten. Er war von der Bedeutung einer umfassend am [&hellip;]","og_url":"https:\/\/blog.tmgrupoinmobiliario.com\/de\/2018\/08\/28\/tm-grupo-inmobiliario-gedenkt-seines-gruenders\/","og_site_name":"Deutsche","article_published_time":"2018-08-28T15:22:44+00:00","article_modified_time":"2018-09-06T10:13:40+00:00","og_image":[{"width":405,"height":270,"url":"https:\/\/blog.tmgrupoinmobiliario.com\/de\/wp-content\/uploads\/sites\/3\/2018\/08\/12A2656D-2.jpg","type":"image\/jpeg"}],"author":"gabriel","twitter_card":"summary_large_image","twitter_misc":{"Geschrieben von":"gabriel","Gesch\u00e4tzte Lesezeit":"1\u00a0Minute"},"schema":{"@context":"https:\/\/schema.org","@graph":[{"@type":"Article","@id":"https:\/\/blog.tmgrupoinmobiliario.com\/de\/2018\/08\/28\/tm-grupo-inmobiliario-gedenkt-seines-gruenders\/#article","isPartOf":{"@id":"https:\/\/blog.tmgrupoinmobiliario.com\/de\/2018\/08\/28\/tm-grupo-inmobiliario-gedenkt-seines-gruenders\/"},"author":{"name":"gabriel","@id":"https:\/\/blog.tmgrupoinmobiliario.com\/de\/#\/schema\/person\/afefb8099a8353361267b2d406faba3d"},"headline":"TM Grupo Inmobiliario gedenkt seines Gr\u00fcnders","datePublished":"2018-08-28T15:22:44+00:00","dateModified":"2018-09-06T10:13:40+00:00","mainEntityOfPage":{"@id":"https:\/\/blog.tmgrupoinmobiliario.com\/de\/2018\/08\/28\/tm-grupo-inmobiliario-gedenkt-seines-gruenders\/"},"wordCount":119,"commentCount":0,"image":{"@id":"https:\/\/blog.tmgrupoinmobiliario.com\/de\/2018\/08\/28\/tm-grupo-inmobiliario-gedenkt-seines-gruenders\/#primaryimage"},"thumbnailUrl":"https:\/\/blog.tmgrupoinmobiliario.com\/de\/wp-content\/uploads\/sites\/3\/2018\/08\/12A2656D-2.jpg","keywords":["tag-people"],"articleSection":["Sin categor\u00eda"],"inLanguage":"de","potentialAction":[{"@type":"CommentAction","name":"Comment","target":["https:\/\/blog.tmgrupoinmobiliario.com\/de\/2018\/08\/28\/tm-grupo-inmobiliario-gedenkt-seines-gruenders\/#respond"]}]},{"@type":"WebPage","@id":"https:\/\/blog.tmgrupoinmobiliario.com\/de\/2018\/08\/28\/tm-grupo-inmobiliario-gedenkt-seines-gruenders\/","url":"https:\/\/blog.tmgrupoinmobiliario.com\/de\/2018\/08\/28\/tm-grupo-inmobiliario-gedenkt-seines-gruenders\/","name":"TM Grupo Inmobiliario gedenkt seines Gr\u00fcnders - Deutsche","isPartOf":{"@id":"https:\/\/blog.tmgrupoinmobiliario.com\/de\/#website"},"primaryImageOfPage":{"@id":"https:\/\/blog.tmgrupoinmobiliario.com\/de\/2018\/08\/28\/tm-grupo-inmobiliario-gedenkt-seines-gruenders\/#primaryimage"},"image":{"@id":"https:\/\/blog.tmgrupoinmobiliario.com\/de\/2018\/08\/28\/tm-grupo-inmobiliario-gedenkt-seines-gruenders\/#primaryimage"},"thumbnailUrl":"https:\/\/blog.tmgrupoinmobiliario.com\/de\/wp-content\/uploads\/sites\/3\/2018\/08\/12A2656D-2.jpg","datePublished":"2018-08-28T15:22:44+00:00","dateModified":"2018-09-06T10:13:40+00:00","author":{"@id":"https:\/\/blog.tmgrupoinmobiliario.com\/de\/#\/schema\/person\/afefb8099a8353361267b2d406faba3d"},"breadcrumb":{"@id":"https:\/\/blog.tmgrupoinmobiliario.com\/de\/2018\/08\/28\/tm-grupo-inmobiliario-gedenkt-seines-gruenders\/#breadcrumb"},"inLanguage":"de","potentialAction":[{"@type":"ReadAction","target":["https:\/\/blog.tmgrupoinmobiliario.com\/de\/2018\/08\/28\/tm-grupo-inmobiliario-gedenkt-seines-gruenders\/"]}]},{"@type":"ImageObject","inLanguage":"de","@id":"https:\/\/blog.tmgrupoinmobiliario.com\/de\/2018\/08\/28\/tm-grupo-inmobiliario-gedenkt-seines-gruenders\/#primaryimage","url":"https:\/\/blog.tmgrupoinmobiliario.com\/de\/wp-content\/uploads\/sites\/3\/2018\/08\/12A2656D-2.jpg","contentUrl":"https:\/\/blog.tmgrupoinmobiliario.com\/de\/wp-content\/uploads\/sites\/3\/2018\/08\/12A2656D-2.jpg","width":405,"height":270},{"@type":"BreadcrumbList","@id":"https:\/\/blog.tmgrupoinmobiliario.com\/de\/2018\/08\/28\/tm-grupo-inmobiliario-gedenkt-seines-gruenders\/#breadcrumb","itemListElement":[{"@type":"ListItem","position":1,"name":"Portada","item":"https:\/\/blog.tmgrupoinmobiliario.com\/de\/"},{"@type":"ListItem","position":2,"name":"TM Grupo Inmobiliario gedenkt seines Gr\u00fcnders"}]},{"@type":"WebSite","@id":"https:\/\/blog.tmgrupoinmobiliario.com\/de\/#website","url":"https:\/\/blog.tmgrupoinmobiliario.com\/de\/","name":"Deutsche","description":"Otro sitio m\u00e1s de Blog Desarrollo TM sitios","potentialAction":[{"@type":"SearchAction","target":{"@type":"EntryPoint","urlTemplate":"https:\/\/blog.tmgrupoinmobiliario.com\/de\/?s={search_term_string}"},"query-input":{"@type":"PropertyValueSpecification","valueRequired":true,"valueName":"search_term_string"}}],"inLanguage":"de"},{"@type":"Person","@id":"https:\/\/blog.tmgrupoinmobiliario.com\/de\/#\/schema\/person\/afefb8099a8353361267b2d406faba3d","name":"gabriel","image":{"@type":"ImageObject","inLanguage":"de","@id":"https:\/\/secure.gravatar.com\/avatar\/f5dc4696f8aa3f8805e672c27207b3e540f4c2b07eaf10d856e62bb55d7c1445?s=96&d=mm&r=g","url":"https:\/\/secure.gravatar.com\/avatar\/f5dc4696f8aa3f8805e672c27207b3e540f4c2b07eaf10d856e62bb55d7c1445?s=96&d=mm&r=g","contentUrl":"https:\/\/secure.gravatar.com\/avatar\/f5dc4696f8aa3f8805e672c27207b3e540f4c2b07eaf10d856e62bb55d7c1445?s=96&d=mm&r=g","caption":"gabriel"},"url":"https:\/\/blog.tmgrupoinmobiliario.com\/de\/author\/gabriel\/"}]}},"jetpack_featured_media_url":"https:\/\/blog.tmgrupoinmobiliario.com\/de\/wp-content\/uploads\/sites\/3\/2018\/08\/12A2656D-2.jpg","jetpack_sharing_enabled":true,"_links":{"self":[{"href":"https:\/\/blog.tmgrupoinmobiliario.com\/de\/wp-json\/wp\/v2\/posts\/9711","targetHints":{"allow":["GET"]}}],"collection":[{"href":"https:\/\/blog.tmgrupoinmobiliario.com\/de\/wp-json\/wp\/v2\/posts"}],"about":[{"href":"https:\/\/blog.tmgrupoinmobiliario.com\/de\/wp-json\/wp\/v2\/types\/post"}],"author":[{"embeddable":true,"href":"https:\/\/blog.tmgrupoinmobiliario.com\/de\/wp-json\/wp\/v2\/users\/2"}],"replies":[{"embeddable":true,"href":"https:\/\/blog.tmgrupoinmobiliario.com\/de\/wp-json\/wp\/v2\/comments?post=9711"}],"version-history":[{"count":1,"href":"https:\/\/blog.tmgrupoinmobiliario.com\/de\/wp-json\/wp\/v2\/posts\/9711\/revisions"}],"predecessor-version":[{"id":9713,"href":"https:\/\/blog.tmgrupoinmobiliario.com\/de\/wp-json\/wp\/v2\/posts\/9711\/revisions\/9713"}],"wp:featuredmedia":[{"embeddable":true,"href":"https:\/\/blog.tmgrupoinmobiliario.com\/de\/wp-json\/wp\/v2\/media\/12827"}],"wp:attachment":[{"href":"https:\/\/blog.tmgrupoinmobiliario.com\/de\/wp-json\/wp\/v2\/media?parent=9711"}],"wp:term":[{"taxonomy":"category","embeddable":true,"href":"https:\/\/blog.tmgrupoinmobiliario.com\/de\/wp-json\/wp\/v2\/categories?post=9711"},{"taxonomy":"post_tag","embeddable":true,"href":"https:\/\/blog.tmgrupoinmobiliario.com\/de\/wp-json\/wp\/v2\/tags?post=9711"}],"curies":[{"name":"wp","href":"https:\/\/api.w.org\/{rel}","templated":true}]}}