{"id":16510,"date":"2026-03-11T13:26:44","date_gmt":"2026-03-11T12:26:44","guid":{"rendered":"https:\/\/blog.tmgrupoinmobiliario.com\/de\/?p=16510"},"modified":"2026-03-11T13:26:44","modified_gmt":"2026-03-11T12:26:44","slug":"tm-real-estate-group-investiert-70-millionen-euro-in-sein-neues-wohnprojekt-in-canet-den-berenguer","status":"publish","type":"post","link":"https:\/\/blog.tmgrupoinmobiliario.com\/de\/2026\/03\/11\/tm-real-estate-group-investiert-70-millionen-euro-in-sein-neues-wohnprojekt-in-canet-den-berenguer\/","title":{"rendered":"TM Real Estate Group investiert 70 Millionen Euro in sein neues Wohnprojekt in Canet d\u2019en Berenguer"},"content":{"rendered":"<p>&nbsp;<\/p>\n<div class=\"flex flex-col text-sm pb-25\">\n<article class=\"text-token-text-primary w-full focus:outline-none [--shadow-height:45px] has-data-writing-block:pointer-events-none has-data-writing-block:-mt-(--shadow-height) has-data-writing-block:pt-(--shadow-height) [&amp;:has([data-writing-block])&gt;*]:pointer-events-auto scroll-mt-[calc(var(--header-height)+min(200px,max(70px,20svh)))]\" dir=\"auto\" data-turn-id=\"request-WEB:968d8b50-9c6f-47e0-a5e2-eca333d4034b-3\" data-testid=\"conversation-turn-8\" data-scroll-anchor=\"true\" data-turn=\"assistant\">\n<div class=\"text-base my-auto mx-auto pb-10 [--thread-content-margin:var(--thread-content-margin-xs,calc(var(--spacing)*4))] @w-sm\/main:[--thread-content-margin:var(--thread-content-margin-sm,calc(var(--spacing)*6))] @w-lg\/main:[--thread-content-margin:var(--thread-content-margin-lg,calc(var(--spacing)*16))] px-(--thread-content-margin)\">\n<div class=\"[--thread-content-max-width:40rem] @w-lg\/main:[--thread-content-max-width:48rem] mx-auto max-w-(--thread-content-max-width) flex-1 group\/turn-messages focus-visible:outline-hidden relative flex w-full min-w-0 flex-col agent-turn\">\n<div class=\"flex max-w-full flex-col gap-4 grow\">\n<div class=\"min-h-8 text-message relative flex w-full flex-col items-end gap-2 text-start break-words whitespace-normal [.text-message+&amp;]:mt-1\" dir=\"auto\" data-message-author-role=\"assistant\" data-message-id=\"5095540c-7afc-4849-ad3c-8a5410e6ca6f\" data-message-model-slug=\"gpt-5-3\">\n<div class=\"flex w-full flex-col gap-1 empty:hidden\">\n<div class=\"markdown prose dark:prose-invert w-full wrap-break-word light markdown-new-styling\">\n<p data-start=\"48\" data-end=\"469\"><a href=\"https:\/\/www.tmgrupoinmobiliario.com\/de\">TM Real Estate Group<\/a>, ein f\u00fchrendes Unternehmen aus Alicante im Bereich des Wohn-, Hotel- und Ferientourismus, das auf den Bau und die Entwicklung von Wohnimmobilien an der Mittelmeerk\u00fcste und in der Karibik spezialisiert ist, stellt sein neues Wohnprojekt &#8220;<strong data-start=\"306\" data-end=\"331\">Sunrise Canet by TM&#8221;<\/strong>\u00a0<strong>vor. Das Projekt befindet sich in Canet d\u2019en Berenguer, 25 Minuten vom Stadtzentrum von Valencia und 10 Minuten von Parc Sagunt entfernt.<\/strong><\/p>\n<p data-start=\"471\" data-end=\"960\">Mit einer geplanten<strong> Investition von 70 Millionen Euro umfasst das Projekt den Bau von zwei Wohnt\u00fcrmen mit jeweils 19 Etagen und insgesamt 252 Wohnungen,<\/strong> die in zwei Bauphasen realisiert werden. Dar\u00fcber hinaus wird das Projekt die lokale Wirtschaft ankurbeln, indem w\u00e4hrend der Entwicklungs- und Vermarktungsphase Tausende von direkten, indirekten und induzierten Arbeitspl\u00e4tzen geschaffen werden. Phase 1, die dem Block 1 entspricht, wird zun\u00e4chst mit 109 Wohnungen auf den Markt gebracht.<\/p>\n<p data-start=\"471\" data-end=\"960\"><img loading=\"lazy\" decoding=\"async\" class=\" wp-image-16511 aligncenter\" src=\"https:\/\/blog.tmgrupoinmobiliario.com\/de\/wp-content\/uploads\/sites\/3\/2026\/03\/1000666.jpg\" alt=\"\" width=\"714\" height=\"475\" \/><\/p>\n<p data-start=\"962\" data-end=\"1625\"><strong>&#8220;Sunrise Canet by TM\u201c befindet sich in einer privilegierten Lage zwischen dem Ortszentrum und dem Meer, etwas mehr als einen Kilometer vom Strand von Canet entfernt.<\/strong> Dieser z\u00e4hlt zu den bekanntesten Str\u00e4nden der Provinz Valencia und geh\u00f6rt aufgrund seines familienfreundlichen Charakters, seiner nat\u00fcrlichen Umgebung mit D\u00fcnenlandschaften und seiner geringen Bebauungsdichte zu den beliebtesten Reisezielen an der valencianischen K\u00fcste. Die Wohnanlage ist sowohl f\u00fcr den dauerhaften Wohnsitz als auch als Ferienimmobilie konzipiert und richtet sich an nationale und internationale Kunden, die Lebensqualit\u00e4t, gute Anbindung und umfassende Dienstleistungen suchen.<\/p>\n<p data-start=\"962\" data-end=\"1625\"><img loading=\"lazy\" decoding=\"async\" class=\" wp-image-16512 aligncenter\" src=\"https:\/\/blog.tmgrupoinmobiliario.com\/de\/wp-content\/uploads\/sites\/3\/2026\/03\/Portada-1109-1.jpg\" alt=\"\" width=\"722\" height=\"481\" \/><\/p>\n<p data-start=\"1627\" data-end=\"2198\"><strong>Der Komplex wird aus Apartments mit 1, 2 und 3 Schlafzimmern bestehen<\/strong>, die \u00fcber gro\u00dfz\u00fcgige Terrassen, unterschiedliche Ausrichtungen und freie Ausblicke verf\u00fcgen. Hinzu kommen umfangreiche Gemeinschaftsbereiche, darunter Swimmingpools (f\u00fcr Erwachsene, Kinder sowie ein beheizbarer Pool), Whirlpools, ein Panoramafitnessstudio, ein Chill-out-Bereich, ein Social Club, Coworking-Bereiche, ein Padel-Tennisplatz, eine Multisportanlage sowie gro\u00dfz\u00fcgige Gartenanlagen. V<strong>iele der Wohnungen bieten einen Panoramablick auf das Meer, die Sierra Calderona und die Burg von Sagunto.<\/strong><\/p>\n<p data-start=\"1627\" data-end=\"2198\"><img loading=\"lazy\" decoding=\"async\" class=\" wp-image-16513 aligncenter\" src=\"https:\/\/blog.tmgrupoinmobiliario.com\/de\/wp-content\/uploads\/sites\/3\/2026\/03\/Portada-1109-2.jpg\" alt=\"\" width=\"716\" height=\"477\" \/><\/p>\n<p data-start=\"2200\" data-end=\"2462\">Das architektonische Design setzt auf eine moderne, organische und avantgardistische \u00c4sthetik, die sich harmonisch in die Umgebung einf\u00fcgt und den Standards f\u00fcr nachhaltiges Bauen und Energieeffizienz entspricht \u2013 Kennzeichen aller Wohnprojekte des Unternehmens.<\/p>\n<p data-start=\"2464\" data-end=\"2710\">Dieses neue Projekt ist Teil des <strong>Strategischen Plans 2024\u20132027 der Gruppe<\/strong>, der vorsieht, in der Region Valencia ein Gesch\u00e4fts <strong>volumen von 1,1 Milliarden Euro zu erreichen, wobei die Provinz Valencia eine der wichtigsten Expansionsachsen darstellt.<\/strong> &#8220;Valencia ist ein zentraler Bestandteil unseres Wachstumsmodells und eine Region, in der TM Real Estate Group langfristig pr\u00e4sent sein m\u00f6chte. Hier haben wir bereits wichtige Schritte unternommen und entwickeln derzeit ein Grundst\u00fccksportfolio f\u00fcr mehr als 500 Wohnungen mit einer zugesagten Investition von derzeit \u00fcber 130 Millionen Euro. Valencia ist f\u00fcr uns ein strategischer Standort, und wir m\u00f6chten weiterhin zu seiner wirtschaftlichen, sozialen, \u00f6kologischen und st\u00e4dtebaulichen Entwicklung beitragen&#8221;, erkl\u00e4rt Pablo Serna, CEO von TM Real Estate Group.<\/p>\n<\/div>\n<\/div>\n<\/div>\n<\/div>\n<\/div>\n<\/div>\n<\/article>\n<\/div>\n<div class=\"z-0 flex min-h-[46px] justify-start\"><\/div>\n<div><\/div>\n<div><\/div>\n<div><\/div>\n<div><\/div>\n<div><\/div>\n<div class=\"pointer-events-none h-px w-px absolute bottom-0\" aria-hidden=\"true\" data-edge=\"true\"><\/div>\n","protected":false},"excerpt":{"rendered":"<p>&nbsp; TM Real Estate Group, ein f\u00fchrendes Unternehmen aus Alicante im Bereich des Wohn-, Hotel- und Ferientourismus, das auf den Bau und die Entwicklung von Wohnimmobilien an der Mittelmeerk\u00fcste und in der Karibik spezialisiert ist, stellt sein neues Wohnprojekt &#8220;Sunrise Canet by TM&#8221;\u00a0vor. Das Projekt befindet sich in Canet d\u2019en Berenguer, 25 Minuten vom Stadtzentrum [&hellip;]<\/p>\n","protected":false},"author":11730,"featured_media":16518,"comment_status":"open","ping_status":"open","sticky":false,"template":"","format":"standard","meta":{"_jetpack_memberships_contains_paid_content":false,"footnotes":""},"categories":[19,73],"tags":[80,55],"class_list":["post-16510","post","type-post","status-publish","format-standard","has-post-thumbnail","hentry","category-aktuell-news","category-actualidad-tm","tag-tag-all","tag-tag-compromise","formato-comunicacion"],"better_featured_image":{"id":16518,"alt_text":"","caption":"","description":"","media_type":"image","media_details":{"width":1000,"height":666,"file":"2026\/03\/1000666-1.jpg","filesize":105763,"sizes":{},"image_meta":{"aperture":"0","credit":"","camera":"","caption":"","created_timestamp":"0","copyright":"","focal_length":"0","iso":"0","shutter_speed":"0","title":"","orientation":"1","keywords":[]}},"post":16510,"source_url":"https:\/\/blog.tmgrupoinmobiliario.com\/de\/wp-content\/uploads\/sites\/3\/2026\/03\/1000666-1.jpg"},"acf":{"imagen_destacada_desktop":"https:\/\/blog.tmgrupoinmobiliario.com\/de\/wp-content\/uploads\/sites\/3\/2026\/03\/Canet-VLC.jpg","imagen_destacada_mobile":"https:\/\/blog.tmgrupoinmobiliario.com\/de\/wp-content\/uploads\/sites\/3\/2026\/03\/Canet-V.jpg","formato":{"term_id":76,"name":"Comunicaci\u00f3n","slug":"comunicacion","term_group":0,"term_taxonomy_id":76,"taxonomy":"formato","description":"","parent":0,"count":126,"filter":"raw"},"entradilla":"Das Projekt mit insgesamt 252 Wohnungen festigt die Position von TM als einen der f\u00fchrenden Wohnimmobilienentwickler in der Provinz, mit mehr als 500 Wohnungen in der Entwicklung.","etiquetas":"","cabecera_escritorio":"https:\/\/blog.tmgrupoinmobiliario.com\/de\/wp-content\/uploads\/sites\/3\/2026\/03\/Cabeceras-blog-1920870y-540540-7.jpg","cabecera_mobile":"https:\/\/blog.tmgrupoinmobiliario.com\/de\/wp-content\/uploads\/sites\/3\/2026\/03\/768.jpg","galeria":false},"yoast_head":"<!-- This site is optimized with the Yoast SEO Premium plugin v23.6 (Yoast SEO v27.4) - https:\/\/yoast.com\/product\/yoast-seo-premium-wordpress\/ -->\n<title>TM Real Estate Group investiert 70 Millionen Euro in sein neues Wohnprojekt in Canet d\u2019en Berenguer - Deutsche<\/title>\n<meta name=\"robots\" content=\"index, follow, max-snippet:-1, max-image-preview:large, max-video-preview:-1\" \/>\n<link rel=\"canonical\" href=\"https:\/\/blog.tmgrupoinmobiliario.com\/de\/2026\/03\/11\/tm-real-estate-group-investiert-70-millionen-euro-in-sein-neues-wohnprojekt-in-canet-den-berenguer\/\" \/>\n<meta property=\"og:locale\" content=\"de_DE\" \/>\n<meta property=\"og:type\" content=\"article\" \/>\n<meta property=\"og:title\" content=\"TM Real Estate Group investiert 70 Millionen Euro in sein neues Wohnprojekt in Canet d\u2019en Berenguer\" \/>\n<meta property=\"og:description\" content=\"&nbsp; TM Real Estate Group, ein f\u00fchrendes Unternehmen aus Alicante im Bereich des Wohn-, Hotel- und Ferientourismus, das auf den Bau und die Entwicklung von Wohnimmobilien an der Mittelmeerk\u00fcste und in der Karibik spezialisiert ist, stellt sein neues Wohnprojekt &#8220;Sunrise Canet by TM&#8221;\u00a0vor. Das Projekt befindet sich in Canet d\u2019en Berenguer, 25 Minuten vom Stadtzentrum [&hellip;]\" \/>\n<meta property=\"og:url\" content=\"https:\/\/blog.tmgrupoinmobiliario.com\/de\/2026\/03\/11\/tm-real-estate-group-investiert-70-millionen-euro-in-sein-neues-wohnprojekt-in-canet-den-berenguer\/\" \/>\n<meta property=\"og:site_name\" content=\"Deutsche\" \/>\n<meta property=\"article:published_time\" content=\"2026-03-11T12:26:44+00:00\" \/>\n<meta property=\"og:image\" content=\"https:\/\/blog.tmgrupoinmobiliario.com\/de\/wp-content\/uploads\/sites\/3\/2026\/03\/1000666-1.jpg\" \/>\n\t<meta property=\"og:image:width\" content=\"1000\" \/>\n\t<meta property=\"og:image:height\" content=\"666\" \/>\n\t<meta property=\"og:image:type\" content=\"image\/jpeg\" \/>\n<meta name=\"author\" content=\"laurabm\" \/>\n<meta name=\"twitter:card\" content=\"summary_large_image\" \/>\n<meta name=\"twitter:label1\" content=\"Geschrieben von\" \/>\n\t<meta name=\"twitter:data1\" content=\"laurabm\" \/>\n\t<meta name=\"twitter:label2\" content=\"Gesch\u00e4tzte Lesezeit\" \/>\n\t<meta name=\"twitter:data2\" content=\"4\u00a0Minuten\" \/>\n<script type=\"application\/ld+json\" class=\"yoast-schema-graph\">{\"@context\":\"https:\\\/\\\/schema.org\",\"@graph\":[{\"@type\":\"Article\",\"@id\":\"https:\\\/\\\/blog.tmgrupoinmobiliario.com\\\/de\\\/2026\\\/03\\\/11\\\/tm-real-estate-group-investiert-70-millionen-euro-in-sein-neues-wohnprojekt-in-canet-den-berenguer\\\/#article\",\"isPartOf\":{\"@id\":\"https:\\\/\\\/blog.tmgrupoinmobiliario.com\\\/de\\\/2026\\\/03\\\/11\\\/tm-real-estate-group-investiert-70-millionen-euro-in-sein-neues-wohnprojekt-in-canet-den-berenguer\\\/\"},\"author\":{\"name\":\"laurabm\",\"@id\":\"https:\\\/\\\/blog.tmgrupoinmobiliario.com\\\/de\\\/#\\\/schema\\\/person\\\/ad7d97239ce82e1af205d57b005d3c36\"},\"headline\":\"TM Real Estate Group investiert 70 Millionen Euro in sein neues Wohnprojekt in Canet d\u2019en Berenguer\",\"datePublished\":\"2026-03-11T12:26:44+00:00\",\"mainEntityOfPage\":{\"@id\":\"https:\\\/\\\/blog.tmgrupoinmobiliario.com\\\/de\\\/2026\\\/03\\\/11\\\/tm-real-estate-group-investiert-70-millionen-euro-in-sein-neues-wohnprojekt-in-canet-den-berenguer\\\/\"},\"wordCount\":467,\"commentCount\":0,\"image\":{\"@id\":\"https:\\\/\\\/blog.tmgrupoinmobiliario.com\\\/de\\\/2026\\\/03\\\/11\\\/tm-real-estate-group-investiert-70-millionen-euro-in-sein-neues-wohnprojekt-in-canet-den-berenguer\\\/#primaryimage\"},\"thumbnailUrl\":\"https:\\\/\\\/blog.tmgrupoinmobiliario.com\\\/de\\\/wp-content\\\/uploads\\\/sites\\\/3\\\/2026\\\/03\\\/1000666-1.jpg\",\"keywords\":[\"tag-all\",\"tag-compromise\"],\"articleSection\":[\"Aktuell TM\",\"TM Aktuell\"],\"inLanguage\":\"de\",\"potentialAction\":[{\"@type\":\"CommentAction\",\"name\":\"Comment\",\"target\":[\"https:\\\/\\\/blog.tmgrupoinmobiliario.com\\\/de\\\/2026\\\/03\\\/11\\\/tm-real-estate-group-investiert-70-millionen-euro-in-sein-neues-wohnprojekt-in-canet-den-berenguer\\\/#respond\"]}]},{\"@type\":\"WebPage\",\"@id\":\"https:\\\/\\\/blog.tmgrupoinmobiliario.com\\\/de\\\/2026\\\/03\\\/11\\\/tm-real-estate-group-investiert-70-millionen-euro-in-sein-neues-wohnprojekt-in-canet-den-berenguer\\\/\",\"url\":\"https:\\\/\\\/blog.tmgrupoinmobiliario.com\\\/de\\\/2026\\\/03\\\/11\\\/tm-real-estate-group-investiert-70-millionen-euro-in-sein-neues-wohnprojekt-in-canet-den-berenguer\\\/\",\"name\":\"TM Real Estate Group investiert 70 Millionen Euro in sein neues Wohnprojekt in Canet d\u2019en Berenguer - Deutsche\",\"isPartOf\":{\"@id\":\"https:\\\/\\\/blog.tmgrupoinmobiliario.com\\\/de\\\/#website\"},\"primaryImageOfPage\":{\"@id\":\"https:\\\/\\\/blog.tmgrupoinmobiliario.com\\\/de\\\/2026\\\/03\\\/11\\\/tm-real-estate-group-investiert-70-millionen-euro-in-sein-neues-wohnprojekt-in-canet-den-berenguer\\\/#primaryimage\"},\"image\":{\"@id\":\"https:\\\/\\\/blog.tmgrupoinmobiliario.com\\\/de\\\/2026\\\/03\\\/11\\\/tm-real-estate-group-investiert-70-millionen-euro-in-sein-neues-wohnprojekt-in-canet-den-berenguer\\\/#primaryimage\"},\"thumbnailUrl\":\"https:\\\/\\\/blog.tmgrupoinmobiliario.com\\\/de\\\/wp-content\\\/uploads\\\/sites\\\/3\\\/2026\\\/03\\\/1000666-1.jpg\",\"datePublished\":\"2026-03-11T12:26:44+00:00\",\"author\":{\"@id\":\"https:\\\/\\\/blog.tmgrupoinmobiliario.com\\\/de\\\/#\\\/schema\\\/person\\\/ad7d97239ce82e1af205d57b005d3c36\"},\"breadcrumb\":{\"@id\":\"https:\\\/\\\/blog.tmgrupoinmobiliario.com\\\/de\\\/2026\\\/03\\\/11\\\/tm-real-estate-group-investiert-70-millionen-euro-in-sein-neues-wohnprojekt-in-canet-den-berenguer\\\/#breadcrumb\"},\"inLanguage\":\"de\",\"potentialAction\":[{\"@type\":\"ReadAction\",\"target\":[\"https:\\\/\\\/blog.tmgrupoinmobiliario.com\\\/de\\\/2026\\\/03\\\/11\\\/tm-real-estate-group-investiert-70-millionen-euro-in-sein-neues-wohnprojekt-in-canet-den-berenguer\\\/\"]}]},{\"@type\":\"ImageObject\",\"inLanguage\":\"de\",\"@id\":\"https:\\\/\\\/blog.tmgrupoinmobiliario.com\\\/de\\\/2026\\\/03\\\/11\\\/tm-real-estate-group-investiert-70-millionen-euro-in-sein-neues-wohnprojekt-in-canet-den-berenguer\\\/#primaryimage\",\"url\":\"https:\\\/\\\/blog.tmgrupoinmobiliario.com\\\/de\\\/wp-content\\\/uploads\\\/sites\\\/3\\\/2026\\\/03\\\/1000666-1.jpg\",\"contentUrl\":\"https:\\\/\\\/blog.tmgrupoinmobiliario.com\\\/de\\\/wp-content\\\/uploads\\\/sites\\\/3\\\/2026\\\/03\\\/1000666-1.jpg\",\"width\":1000,\"height\":666},{\"@type\":\"BreadcrumbList\",\"@id\":\"https:\\\/\\\/blog.tmgrupoinmobiliario.com\\\/de\\\/2026\\\/03\\\/11\\\/tm-real-estate-group-investiert-70-millionen-euro-in-sein-neues-wohnprojekt-in-canet-den-berenguer\\\/#breadcrumb\",\"itemListElement\":[{\"@type\":\"ListItem\",\"position\":1,\"name\":\"Portada\",\"item\":\"https:\\\/\\\/blog.tmgrupoinmobiliario.com\\\/de\\\/\"},{\"@type\":\"ListItem\",\"position\":2,\"name\":\"TM Real Estate Group investiert 70 Millionen Euro in sein neues Wohnprojekt in Canet d\u2019en Berenguer\"}]},{\"@type\":\"WebSite\",\"@id\":\"https:\\\/\\\/blog.tmgrupoinmobiliario.com\\\/de\\\/#website\",\"url\":\"https:\\\/\\\/blog.tmgrupoinmobiliario.com\\\/de\\\/\",\"name\":\"Deutsche\",\"description\":\"Otro sitio m\u00e1s de Blog Desarrollo TM sitios\",\"potentialAction\":[{\"@type\":\"SearchAction\",\"target\":{\"@type\":\"EntryPoint\",\"urlTemplate\":\"https:\\\/\\\/blog.tmgrupoinmobiliario.com\\\/de\\\/?s={search_term_string}\"},\"query-input\":{\"@type\":\"PropertyValueSpecification\",\"valueRequired\":true,\"valueName\":\"search_term_string\"}}],\"inLanguage\":\"de\"},{\"@type\":\"Person\",\"@id\":\"https:\\\/\\\/blog.tmgrupoinmobiliario.com\\\/de\\\/#\\\/schema\\\/person\\\/ad7d97239ce82e1af205d57b005d3c36\",\"name\":\"laurabm\",\"image\":{\"@type\":\"ImageObject\",\"inLanguage\":\"de\",\"@id\":\"https:\\\/\\\/secure.gravatar.com\\\/avatar\\\/a97e415f97899fc38aade30ac2e3143fcda2a8b75542722fce9a26dd00745c13?s=96&d=mm&r=g\",\"url\":\"https:\\\/\\\/secure.gravatar.com\\\/avatar\\\/a97e415f97899fc38aade30ac2e3143fcda2a8b75542722fce9a26dd00745c13?s=96&d=mm&r=g\",\"contentUrl\":\"https:\\\/\\\/secure.gravatar.com\\\/avatar\\\/a97e415f97899fc38aade30ac2e3143fcda2a8b75542722fce9a26dd00745c13?s=96&d=mm&r=g\",\"caption\":\"laurabm\"},\"url\":\"https:\\\/\\\/blog.tmgrupoinmobiliario.com\\\/de\\\/author\\\/laurabm\\\/\"}]}<\/script>\n<!-- \/ Yoast SEO Premium plugin. -->","yoast_head_json":{"title":"TM Real Estate Group investiert 70 Millionen Euro in sein neues Wohnprojekt in Canet d\u2019en Berenguer - Deutsche","robots":{"index":"index","follow":"follow","max-snippet":"max-snippet:-1","max-image-preview":"max-image-preview:large","max-video-preview":"max-video-preview:-1"},"canonical":"https:\/\/blog.tmgrupoinmobiliario.com\/de\/2026\/03\/11\/tm-real-estate-group-investiert-70-millionen-euro-in-sein-neues-wohnprojekt-in-canet-den-berenguer\/","og_locale":"de_DE","og_type":"article","og_title":"TM Real Estate Group investiert 70 Millionen Euro in sein neues Wohnprojekt in Canet d\u2019en Berenguer","og_description":"&nbsp; TM Real Estate Group, ein f\u00fchrendes Unternehmen aus Alicante im Bereich des Wohn-, Hotel- und Ferientourismus, das auf den Bau und die Entwicklung von Wohnimmobilien an der Mittelmeerk\u00fcste und in der Karibik spezialisiert ist, stellt sein neues Wohnprojekt &#8220;Sunrise Canet by TM&#8221;\u00a0vor. Das Projekt befindet sich in Canet d\u2019en Berenguer, 25 Minuten vom Stadtzentrum [&hellip;]","og_url":"https:\/\/blog.tmgrupoinmobiliario.com\/de\/2026\/03\/11\/tm-real-estate-group-investiert-70-millionen-euro-in-sein-neues-wohnprojekt-in-canet-den-berenguer\/","og_site_name":"Deutsche","article_published_time":"2026-03-11T12:26:44+00:00","og_image":[{"width":1000,"height":666,"url":"https:\/\/blog.tmgrupoinmobiliario.com\/de\/wp-content\/uploads\/sites\/3\/2026\/03\/1000666-1.jpg","type":"image\/jpeg"}],"author":"laurabm","twitter_card":"summary_large_image","twitter_misc":{"Geschrieben von":"laurabm","Gesch\u00e4tzte Lesezeit":"4\u00a0Minuten"},"schema":{"@context":"https:\/\/schema.org","@graph":[{"@type":"Article","@id":"https:\/\/blog.tmgrupoinmobiliario.com\/de\/2026\/03\/11\/tm-real-estate-group-investiert-70-millionen-euro-in-sein-neues-wohnprojekt-in-canet-den-berenguer\/#article","isPartOf":{"@id":"https:\/\/blog.tmgrupoinmobiliario.com\/de\/2026\/03\/11\/tm-real-estate-group-investiert-70-millionen-euro-in-sein-neues-wohnprojekt-in-canet-den-berenguer\/"},"author":{"name":"laurabm","@id":"https:\/\/blog.tmgrupoinmobiliario.com\/de\/#\/schema\/person\/ad7d97239ce82e1af205d57b005d3c36"},"headline":"TM Real Estate Group investiert 70 Millionen Euro in sein neues Wohnprojekt in Canet d\u2019en Berenguer","datePublished":"2026-03-11T12:26:44+00:00","mainEntityOfPage":{"@id":"https:\/\/blog.tmgrupoinmobiliario.com\/de\/2026\/03\/11\/tm-real-estate-group-investiert-70-millionen-euro-in-sein-neues-wohnprojekt-in-canet-den-berenguer\/"},"wordCount":467,"commentCount":0,"image":{"@id":"https:\/\/blog.tmgrupoinmobiliario.com\/de\/2026\/03\/11\/tm-real-estate-group-investiert-70-millionen-euro-in-sein-neues-wohnprojekt-in-canet-den-berenguer\/#primaryimage"},"thumbnailUrl":"https:\/\/blog.tmgrupoinmobiliario.com\/de\/wp-content\/uploads\/sites\/3\/2026\/03\/1000666-1.jpg","keywords":["tag-all","tag-compromise"],"articleSection":["Aktuell TM","TM Aktuell"],"inLanguage":"de","potentialAction":[{"@type":"CommentAction","name":"Comment","target":["https:\/\/blog.tmgrupoinmobiliario.com\/de\/2026\/03\/11\/tm-real-estate-group-investiert-70-millionen-euro-in-sein-neues-wohnprojekt-in-canet-den-berenguer\/#respond"]}]},{"@type":"WebPage","@id":"https:\/\/blog.tmgrupoinmobiliario.com\/de\/2026\/03\/11\/tm-real-estate-group-investiert-70-millionen-euro-in-sein-neues-wohnprojekt-in-canet-den-berenguer\/","url":"https:\/\/blog.tmgrupoinmobiliario.com\/de\/2026\/03\/11\/tm-real-estate-group-investiert-70-millionen-euro-in-sein-neues-wohnprojekt-in-canet-den-berenguer\/","name":"TM Real Estate Group investiert 70 Millionen Euro in sein neues Wohnprojekt in Canet d\u2019en Berenguer - Deutsche","isPartOf":{"@id":"https:\/\/blog.tmgrupoinmobiliario.com\/de\/#website"},"primaryImageOfPage":{"@id":"https:\/\/blog.tmgrupoinmobiliario.com\/de\/2026\/03\/11\/tm-real-estate-group-investiert-70-millionen-euro-in-sein-neues-wohnprojekt-in-canet-den-berenguer\/#primaryimage"},"image":{"@id":"https:\/\/blog.tmgrupoinmobiliario.com\/de\/2026\/03\/11\/tm-real-estate-group-investiert-70-millionen-euro-in-sein-neues-wohnprojekt-in-canet-den-berenguer\/#primaryimage"},"thumbnailUrl":"https:\/\/blog.tmgrupoinmobiliario.com\/de\/wp-content\/uploads\/sites\/3\/2026\/03\/1000666-1.jpg","datePublished":"2026-03-11T12:26:44+00:00","author":{"@id":"https:\/\/blog.tmgrupoinmobiliario.com\/de\/#\/schema\/person\/ad7d97239ce82e1af205d57b005d3c36"},"breadcrumb":{"@id":"https:\/\/blog.tmgrupoinmobiliario.com\/de\/2026\/03\/11\/tm-real-estate-group-investiert-70-millionen-euro-in-sein-neues-wohnprojekt-in-canet-den-berenguer\/#breadcrumb"},"inLanguage":"de","potentialAction":[{"@type":"ReadAction","target":["https:\/\/blog.tmgrupoinmobiliario.com\/de\/2026\/03\/11\/tm-real-estate-group-investiert-70-millionen-euro-in-sein-neues-wohnprojekt-in-canet-den-berenguer\/"]}]},{"@type":"ImageObject","inLanguage":"de","@id":"https:\/\/blog.tmgrupoinmobiliario.com\/de\/2026\/03\/11\/tm-real-estate-group-investiert-70-millionen-euro-in-sein-neues-wohnprojekt-in-canet-den-berenguer\/#primaryimage","url":"https:\/\/blog.tmgrupoinmobiliario.com\/de\/wp-content\/uploads\/sites\/3\/2026\/03\/1000666-1.jpg","contentUrl":"https:\/\/blog.tmgrupoinmobiliario.com\/de\/wp-content\/uploads\/sites\/3\/2026\/03\/1000666-1.jpg","width":1000,"height":666},{"@type":"BreadcrumbList","@id":"https:\/\/blog.tmgrupoinmobiliario.com\/de\/2026\/03\/11\/tm-real-estate-group-investiert-70-millionen-euro-in-sein-neues-wohnprojekt-in-canet-den-berenguer\/#breadcrumb","itemListElement":[{"@type":"ListItem","position":1,"name":"Portada","item":"https:\/\/blog.tmgrupoinmobiliario.com\/de\/"},{"@type":"ListItem","position":2,"name":"TM Real Estate Group investiert 70 Millionen Euro in sein neues Wohnprojekt in Canet d\u2019en Berenguer"}]},{"@type":"WebSite","@id":"https:\/\/blog.tmgrupoinmobiliario.com\/de\/#website","url":"https:\/\/blog.tmgrupoinmobiliario.com\/de\/","name":"Deutsche","description":"Otro sitio m\u00e1s de Blog Desarrollo TM sitios","potentialAction":[{"@type":"SearchAction","target":{"@type":"EntryPoint","urlTemplate":"https:\/\/blog.tmgrupoinmobiliario.com\/de\/?s={search_term_string}"},"query-input":{"@type":"PropertyValueSpecification","valueRequired":true,"valueName":"search_term_string"}}],"inLanguage":"de"},{"@type":"Person","@id":"https:\/\/blog.tmgrupoinmobiliario.com\/de\/#\/schema\/person\/ad7d97239ce82e1af205d57b005d3c36","name":"laurabm","image":{"@type":"ImageObject","inLanguage":"de","@id":"https:\/\/secure.gravatar.com\/avatar\/a97e415f97899fc38aade30ac2e3143fcda2a8b75542722fce9a26dd00745c13?s=96&d=mm&r=g","url":"https:\/\/secure.gravatar.com\/avatar\/a97e415f97899fc38aade30ac2e3143fcda2a8b75542722fce9a26dd00745c13?s=96&d=mm&r=g","contentUrl":"https:\/\/secure.gravatar.com\/avatar\/a97e415f97899fc38aade30ac2e3143fcda2a8b75542722fce9a26dd00745c13?s=96&d=mm&r=g","caption":"laurabm"},"url":"https:\/\/blog.tmgrupoinmobiliario.com\/de\/author\/laurabm\/"}]}},"jetpack_featured_media_url":"https:\/\/blog.tmgrupoinmobiliario.com\/de\/wp-content\/uploads\/sites\/3\/2026\/03\/1000666-1.jpg","jetpack_sharing_enabled":true,"_links":{"self":[{"href":"https:\/\/blog.tmgrupoinmobiliario.com\/de\/wp-json\/wp\/v2\/posts\/16510","targetHints":{"allow":["GET"]}}],"collection":[{"href":"https:\/\/blog.tmgrupoinmobiliario.com\/de\/wp-json\/wp\/v2\/posts"}],"about":[{"href":"https:\/\/blog.tmgrupoinmobiliario.com\/de\/wp-json\/wp\/v2\/types\/post"}],"author":[{"embeddable":true,"href":"https:\/\/blog.tmgrupoinmobiliario.com\/de\/wp-json\/wp\/v2\/users\/11730"}],"replies":[{"embeddable":true,"href":"https:\/\/blog.tmgrupoinmobiliario.com\/de\/wp-json\/wp\/v2\/comments?post=16510"}],"version-history":[{"count":4,"href":"https:\/\/blog.tmgrupoinmobiliario.com\/de\/wp-json\/wp\/v2\/posts\/16510\/revisions"}],"predecessor-version":[{"id":16522,"href":"https:\/\/blog.tmgrupoinmobiliario.com\/de\/wp-json\/wp\/v2\/posts\/16510\/revisions\/16522"}],"wp:featuredmedia":[{"embeddable":true,"href":"https:\/\/blog.tmgrupoinmobiliario.com\/de\/wp-json\/wp\/v2\/media\/16518"}],"wp:attachment":[{"href":"https:\/\/blog.tmgrupoinmobiliario.com\/de\/wp-json\/wp\/v2\/media?parent=16510"}],"wp:term":[{"taxonomy":"category","embeddable":true,"href":"https:\/\/blog.tmgrupoinmobiliario.com\/de\/wp-json\/wp\/v2\/categories?post=16510"},{"taxonomy":"post_tag","embeddable":true,"href":"https:\/\/blog.tmgrupoinmobiliario.com\/de\/wp-json\/wp\/v2\/tags?post=16510"}],"curies":[{"name":"wp","href":"https:\/\/api.w.org\/{rel}","templated":true}]}}