{"id":16167,"date":"2024-10-01T12:47:51","date_gmt":"2024-10-01T10:47:51","guid":{"rendered":"https:\/\/blog.tmgrupoinmobiliario.com\/de\/?p=16167"},"modified":"2024-10-01T12:50:49","modified_gmt":"2024-10-01T10:50:49","slug":"benidorm-die-strahlende-perle-der-costa-blanca","status":"publish","type":"post","link":"https:\/\/blog.tmgrupoinmobiliario.com\/de\/2024\/10\/01\/benidorm-die-strahlende-perle-der-costa-blanca\/","title":{"rendered":"Benidorm: Die Strahlende Perle der Costa Blanca"},"content":{"rendered":"<h4><span style=\"color: #ff0000\"><strong>Ein Paradies f\u00fcr Sonnenanbeter und Meerliebhaber<\/strong><\/span><\/h4>\n<p>Benidorm ist bekannt f\u00fcr seine traumhaften Str\u00e4nde, die zu den besten Europas z\u00e4hlen. Der Playa de Levante und der Playa de Poniente erstrecken sich \u00fcber mehrere Kilometer und bieten feinen, goldenen Sand, kristallklares Wasser und eine hervorragende Infrastruktur. Die beiden Str\u00e4nde sind ideal f\u00fcr Sonnenanbeter, Wassersportler und Familien. W\u00e4hrend der Playa de Levante mit seinem lebhaften Treiben, Strandbars und einem pulsierenden Nachtleben lockt, bietet der Playa de Poniente eine ruhigere und entspanntere Atmosph\u00e4re.<\/p>\n<p>Dank seines milden Klimas ist Benidorm das ganze Jahr \u00fcber ein attraktives Reiseziel. Selbst im Winter fallen die Temperaturen selten unter 15 Grad Celsius, was die Stadt ideal f\u00fcr all jene macht, die dem kalten Wetter entfliehen m\u00f6chten.<\/p>\n<h3><span style=\"color: #ff0000;font-size: 16px\">Die Skyline von Benidorm: Ein Symbol f\u00fcr Wachstum und Modernit\u00e4t<\/span><\/h3>\n<p>Wenn man an Benidorm denkt, kommen einem unweigerlich die beeindruckenden Wolkenkratzer in den Sinn, die wie eine Miniaturversion von Manhattan anmuten. Die Stadt hat sich in den letzten Jahrzehnten von einem kleinen Fischerdorf zu einer der St\u00e4dte mit der h\u00f6chsten Dichte an Hochh\u00e4usern in Europa entwickelt. Dieser moderne Charakter macht Benidorm zu einem einzigartigen Ort an der spanischen Mittelmeerk\u00fcste und zieht jedes Jahr Tausende von Investoren an.<\/p>\n<p>Die Immobilienlandschaft in Benidorm ist vielf\u00e4ltig: Von luxuri\u00f6sen Apartments mit Meerblick \u00fcber moderne Villen bis hin zu traditionellen spanischen H\u00e4usern in den umliegenden Ortschaften \u2013 hier findet jeder das passende Objekt. Die stetige Entwicklung und die kontinuierliche Nachfrage machen Benidorm zu einem stabilen Markt f\u00fcr Immobilieninvestitionen.<\/p>\n<h4><span style=\"color: #ff0000\"> Attraktionen und Aktivit\u00e4ten: F\u00fcr jeden etwas dabei<\/span><\/h4>\n<p>Benidorm bietet eine F\u00fclle von Aktivit\u00e4ten und Attraktionen, die sowohl Besucher als auch Einheimische begeistern. F\u00fcr Familien ist ein Besuch im Themenpark Terra M\u00edtica oder im Wasserpark Aqualandia ein Muss. Die Parks bieten Unterhaltung und Nervenkitzel f\u00fcr alle Altersgruppen.<\/p>\n<p>F\u00fcr Naturliebhaber gibt es den nahegelegenen Naturpark Sierra Helada, der sich hervorragend f\u00fcr Wanderungen und Mountainbiketouren eignet. Von den Aussichtspunkten des Parks hat man einen atemberaubenden Blick auf die Stadt und die K\u00fcste. Zudem bietet Benidorm zahlreiche Wassersportm\u00f6glichkeiten wie Segeln, Tauchen oder Jet-Ski-Fahren.<\/p>\n<p>Kulturinteressierte k\u00f6nnen die Altstadt von Benidorm erkunden, die einen charmanten Kontrast zur modernen Skyline bildet. Hier findet man enge Gassen, wei\u00dfe H\u00e4user mit blauen Kacheln und den ber\u00fchmten Aussichtspunkt Balc\u00f3n del Mediterr\u00e1neo, von dem aus man einen spektakul\u00e4ren Blick \u00fcber das Meer hat.<\/p>\n<h4><span style=\"color: #ff0000\"><strong>Ein wachsender Immobilienmarkt<\/strong><\/span><\/h4>\n<p>In den letzten Jahren hat sich der Immobilienmarkt in Benidorm dynamisch entwickelt. Die Nachfrage nach hochwertigen Wohnimmobilien und Ferienapartments ist gestiegen, da immer mehr Menschen den Wunsch haben, einen Zweitwohnsitz oder eine rentable Investition in dieser aufstrebenden Stadt zu besitzen. Besonders gefragt sind Apartments in Strandn\u00e4he und Wohnanlagen mit moderner Ausstattung und umfassenden Serviceleistungen wie Gemeinschaftspools, Fitnessstudios und Sicherheitsdiensten.<\/p>\n<p>Die Preise f\u00fcr <a href=\"https:\/\/www.tmgrupoinmobiliario.com\/de\/wohnbauprojekte\/U84-01_wohnungen-meerblick-spanien-benidorm-alicante-eagle-tower-by-tm\" target=\"_blank\" rel=\"noopener\">Immobilien in Benidorm<\/a> variieren je nach Lage und Ausstattung, bieten aber im Vergleich zu anderen europ\u00e4ischen K\u00fcstenst\u00e4dten noch immer ein hervorragendes Preis-Leistungs-Verh\u00e4ltnis. Auch die Mietrenditen sind vielversprechend, da die Stadt das ganze Jahr \u00fcber eine hohe Auslastung durch Touristen verzeichnet.<\/p>\n<h4><span style=\"color: #ff0000\"><strong>Zukunftsperspektiven: Ein Ort voller M\u00f6glichkeiten\u00a0<\/strong><\/span><\/h4>\n<p>Die Stadtverwaltung von Benidorm setzt verst\u00e4rkt auf nachhaltige Entwicklung und Innovation, um die Stadt noch attraktiver f\u00fcr Bewohner und Investoren zu gestalten. Projekte zur Verbesserung der Infrastruktur, die Schaffung neuer Gr\u00fcnfl\u00e4chen und die F\u00f6rderung des nachhaltigen Tourismus sind nur einige der Initiativen, die derzeit umgesetzt werden.<\/p>\n<p>F\u00fcr potenzielle Immobilienk\u00e4ufer ist Benidorm somit ein Ort voller M\u00f6glichkeiten. Ob als Ferienwohnung, Altersruhesitz oder Kapitalanlage \u2013 die Stadt bietet f\u00fcr jeden etwas. Mit ihrer beeindruckenden Entwicklung, dem herrlichen Klima und den vielf\u00e4ltigen Freizeitm\u00f6glichkeiten wird Benidorm auch in Zukunft eine strahlende Perle an der Costa Blanca bleiben.<\/p>\n<h4><span style=\"color: #ff0000\"><strong>Fazit<\/strong><\/span><\/h4>\n<p>Benidorm ist weit mehr als nur ein Touristenort. Die Stadt vereint das Beste aus modernem Komfort, mediterranem Lebensstil und einer bl\u00fchenden Immobilienlandschaft. F\u00fcr all jene, die sich ein St\u00fcck von diesem Paradies sichern m\u00f6chten, bietet der Immobilienmarkt in Benidorm zahlreiche attraktive Optionen. Investieren Sie in die Zukunft \u2013 investieren Sie in Benidorm.<\/p>\n<p>&nbsp;<\/p>\n","protected":false},"excerpt":{"rendered":"<p>Ein Paradies f\u00fcr Sonnenanbeter und Meerliebhaber Benidorm ist bekannt f\u00fcr seine traumhaften Str\u00e4nde, die zu den besten Europas z\u00e4hlen. Der Playa de Levante und der Playa de Poniente erstrecken sich \u00fcber mehrere Kilometer und bieten feinen, goldenen Sand, kristallklares Wasser und eine hervorragende Infrastruktur. Die beiden Str\u00e4nde sind ideal f\u00fcr Sonnenanbeter, Wassersportler und Familien. W\u00e4hrend [&hellip;]<\/p>\n","protected":false},"author":11729,"featured_media":16170,"comment_status":"open","ping_status":"open","sticky":false,"template":"","format":"standard","meta":{"_jetpack_memberships_contains_paid_content":false,"footnotes":""},"categories":[64],"tags":[96,92,125],"class_list":["post-16167","post","type-post","status-publish","format-standard","has-post-thumbnail","hentry","category-life-style","tag-benidorm","tag-costa-blanca","tag-tm-real-estate-group","formato-blog"],"better_featured_image":{"id":16170,"alt_text":"Benidorm Die Strahlende Perle der Costa Blanca","caption":"","description":"","media_type":"image","media_details":{"width":1000,"height":666,"file":"2024\/10\/Benidorm-Die-Strahlende-Perle-der-Costa-Blanca.jpg","filesize":140168,"sizes":{"medium":{"file":"Benidorm-Die-Strahlende-Perle-der-Costa-Blanca-300x200.jpg","width":300,"height":200,"mime-type":"image\/jpeg","filesize":14275,"source_url":"https:\/\/blog.tmgrupoinmobiliario.com\/de\/wp-content\/uploads\/sites\/3\/2024\/10\/Benidorm-Die-Strahlende-Perle-der-Costa-Blanca-300x200.jpg"},"thumbnail":{"file":"Benidorm-Die-Strahlende-Perle-der-Costa-Blanca-150x150.jpg","width":150,"height":150,"mime-type":"image\/jpeg","filesize":5686,"source_url":"https:\/\/blog.tmgrupoinmobiliario.com\/de\/wp-content\/uploads\/sites\/3\/2024\/10\/Benidorm-Die-Strahlende-Perle-der-Costa-Blanca-150x150.jpg"},"medium_large":{"file":"Benidorm-Die-Strahlende-Perle-der-Costa-Blanca-768x511.jpg","width":768,"height":511,"mime-type":"image\/jpeg","filesize":77404,"source_url":"https:\/\/blog.tmgrupoinmobiliario.com\/de\/wp-content\/uploads\/sites\/3\/2024\/10\/Benidorm-Die-Strahlende-Perle-der-Costa-Blanca-768x511.jpg"}},"image_meta":{"aperture":"0","credit":"","camera":"","caption":"","created_timestamp":"0","copyright":"","focal_length":"0","iso":"0","shutter_speed":"0","title":"","orientation":"1","keywords":[]}},"post":16167,"source_url":"https:\/\/blog.tmgrupoinmobiliario.com\/de\/wp-content\/uploads\/sites\/3\/2024\/10\/Benidorm-Die-Strahlende-Perle-der-Costa-Blanca.jpg"},"acf":{"imagen_destacada_desktop":"https:\/\/blog.tmgrupoinmobiliario.com\/de\/wp-content\/uploads\/sites\/3\/2024\/10\/Benidorm-Die-Strahlende-Perle-der-Costa-Blanca-1920x870-1.jpg","imagen_destacada_mobile":"https:\/\/blog.tmgrupoinmobiliario.com\/de\/wp-content\/uploads\/sites\/3\/2024\/10\/Benidorm-Die-Strahlende-Perle-der-Costa-Blanca-540.jpg","formato":{"term_id":128,"name":"Blog","slug":"blog","term_group":0,"term_taxonomy_id":128,"taxonomy":"formato","description":"","parent":0,"count":60,"filter":"raw"},"entradilla":"Benidorm, eine der beliebtesten St\u00e4dte an der spanischen Costa Blanca, hat sich in den letzten Jahrzehnten zu einem internationalen Touristenmagneten entwickelt. Mit seiner markanten Skyline, die von hohen Hotel- und Apartmentkomplexen gepr\u00e4gt ist, und seinen endlosen Sandstr\u00e4nden ist Benidorm weit mehr als nur ein Urlaubsziel. Die Stadt vereint eine lebendige Atmosph\u00e4re mit einer reichen Geschichte und einer wachsenden Immobilienentwicklung, die es zu einem interessanten Ort f\u00fcr Investoren und Immobilieneigent\u00fcmer macht.","etiquetas":"","cabecera_escritorio":"https:\/\/blog.tmgrupoinmobiliario.com\/de\/wp-content\/uploads\/sites\/3\/2024\/10\/Benidorm-Die-Strahlende-Perle-der-Costa-Blanca-1200x300-.jpg","cabecera_mobile":"https:\/\/blog.tmgrupoinmobiliario.com\/de\/wp-content\/uploads\/sites\/3\/2024\/10\/Benidorm-Die-Strahlende-Perle-der-Costa-Blanca-768.jpg","galeria":false},"yoast_head":"<!-- This site is optimized with the Yoast SEO Premium plugin v23.6 (Yoast SEO v27.5) - https:\/\/yoast.com\/product\/yoast-seo-premium-wordpress\/ -->\n<title>Benidorm: Die Strahlende Perle der Costa Blanca - Deutsche<\/title>\n<meta name=\"description\" content=\"Benidorm, eine der beliebtesten St\u00e4dte an der spanischen Costa Blanca, hat sich in den letzten Jahrzehnten zu einem internationalen Touristenmagneten entwickelt.\" \/>\n<meta name=\"robots\" content=\"index, follow, max-snippet:-1, max-image-preview:large, max-video-preview:-1\" \/>\n<link rel=\"canonical\" href=\"https:\/\/blog.tmgrupoinmobiliario.com\/de\/2024\/10\/01\/benidorm-die-strahlende-perle-der-costa-blanca\/\" \/>\n<meta property=\"og:locale\" content=\"de_DE\" \/>\n<meta property=\"og:type\" content=\"article\" \/>\n<meta property=\"og:title\" content=\"Benidorm: Die Strahlende Perle der Costa Blanca\" \/>\n<meta property=\"og:description\" content=\"Benidorm, eine der beliebtesten St\u00e4dte an der spanischen Costa Blanca, hat sich in den letzten Jahrzehnten zu einem internationalen Touristenmagneten entwickelt.\" \/>\n<meta property=\"og:url\" content=\"https:\/\/blog.tmgrupoinmobiliario.com\/de\/2024\/10\/01\/benidorm-die-strahlende-perle-der-costa-blanca\/\" \/>\n<meta property=\"og:site_name\" content=\"Deutsche\" \/>\n<meta property=\"article:published_time\" content=\"2024-10-01T10:47:51+00:00\" \/>\n<meta property=\"article:modified_time\" content=\"2024-10-01T10:50:49+00:00\" \/>\n<meta property=\"og:image\" content=\"https:\/\/blog.tmgrupoinmobiliario.com\/de\/wp-content\/uploads\/sites\/3\/2024\/10\/Benidorm-Die-Strahlende-Perle-der-Costa-Blanca.jpg\" \/>\n\t<meta property=\"og:image:width\" content=\"1000\" \/>\n\t<meta property=\"og:image:height\" content=\"666\" \/>\n\t<meta property=\"og:image:type\" content=\"image\/jpeg\" \/>\n<meta name=\"author\" content=\"indira\" \/>\n<meta name=\"twitter:card\" content=\"summary_large_image\" \/>\n<meta name=\"twitter:label1\" content=\"Geschrieben von\" \/>\n\t<meta name=\"twitter:data1\" content=\"indira\" \/>\n\t<meta name=\"twitter:label2\" content=\"Gesch\u00e4tzte Lesezeit\" \/>\n\t<meta name=\"twitter:data2\" content=\"4\u00a0Minuten\" \/>\n<script type=\"application\/ld+json\" class=\"yoast-schema-graph\">{\"@context\":\"https:\\\/\\\/schema.org\",\"@graph\":[{\"@type\":\"Article\",\"@id\":\"https:\\\/\\\/blog.tmgrupoinmobiliario.com\\\/de\\\/2024\\\/10\\\/01\\\/benidorm-die-strahlende-perle-der-costa-blanca\\\/#article\",\"isPartOf\":{\"@id\":\"https:\\\/\\\/blog.tmgrupoinmobiliario.com\\\/de\\\/2024\\\/10\\\/01\\\/benidorm-die-strahlende-perle-der-costa-blanca\\\/\"},\"author\":{\"name\":\"indira\",\"@id\":\"https:\\\/\\\/blog.tmgrupoinmobiliario.com\\\/de\\\/#\\\/schema\\\/person\\\/bbbac745abadad64177a5ee6a73cbf7c\"},\"headline\":\"Benidorm: Die Strahlende Perle der Costa Blanca\",\"datePublished\":\"2024-10-01T10:47:51+00:00\",\"dateModified\":\"2024-10-01T10:50:49+00:00\",\"mainEntityOfPage\":{\"@id\":\"https:\\\/\\\/blog.tmgrupoinmobiliario.com\\\/de\\\/2024\\\/10\\\/01\\\/benidorm-die-strahlende-perle-der-costa-blanca\\\/\"},\"wordCount\":692,\"commentCount\":0,\"image\":{\"@id\":\"https:\\\/\\\/blog.tmgrupoinmobiliario.com\\\/de\\\/2024\\\/10\\\/01\\\/benidorm-die-strahlende-perle-der-costa-blanca\\\/#primaryimage\"},\"thumbnailUrl\":\"https:\\\/\\\/blog.tmgrupoinmobiliario.com\\\/de\\\/wp-content\\\/uploads\\\/sites\\\/3\\\/2024\\\/10\\\/Benidorm-Die-Strahlende-Perle-der-Costa-Blanca.jpg\",\"keywords\":[\"Benidorm\",\"costa blanca\",\"TM Real Estate Group\"],\"articleSection\":[\"LifeStyle\"],\"inLanguage\":\"de\",\"potentialAction\":[{\"@type\":\"CommentAction\",\"name\":\"Comment\",\"target\":[\"https:\\\/\\\/blog.tmgrupoinmobiliario.com\\\/de\\\/2024\\\/10\\\/01\\\/benidorm-die-strahlende-perle-der-costa-blanca\\\/#respond\"]}]},{\"@type\":\"WebPage\",\"@id\":\"https:\\\/\\\/blog.tmgrupoinmobiliario.com\\\/de\\\/2024\\\/10\\\/01\\\/benidorm-die-strahlende-perle-der-costa-blanca\\\/\",\"url\":\"https:\\\/\\\/blog.tmgrupoinmobiliario.com\\\/de\\\/2024\\\/10\\\/01\\\/benidorm-die-strahlende-perle-der-costa-blanca\\\/\",\"name\":\"Benidorm: Die Strahlende Perle der Costa Blanca - Deutsche\",\"isPartOf\":{\"@id\":\"https:\\\/\\\/blog.tmgrupoinmobiliario.com\\\/de\\\/#website\"},\"primaryImageOfPage\":{\"@id\":\"https:\\\/\\\/blog.tmgrupoinmobiliario.com\\\/de\\\/2024\\\/10\\\/01\\\/benidorm-die-strahlende-perle-der-costa-blanca\\\/#primaryimage\"},\"image\":{\"@id\":\"https:\\\/\\\/blog.tmgrupoinmobiliario.com\\\/de\\\/2024\\\/10\\\/01\\\/benidorm-die-strahlende-perle-der-costa-blanca\\\/#primaryimage\"},\"thumbnailUrl\":\"https:\\\/\\\/blog.tmgrupoinmobiliario.com\\\/de\\\/wp-content\\\/uploads\\\/sites\\\/3\\\/2024\\\/10\\\/Benidorm-Die-Strahlende-Perle-der-Costa-Blanca.jpg\",\"datePublished\":\"2024-10-01T10:47:51+00:00\",\"dateModified\":\"2024-10-01T10:50:49+00:00\",\"author\":{\"@id\":\"https:\\\/\\\/blog.tmgrupoinmobiliario.com\\\/de\\\/#\\\/schema\\\/person\\\/bbbac745abadad64177a5ee6a73cbf7c\"},\"description\":\"Benidorm, eine der beliebtesten St\u00e4dte an der spanischen Costa Blanca, hat sich in den letzten Jahrzehnten zu einem internationalen Touristenmagneten entwickelt.\",\"breadcrumb\":{\"@id\":\"https:\\\/\\\/blog.tmgrupoinmobiliario.com\\\/de\\\/2024\\\/10\\\/01\\\/benidorm-die-strahlende-perle-der-costa-blanca\\\/#breadcrumb\"},\"inLanguage\":\"de\",\"potentialAction\":[{\"@type\":\"ReadAction\",\"target\":[\"https:\\\/\\\/blog.tmgrupoinmobiliario.com\\\/de\\\/2024\\\/10\\\/01\\\/benidorm-die-strahlende-perle-der-costa-blanca\\\/\"]}]},{\"@type\":\"ImageObject\",\"inLanguage\":\"de\",\"@id\":\"https:\\\/\\\/blog.tmgrupoinmobiliario.com\\\/de\\\/2024\\\/10\\\/01\\\/benidorm-die-strahlende-perle-der-costa-blanca\\\/#primaryimage\",\"url\":\"https:\\\/\\\/blog.tmgrupoinmobiliario.com\\\/de\\\/wp-content\\\/uploads\\\/sites\\\/3\\\/2024\\\/10\\\/Benidorm-Die-Strahlende-Perle-der-Costa-Blanca.jpg\",\"contentUrl\":\"https:\\\/\\\/blog.tmgrupoinmobiliario.com\\\/de\\\/wp-content\\\/uploads\\\/sites\\\/3\\\/2024\\\/10\\\/Benidorm-Die-Strahlende-Perle-der-Costa-Blanca.jpg\",\"width\":1000,\"height\":666,\"caption\":\"Benidorm Die Strahlende Perle der Costa Blanca\"},{\"@type\":\"BreadcrumbList\",\"@id\":\"https:\\\/\\\/blog.tmgrupoinmobiliario.com\\\/de\\\/2024\\\/10\\\/01\\\/benidorm-die-strahlende-perle-der-costa-blanca\\\/#breadcrumb\",\"itemListElement\":[{\"@type\":\"ListItem\",\"position\":1,\"name\":\"Portada\",\"item\":\"https:\\\/\\\/blog.tmgrupoinmobiliario.com\\\/de\\\/\"},{\"@type\":\"ListItem\",\"position\":2,\"name\":\"Benidorm: Die Strahlende Perle der Costa Blanca\"}]},{\"@type\":\"WebSite\",\"@id\":\"https:\\\/\\\/blog.tmgrupoinmobiliario.com\\\/de\\\/#website\",\"url\":\"https:\\\/\\\/blog.tmgrupoinmobiliario.com\\\/de\\\/\",\"name\":\"Deutsche\",\"description\":\"Otro sitio m\u00e1s de Blog Desarrollo TM sitios\",\"potentialAction\":[{\"@type\":\"SearchAction\",\"target\":{\"@type\":\"EntryPoint\",\"urlTemplate\":\"https:\\\/\\\/blog.tmgrupoinmobiliario.com\\\/de\\\/?s={search_term_string}\"},\"query-input\":{\"@type\":\"PropertyValueSpecification\",\"valueRequired\":true,\"valueName\":\"search_term_string\"}}],\"inLanguage\":\"de\"},{\"@type\":\"Person\",\"@id\":\"https:\\\/\\\/blog.tmgrupoinmobiliario.com\\\/de\\\/#\\\/schema\\\/person\\\/bbbac745abadad64177a5ee6a73cbf7c\",\"name\":\"indira\",\"image\":{\"@type\":\"ImageObject\",\"inLanguage\":\"de\",\"@id\":\"https:\\\/\\\/secure.gravatar.com\\\/avatar\\\/e9bcc7a0bb2179240c56a1875899ce9a1dfa15d5b7527f71259eaee6010d7203?s=96&d=mm&r=g\",\"url\":\"https:\\\/\\\/secure.gravatar.com\\\/avatar\\\/e9bcc7a0bb2179240c56a1875899ce9a1dfa15d5b7527f71259eaee6010d7203?s=96&d=mm&r=g\",\"contentUrl\":\"https:\\\/\\\/secure.gravatar.com\\\/avatar\\\/e9bcc7a0bb2179240c56a1875899ce9a1dfa15d5b7527f71259eaee6010d7203?s=96&d=mm&r=g\",\"caption\":\"indira\"},\"url\":\"https:\\\/\\\/blog.tmgrupoinmobiliario.com\\\/de\\\/author\\\/indira\\\/\"}]}<\/script>\n<!-- \/ Yoast SEO Premium plugin. -->","yoast_head_json":{"title":"Benidorm: Die Strahlende Perle der Costa Blanca - Deutsche","description":"Benidorm, eine der beliebtesten St\u00e4dte an der spanischen Costa Blanca, hat sich in den letzten Jahrzehnten zu einem internationalen Touristenmagneten entwickelt.","robots":{"index":"index","follow":"follow","max-snippet":"max-snippet:-1","max-image-preview":"max-image-preview:large","max-video-preview":"max-video-preview:-1"},"canonical":"https:\/\/blog.tmgrupoinmobiliario.com\/de\/2024\/10\/01\/benidorm-die-strahlende-perle-der-costa-blanca\/","og_locale":"de_DE","og_type":"article","og_title":"Benidorm: Die Strahlende Perle der Costa Blanca","og_description":"Benidorm, eine der beliebtesten St\u00e4dte an der spanischen Costa Blanca, hat sich in den letzten Jahrzehnten zu einem internationalen Touristenmagneten entwickelt.","og_url":"https:\/\/blog.tmgrupoinmobiliario.com\/de\/2024\/10\/01\/benidorm-die-strahlende-perle-der-costa-blanca\/","og_site_name":"Deutsche","article_published_time":"2024-10-01T10:47:51+00:00","article_modified_time":"2024-10-01T10:50:49+00:00","og_image":[{"width":1000,"height":666,"url":"https:\/\/blog.tmgrupoinmobiliario.com\/de\/wp-content\/uploads\/sites\/3\/2024\/10\/Benidorm-Die-Strahlende-Perle-der-Costa-Blanca.jpg","type":"image\/jpeg"}],"author":"indira","twitter_card":"summary_large_image","twitter_misc":{"Geschrieben von":"indira","Gesch\u00e4tzte Lesezeit":"4\u00a0Minuten"},"schema":{"@context":"https:\/\/schema.org","@graph":[{"@type":"Article","@id":"https:\/\/blog.tmgrupoinmobiliario.com\/de\/2024\/10\/01\/benidorm-die-strahlende-perle-der-costa-blanca\/#article","isPartOf":{"@id":"https:\/\/blog.tmgrupoinmobiliario.com\/de\/2024\/10\/01\/benidorm-die-strahlende-perle-der-costa-blanca\/"},"author":{"name":"indira","@id":"https:\/\/blog.tmgrupoinmobiliario.com\/de\/#\/schema\/person\/bbbac745abadad64177a5ee6a73cbf7c"},"headline":"Benidorm: Die Strahlende Perle der Costa Blanca","datePublished":"2024-10-01T10:47:51+00:00","dateModified":"2024-10-01T10:50:49+00:00","mainEntityOfPage":{"@id":"https:\/\/blog.tmgrupoinmobiliario.com\/de\/2024\/10\/01\/benidorm-die-strahlende-perle-der-costa-blanca\/"},"wordCount":692,"commentCount":0,"image":{"@id":"https:\/\/blog.tmgrupoinmobiliario.com\/de\/2024\/10\/01\/benidorm-die-strahlende-perle-der-costa-blanca\/#primaryimage"},"thumbnailUrl":"https:\/\/blog.tmgrupoinmobiliario.com\/de\/wp-content\/uploads\/sites\/3\/2024\/10\/Benidorm-Die-Strahlende-Perle-der-Costa-Blanca.jpg","keywords":["Benidorm","costa blanca","TM Real Estate Group"],"articleSection":["LifeStyle"],"inLanguage":"de","potentialAction":[{"@type":"CommentAction","name":"Comment","target":["https:\/\/blog.tmgrupoinmobiliario.com\/de\/2024\/10\/01\/benidorm-die-strahlende-perle-der-costa-blanca\/#respond"]}]},{"@type":"WebPage","@id":"https:\/\/blog.tmgrupoinmobiliario.com\/de\/2024\/10\/01\/benidorm-die-strahlende-perle-der-costa-blanca\/","url":"https:\/\/blog.tmgrupoinmobiliario.com\/de\/2024\/10\/01\/benidorm-die-strahlende-perle-der-costa-blanca\/","name":"Benidorm: Die Strahlende Perle der Costa Blanca - Deutsche","isPartOf":{"@id":"https:\/\/blog.tmgrupoinmobiliario.com\/de\/#website"},"primaryImageOfPage":{"@id":"https:\/\/blog.tmgrupoinmobiliario.com\/de\/2024\/10\/01\/benidorm-die-strahlende-perle-der-costa-blanca\/#primaryimage"},"image":{"@id":"https:\/\/blog.tmgrupoinmobiliario.com\/de\/2024\/10\/01\/benidorm-die-strahlende-perle-der-costa-blanca\/#primaryimage"},"thumbnailUrl":"https:\/\/blog.tmgrupoinmobiliario.com\/de\/wp-content\/uploads\/sites\/3\/2024\/10\/Benidorm-Die-Strahlende-Perle-der-Costa-Blanca.jpg","datePublished":"2024-10-01T10:47:51+00:00","dateModified":"2024-10-01T10:50:49+00:00","author":{"@id":"https:\/\/blog.tmgrupoinmobiliario.com\/de\/#\/schema\/person\/bbbac745abadad64177a5ee6a73cbf7c"},"description":"Benidorm, eine der beliebtesten St\u00e4dte an der spanischen Costa Blanca, hat sich in den letzten Jahrzehnten zu einem internationalen Touristenmagneten entwickelt.","breadcrumb":{"@id":"https:\/\/blog.tmgrupoinmobiliario.com\/de\/2024\/10\/01\/benidorm-die-strahlende-perle-der-costa-blanca\/#breadcrumb"},"inLanguage":"de","potentialAction":[{"@type":"ReadAction","target":["https:\/\/blog.tmgrupoinmobiliario.com\/de\/2024\/10\/01\/benidorm-die-strahlende-perle-der-costa-blanca\/"]}]},{"@type":"ImageObject","inLanguage":"de","@id":"https:\/\/blog.tmgrupoinmobiliario.com\/de\/2024\/10\/01\/benidorm-die-strahlende-perle-der-costa-blanca\/#primaryimage","url":"https:\/\/blog.tmgrupoinmobiliario.com\/de\/wp-content\/uploads\/sites\/3\/2024\/10\/Benidorm-Die-Strahlende-Perle-der-Costa-Blanca.jpg","contentUrl":"https:\/\/blog.tmgrupoinmobiliario.com\/de\/wp-content\/uploads\/sites\/3\/2024\/10\/Benidorm-Die-Strahlende-Perle-der-Costa-Blanca.jpg","width":1000,"height":666,"caption":"Benidorm Die Strahlende Perle der Costa Blanca"},{"@type":"BreadcrumbList","@id":"https:\/\/blog.tmgrupoinmobiliario.com\/de\/2024\/10\/01\/benidorm-die-strahlende-perle-der-costa-blanca\/#breadcrumb","itemListElement":[{"@type":"ListItem","position":1,"name":"Portada","item":"https:\/\/blog.tmgrupoinmobiliario.com\/de\/"},{"@type":"ListItem","position":2,"name":"Benidorm: Die Strahlende Perle der Costa Blanca"}]},{"@type":"WebSite","@id":"https:\/\/blog.tmgrupoinmobiliario.com\/de\/#website","url":"https:\/\/blog.tmgrupoinmobiliario.com\/de\/","name":"Deutsche","description":"Otro sitio m\u00e1s de Blog Desarrollo TM sitios","potentialAction":[{"@type":"SearchAction","target":{"@type":"EntryPoint","urlTemplate":"https:\/\/blog.tmgrupoinmobiliario.com\/de\/?s={search_term_string}"},"query-input":{"@type":"PropertyValueSpecification","valueRequired":true,"valueName":"search_term_string"}}],"inLanguage":"de"},{"@type":"Person","@id":"https:\/\/blog.tmgrupoinmobiliario.com\/de\/#\/schema\/person\/bbbac745abadad64177a5ee6a73cbf7c","name":"indira","image":{"@type":"ImageObject","inLanguage":"de","@id":"https:\/\/secure.gravatar.com\/avatar\/e9bcc7a0bb2179240c56a1875899ce9a1dfa15d5b7527f71259eaee6010d7203?s=96&d=mm&r=g","url":"https:\/\/secure.gravatar.com\/avatar\/e9bcc7a0bb2179240c56a1875899ce9a1dfa15d5b7527f71259eaee6010d7203?s=96&d=mm&r=g","contentUrl":"https:\/\/secure.gravatar.com\/avatar\/e9bcc7a0bb2179240c56a1875899ce9a1dfa15d5b7527f71259eaee6010d7203?s=96&d=mm&r=g","caption":"indira"},"url":"https:\/\/blog.tmgrupoinmobiliario.com\/de\/author\/indira\/"}]}},"jetpack_featured_media_url":"https:\/\/blog.tmgrupoinmobiliario.com\/de\/wp-content\/uploads\/sites\/3\/2024\/10\/Benidorm-Die-Strahlende-Perle-der-Costa-Blanca.jpg","jetpack_sharing_enabled":true,"_links":{"self":[{"href":"https:\/\/blog.tmgrupoinmobiliario.com\/de\/wp-json\/wp\/v2\/posts\/16167","targetHints":{"allow":["GET"]}}],"collection":[{"href":"https:\/\/blog.tmgrupoinmobiliario.com\/de\/wp-json\/wp\/v2\/posts"}],"about":[{"href":"https:\/\/blog.tmgrupoinmobiliario.com\/de\/wp-json\/wp\/v2\/types\/post"}],"author":[{"embeddable":true,"href":"https:\/\/blog.tmgrupoinmobiliario.com\/de\/wp-json\/wp\/v2\/users\/11729"}],"replies":[{"embeddable":true,"href":"https:\/\/blog.tmgrupoinmobiliario.com\/de\/wp-json\/wp\/v2\/comments?post=16167"}],"version-history":[{"count":3,"href":"https:\/\/blog.tmgrupoinmobiliario.com\/de\/wp-json\/wp\/v2\/posts\/16167\/revisions"}],"predecessor-version":[{"id":16175,"href":"https:\/\/blog.tmgrupoinmobiliario.com\/de\/wp-json\/wp\/v2\/posts\/16167\/revisions\/16175"}],"wp:featuredmedia":[{"embeddable":true,"href":"https:\/\/blog.tmgrupoinmobiliario.com\/de\/wp-json\/wp\/v2\/media\/16170"}],"wp:attachment":[{"href":"https:\/\/blog.tmgrupoinmobiliario.com\/de\/wp-json\/wp\/v2\/media?parent=16167"}],"wp:term":[{"taxonomy":"category","embeddable":true,"href":"https:\/\/blog.tmgrupoinmobiliario.com\/de\/wp-json\/wp\/v2\/categories?post=16167"},{"taxonomy":"post_tag","embeddable":true,"href":"https:\/\/blog.tmgrupoinmobiliario.com\/de\/wp-json\/wp\/v2\/tags?post=16167"}],"curies":[{"name":"wp","href":"https:\/\/api.w.org\/{rel}","templated":true}]}}