{"id":16041,"date":"2024-07-08T09:51:35","date_gmt":"2024-07-08T07:51:35","guid":{"rendered":"https:\/\/blog.tmgrupoinmobiliario.com\/de\/?p=16041"},"modified":"2024-07-08T09:51:48","modified_gmt":"2024-07-08T07:51:48","slug":"die-holdinggesellschaft-tm-grupo-inmobiliario-steigert-ihren-umsatz-um-22-auf-3168-millionen-euro","status":"publish","type":"post","link":"https:\/\/blog.tmgrupoinmobiliario.com\/de\/2024\/07\/08\/die-holdinggesellschaft-tm-grupo-inmobiliario-steigert-ihren-umsatz-um-22-auf-3168-millionen-euro\/","title":{"rendered":"Die Holdinggesellschaft TM Grupo Inmobiliario steigert ihren Umsatz um 22 % auf 316,8 Millionen Euro"},"content":{"rendered":"<p><strong>Alicante, den 11. Juni 2024 <\/strong>&#8211; <a href=\"https:\/\/www.tmgrupoinmobiliario.com\/\"><strong>TM Grupo Inmobiliario<\/strong><\/a>, die f\u00fchrende Holdinggesellschaft mit Sitz in Alicante, die in den Bereichen Residenztourismus, Hotels und Ferienwohnungen t\u00e4tig ist und sich auf den Bau und die Entwicklung von Immobilien an der Mittelmeerk\u00fcste und in der Karibik spezialisiert hat, hat ihren konsolidierten Umsatz f\u00fcr das Gesch\u00e4ftsjahr 2023 mit einem<strong> Gesamtumsatz von 316,8\u00a0Millionen Euro \u2013 22\u00a0% mehr als im Gesch\u00e4ftsjahr 2022 \u2013 <\/strong>vorgelegt. Diese Rekordums\u00e4tze haben sich in einem ausgezeichneten<strong> konsolidierten Ergebnis vor Zinsen, Steuern und Abschreibungen in H\u00f6he von 77,5\u00a0Millionen Euro \u2013 23\u00a0% mehr als im vorangegangenen Zeitraum<\/strong> \u2013 niedergeschlagen.<\/p>\n<p>&nbsp;<\/p>\n<h3><span style=\"color: #e51e36\"><strong>F\u00fchrend im Bereich des Residenztourismus<\/strong><\/span><\/h3>\n<p>Im Jahr 2023 konnte die Entwicklungsabteilung ihre F\u00fchrungsposition im Bereich des Residenztourismus in Spanien festigen. Sie \u00fcbergab <strong>insgesamt 696\u00a0Wohnungen \u2013 33\u00a0% mehr als im Jahr 2022<\/strong> \u2013 <strong>und investierte 40<\/strong>\u00a0<strong>Millionen<\/strong> <strong>Euro<\/strong> in den Erwerb neuer strategischer Grundst\u00fccke im Mittelmeerraum. TM verf\u00fcgt derzeit \u00fcber eine Million Quadratmeter Dachfl\u00e4che in seinem Portfolio, was etwa 11\u00a0500 Wohnungen entspricht.<\/p>\n<p>Die Entwicklungsabteilung arbeitet derzeit an <strong>26\u00a0Projekten und 1800\u00a0Wohnungen<\/strong> und plant, dank ihres neuen Strategieplans 2024\u20132027 ihr nachhaltiges Wachstum mit dem Ziel fortzusetzen, bis zum Ende dieses Zeitraums <strong>1,1\u00a0Milliarden Umsatz, 3000\u00a0Verk\u00e4ufe und 3000\u00a0Wohnungs\u00fcbergaben<\/strong> zu erreichen. Zu diesem Zweck sollen die Investitionen in den Grundst\u00fcckserwerb im Vergleich zum vorherigen Strategiezyklus 2020\u20132023 verdoppelt werden.<\/p>\n<p>Das Kundenprofil von TM ist ausgesprochen international und umfasste im Jahr 2023 <strong>37\u00a0verschiedene Nationalit\u00e4ten<\/strong>. <strong>8 von 10\u00a0K\u00e4ufen wurden auf dem internationalen Markt get\u00e4tigt, wobei<\/strong> die Ergebnisse, die mit L\u00e4ndern wie <strong>Polen (18\u00a0%), Belgien (11\u00a0%), der Ukraine (8\u00a0%) und den Niederlanden (6\u00a0%<\/strong>) erzielt wurden, herausragend sind.<strong> Ebenso hat das Unternehmen erneut die durchschnittliche Kundenzufriedenheit von 95\u00a0% und die Zufriedenheit seiner Zulieferer von 86\u00a0% \u00fcbertroffen <\/strong>und damit sein unersch\u00fctterliches Engagement f\u00fcr hervorragende Leistungen gegen\u00fcber seinen Stakeholdern unter Beweis gestellt.<\/p>\n<p>Mit diesen Zahlen hat das Unternehmen mit Sitz in Torrevieja die Gesch\u00e4ftsziele seines Strategieplans 2020-23 erreicht, und zwar trotz der Unsicherheiten, die in diesen Jahren durch COVID-19, den Krieg in der Ukraine, die Inflation und den Anstieg der Rohstoffpreise entstanden sind, und es hat <strong>seine Position als eines der TOP-10-Unternehmen im Bereich der Immobilienentwicklung in Spanien gefestigt<\/strong>.<\/p>\n<p><strong>\u00a0<\/strong><\/p>\n<h3><span style=\"color: #e51e36\"><strong>Konsolidierung des Hotelgesch\u00e4fts und Diversifizierung der Holdinggesellschaft<\/strong><\/span><\/h3>\n<p><strong>Das<\/strong> <strong>Hotelgesch\u00e4ft in Mexiko, das unter der Marke The Fives Hotels &amp; Residences betrieben wird, schloss 2023 mit einem Umsatz von 53,7\u00a0Millionen Euro ab,<\/strong> <strong>was 17\u00a0% des Gesamtumsatzes der Gruppe entspricht<\/strong>. Auch die Hotelabteilung der Holdinggesellschaft hat einen neuen strategischen Zyklus nachhaltigen Wachstums zu bew\u00e4ltigen, wobei sie sich auf <strong>1000\u00a0Zimmer<\/strong> st\u00fctzt, die diese Abteilung an der Riviera Maya verwaltet, und zu denen k\u00fcrzlich ein neues Hotel hinzugekommen ist: The Beachfront<strong>. The Fives rechnet damit, bis 2027 einen Umsatz von 80\u00a0Millionen Euro zu erzielen<\/strong>, Zahlen, die die Marke zu einer touristischen Referenz in Mexiko machen w\u00fcrden.<\/p>\n<p>Was die \u00fcbrigen Gesch\u00e4ftsbereiche betrifft, so hat die landwirtschaftliche Abteilung \u201eLas Moreras Fruit &amp; Veggies\u201c das Jahr 2023 mit einer<strong> Gesamtproduktion <\/strong>von<strong> 2,6\u00a0Millionen Kilo Zitrusfr\u00fcchten <\/strong>abgeschlossen (37\u00a0% mehr als 2022); die Abteilung f\u00fcr Ferienvermietungen \u201eMar Holidays\u201c hat fast <strong>2100\u00a0Buchungen<\/strong> (18\u00a0% mehr) abgewickelt; und die Tochtergesellschaft f\u00fcr erneuerbare Energien f\u00fchrt die vier laufenden Projekte in Alicante fort.<\/p>\n<p><strong>\u00a0<\/strong><\/p>\n<h3><span style=\"color: #e51e36\"><strong>Erhebliche Fortschritte bei der Umsetzung des Masterplans zur Unternehmensverantwortung<\/strong><\/span><\/h3>\n<p>TM hat im Jahr 2023 seine Nachhaltigkeitsstrategie vorangetrieben und konnte <strong>90\u00a0% seiner 50\u00a0Verpflichtungen in den Bereichen Umwelt, Soziales und gute Unternehmensf\u00fchrung, die in seinem Masterplan f\u00fcr Unternehmensverantwortung festgelegt sind,<\/strong> erf\u00fcllen. Damit setzt sich die Holdinggesellschaft noch st\u00e4rker f\u00fcr die Wertschaffung zugunsten all ihrer Stakeholder ein. TM hat in den letzten vier Jahren im Einklang mit seiner Unternehmensverantwortung 1,12\u00a0Millionen Euro in die Entwicklung von 218\u00a0Projekten investiert, von denen 45\u00a0000\u00a0Menschen in Spanien und Mexiko profitiert haben. Das Unternehmen wird voraussichtlich in den n\u00e4chsten Tagen seinen neuen Nachhaltigkeitsbericht vorlegen, in dem die wichtigsten Meilensteine in den Bereichen Umwelt, Soziales und gute Unternehmensf\u00fchrung (ESG) behandelt werden.<\/p>\n<h3><span style=\"color: #e51e36\"><strong>Perspektiven f\u00fcr das Jahr 2024 und neuer Firmensitz im Jahr 2025<\/strong><\/span><\/h3>\n<p>Im Bereich der Immobilienentwicklung hat TM mit seiner Wirtschaftst\u00e4tigkeit im ersten Quartal des Jahres <strong>bereits 80\u00a0% seiner Umsatzziele f\u00fcr das Gesch\u00e4ftsjahr 2024 erreicht<\/strong>.<\/p>\n<p>Das Unternehmen macht auch Fortschritte beim Bau seines <strong>neuen Firmensitzes<\/strong> in Torrevieja. Dieses hochmoderne Geb\u00e4ude, das rund 200\u00a0Fachkr\u00e4fte beherbergen und hohe Standards in Bezug auf Nachhaltigkeit, Wohlbefinden, intelligente Geb\u00e4ude und Barrierefreiheit erf\u00fcllen wird, soll im Jahr 2025 eingeweiht werden.<\/p>\n<p><strong>Pablo Serna<\/strong>, CEO von TM Grupo Inmobiliario: \u201eAuch in diesem Jahr hat unsere Holdinggesellschaft ihre Solvenz unter Beweis gestellt, indem sie sowohl beim Umsatz als auch bei der Rentabilit\u00e4t Rekorde aufgestellt und die Ziele erreicht hat, die wir uns in unserem Strategieplan 2020\u20132023 gesetzt haben. Dieser Erfolg w\u00e4re ohne das Engagement unserer 1800 Fachkr\u00e4fte, ohne die Mitwirkung unserer Lieferanten und Partner und ohne das Vertrauen, das uns unsere Kunden jeden Tag entgegenbringen, nicht m\u00f6glich gewesen. 2024 stehen wir vor einem neuen strategischen Zyklus, f\u00fcr den wir ein nachhaltiges Wachstum in allen unseren Gesch\u00e4ftsbereichen anstreben. Wir sind davon \u00fcberzeugt, dass wir die Strategie und das erforderliche Talent haben, um unsere Vision erfolgreich in die Tat umzusetzen.\u201c<\/p>\n<p><img loading=\"lazy\" decoding=\"async\" class=\"aligncenter wp-image-24889 size-large\" title=\"Infograf\u00eda nueva sede corporativa de TM Grupo Inmobiliario\" src=\"https:\/\/www.tmgrupoinmobiliario.com\/blog\/wp-content\/uploads\/2024\/06\/6.8-Nueva-sede-exterior-noche-1024x576.jpg\" alt=\"Infograf\u00eda nueva sede corporativa de TM Grupo Inmobiliario\" width=\"1024\" height=\"576\" \/><\/p>\n","protected":false},"excerpt":{"rendered":"<p>Alicante, den 11. Juni 2024 &#8211; TM Grupo Inmobiliario, die f\u00fchrende Holdinggesellschaft mit Sitz in Alicante, die in den Bereichen Residenztourismus, Hotels und Ferienwohnungen t\u00e4tig ist und sich auf den Bau und die Entwicklung von Immobilien an der Mittelmeerk\u00fcste und in der Karibik spezialisiert hat, hat ihren konsolidierten Umsatz f\u00fcr das Gesch\u00e4ftsjahr 2023 mit einem [&hellip;]<\/p>\n","protected":false},"author":11730,"featured_media":16046,"comment_status":"open","ping_status":"open","sticky":false,"template":"","format":"standard","meta":{"_jetpack_memberships_contains_paid_content":false,"footnotes":""},"categories":[19,66,72,73],"tags":[],"class_list":["post-16041","post","type-post","status-publish","format-standard","has-post-thumbnail","hentry","category-aktuell-news","category-corporativo","category-notas-prensa","category-actualidad-tm","formato-comunicacion"],"better_featured_image":{"id":16046,"alt_text":"","caption":"","description":"","media_type":"image","media_details":{"width":1000,"height":666,"file":"2024\/07\/Sin-titulo-301.png","filesize":1004171,"sizes":{"medium":{"file":"Sin-titulo-301-300x200.png","width":300,"height":200,"mime-type":"image\/png","filesize":93848,"source_url":"https:\/\/blog.tmgrupoinmobiliario.com\/de\/wp-content\/uploads\/sites\/3\/2024\/07\/Sin-titulo-301-300x200.png"},"thumbnail":{"file":"Sin-titulo-301-150x150.png","width":150,"height":150,"mime-type":"image\/png","filesize":39537,"source_url":"https:\/\/blog.tmgrupoinmobiliario.com\/de\/wp-content\/uploads\/sites\/3\/2024\/07\/Sin-titulo-301-150x150.png"},"medium_large":{"file":"Sin-titulo-301-768x511.png","width":768,"height":511,"mime-type":"image\/png","filesize":495538,"source_url":"https:\/\/blog.tmgrupoinmobiliario.com\/de\/wp-content\/uploads\/sites\/3\/2024\/07\/Sin-titulo-301-768x511.png"}},"image_meta":{"aperture":"0","credit":"","camera":"","caption":"","created_timestamp":"0","copyright":"","focal_length":"0","iso":"0","shutter_speed":"0","title":"","orientation":"0","keywords":[]}},"post":16041,"source_url":"https:\/\/blog.tmgrupoinmobiliario.com\/de\/wp-content\/uploads\/sites\/3\/2024\/07\/Sin-titulo-301.png"},"acf":{"imagen_destacada_desktop":"https:\/\/blog.tmgrupoinmobiliario.com\/de\/wp-content\/uploads\/sites\/3\/2024\/07\/Sin-titulo-311.png","imagen_destacada_mobile":"https:\/\/blog.tmgrupoinmobiliario.com\/de\/wp-content\/uploads\/sites\/3\/2024\/07\/Sin-titulo-281.png","formato":{"term_id":76,"name":"Comunicaci\u00f3n","slug":"comunicacion","term_group":0,"term_taxonomy_id":76,"taxonomy":"formato","description":"","parent":0,"count":126,"filter":"raw"},"entradilla":"","etiquetas":"","cabecera_escritorio":"https:\/\/blog.tmgrupoinmobiliario.com\/de\/wp-content\/uploads\/sites\/3\/2024\/07\/Sin-titulo-321.png","cabecera_mobile":"https:\/\/blog.tmgrupoinmobiliario.com\/de\/wp-content\/uploads\/sites\/3\/2024\/07\/Sin-titulo-291.png","galeria":false},"yoast_head":"<!-- This site is optimized with the Yoast SEO Premium plugin v23.6 (Yoast SEO v27.4) - https:\/\/yoast.com\/product\/yoast-seo-premium-wordpress\/ -->\n<title>Die Holdinggesellschaft TM Grupo Inmobiliario steigert ihren Umsatz um 22 % auf 316,8 Millionen Euro - Deutsche<\/title>\n<meta name=\"robots\" content=\"index, follow, max-snippet:-1, max-image-preview:large, max-video-preview:-1\" \/>\n<link rel=\"canonical\" href=\"https:\/\/blog.tmgrupoinmobiliario.com\/de\/2024\/07\/08\/die-holdinggesellschaft-tm-grupo-inmobiliario-steigert-ihren-umsatz-um-22-auf-3168-millionen-euro\/\" \/>\n<meta property=\"og:locale\" content=\"de_DE\" \/>\n<meta property=\"og:type\" content=\"article\" \/>\n<meta property=\"og:title\" content=\"Die Holdinggesellschaft TM Grupo Inmobiliario steigert ihren Umsatz um 22 % auf 316,8 Millionen Euro\" \/>\n<meta property=\"og:description\" content=\"Alicante, den 11. Juni 2024 &#8211; TM Grupo Inmobiliario, die f\u00fchrende Holdinggesellschaft mit Sitz in Alicante, die in den Bereichen Residenztourismus, Hotels und Ferienwohnungen t\u00e4tig ist und sich auf den Bau und die Entwicklung von Immobilien an der Mittelmeerk\u00fcste und in der Karibik spezialisiert hat, hat ihren konsolidierten Umsatz f\u00fcr das Gesch\u00e4ftsjahr 2023 mit einem [&hellip;]\" \/>\n<meta property=\"og:url\" content=\"https:\/\/blog.tmgrupoinmobiliario.com\/de\/2024\/07\/08\/die-holdinggesellschaft-tm-grupo-inmobiliario-steigert-ihren-umsatz-um-22-auf-3168-millionen-euro\/\" \/>\n<meta property=\"og:site_name\" content=\"Deutsche\" \/>\n<meta property=\"article:published_time\" content=\"2024-07-08T07:51:35+00:00\" \/>\n<meta property=\"article:modified_time\" content=\"2024-07-08T07:51:48+00:00\" \/>\n<meta property=\"og:image\" content=\"https:\/\/blog.tmgrupoinmobiliario.com\/de\/wp-content\/uploads\/sites\/3\/2024\/07\/Sin-titulo-301.png\" \/>\n\t<meta property=\"og:image:width\" content=\"1000\" \/>\n\t<meta property=\"og:image:height\" content=\"666\" \/>\n\t<meta property=\"og:image:type\" content=\"image\/png\" \/>\n<meta name=\"author\" content=\"laurabm\" \/>\n<meta name=\"twitter:card\" content=\"summary_large_image\" \/>\n<meta name=\"twitter:label1\" content=\"Geschrieben von\" \/>\n\t<meta name=\"twitter:data1\" content=\"laurabm\" \/>\n\t<meta name=\"twitter:label2\" content=\"Gesch\u00e4tzte Lesezeit\" \/>\n\t<meta name=\"twitter:data2\" content=\"6\u00a0Minuten\" \/>\n<script type=\"application\/ld+json\" class=\"yoast-schema-graph\">{\"@context\":\"https:\\\/\\\/schema.org\",\"@graph\":[{\"@type\":\"Article\",\"@id\":\"https:\\\/\\\/blog.tmgrupoinmobiliario.com\\\/de\\\/2024\\\/07\\\/08\\\/die-holdinggesellschaft-tm-grupo-inmobiliario-steigert-ihren-umsatz-um-22-auf-3168-millionen-euro\\\/#article\",\"isPartOf\":{\"@id\":\"https:\\\/\\\/blog.tmgrupoinmobiliario.com\\\/de\\\/2024\\\/07\\\/08\\\/die-holdinggesellschaft-tm-grupo-inmobiliario-steigert-ihren-umsatz-um-22-auf-3168-millionen-euro\\\/\"},\"author\":{\"name\":\"laurabm\",\"@id\":\"https:\\\/\\\/blog.tmgrupoinmobiliario.com\\\/de\\\/#\\\/schema\\\/person\\\/ad7d97239ce82e1af205d57b005d3c36\"},\"headline\":\"Die Holdinggesellschaft TM Grupo Inmobiliario steigert ihren Umsatz um 22 % auf 316,8 Millionen Euro\",\"datePublished\":\"2024-07-08T07:51:35+00:00\",\"dateModified\":\"2024-07-08T07:51:48+00:00\",\"mainEntityOfPage\":{\"@id\":\"https:\\\/\\\/blog.tmgrupoinmobiliario.com\\\/de\\\/2024\\\/07\\\/08\\\/die-holdinggesellschaft-tm-grupo-inmobiliario-steigert-ihren-umsatz-um-22-auf-3168-millionen-euro\\\/\"},\"wordCount\":825,\"commentCount\":0,\"image\":{\"@id\":\"https:\\\/\\\/blog.tmgrupoinmobiliario.com\\\/de\\\/2024\\\/07\\\/08\\\/die-holdinggesellschaft-tm-grupo-inmobiliario-steigert-ihren-umsatz-um-22-auf-3168-millionen-euro\\\/#primaryimage\"},\"thumbnailUrl\":\"https:\\\/\\\/blog.tmgrupoinmobiliario.com\\\/de\\\/wp-content\\\/uploads\\\/sites\\\/3\\\/2024\\\/07\\\/Sin-titulo-301.png\",\"articleSection\":[\"Aktuell TM\",\"Corporativo\",\"Pressemitteilung\",\"TM Aktuell\"],\"inLanguage\":\"de\",\"potentialAction\":[{\"@type\":\"CommentAction\",\"name\":\"Comment\",\"target\":[\"https:\\\/\\\/blog.tmgrupoinmobiliario.com\\\/de\\\/2024\\\/07\\\/08\\\/die-holdinggesellschaft-tm-grupo-inmobiliario-steigert-ihren-umsatz-um-22-auf-3168-millionen-euro\\\/#respond\"]}]},{\"@type\":\"WebPage\",\"@id\":\"https:\\\/\\\/blog.tmgrupoinmobiliario.com\\\/de\\\/2024\\\/07\\\/08\\\/die-holdinggesellschaft-tm-grupo-inmobiliario-steigert-ihren-umsatz-um-22-auf-3168-millionen-euro\\\/\",\"url\":\"https:\\\/\\\/blog.tmgrupoinmobiliario.com\\\/de\\\/2024\\\/07\\\/08\\\/die-holdinggesellschaft-tm-grupo-inmobiliario-steigert-ihren-umsatz-um-22-auf-3168-millionen-euro\\\/\",\"name\":\"Die Holdinggesellschaft TM Grupo Inmobiliario steigert ihren Umsatz um 22 % auf 316,8 Millionen Euro - Deutsche\",\"isPartOf\":{\"@id\":\"https:\\\/\\\/blog.tmgrupoinmobiliario.com\\\/de\\\/#website\"},\"primaryImageOfPage\":{\"@id\":\"https:\\\/\\\/blog.tmgrupoinmobiliario.com\\\/de\\\/2024\\\/07\\\/08\\\/die-holdinggesellschaft-tm-grupo-inmobiliario-steigert-ihren-umsatz-um-22-auf-3168-millionen-euro\\\/#primaryimage\"},\"image\":{\"@id\":\"https:\\\/\\\/blog.tmgrupoinmobiliario.com\\\/de\\\/2024\\\/07\\\/08\\\/die-holdinggesellschaft-tm-grupo-inmobiliario-steigert-ihren-umsatz-um-22-auf-3168-millionen-euro\\\/#primaryimage\"},\"thumbnailUrl\":\"https:\\\/\\\/blog.tmgrupoinmobiliario.com\\\/de\\\/wp-content\\\/uploads\\\/sites\\\/3\\\/2024\\\/07\\\/Sin-titulo-301.png\",\"datePublished\":\"2024-07-08T07:51:35+00:00\",\"dateModified\":\"2024-07-08T07:51:48+00:00\",\"author\":{\"@id\":\"https:\\\/\\\/blog.tmgrupoinmobiliario.com\\\/de\\\/#\\\/schema\\\/person\\\/ad7d97239ce82e1af205d57b005d3c36\"},\"breadcrumb\":{\"@id\":\"https:\\\/\\\/blog.tmgrupoinmobiliario.com\\\/de\\\/2024\\\/07\\\/08\\\/die-holdinggesellschaft-tm-grupo-inmobiliario-steigert-ihren-umsatz-um-22-auf-3168-millionen-euro\\\/#breadcrumb\"},\"inLanguage\":\"de\",\"potentialAction\":[{\"@type\":\"ReadAction\",\"target\":[\"https:\\\/\\\/blog.tmgrupoinmobiliario.com\\\/de\\\/2024\\\/07\\\/08\\\/die-holdinggesellschaft-tm-grupo-inmobiliario-steigert-ihren-umsatz-um-22-auf-3168-millionen-euro\\\/\"]}]},{\"@type\":\"ImageObject\",\"inLanguage\":\"de\",\"@id\":\"https:\\\/\\\/blog.tmgrupoinmobiliario.com\\\/de\\\/2024\\\/07\\\/08\\\/die-holdinggesellschaft-tm-grupo-inmobiliario-steigert-ihren-umsatz-um-22-auf-3168-millionen-euro\\\/#primaryimage\",\"url\":\"https:\\\/\\\/blog.tmgrupoinmobiliario.com\\\/de\\\/wp-content\\\/uploads\\\/sites\\\/3\\\/2024\\\/07\\\/Sin-titulo-301.png\",\"contentUrl\":\"https:\\\/\\\/blog.tmgrupoinmobiliario.com\\\/de\\\/wp-content\\\/uploads\\\/sites\\\/3\\\/2024\\\/07\\\/Sin-titulo-301.png\",\"width\":1000,\"height\":666},{\"@type\":\"BreadcrumbList\",\"@id\":\"https:\\\/\\\/blog.tmgrupoinmobiliario.com\\\/de\\\/2024\\\/07\\\/08\\\/die-holdinggesellschaft-tm-grupo-inmobiliario-steigert-ihren-umsatz-um-22-auf-3168-millionen-euro\\\/#breadcrumb\",\"itemListElement\":[{\"@type\":\"ListItem\",\"position\":1,\"name\":\"Portada\",\"item\":\"https:\\\/\\\/blog.tmgrupoinmobiliario.com\\\/de\\\/\"},{\"@type\":\"ListItem\",\"position\":2,\"name\":\"Die Holdinggesellschaft TM Grupo Inmobiliario steigert ihren Umsatz um 22 % auf 316,8 Millionen Euro\"}]},{\"@type\":\"WebSite\",\"@id\":\"https:\\\/\\\/blog.tmgrupoinmobiliario.com\\\/de\\\/#website\",\"url\":\"https:\\\/\\\/blog.tmgrupoinmobiliario.com\\\/de\\\/\",\"name\":\"Deutsche\",\"description\":\"Otro sitio m\u00e1s de Blog Desarrollo TM sitios\",\"potentialAction\":[{\"@type\":\"SearchAction\",\"target\":{\"@type\":\"EntryPoint\",\"urlTemplate\":\"https:\\\/\\\/blog.tmgrupoinmobiliario.com\\\/de\\\/?s={search_term_string}\"},\"query-input\":{\"@type\":\"PropertyValueSpecification\",\"valueRequired\":true,\"valueName\":\"search_term_string\"}}],\"inLanguage\":\"de\"},{\"@type\":\"Person\",\"@id\":\"https:\\\/\\\/blog.tmgrupoinmobiliario.com\\\/de\\\/#\\\/schema\\\/person\\\/ad7d97239ce82e1af205d57b005d3c36\",\"name\":\"laurabm\",\"image\":{\"@type\":\"ImageObject\",\"inLanguage\":\"de\",\"@id\":\"https:\\\/\\\/secure.gravatar.com\\\/avatar\\\/a97e415f97899fc38aade30ac2e3143fcda2a8b75542722fce9a26dd00745c13?s=96&d=mm&r=g\",\"url\":\"https:\\\/\\\/secure.gravatar.com\\\/avatar\\\/a97e415f97899fc38aade30ac2e3143fcda2a8b75542722fce9a26dd00745c13?s=96&d=mm&r=g\",\"contentUrl\":\"https:\\\/\\\/secure.gravatar.com\\\/avatar\\\/a97e415f97899fc38aade30ac2e3143fcda2a8b75542722fce9a26dd00745c13?s=96&d=mm&r=g\",\"caption\":\"laurabm\"},\"url\":\"https:\\\/\\\/blog.tmgrupoinmobiliario.com\\\/de\\\/author\\\/laurabm\\\/\"}]}<\/script>\n<!-- \/ Yoast SEO Premium plugin. -->","yoast_head_json":{"title":"Die Holdinggesellschaft TM Grupo Inmobiliario steigert ihren Umsatz um 22 % auf 316,8 Millionen Euro - Deutsche","robots":{"index":"index","follow":"follow","max-snippet":"max-snippet:-1","max-image-preview":"max-image-preview:large","max-video-preview":"max-video-preview:-1"},"canonical":"https:\/\/blog.tmgrupoinmobiliario.com\/de\/2024\/07\/08\/die-holdinggesellschaft-tm-grupo-inmobiliario-steigert-ihren-umsatz-um-22-auf-3168-millionen-euro\/","og_locale":"de_DE","og_type":"article","og_title":"Die Holdinggesellschaft TM Grupo Inmobiliario steigert ihren Umsatz um 22 % auf 316,8 Millionen Euro","og_description":"Alicante, den 11. Juni 2024 &#8211; TM Grupo Inmobiliario, die f\u00fchrende Holdinggesellschaft mit Sitz in Alicante, die in den Bereichen Residenztourismus, Hotels und Ferienwohnungen t\u00e4tig ist und sich auf den Bau und die Entwicklung von Immobilien an der Mittelmeerk\u00fcste und in der Karibik spezialisiert hat, hat ihren konsolidierten Umsatz f\u00fcr das Gesch\u00e4ftsjahr 2023 mit einem [&hellip;]","og_url":"https:\/\/blog.tmgrupoinmobiliario.com\/de\/2024\/07\/08\/die-holdinggesellschaft-tm-grupo-inmobiliario-steigert-ihren-umsatz-um-22-auf-3168-millionen-euro\/","og_site_name":"Deutsche","article_published_time":"2024-07-08T07:51:35+00:00","article_modified_time":"2024-07-08T07:51:48+00:00","og_image":[{"width":1000,"height":666,"url":"https:\/\/blog.tmgrupoinmobiliario.com\/de\/wp-content\/uploads\/sites\/3\/2024\/07\/Sin-titulo-301.png","type":"image\/png"}],"author":"laurabm","twitter_card":"summary_large_image","twitter_misc":{"Geschrieben von":"laurabm","Gesch\u00e4tzte Lesezeit":"6\u00a0Minuten"},"schema":{"@context":"https:\/\/schema.org","@graph":[{"@type":"Article","@id":"https:\/\/blog.tmgrupoinmobiliario.com\/de\/2024\/07\/08\/die-holdinggesellschaft-tm-grupo-inmobiliario-steigert-ihren-umsatz-um-22-auf-3168-millionen-euro\/#article","isPartOf":{"@id":"https:\/\/blog.tmgrupoinmobiliario.com\/de\/2024\/07\/08\/die-holdinggesellschaft-tm-grupo-inmobiliario-steigert-ihren-umsatz-um-22-auf-3168-millionen-euro\/"},"author":{"name":"laurabm","@id":"https:\/\/blog.tmgrupoinmobiliario.com\/de\/#\/schema\/person\/ad7d97239ce82e1af205d57b005d3c36"},"headline":"Die Holdinggesellschaft TM Grupo Inmobiliario steigert ihren Umsatz um 22 % auf 316,8 Millionen Euro","datePublished":"2024-07-08T07:51:35+00:00","dateModified":"2024-07-08T07:51:48+00:00","mainEntityOfPage":{"@id":"https:\/\/blog.tmgrupoinmobiliario.com\/de\/2024\/07\/08\/die-holdinggesellschaft-tm-grupo-inmobiliario-steigert-ihren-umsatz-um-22-auf-3168-millionen-euro\/"},"wordCount":825,"commentCount":0,"image":{"@id":"https:\/\/blog.tmgrupoinmobiliario.com\/de\/2024\/07\/08\/die-holdinggesellschaft-tm-grupo-inmobiliario-steigert-ihren-umsatz-um-22-auf-3168-millionen-euro\/#primaryimage"},"thumbnailUrl":"https:\/\/blog.tmgrupoinmobiliario.com\/de\/wp-content\/uploads\/sites\/3\/2024\/07\/Sin-titulo-301.png","articleSection":["Aktuell TM","Corporativo","Pressemitteilung","TM Aktuell"],"inLanguage":"de","potentialAction":[{"@type":"CommentAction","name":"Comment","target":["https:\/\/blog.tmgrupoinmobiliario.com\/de\/2024\/07\/08\/die-holdinggesellschaft-tm-grupo-inmobiliario-steigert-ihren-umsatz-um-22-auf-3168-millionen-euro\/#respond"]}]},{"@type":"WebPage","@id":"https:\/\/blog.tmgrupoinmobiliario.com\/de\/2024\/07\/08\/die-holdinggesellschaft-tm-grupo-inmobiliario-steigert-ihren-umsatz-um-22-auf-3168-millionen-euro\/","url":"https:\/\/blog.tmgrupoinmobiliario.com\/de\/2024\/07\/08\/die-holdinggesellschaft-tm-grupo-inmobiliario-steigert-ihren-umsatz-um-22-auf-3168-millionen-euro\/","name":"Die Holdinggesellschaft TM Grupo Inmobiliario steigert ihren Umsatz um 22 % auf 316,8 Millionen Euro - Deutsche","isPartOf":{"@id":"https:\/\/blog.tmgrupoinmobiliario.com\/de\/#website"},"primaryImageOfPage":{"@id":"https:\/\/blog.tmgrupoinmobiliario.com\/de\/2024\/07\/08\/die-holdinggesellschaft-tm-grupo-inmobiliario-steigert-ihren-umsatz-um-22-auf-3168-millionen-euro\/#primaryimage"},"image":{"@id":"https:\/\/blog.tmgrupoinmobiliario.com\/de\/2024\/07\/08\/die-holdinggesellschaft-tm-grupo-inmobiliario-steigert-ihren-umsatz-um-22-auf-3168-millionen-euro\/#primaryimage"},"thumbnailUrl":"https:\/\/blog.tmgrupoinmobiliario.com\/de\/wp-content\/uploads\/sites\/3\/2024\/07\/Sin-titulo-301.png","datePublished":"2024-07-08T07:51:35+00:00","dateModified":"2024-07-08T07:51:48+00:00","author":{"@id":"https:\/\/blog.tmgrupoinmobiliario.com\/de\/#\/schema\/person\/ad7d97239ce82e1af205d57b005d3c36"},"breadcrumb":{"@id":"https:\/\/blog.tmgrupoinmobiliario.com\/de\/2024\/07\/08\/die-holdinggesellschaft-tm-grupo-inmobiliario-steigert-ihren-umsatz-um-22-auf-3168-millionen-euro\/#breadcrumb"},"inLanguage":"de","potentialAction":[{"@type":"ReadAction","target":["https:\/\/blog.tmgrupoinmobiliario.com\/de\/2024\/07\/08\/die-holdinggesellschaft-tm-grupo-inmobiliario-steigert-ihren-umsatz-um-22-auf-3168-millionen-euro\/"]}]},{"@type":"ImageObject","inLanguage":"de","@id":"https:\/\/blog.tmgrupoinmobiliario.com\/de\/2024\/07\/08\/die-holdinggesellschaft-tm-grupo-inmobiliario-steigert-ihren-umsatz-um-22-auf-3168-millionen-euro\/#primaryimage","url":"https:\/\/blog.tmgrupoinmobiliario.com\/de\/wp-content\/uploads\/sites\/3\/2024\/07\/Sin-titulo-301.png","contentUrl":"https:\/\/blog.tmgrupoinmobiliario.com\/de\/wp-content\/uploads\/sites\/3\/2024\/07\/Sin-titulo-301.png","width":1000,"height":666},{"@type":"BreadcrumbList","@id":"https:\/\/blog.tmgrupoinmobiliario.com\/de\/2024\/07\/08\/die-holdinggesellschaft-tm-grupo-inmobiliario-steigert-ihren-umsatz-um-22-auf-3168-millionen-euro\/#breadcrumb","itemListElement":[{"@type":"ListItem","position":1,"name":"Portada","item":"https:\/\/blog.tmgrupoinmobiliario.com\/de\/"},{"@type":"ListItem","position":2,"name":"Die Holdinggesellschaft TM Grupo Inmobiliario steigert ihren Umsatz um 22 % auf 316,8 Millionen Euro"}]},{"@type":"WebSite","@id":"https:\/\/blog.tmgrupoinmobiliario.com\/de\/#website","url":"https:\/\/blog.tmgrupoinmobiliario.com\/de\/","name":"Deutsche","description":"Otro sitio m\u00e1s de Blog Desarrollo TM sitios","potentialAction":[{"@type":"SearchAction","target":{"@type":"EntryPoint","urlTemplate":"https:\/\/blog.tmgrupoinmobiliario.com\/de\/?s={search_term_string}"},"query-input":{"@type":"PropertyValueSpecification","valueRequired":true,"valueName":"search_term_string"}}],"inLanguage":"de"},{"@type":"Person","@id":"https:\/\/blog.tmgrupoinmobiliario.com\/de\/#\/schema\/person\/ad7d97239ce82e1af205d57b005d3c36","name":"laurabm","image":{"@type":"ImageObject","inLanguage":"de","@id":"https:\/\/secure.gravatar.com\/avatar\/a97e415f97899fc38aade30ac2e3143fcda2a8b75542722fce9a26dd00745c13?s=96&d=mm&r=g","url":"https:\/\/secure.gravatar.com\/avatar\/a97e415f97899fc38aade30ac2e3143fcda2a8b75542722fce9a26dd00745c13?s=96&d=mm&r=g","contentUrl":"https:\/\/secure.gravatar.com\/avatar\/a97e415f97899fc38aade30ac2e3143fcda2a8b75542722fce9a26dd00745c13?s=96&d=mm&r=g","caption":"laurabm"},"url":"https:\/\/blog.tmgrupoinmobiliario.com\/de\/author\/laurabm\/"}]}},"jetpack_featured_media_url":"https:\/\/blog.tmgrupoinmobiliario.com\/de\/wp-content\/uploads\/sites\/3\/2024\/07\/Sin-titulo-301.png","jetpack_sharing_enabled":true,"_links":{"self":[{"href":"https:\/\/blog.tmgrupoinmobiliario.com\/de\/wp-json\/wp\/v2\/posts\/16041","targetHints":{"allow":["GET"]}}],"collection":[{"href":"https:\/\/blog.tmgrupoinmobiliario.com\/de\/wp-json\/wp\/v2\/posts"}],"about":[{"href":"https:\/\/blog.tmgrupoinmobiliario.com\/de\/wp-json\/wp\/v2\/types\/post"}],"author":[{"embeddable":true,"href":"https:\/\/blog.tmgrupoinmobiliario.com\/de\/wp-json\/wp\/v2\/users\/11730"}],"replies":[{"embeddable":true,"href":"https:\/\/blog.tmgrupoinmobiliario.com\/de\/wp-json\/wp\/v2\/comments?post=16041"}],"version-history":[{"count":2,"href":"https:\/\/blog.tmgrupoinmobiliario.com\/de\/wp-json\/wp\/v2\/posts\/16041\/revisions"}],"predecessor-version":[{"id":16048,"href":"https:\/\/blog.tmgrupoinmobiliario.com\/de\/wp-json\/wp\/v2\/posts\/16041\/revisions\/16048"}],"wp:featuredmedia":[{"embeddable":true,"href":"https:\/\/blog.tmgrupoinmobiliario.com\/de\/wp-json\/wp\/v2\/media\/16046"}],"wp:attachment":[{"href":"https:\/\/blog.tmgrupoinmobiliario.com\/de\/wp-json\/wp\/v2\/media?parent=16041"}],"wp:term":[{"taxonomy":"category","embeddable":true,"href":"https:\/\/blog.tmgrupoinmobiliario.com\/de\/wp-json\/wp\/v2\/categories?post=16041"},{"taxonomy":"post_tag","embeddable":true,"href":"https:\/\/blog.tmgrupoinmobiliario.com\/de\/wp-json\/wp\/v2\/tags?post=16041"}],"curies":[{"name":"wp","href":"https:\/\/api.w.org\/{rel}","templated":true}]}}