{"id":15921,"date":"2024-05-03T17:58:32","date_gmt":"2024-05-03T15:58:32","guid":{"rendered":"https:\/\/blog.tmgrupoinmobiliario.com\/de\/?p=15921"},"modified":"2024-05-15T18:34:20","modified_gmt":"2024-05-15T16:34:20","slug":"wie-sie-ihre-kueche-mit-einer-zentralen-insel-einrichten","status":"publish","type":"post","link":"https:\/\/blog.tmgrupoinmobiliario.com\/de\/2024\/05\/03\/wie-sie-ihre-kueche-mit-einer-zentralen-insel-einrichten\/","title":{"rendered":"Wie Sie Ihre K\u00fcche mit einer zentralen Insel einrichten"},"content":{"rendered":"<h2><\/h2>\n<h3><span style=\"color: #ff0000\"><strong>Insel, Halbinsel oder K\u00fcchentheke als Raumtrennung<\/strong><\/span><\/h3>\n<p>Dank der Insel, Halbinsel oder K\u00fcchentheke, die als Raumtrenner dienen, sind keine W\u00e4nde zwischen K\u00fcche und Wohn- und Esszimmer notwendig. Bei TM Grupo Inmobiliario finden Sie in allen unseren Immobilien eine K\u00fcchentheke, eine Halbinsel oder eine Insel, die die K\u00fcche vom Esszimmer mit einem zentralen Tisch und St\u00fchlen sowie vom Wohnzimmer mit Sofa und direktem Zugang zum Au\u00dfenbereich der Immobilie trennt. Wer w\u00fcrde nicht gerne mit der ganzen Familie in der Wohnk\u00fcche seiner Immobilien essen?<\/p>\n<h3><span style=\"color: #ff0000\"><strong>Bessere Beleuchtung<\/strong><\/span><\/h3>\n<p>Die Beleuchtung spielt eine entscheidende Rolle in Ihrer K\u00fcche. Deshalb ist es ratsam, zus\u00e4tzlich zu den Deckenstrahlern, die den Raum direkt beleuchten, auch Pendelleuchten \u00fcber Ihrer Insel oder K\u00fcchentheke anzubringen, um diesen Bereich optimal zu beleuchten und ihn besser zur Geltung zu bringen. Au\u00dferdem k\u00f6nnen Sie LED-Streifen unter den Schr\u00e4nken anbringen, um die Arbeitsfl\u00e4chen zu beleuchten. Wissen Sie schon, welche Lampen Sie in Ihrer K\u00fcche anbringen wollen?<\/p>\n<h3><span style=\"color: #ff0000\"><strong>Platz zum Essen<\/strong><\/span><\/h3>\n<p>Wenn Sie eine ger\u00e4umige K\u00fcche haben, k\u00f6nnen Sie einen Essbereich an Ihrer K\u00fccheninsel einrichten, indem Sie mehrere Hocker aufstellen. Wenn Sie dagegen einen Tisch neben der K\u00fcchentheke oder Halbinsel aufstellen, haben Sie mehr Platz zum Mittag- oder Abendessen oder sogar, um im Home Office zu arbeiten. Und wenn Sie Familie oder Freunde zu Besuch haben, fungiert die zentrale Insel als der perfekte Verbindungspunkt zwischen K\u00fcche und Esszimmer in Ihrem Zuhause.<\/p>\n<h3><span style=\"color: #ff0000\"><strong>Stauraum f\u00fcr K\u00fcchenutensilien<\/strong><\/span><\/h3>\n<p>Sind Sie ein organisierter Mensch? Bewahren Sie Ihre K\u00fcchenutensilien und Kleinger\u00e4te wie den Toaster oder den Mixer gerne au\u00dfer Sichtweite auf? Dann nutzen Sie den Stauraum in den Schr\u00e4nken und Schubladen Ihrer K\u00fccheninsel und in den oberen Schr\u00e4nken Ihrer K\u00fcchenarbeitsplatte optimal aus. So gewinnen Sie Platz und ein Gef\u00fchl von Ger\u00e4umigkeit, da alle Arbeitsfl\u00e4chen in Ihrer K\u00fcche unbesetzt sind.<\/p>\n<h3><span style=\"color: #ff0000\"><strong>K\u00fcche mit dem Wohnzimmer verbunden<\/strong><\/span><\/h3>\n<p>Der Traum eines jeden: eine K\u00fcche, die nahtlos ins Wohn- und Esszimmer integriert ist. Die meisten K\u00fcchen sind mit integrierten Ger\u00e4ten wie Geschirrsp\u00fcler, Backofen, Mikrowelle usw. ausgestattet, die somit Teil der K\u00fcchenschr\u00e4nke werden. Es gibt K\u00fccheninseln, die alles bieten: ein Cerankochfeld mit der entsprechenden Dunstabzugshaube zum Kochen, sowie ein integriertes Sp\u00fclbecken zum Abwaschen. Das alles direkt im Wohn-Esszimmer der Immobilie, sodass man gleichzeitig die K\u00fcche und das Wohnzimmer genie\u00dfen kann.<\/p>\n<h3><span style=\"color: #ff0000\"><strong>Multifunktionale K\u00fcchentheke<\/strong><\/span><\/h3>\n<p>Wer sagt denn, dass die K\u00fcche nur zum Kochen da sein muss? Sie kann ein lustiger Ort sein, wo man neue Rezepte lernt, sich trifft, wenn man Freunde oder Familie zu Besuch hat, im Home Office arbeitet oder Erledigungen macht, wenn man einen bequemen Hocker hat. Au\u00dferdem kann sie als Ablageort f\u00fcr zubereitete Speisen dienen, als Obstschale f\u00fcr frisches Obst&#8230; All diese M\u00f6glichkeiten stehen Ihnen zur Verf\u00fcgung, um Ihre K\u00fcchentheke multifunktional zu gestalten!<\/p>\n<p>&nbsp;<\/p>\n","protected":false},"excerpt":{"rendered":"<p>Insel, Halbinsel oder K\u00fcchentheke als Raumtrennung Dank der Insel, Halbinsel oder K\u00fcchentheke, die als Raumtrenner dienen, sind keine W\u00e4nde zwischen K\u00fcche und Wohn- und Esszimmer notwendig. Bei TM Grupo Inmobiliario finden Sie in allen unseren Immobilien eine K\u00fcchentheke, eine Halbinsel oder eine Insel, die die K\u00fcche vom Esszimmer mit einem zentralen Tisch und St\u00fchlen sowie [&hellip;]<\/p>\n","protected":false},"author":11729,"featured_media":15927,"comment_status":"open","ping_status":"open","sticky":false,"template":"","format":"standard","meta":{"_jetpack_memberships_contains_paid_content":false,"footnotes":""},"categories":[64],"tags":[188,125],"class_list":["post-15921","post","type-post","status-publish","format-standard","has-post-thumbnail","hentry","category-life-style","tag-kueche-mit-einer-zentralen-insel-einrichten","tag-tm-real-estate-group","formato-blog"],"better_featured_image":{"id":15927,"alt_text":"Wie Sie Ihre K\u00fcche mit einer zentralen Insel einrichten","caption":"","description":"","media_type":"image","media_details":{"width":1000,"height":666,"file":"2024\/05\/Cocina-con-isla-central.jpg","filesize":73795,"sizes":{"medium":{"file":"Cocina-con-isla-central-300x200.jpg","width":300,"height":200,"mime-type":"image\/jpeg","filesize":12009,"source_url":"https:\/\/blog.tmgrupoinmobiliario.com\/de\/wp-content\/uploads\/sites\/3\/2024\/05\/Cocina-con-isla-central-300x200.jpg"},"thumbnail":{"file":"Cocina-con-isla-central-150x150.jpg","width":150,"height":150,"mime-type":"image\/jpeg","filesize":5710,"source_url":"https:\/\/blog.tmgrupoinmobiliario.com\/de\/wp-content\/uploads\/sites\/3\/2024\/05\/Cocina-con-isla-central-150x150.jpg"},"medium_large":{"file":"Cocina-con-isla-central-768x511.jpg","width":768,"height":511,"mime-type":"image\/jpeg","filesize":47222,"source_url":"https:\/\/blog.tmgrupoinmobiliario.com\/de\/wp-content\/uploads\/sites\/3\/2024\/05\/Cocina-con-isla-central-768x511.jpg"}},"image_meta":{"aperture":"0","credit":"","camera":"","caption":"xr:d:DAFk84kGWuk:95,j:5015182737924040479,t:24041116","created_timestamp":"0","copyright":"","focal_length":"0","iso":"0","shutter_speed":"0","title":"xr:d:DAFk84kGWuk:95,j:5015182737924040479,t:24041116","orientation":"1","keywords":[]}},"post":15921,"source_url":"https:\/\/blog.tmgrupoinmobiliario.com\/de\/wp-content\/uploads\/sites\/3\/2024\/05\/Cocina-con-isla-central.jpg"},"acf":{"imagen_destacada_desktop":"https:\/\/blog.tmgrupoinmobiliario.com\/de\/wp-content\/uploads\/sites\/3\/2024\/05\/Cocina-con-isla-cen-1920x870-1.jpg","imagen_destacada_mobile":"https:\/\/blog.tmgrupoinmobiliario.com\/de\/wp-content\/uploads\/sites\/3\/2024\/05\/Cocina-con-isla-central-540.jpg","formato":{"term_id":128,"name":"Blog","slug":"blog","term_group":0,"term_taxonomy_id":128,"taxonomy":"formato","description":"","parent":0,"count":60,"filter":"raw"},"entradilla":"Die K\u00fcche ist vielleicht einer der R\u00e4ume, in dem die ganze Familie zusammenkommt und in dem die meiste Zeit verbracht wird, sei es beim Kochen oder beim Essen. Besonders wenn sie offen und mit dem Wohn-Esszimmer verbunden ist, wird sie zweifellos zum begehrtesten Raum in Ihrer Wohnung. Schauen wir uns an, wie Sie Ihre K\u00fcche einrichten k\u00f6nnen, egal ob Sie eine zentrale Insel, eine Halbinsel oder eine K\u00fcchentheke haben.","etiquetas":"","cabecera_escritorio":"https:\/\/blog.tmgrupoinmobiliario.com\/de\/wp-content\/uploads\/sites\/3\/2024\/05\/Cocina-con-isla-central-1200x300-.jpg","cabecera_mobile":"https:\/\/blog.tmgrupoinmobiliario.com\/de\/wp-content\/uploads\/sites\/3\/2024\/05\/Cocina-con-isla-central-768.jpg","galeria":false},"yoast_head":"<!-- This site is optimized with the Yoast SEO Premium plugin v23.6 (Yoast SEO v27.5) - https:\/\/yoast.com\/product\/yoast-seo-premium-wordpress\/ -->\n<title>Wie Sie Ihre K\u00fcche mit einer zentralen Insel einrichten - Deutsche<\/title>\n<meta name=\"description\" content=\"Schauen wir uns an, wie Sie Ihre K\u00fcche einrichten k\u00f6nnen, egal ob Sie eine zentrale Insel, eine Halbinsel oder eine K\u00fcchentheke haben.\" \/>\n<meta name=\"robots\" content=\"index, follow, max-snippet:-1, max-image-preview:large, max-video-preview:-1\" \/>\n<link rel=\"canonical\" href=\"https:\/\/blog.tmgrupoinmobiliario.com\/de\/2024\/05\/03\/wie-sie-ihre-kueche-mit-einer-zentralen-insel-einrichten\/\" \/>\n<meta property=\"og:locale\" content=\"de_DE\" \/>\n<meta property=\"og:type\" content=\"article\" \/>\n<meta property=\"og:title\" content=\"Wie Sie Ihre K\u00fcche mit einer zentralen Insel einrichten\" \/>\n<meta property=\"og:description\" content=\"Schauen wir uns an, wie Sie Ihre K\u00fcche einrichten k\u00f6nnen, egal ob Sie eine zentrale Insel, eine Halbinsel oder eine K\u00fcchentheke haben.\" \/>\n<meta property=\"og:url\" content=\"https:\/\/blog.tmgrupoinmobiliario.com\/de\/2024\/05\/03\/wie-sie-ihre-kueche-mit-einer-zentralen-insel-einrichten\/\" \/>\n<meta property=\"og:site_name\" content=\"Deutsche\" \/>\n<meta property=\"article:published_time\" content=\"2024-05-03T15:58:32+00:00\" \/>\n<meta property=\"article:modified_time\" content=\"2024-05-15T16:34:20+00:00\" \/>\n<meta property=\"og:image\" content=\"https:\/\/blog.tmgrupoinmobiliario.com\/de\/wp-content\/uploads\/sites\/3\/2024\/05\/Cocina-con-isla-central.jpg\" \/>\n\t<meta property=\"og:image:width\" content=\"1000\" \/>\n\t<meta property=\"og:image:height\" content=\"666\" \/>\n\t<meta property=\"og:image:type\" content=\"image\/jpeg\" \/>\n<meta name=\"author\" content=\"indira\" \/>\n<meta name=\"twitter:card\" content=\"summary_large_image\" \/>\n<meta name=\"twitter:label1\" content=\"Geschrieben von\" \/>\n\t<meta name=\"twitter:data1\" content=\"indira\" \/>\n\t<meta name=\"twitter:label2\" content=\"Gesch\u00e4tzte Lesezeit\" \/>\n\t<meta name=\"twitter:data2\" content=\"3\u00a0Minuten\" \/>\n<script type=\"application\/ld+json\" class=\"yoast-schema-graph\">{\"@context\":\"https:\\\/\\\/schema.org\",\"@graph\":[{\"@type\":\"Article\",\"@id\":\"https:\\\/\\\/blog.tmgrupoinmobiliario.com\\\/de\\\/2024\\\/05\\\/03\\\/wie-sie-ihre-kueche-mit-einer-zentralen-insel-einrichten\\\/#article\",\"isPartOf\":{\"@id\":\"https:\\\/\\\/blog.tmgrupoinmobiliario.com\\\/de\\\/2024\\\/05\\\/03\\\/wie-sie-ihre-kueche-mit-einer-zentralen-insel-einrichten\\\/\"},\"author\":{\"name\":\"indira\",\"@id\":\"https:\\\/\\\/blog.tmgrupoinmobiliario.com\\\/de\\\/#\\\/schema\\\/person\\\/bbbac745abadad64177a5ee6a73cbf7c\"},\"headline\":\"Wie Sie Ihre K\u00fcche mit einer zentralen Insel einrichten\",\"datePublished\":\"2024-05-03T15:58:32+00:00\",\"dateModified\":\"2024-05-15T16:34:20+00:00\",\"mainEntityOfPage\":{\"@id\":\"https:\\\/\\\/blog.tmgrupoinmobiliario.com\\\/de\\\/2024\\\/05\\\/03\\\/wie-sie-ihre-kueche-mit-einer-zentralen-insel-einrichten\\\/\"},\"wordCount\":502,\"commentCount\":0,\"image\":{\"@id\":\"https:\\\/\\\/blog.tmgrupoinmobiliario.com\\\/de\\\/2024\\\/05\\\/03\\\/wie-sie-ihre-kueche-mit-einer-zentralen-insel-einrichten\\\/#primaryimage\"},\"thumbnailUrl\":\"https:\\\/\\\/blog.tmgrupoinmobiliario.com\\\/de\\\/wp-content\\\/uploads\\\/sites\\\/3\\\/2024\\\/05\\\/Cocina-con-isla-central.jpg\",\"keywords\":[\"K\u00fcche mit einer zentralen Insel einrichten\",\"TM Real Estate Group\"],\"articleSection\":[\"LifeStyle\"],\"inLanguage\":\"de\",\"potentialAction\":[{\"@type\":\"CommentAction\",\"name\":\"Comment\",\"target\":[\"https:\\\/\\\/blog.tmgrupoinmobiliario.com\\\/de\\\/2024\\\/05\\\/03\\\/wie-sie-ihre-kueche-mit-einer-zentralen-insel-einrichten\\\/#respond\"]}]},{\"@type\":\"WebPage\",\"@id\":\"https:\\\/\\\/blog.tmgrupoinmobiliario.com\\\/de\\\/2024\\\/05\\\/03\\\/wie-sie-ihre-kueche-mit-einer-zentralen-insel-einrichten\\\/\",\"url\":\"https:\\\/\\\/blog.tmgrupoinmobiliario.com\\\/de\\\/2024\\\/05\\\/03\\\/wie-sie-ihre-kueche-mit-einer-zentralen-insel-einrichten\\\/\",\"name\":\"Wie Sie Ihre K\u00fcche mit einer zentralen Insel einrichten - Deutsche\",\"isPartOf\":{\"@id\":\"https:\\\/\\\/blog.tmgrupoinmobiliario.com\\\/de\\\/#website\"},\"primaryImageOfPage\":{\"@id\":\"https:\\\/\\\/blog.tmgrupoinmobiliario.com\\\/de\\\/2024\\\/05\\\/03\\\/wie-sie-ihre-kueche-mit-einer-zentralen-insel-einrichten\\\/#primaryimage\"},\"image\":{\"@id\":\"https:\\\/\\\/blog.tmgrupoinmobiliario.com\\\/de\\\/2024\\\/05\\\/03\\\/wie-sie-ihre-kueche-mit-einer-zentralen-insel-einrichten\\\/#primaryimage\"},\"thumbnailUrl\":\"https:\\\/\\\/blog.tmgrupoinmobiliario.com\\\/de\\\/wp-content\\\/uploads\\\/sites\\\/3\\\/2024\\\/05\\\/Cocina-con-isla-central.jpg\",\"datePublished\":\"2024-05-03T15:58:32+00:00\",\"dateModified\":\"2024-05-15T16:34:20+00:00\",\"author\":{\"@id\":\"https:\\\/\\\/blog.tmgrupoinmobiliario.com\\\/de\\\/#\\\/schema\\\/person\\\/bbbac745abadad64177a5ee6a73cbf7c\"},\"description\":\"Schauen wir uns an, wie Sie Ihre K\u00fcche einrichten k\u00f6nnen, egal ob Sie eine zentrale Insel, eine Halbinsel oder eine K\u00fcchentheke haben.\",\"breadcrumb\":{\"@id\":\"https:\\\/\\\/blog.tmgrupoinmobiliario.com\\\/de\\\/2024\\\/05\\\/03\\\/wie-sie-ihre-kueche-mit-einer-zentralen-insel-einrichten\\\/#breadcrumb\"},\"inLanguage\":\"de\",\"potentialAction\":[{\"@type\":\"ReadAction\",\"target\":[\"https:\\\/\\\/blog.tmgrupoinmobiliario.com\\\/de\\\/2024\\\/05\\\/03\\\/wie-sie-ihre-kueche-mit-einer-zentralen-insel-einrichten\\\/\"]}]},{\"@type\":\"ImageObject\",\"inLanguage\":\"de\",\"@id\":\"https:\\\/\\\/blog.tmgrupoinmobiliario.com\\\/de\\\/2024\\\/05\\\/03\\\/wie-sie-ihre-kueche-mit-einer-zentralen-insel-einrichten\\\/#primaryimage\",\"url\":\"https:\\\/\\\/blog.tmgrupoinmobiliario.com\\\/de\\\/wp-content\\\/uploads\\\/sites\\\/3\\\/2024\\\/05\\\/Cocina-con-isla-central.jpg\",\"contentUrl\":\"https:\\\/\\\/blog.tmgrupoinmobiliario.com\\\/de\\\/wp-content\\\/uploads\\\/sites\\\/3\\\/2024\\\/05\\\/Cocina-con-isla-central.jpg\",\"width\":1000,\"height\":666,\"caption\":\"Wie Sie Ihre K\u00fcche mit einer zentralen Insel einrichten\"},{\"@type\":\"BreadcrumbList\",\"@id\":\"https:\\\/\\\/blog.tmgrupoinmobiliario.com\\\/de\\\/2024\\\/05\\\/03\\\/wie-sie-ihre-kueche-mit-einer-zentralen-insel-einrichten\\\/#breadcrumb\",\"itemListElement\":[{\"@type\":\"ListItem\",\"position\":1,\"name\":\"Portada\",\"item\":\"https:\\\/\\\/blog.tmgrupoinmobiliario.com\\\/de\\\/\"},{\"@type\":\"ListItem\",\"position\":2,\"name\":\"Wie Sie Ihre K\u00fcche mit einer zentralen Insel einrichten\"}]},{\"@type\":\"WebSite\",\"@id\":\"https:\\\/\\\/blog.tmgrupoinmobiliario.com\\\/de\\\/#website\",\"url\":\"https:\\\/\\\/blog.tmgrupoinmobiliario.com\\\/de\\\/\",\"name\":\"Deutsche\",\"description\":\"Otro sitio m\u00e1s de Blog Desarrollo TM sitios\",\"potentialAction\":[{\"@type\":\"SearchAction\",\"target\":{\"@type\":\"EntryPoint\",\"urlTemplate\":\"https:\\\/\\\/blog.tmgrupoinmobiliario.com\\\/de\\\/?s={search_term_string}\"},\"query-input\":{\"@type\":\"PropertyValueSpecification\",\"valueRequired\":true,\"valueName\":\"search_term_string\"}}],\"inLanguage\":\"de\"},{\"@type\":\"Person\",\"@id\":\"https:\\\/\\\/blog.tmgrupoinmobiliario.com\\\/de\\\/#\\\/schema\\\/person\\\/bbbac745abadad64177a5ee6a73cbf7c\",\"name\":\"indira\",\"image\":{\"@type\":\"ImageObject\",\"inLanguage\":\"de\",\"@id\":\"https:\\\/\\\/secure.gravatar.com\\\/avatar\\\/e9bcc7a0bb2179240c56a1875899ce9a1dfa15d5b7527f71259eaee6010d7203?s=96&d=mm&r=g\",\"url\":\"https:\\\/\\\/secure.gravatar.com\\\/avatar\\\/e9bcc7a0bb2179240c56a1875899ce9a1dfa15d5b7527f71259eaee6010d7203?s=96&d=mm&r=g\",\"contentUrl\":\"https:\\\/\\\/secure.gravatar.com\\\/avatar\\\/e9bcc7a0bb2179240c56a1875899ce9a1dfa15d5b7527f71259eaee6010d7203?s=96&d=mm&r=g\",\"caption\":\"indira\"},\"url\":\"https:\\\/\\\/blog.tmgrupoinmobiliario.com\\\/de\\\/author\\\/indira\\\/\"}]}<\/script>\n<!-- \/ Yoast SEO Premium plugin. -->","yoast_head_json":{"title":"Wie Sie Ihre K\u00fcche mit einer zentralen Insel einrichten - Deutsche","description":"Schauen wir uns an, wie Sie Ihre K\u00fcche einrichten k\u00f6nnen, egal ob Sie eine zentrale Insel, eine Halbinsel oder eine K\u00fcchentheke haben.","robots":{"index":"index","follow":"follow","max-snippet":"max-snippet:-1","max-image-preview":"max-image-preview:large","max-video-preview":"max-video-preview:-1"},"canonical":"https:\/\/blog.tmgrupoinmobiliario.com\/de\/2024\/05\/03\/wie-sie-ihre-kueche-mit-einer-zentralen-insel-einrichten\/","og_locale":"de_DE","og_type":"article","og_title":"Wie Sie Ihre K\u00fcche mit einer zentralen Insel einrichten","og_description":"Schauen wir uns an, wie Sie Ihre K\u00fcche einrichten k\u00f6nnen, egal ob Sie eine zentrale Insel, eine Halbinsel oder eine K\u00fcchentheke haben.","og_url":"https:\/\/blog.tmgrupoinmobiliario.com\/de\/2024\/05\/03\/wie-sie-ihre-kueche-mit-einer-zentralen-insel-einrichten\/","og_site_name":"Deutsche","article_published_time":"2024-05-03T15:58:32+00:00","article_modified_time":"2024-05-15T16:34:20+00:00","og_image":[{"width":1000,"height":666,"url":"https:\/\/blog.tmgrupoinmobiliario.com\/de\/wp-content\/uploads\/sites\/3\/2024\/05\/Cocina-con-isla-central.jpg","type":"image\/jpeg"}],"author":"indira","twitter_card":"summary_large_image","twitter_misc":{"Geschrieben von":"indira","Gesch\u00e4tzte Lesezeit":"3\u00a0Minuten"},"schema":{"@context":"https:\/\/schema.org","@graph":[{"@type":"Article","@id":"https:\/\/blog.tmgrupoinmobiliario.com\/de\/2024\/05\/03\/wie-sie-ihre-kueche-mit-einer-zentralen-insel-einrichten\/#article","isPartOf":{"@id":"https:\/\/blog.tmgrupoinmobiliario.com\/de\/2024\/05\/03\/wie-sie-ihre-kueche-mit-einer-zentralen-insel-einrichten\/"},"author":{"name":"indira","@id":"https:\/\/blog.tmgrupoinmobiliario.com\/de\/#\/schema\/person\/bbbac745abadad64177a5ee6a73cbf7c"},"headline":"Wie Sie Ihre K\u00fcche mit einer zentralen Insel einrichten","datePublished":"2024-05-03T15:58:32+00:00","dateModified":"2024-05-15T16:34:20+00:00","mainEntityOfPage":{"@id":"https:\/\/blog.tmgrupoinmobiliario.com\/de\/2024\/05\/03\/wie-sie-ihre-kueche-mit-einer-zentralen-insel-einrichten\/"},"wordCount":502,"commentCount":0,"image":{"@id":"https:\/\/blog.tmgrupoinmobiliario.com\/de\/2024\/05\/03\/wie-sie-ihre-kueche-mit-einer-zentralen-insel-einrichten\/#primaryimage"},"thumbnailUrl":"https:\/\/blog.tmgrupoinmobiliario.com\/de\/wp-content\/uploads\/sites\/3\/2024\/05\/Cocina-con-isla-central.jpg","keywords":["K\u00fcche mit einer zentralen Insel einrichten","TM Real Estate Group"],"articleSection":["LifeStyle"],"inLanguage":"de","potentialAction":[{"@type":"CommentAction","name":"Comment","target":["https:\/\/blog.tmgrupoinmobiliario.com\/de\/2024\/05\/03\/wie-sie-ihre-kueche-mit-einer-zentralen-insel-einrichten\/#respond"]}]},{"@type":"WebPage","@id":"https:\/\/blog.tmgrupoinmobiliario.com\/de\/2024\/05\/03\/wie-sie-ihre-kueche-mit-einer-zentralen-insel-einrichten\/","url":"https:\/\/blog.tmgrupoinmobiliario.com\/de\/2024\/05\/03\/wie-sie-ihre-kueche-mit-einer-zentralen-insel-einrichten\/","name":"Wie Sie Ihre K\u00fcche mit einer zentralen Insel einrichten - Deutsche","isPartOf":{"@id":"https:\/\/blog.tmgrupoinmobiliario.com\/de\/#website"},"primaryImageOfPage":{"@id":"https:\/\/blog.tmgrupoinmobiliario.com\/de\/2024\/05\/03\/wie-sie-ihre-kueche-mit-einer-zentralen-insel-einrichten\/#primaryimage"},"image":{"@id":"https:\/\/blog.tmgrupoinmobiliario.com\/de\/2024\/05\/03\/wie-sie-ihre-kueche-mit-einer-zentralen-insel-einrichten\/#primaryimage"},"thumbnailUrl":"https:\/\/blog.tmgrupoinmobiliario.com\/de\/wp-content\/uploads\/sites\/3\/2024\/05\/Cocina-con-isla-central.jpg","datePublished":"2024-05-03T15:58:32+00:00","dateModified":"2024-05-15T16:34:20+00:00","author":{"@id":"https:\/\/blog.tmgrupoinmobiliario.com\/de\/#\/schema\/person\/bbbac745abadad64177a5ee6a73cbf7c"},"description":"Schauen wir uns an, wie Sie Ihre K\u00fcche einrichten k\u00f6nnen, egal ob Sie eine zentrale Insel, eine Halbinsel oder eine K\u00fcchentheke haben.","breadcrumb":{"@id":"https:\/\/blog.tmgrupoinmobiliario.com\/de\/2024\/05\/03\/wie-sie-ihre-kueche-mit-einer-zentralen-insel-einrichten\/#breadcrumb"},"inLanguage":"de","potentialAction":[{"@type":"ReadAction","target":["https:\/\/blog.tmgrupoinmobiliario.com\/de\/2024\/05\/03\/wie-sie-ihre-kueche-mit-einer-zentralen-insel-einrichten\/"]}]},{"@type":"ImageObject","inLanguage":"de","@id":"https:\/\/blog.tmgrupoinmobiliario.com\/de\/2024\/05\/03\/wie-sie-ihre-kueche-mit-einer-zentralen-insel-einrichten\/#primaryimage","url":"https:\/\/blog.tmgrupoinmobiliario.com\/de\/wp-content\/uploads\/sites\/3\/2024\/05\/Cocina-con-isla-central.jpg","contentUrl":"https:\/\/blog.tmgrupoinmobiliario.com\/de\/wp-content\/uploads\/sites\/3\/2024\/05\/Cocina-con-isla-central.jpg","width":1000,"height":666,"caption":"Wie Sie Ihre K\u00fcche mit einer zentralen Insel einrichten"},{"@type":"BreadcrumbList","@id":"https:\/\/blog.tmgrupoinmobiliario.com\/de\/2024\/05\/03\/wie-sie-ihre-kueche-mit-einer-zentralen-insel-einrichten\/#breadcrumb","itemListElement":[{"@type":"ListItem","position":1,"name":"Portada","item":"https:\/\/blog.tmgrupoinmobiliario.com\/de\/"},{"@type":"ListItem","position":2,"name":"Wie Sie Ihre K\u00fcche mit einer zentralen Insel einrichten"}]},{"@type":"WebSite","@id":"https:\/\/blog.tmgrupoinmobiliario.com\/de\/#website","url":"https:\/\/blog.tmgrupoinmobiliario.com\/de\/","name":"Deutsche","description":"Otro sitio m\u00e1s de Blog Desarrollo TM sitios","potentialAction":[{"@type":"SearchAction","target":{"@type":"EntryPoint","urlTemplate":"https:\/\/blog.tmgrupoinmobiliario.com\/de\/?s={search_term_string}"},"query-input":{"@type":"PropertyValueSpecification","valueRequired":true,"valueName":"search_term_string"}}],"inLanguage":"de"},{"@type":"Person","@id":"https:\/\/blog.tmgrupoinmobiliario.com\/de\/#\/schema\/person\/bbbac745abadad64177a5ee6a73cbf7c","name":"indira","image":{"@type":"ImageObject","inLanguage":"de","@id":"https:\/\/secure.gravatar.com\/avatar\/e9bcc7a0bb2179240c56a1875899ce9a1dfa15d5b7527f71259eaee6010d7203?s=96&d=mm&r=g","url":"https:\/\/secure.gravatar.com\/avatar\/e9bcc7a0bb2179240c56a1875899ce9a1dfa15d5b7527f71259eaee6010d7203?s=96&d=mm&r=g","contentUrl":"https:\/\/secure.gravatar.com\/avatar\/e9bcc7a0bb2179240c56a1875899ce9a1dfa15d5b7527f71259eaee6010d7203?s=96&d=mm&r=g","caption":"indira"},"url":"https:\/\/blog.tmgrupoinmobiliario.com\/de\/author\/indira\/"}]}},"jetpack_featured_media_url":"https:\/\/blog.tmgrupoinmobiliario.com\/de\/wp-content\/uploads\/sites\/3\/2024\/05\/Cocina-con-isla-central.jpg","jetpack_sharing_enabled":true,"_links":{"self":[{"href":"https:\/\/blog.tmgrupoinmobiliario.com\/de\/wp-json\/wp\/v2\/posts\/15921","targetHints":{"allow":["GET"]}}],"collection":[{"href":"https:\/\/blog.tmgrupoinmobiliario.com\/de\/wp-json\/wp\/v2\/posts"}],"about":[{"href":"https:\/\/blog.tmgrupoinmobiliario.com\/de\/wp-json\/wp\/v2\/types\/post"}],"author":[{"embeddable":true,"href":"https:\/\/blog.tmgrupoinmobiliario.com\/de\/wp-json\/wp\/v2\/users\/11729"}],"replies":[{"embeddable":true,"href":"https:\/\/blog.tmgrupoinmobiliario.com\/de\/wp-json\/wp\/v2\/comments?post=15921"}],"version-history":[{"count":2,"href":"https:\/\/blog.tmgrupoinmobiliario.com\/de\/wp-json\/wp\/v2\/posts\/15921\/revisions"}],"predecessor-version":[{"id":15928,"href":"https:\/\/blog.tmgrupoinmobiliario.com\/de\/wp-json\/wp\/v2\/posts\/15921\/revisions\/15928"}],"wp:featuredmedia":[{"embeddable":true,"href":"https:\/\/blog.tmgrupoinmobiliario.com\/de\/wp-json\/wp\/v2\/media\/15927"}],"wp:attachment":[{"href":"https:\/\/blog.tmgrupoinmobiliario.com\/de\/wp-json\/wp\/v2\/media?parent=15921"}],"wp:term":[{"taxonomy":"category","embeddable":true,"href":"https:\/\/blog.tmgrupoinmobiliario.com\/de\/wp-json\/wp\/v2\/categories?post=15921"},{"taxonomy":"post_tag","embeddable":true,"href":"https:\/\/blog.tmgrupoinmobiliario.com\/de\/wp-json\/wp\/v2\/tags?post=15921"}],"curies":[{"name":"wp","href":"https:\/\/api.w.org\/{rel}","templated":true}]}}