{"id":15815,"date":"2024-03-06T18:03:07","date_gmt":"2024-03-06T17:03:07","guid":{"rendered":"https:\/\/blog.tmgrupoinmobiliario.com\/de\/?p=15815"},"modified":"2024-03-06T18:05:22","modified_gmt":"2024-03-06T17:05:22","slug":"tm-real-estate-group-der-fc-valencia-und-laliga-feiern-ihre-zweite-watch-party-der-saison-in-deutschland","status":"publish","type":"post","link":"https:\/\/blog.tmgrupoinmobiliario.com\/de\/2024\/03\/06\/tm-real-estate-group-der-fc-valencia-und-laliga-feiern-ihre-zweite-watch-party-der-saison-in-deutschland\/","title":{"rendered":"TM Real Estate Group, der FC Valencia und LALIGA feiern ihre zweite Watch Party der Saison in Deutschland"},"content":{"rendered":"<p>Mehr als 1.700 Kilometer vom Camp de Mestalla entfernt, im Radisson Blu Conference Hotel in der Stadt D\u00fcsseldorf (Deutschland), verfolgten mehr als f\u00fcnfzig Teilnehmer am vergangenen Samstag den 2. M\u00e4rz live das Spiel zwischen FC Valencia \u2013 FC Real Madrid.<\/p>\n<p>So veranstalteten TM Real Estate Group und der FC Valencia mit Unterst\u00fctzung von LALIGA ihre zweite Watch Party der Saison in Deutschland, nachdem sie im vergangenen Dezember in Polen organisiert worden war. Durch den Tag f\u00fchrten die deutschen Journalisten von Deutsche Welle TV, Maricel Drazer und Erick Elola Rodr\u00edguez. Dieses Premium-Erlebnis brachte mehr als f\u00fcnfzig Teilnehmer zusammen, darunter Fans des FC Valencia, aktuelle und potenzielle Kunden der TM Real Estate Group und LALIGA-Fans.<\/p>\n<p><img decoding=\"async\" class=\"aligncenter\" src=\"https:\/\/www.tmgrupoinmobiliario.com\/blog\/wp-content\/uploads\/2024\/03\/TM_VCFGermany-7-1024x436.jpg\" \/><\/p>\n<p>Im Rahmen dieses Fu\u00dfballabends richtete der ehemalige Spieler und Botschafter des FC Valencia, Ricardo Arias, ein paar Worte an die Besucher und Fans des FC Valencia in D\u00fcsseldorf: \u201eEs ist eine Freude, hier zu sein und mit ihnen einen Abend voller Emotionen zu erleben.\u201c ein tolles Hintergrundspiel mit den FC Valencia-Fans in Deutschland. Veranstaltungen dieser Art tragen dazu bei, die internationale Expansionspolitik des Clubs weiterzuentwickeln und dienen dazu, unsere volle Unterst\u00fctzung f\u00fcr unseren wichtigsten globalen Partner, die TM Real Estate Group, zu demonstrieren.\u201c<\/p>\n<p>Auf diese Weise verst\u00e4rken TM Real Estate Group und der FC Valencia CF gemeinsam mit LALIGA ihre internationalen Aktivit\u00e4ten weiterhin aus, um in ganz Europa weiter zu wachsen. Zwei gro\u00dfartige Marken haben sich mit dem Ziel zusammengeschlossen, ihre Community \u00fcber die Grenzen hinaus zu vergr\u00f6\u00dfern.<\/p>\n<p>Dar\u00fcber hinaus wurden w\u00e4hrend des Abends vor dem Spiel , auf einer riesigen Leinwand ein personalisiertes Video von Hugo Duro f\u00fcr die Zuschauer projiziert und mehrere offizielle T-Shirts des FC Valencia verlost, Erlebnisse zum Genie\u00dfen des mediterranen Lebensstils angeboten und Merchandise-Geschenke an Fans und Kunden verteilt , die diese Watch Party genossen haben.<\/p>\n<p><img decoding=\"async\" class=\"aligncenter\" src=\"https:\/\/www.tmgrupoinmobiliario.com\/blog\/wp-content\/uploads\/2024\/03\/Sin-titulo-13-300x300.png\" \/><\/p>\n<p>Maricel Drazer, eine der Moderatorinnen der Veranstaltung, betont, dass es \u201eein Abend zum Feiern\u201c war und die tolle Atmosph\u00e4re, die man auch erlebte, dazu diente, zu sehen, \u201ewas LALIGA von der Bundesliga lernen kann und umgekehrt die Bundesliga von LALIGA.\u201c in beiden Richtungen. Dieser Abend, erm\u00f6glicht durch TM Real Estate Group, den FC Valencia und LALIGA, ist ein Abend, an dem Fu\u00dfball die Grenzen der L\u00e4nder \u00fcberschreitet.\u201c<\/p>\n<p>Erick Elola, Bundesliga-Journalist und Kommentator, der auch ma\u00dfgeblich an der Animation der Veranstaltung beteiligt war, betonte seinerseits: \u201eEs ist eine Ehre, als Fan und Kommentator bei diesem Fu\u00dfballfest dabei sein zu d\u00fcrfen.\u201c TM Real Estate Group, FC Valencia und LALIGA bilden einen spektakul\u00e4ren Dreizack.\u201c<\/p>\n<p>Abschlie\u00dfend erkl\u00e4rt Jaime Navarro, LALIGA-Delegierter in Polen, Deutschland, \u00d6sterreich, der Schweiz, der Tschechischen Republik und der Slowakei: \u201eWir freuen uns, FC Valencia und TM Grupo Inmobiliario bei dieser zweiten Veranstaltung in Europa zu unterst\u00fctzen, wir bauen die Marke gemeinsam aus und.\u201c Es ist der Weg, international zu wachsen.\u201c An der Veranstaltung nahmen auch Jorge Blay, Leiter der europ\u00e4ischen Delegationen der TM Real Estate Group, und Jos\u00e9 Mar\u00eda Cas\u00e9s Pey, Abteilungsleiter im spanischen Handelsb\u00fcro in D\u00fcsseldorf, teil.<\/p>\n<p>Jorge Blay, Leiter der europ\u00e4ischen Delegationen der TM Real Estate Group, best\u00e4tigte das Engagement dieses f\u00fchrenden Unternehmens im Wohntourismus in Spanien mit der Projektion des mediterranen Lebensstils auf der ganzen Welt durch diese Zusammenarbeit mit Valencia CF und LaLiga. \u201eWir m\u00f6chten, dass unsere Kunden unsere Leidenschaft f\u00fcr die mediterrane DNA genie\u00dfen und teilen und das Gef\u00fchl haben, dass sie unseren Lebensstil und diese internationale Darstellung Spaniens, der valencianischen Gemeinde und unseres sch\u00f6nen Sports w\u00e4hlen k\u00f6nnen. Dies erreichen wir durch so wichtige Veranstaltungen wie diese Watch Party.&#8221;<\/p>\n<p style=\"text-align: center\"><div class=\"jetpack-video-wrapper\"><span class=\"embed-youtube\" style=\"text-align:center; display: block;\"><iframe loading=\"lazy\" class=\"youtube-player\" width=\"640\" height=\"360\" src=\"https:\/\/www.youtube.com\/embed\/1AcjG61NSGE?version=3&#038;rel=1&#038;showsearch=0&#038;showinfo=1&#038;iv_load_policy=1&#038;fs=1&#038;hl=de-DE-formal&#038;autohide=2&#038;wmode=transparent\" allowfullscreen=\"true\" style=\"border:0;\" sandbox=\"allow-scripts allow-same-origin allow-popups allow-presentation allow-popups-to-escape-sandbox\"><\/iframe><\/span><\/div><\/p>\n","protected":false},"excerpt":{"rendered":"<p>Mehr als 1.700 Kilometer vom Camp de Mestalla entfernt, im Radisson Blu Conference Hotel in der Stadt D\u00fcsseldorf (Deutschland), verfolgten mehr als f\u00fcnfzig Teilnehmer am vergangenen Samstag den 2. M\u00e4rz live das Spiel zwischen FC Valencia \u2013 FC Real Madrid. So veranstalteten TM Real Estate Group und der FC Valencia mit Unterst\u00fctzung von LALIGA ihre [&hellip;]<\/p>\n","protected":false},"author":11730,"featured_media":15827,"comment_status":"open","ping_status":"open","sticky":false,"template":"","format":"standard","meta":{"_jetpack_memberships_contains_paid_content":false,"footnotes":""},"categories":[19,66,72],"tags":[],"class_list":["post-15815","post","type-post","status-publish","format-standard","has-post-thumbnail","hentry","category-aktuell-news","category-corporativo","category-notas-prensa","formato-comunicacion"],"better_featured_image":{"id":15827,"alt_text":"","caption":"","description":"","media_type":"image","media_details":{"width":1000,"height":666,"file":"2024\/03\/Sin-titulo-17.png","filesize":1437859,"sizes":{"medium":{"file":"Sin-titulo-17-300x200.png","width":300,"height":200,"mime-type":"image\/png","filesize":133347,"source_url":"https:\/\/blog.tmgrupoinmobiliario.com\/de\/wp-content\/uploads\/sites\/3\/2024\/03\/Sin-titulo-17-300x200.png"},"thumbnail":{"file":"Sin-titulo-17-150x150.png","width":150,"height":150,"mime-type":"image\/png","filesize":53768,"source_url":"https:\/\/blog.tmgrupoinmobiliario.com\/de\/wp-content\/uploads\/sites\/3\/2024\/03\/Sin-titulo-17-150x150.png"},"medium_large":{"file":"Sin-titulo-17-768x511.png","width":768,"height":511,"mime-type":"image\/png","filesize":762431,"source_url":"https:\/\/blog.tmgrupoinmobiliario.com\/de\/wp-content\/uploads\/sites\/3\/2024\/03\/Sin-titulo-17-768x511.png"}},"image_meta":{"aperture":"0","credit":"","camera":"","caption":"","created_timestamp":"0","copyright":"","focal_length":"0","iso":"0","shutter_speed":"0","title":"","orientation":"0","keywords":[]}},"post":15815,"source_url":"https:\/\/blog.tmgrupoinmobiliario.com\/de\/wp-content\/uploads\/sites\/3\/2024\/03\/Sin-titulo-17.png"},"acf":{"imagen_destacada_desktop":"https:\/\/blog.tmgrupoinmobiliario.com\/de\/wp-content\/uploads\/sites\/3\/2024\/03\/Sin-titulo-161.png","imagen_destacada_mobile":"https:\/\/blog.tmgrupoinmobiliario.com\/de\/wp-content\/uploads\/sites\/3\/2024\/03\/Sin-titulo-191.png","formato":{"term_id":76,"name":"Comunicaci\u00f3n","slug":"comunicacion","term_group":0,"term_taxonomy_id":76,"taxonomy":"formato","description":"","parent":0,"count":127,"filter":"raw"},"entradilla":"","etiquetas":"","cabecera_escritorio":"https:\/\/blog.tmgrupoinmobiliario.com\/de\/wp-content\/uploads\/sites\/3\/2024\/03\/Sin-titulo-201.png","cabecera_mobile":"https:\/\/blog.tmgrupoinmobiliario.com\/de\/wp-content\/uploads\/sites\/3\/2024\/03\/Sin-titulo-181.png","galeria":false},"yoast_head":"<!-- This site is optimized with the Yoast SEO Premium plugin v23.6 (Yoast SEO v27.5) - https:\/\/yoast.com\/product\/yoast-seo-premium-wordpress\/ -->\n<title>TM Real Estate Group, der FC Valencia und LALIGA feiern ihre zweite Watch Party der Saison in Deutschland - Deutsche<\/title>\n<meta name=\"robots\" content=\"index, follow, max-snippet:-1, max-image-preview:large, max-video-preview:-1\" \/>\n<link rel=\"canonical\" href=\"https:\/\/blog.tmgrupoinmobiliario.com\/de\/2024\/03\/06\/tm-real-estate-group-der-fc-valencia-und-laliga-feiern-ihre-zweite-watch-party-der-saison-in-deutschland\/\" \/>\n<meta property=\"og:locale\" content=\"de_DE\" \/>\n<meta property=\"og:type\" content=\"article\" \/>\n<meta property=\"og:title\" content=\"TM Real Estate Group, der FC Valencia und LALIGA feiern ihre zweite Watch Party der Saison in Deutschland\" \/>\n<meta property=\"og:description\" content=\"Mehr als 1.700 Kilometer vom Camp de Mestalla entfernt, im Radisson Blu Conference Hotel in der Stadt D\u00fcsseldorf (Deutschland), verfolgten mehr als f\u00fcnfzig Teilnehmer am vergangenen Samstag den 2. M\u00e4rz live das Spiel zwischen FC Valencia \u2013 FC Real Madrid. So veranstalteten TM Real Estate Group und der FC Valencia mit Unterst\u00fctzung von LALIGA ihre [&hellip;]\" \/>\n<meta property=\"og:url\" content=\"https:\/\/blog.tmgrupoinmobiliario.com\/de\/2024\/03\/06\/tm-real-estate-group-der-fc-valencia-und-laliga-feiern-ihre-zweite-watch-party-der-saison-in-deutschland\/\" \/>\n<meta property=\"og:site_name\" content=\"Deutsche\" \/>\n<meta property=\"article:published_time\" content=\"2024-03-06T17:03:07+00:00\" \/>\n<meta property=\"article:modified_time\" content=\"2024-03-06T17:05:22+00:00\" \/>\n<meta property=\"og:image\" content=\"https:\/\/blog.tmgrupoinmobiliario.com\/de\/wp-content\/uploads\/sites\/3\/2024\/03\/Sin-titulo-17.png\" \/>\n\t<meta property=\"og:image:width\" content=\"1000\" \/>\n\t<meta property=\"og:image:height\" content=\"666\" \/>\n\t<meta property=\"og:image:type\" content=\"image\/png\" \/>\n<meta name=\"author\" content=\"laurabm\" \/>\n<meta name=\"twitter:card\" content=\"summary_large_image\" \/>\n<meta name=\"twitter:label1\" content=\"Geschrieben von\" \/>\n\t<meta name=\"twitter:data1\" content=\"laurabm\" \/>\n\t<meta name=\"twitter:label2\" content=\"Gesch\u00e4tzte Lesezeit\" \/>\n\t<meta name=\"twitter:data2\" content=\"4\u00a0Minuten\" \/>\n<script type=\"application\/ld+json\" class=\"yoast-schema-graph\">{\"@context\":\"https:\\\/\\\/schema.org\",\"@graph\":[{\"@type\":\"Article\",\"@id\":\"https:\\\/\\\/blog.tmgrupoinmobiliario.com\\\/de\\\/2024\\\/03\\\/06\\\/tm-real-estate-group-der-fc-valencia-und-laliga-feiern-ihre-zweite-watch-party-der-saison-in-deutschland\\\/#article\",\"isPartOf\":{\"@id\":\"https:\\\/\\\/blog.tmgrupoinmobiliario.com\\\/de\\\/2024\\\/03\\\/06\\\/tm-real-estate-group-der-fc-valencia-und-laliga-feiern-ihre-zweite-watch-party-der-saison-in-deutschland\\\/\"},\"author\":{\"name\":\"laurabm\",\"@id\":\"https:\\\/\\\/blog.tmgrupoinmobiliario.com\\\/de\\\/#\\\/schema\\\/person\\\/ad7d97239ce82e1af205d57b005d3c36\"},\"headline\":\"TM Real Estate Group, der FC Valencia und LALIGA feiern ihre zweite Watch Party der Saison in Deutschland\",\"datePublished\":\"2024-03-06T17:03:07+00:00\",\"dateModified\":\"2024-03-06T17:05:22+00:00\",\"mainEntityOfPage\":{\"@id\":\"https:\\\/\\\/blog.tmgrupoinmobiliario.com\\\/de\\\/2024\\\/03\\\/06\\\/tm-real-estate-group-der-fc-valencia-und-laliga-feiern-ihre-zweite-watch-party-der-saison-in-deutschland\\\/\"},\"wordCount\":639,\"commentCount\":0,\"image\":{\"@id\":\"https:\\\/\\\/blog.tmgrupoinmobiliario.com\\\/de\\\/2024\\\/03\\\/06\\\/tm-real-estate-group-der-fc-valencia-und-laliga-feiern-ihre-zweite-watch-party-der-saison-in-deutschland\\\/#primaryimage\"},\"thumbnailUrl\":\"https:\\\/\\\/blog.tmgrupoinmobiliario.com\\\/de\\\/wp-content\\\/uploads\\\/sites\\\/3\\\/2024\\\/03\\\/Sin-titulo-17.png\",\"articleSection\":[\"Aktuell TM\",\"Corporativo\",\"Pressemitteilung\"],\"inLanguage\":\"de\",\"potentialAction\":[{\"@type\":\"CommentAction\",\"name\":\"Comment\",\"target\":[\"https:\\\/\\\/blog.tmgrupoinmobiliario.com\\\/de\\\/2024\\\/03\\\/06\\\/tm-real-estate-group-der-fc-valencia-und-laliga-feiern-ihre-zweite-watch-party-der-saison-in-deutschland\\\/#respond\"]}]},{\"@type\":\"WebPage\",\"@id\":\"https:\\\/\\\/blog.tmgrupoinmobiliario.com\\\/de\\\/2024\\\/03\\\/06\\\/tm-real-estate-group-der-fc-valencia-und-laliga-feiern-ihre-zweite-watch-party-der-saison-in-deutschland\\\/\",\"url\":\"https:\\\/\\\/blog.tmgrupoinmobiliario.com\\\/de\\\/2024\\\/03\\\/06\\\/tm-real-estate-group-der-fc-valencia-und-laliga-feiern-ihre-zweite-watch-party-der-saison-in-deutschland\\\/\",\"name\":\"TM Real Estate Group, der FC Valencia und LALIGA feiern ihre zweite Watch Party der Saison in Deutschland - Deutsche\",\"isPartOf\":{\"@id\":\"https:\\\/\\\/blog.tmgrupoinmobiliario.com\\\/de\\\/#website\"},\"primaryImageOfPage\":{\"@id\":\"https:\\\/\\\/blog.tmgrupoinmobiliario.com\\\/de\\\/2024\\\/03\\\/06\\\/tm-real-estate-group-der-fc-valencia-und-laliga-feiern-ihre-zweite-watch-party-der-saison-in-deutschland\\\/#primaryimage\"},\"image\":{\"@id\":\"https:\\\/\\\/blog.tmgrupoinmobiliario.com\\\/de\\\/2024\\\/03\\\/06\\\/tm-real-estate-group-der-fc-valencia-und-laliga-feiern-ihre-zweite-watch-party-der-saison-in-deutschland\\\/#primaryimage\"},\"thumbnailUrl\":\"https:\\\/\\\/blog.tmgrupoinmobiliario.com\\\/de\\\/wp-content\\\/uploads\\\/sites\\\/3\\\/2024\\\/03\\\/Sin-titulo-17.png\",\"datePublished\":\"2024-03-06T17:03:07+00:00\",\"dateModified\":\"2024-03-06T17:05:22+00:00\",\"author\":{\"@id\":\"https:\\\/\\\/blog.tmgrupoinmobiliario.com\\\/de\\\/#\\\/schema\\\/person\\\/ad7d97239ce82e1af205d57b005d3c36\"},\"breadcrumb\":{\"@id\":\"https:\\\/\\\/blog.tmgrupoinmobiliario.com\\\/de\\\/2024\\\/03\\\/06\\\/tm-real-estate-group-der-fc-valencia-und-laliga-feiern-ihre-zweite-watch-party-der-saison-in-deutschland\\\/#breadcrumb\"},\"inLanguage\":\"de\",\"potentialAction\":[{\"@type\":\"ReadAction\",\"target\":[\"https:\\\/\\\/blog.tmgrupoinmobiliario.com\\\/de\\\/2024\\\/03\\\/06\\\/tm-real-estate-group-der-fc-valencia-und-laliga-feiern-ihre-zweite-watch-party-der-saison-in-deutschland\\\/\"]}]},{\"@type\":\"ImageObject\",\"inLanguage\":\"de\",\"@id\":\"https:\\\/\\\/blog.tmgrupoinmobiliario.com\\\/de\\\/2024\\\/03\\\/06\\\/tm-real-estate-group-der-fc-valencia-und-laliga-feiern-ihre-zweite-watch-party-der-saison-in-deutschland\\\/#primaryimage\",\"url\":\"https:\\\/\\\/blog.tmgrupoinmobiliario.com\\\/de\\\/wp-content\\\/uploads\\\/sites\\\/3\\\/2024\\\/03\\\/Sin-titulo-17.png\",\"contentUrl\":\"https:\\\/\\\/blog.tmgrupoinmobiliario.com\\\/de\\\/wp-content\\\/uploads\\\/sites\\\/3\\\/2024\\\/03\\\/Sin-titulo-17.png\",\"width\":1000,\"height\":666},{\"@type\":\"BreadcrumbList\",\"@id\":\"https:\\\/\\\/blog.tmgrupoinmobiliario.com\\\/de\\\/2024\\\/03\\\/06\\\/tm-real-estate-group-der-fc-valencia-und-laliga-feiern-ihre-zweite-watch-party-der-saison-in-deutschland\\\/#breadcrumb\",\"itemListElement\":[{\"@type\":\"ListItem\",\"position\":1,\"name\":\"Portada\",\"item\":\"https:\\\/\\\/blog.tmgrupoinmobiliario.com\\\/de\\\/\"},{\"@type\":\"ListItem\",\"position\":2,\"name\":\"TM Real Estate Group, der FC Valencia und LALIGA feiern ihre zweite Watch Party der Saison in Deutschland\"}]},{\"@type\":\"WebSite\",\"@id\":\"https:\\\/\\\/blog.tmgrupoinmobiliario.com\\\/de\\\/#website\",\"url\":\"https:\\\/\\\/blog.tmgrupoinmobiliario.com\\\/de\\\/\",\"name\":\"Deutsche\",\"description\":\"Otro sitio m\u00e1s de Blog Desarrollo TM sitios\",\"potentialAction\":[{\"@type\":\"SearchAction\",\"target\":{\"@type\":\"EntryPoint\",\"urlTemplate\":\"https:\\\/\\\/blog.tmgrupoinmobiliario.com\\\/de\\\/?s={search_term_string}\"},\"query-input\":{\"@type\":\"PropertyValueSpecification\",\"valueRequired\":true,\"valueName\":\"search_term_string\"}}],\"inLanguage\":\"de\"},{\"@type\":\"Person\",\"@id\":\"https:\\\/\\\/blog.tmgrupoinmobiliario.com\\\/de\\\/#\\\/schema\\\/person\\\/ad7d97239ce82e1af205d57b005d3c36\",\"name\":\"laurabm\",\"image\":{\"@type\":\"ImageObject\",\"inLanguage\":\"de\",\"@id\":\"https:\\\/\\\/secure.gravatar.com\\\/avatar\\\/a97e415f97899fc38aade30ac2e3143fcda2a8b75542722fce9a26dd00745c13?s=96&d=mm&r=g\",\"url\":\"https:\\\/\\\/secure.gravatar.com\\\/avatar\\\/a97e415f97899fc38aade30ac2e3143fcda2a8b75542722fce9a26dd00745c13?s=96&d=mm&r=g\",\"contentUrl\":\"https:\\\/\\\/secure.gravatar.com\\\/avatar\\\/a97e415f97899fc38aade30ac2e3143fcda2a8b75542722fce9a26dd00745c13?s=96&d=mm&r=g\",\"caption\":\"laurabm\"},\"url\":\"https:\\\/\\\/blog.tmgrupoinmobiliario.com\\\/de\\\/author\\\/laurabm\\\/\"}]}<\/script>\n<!-- \/ Yoast SEO Premium plugin. -->","yoast_head_json":{"title":"TM Real Estate Group, der FC Valencia und LALIGA feiern ihre zweite Watch Party der Saison in Deutschland - Deutsche","robots":{"index":"index","follow":"follow","max-snippet":"max-snippet:-1","max-image-preview":"max-image-preview:large","max-video-preview":"max-video-preview:-1"},"canonical":"https:\/\/blog.tmgrupoinmobiliario.com\/de\/2024\/03\/06\/tm-real-estate-group-der-fc-valencia-und-laliga-feiern-ihre-zweite-watch-party-der-saison-in-deutschland\/","og_locale":"de_DE","og_type":"article","og_title":"TM Real Estate Group, der FC Valencia und LALIGA feiern ihre zweite Watch Party der Saison in Deutschland","og_description":"Mehr als 1.700 Kilometer vom Camp de Mestalla entfernt, im Radisson Blu Conference Hotel in der Stadt D\u00fcsseldorf (Deutschland), verfolgten mehr als f\u00fcnfzig Teilnehmer am vergangenen Samstag den 2. M\u00e4rz live das Spiel zwischen FC Valencia \u2013 FC Real Madrid. So veranstalteten TM Real Estate Group und der FC Valencia mit Unterst\u00fctzung von LALIGA ihre [&hellip;]","og_url":"https:\/\/blog.tmgrupoinmobiliario.com\/de\/2024\/03\/06\/tm-real-estate-group-der-fc-valencia-und-laliga-feiern-ihre-zweite-watch-party-der-saison-in-deutschland\/","og_site_name":"Deutsche","article_published_time":"2024-03-06T17:03:07+00:00","article_modified_time":"2024-03-06T17:05:22+00:00","og_image":[{"width":1000,"height":666,"url":"https:\/\/blog.tmgrupoinmobiliario.com\/de\/wp-content\/uploads\/sites\/3\/2024\/03\/Sin-titulo-17.png","type":"image\/png"}],"author":"laurabm","twitter_card":"summary_large_image","twitter_misc":{"Geschrieben von":"laurabm","Gesch\u00e4tzte Lesezeit":"4\u00a0Minuten"},"schema":{"@context":"https:\/\/schema.org","@graph":[{"@type":"Article","@id":"https:\/\/blog.tmgrupoinmobiliario.com\/de\/2024\/03\/06\/tm-real-estate-group-der-fc-valencia-und-laliga-feiern-ihre-zweite-watch-party-der-saison-in-deutschland\/#article","isPartOf":{"@id":"https:\/\/blog.tmgrupoinmobiliario.com\/de\/2024\/03\/06\/tm-real-estate-group-der-fc-valencia-und-laliga-feiern-ihre-zweite-watch-party-der-saison-in-deutschland\/"},"author":{"name":"laurabm","@id":"https:\/\/blog.tmgrupoinmobiliario.com\/de\/#\/schema\/person\/ad7d97239ce82e1af205d57b005d3c36"},"headline":"TM Real Estate Group, der FC Valencia und LALIGA feiern ihre zweite Watch Party der Saison in Deutschland","datePublished":"2024-03-06T17:03:07+00:00","dateModified":"2024-03-06T17:05:22+00:00","mainEntityOfPage":{"@id":"https:\/\/blog.tmgrupoinmobiliario.com\/de\/2024\/03\/06\/tm-real-estate-group-der-fc-valencia-und-laliga-feiern-ihre-zweite-watch-party-der-saison-in-deutschland\/"},"wordCount":639,"commentCount":0,"image":{"@id":"https:\/\/blog.tmgrupoinmobiliario.com\/de\/2024\/03\/06\/tm-real-estate-group-der-fc-valencia-und-laliga-feiern-ihre-zweite-watch-party-der-saison-in-deutschland\/#primaryimage"},"thumbnailUrl":"https:\/\/blog.tmgrupoinmobiliario.com\/de\/wp-content\/uploads\/sites\/3\/2024\/03\/Sin-titulo-17.png","articleSection":["Aktuell TM","Corporativo","Pressemitteilung"],"inLanguage":"de","potentialAction":[{"@type":"CommentAction","name":"Comment","target":["https:\/\/blog.tmgrupoinmobiliario.com\/de\/2024\/03\/06\/tm-real-estate-group-der-fc-valencia-und-laliga-feiern-ihre-zweite-watch-party-der-saison-in-deutschland\/#respond"]}]},{"@type":"WebPage","@id":"https:\/\/blog.tmgrupoinmobiliario.com\/de\/2024\/03\/06\/tm-real-estate-group-der-fc-valencia-und-laliga-feiern-ihre-zweite-watch-party-der-saison-in-deutschland\/","url":"https:\/\/blog.tmgrupoinmobiliario.com\/de\/2024\/03\/06\/tm-real-estate-group-der-fc-valencia-und-laliga-feiern-ihre-zweite-watch-party-der-saison-in-deutschland\/","name":"TM Real Estate Group, der FC Valencia und LALIGA feiern ihre zweite Watch Party der Saison in Deutschland - Deutsche","isPartOf":{"@id":"https:\/\/blog.tmgrupoinmobiliario.com\/de\/#website"},"primaryImageOfPage":{"@id":"https:\/\/blog.tmgrupoinmobiliario.com\/de\/2024\/03\/06\/tm-real-estate-group-der-fc-valencia-und-laliga-feiern-ihre-zweite-watch-party-der-saison-in-deutschland\/#primaryimage"},"image":{"@id":"https:\/\/blog.tmgrupoinmobiliario.com\/de\/2024\/03\/06\/tm-real-estate-group-der-fc-valencia-und-laliga-feiern-ihre-zweite-watch-party-der-saison-in-deutschland\/#primaryimage"},"thumbnailUrl":"https:\/\/blog.tmgrupoinmobiliario.com\/de\/wp-content\/uploads\/sites\/3\/2024\/03\/Sin-titulo-17.png","datePublished":"2024-03-06T17:03:07+00:00","dateModified":"2024-03-06T17:05:22+00:00","author":{"@id":"https:\/\/blog.tmgrupoinmobiliario.com\/de\/#\/schema\/person\/ad7d97239ce82e1af205d57b005d3c36"},"breadcrumb":{"@id":"https:\/\/blog.tmgrupoinmobiliario.com\/de\/2024\/03\/06\/tm-real-estate-group-der-fc-valencia-und-laliga-feiern-ihre-zweite-watch-party-der-saison-in-deutschland\/#breadcrumb"},"inLanguage":"de","potentialAction":[{"@type":"ReadAction","target":["https:\/\/blog.tmgrupoinmobiliario.com\/de\/2024\/03\/06\/tm-real-estate-group-der-fc-valencia-und-laliga-feiern-ihre-zweite-watch-party-der-saison-in-deutschland\/"]}]},{"@type":"ImageObject","inLanguage":"de","@id":"https:\/\/blog.tmgrupoinmobiliario.com\/de\/2024\/03\/06\/tm-real-estate-group-der-fc-valencia-und-laliga-feiern-ihre-zweite-watch-party-der-saison-in-deutschland\/#primaryimage","url":"https:\/\/blog.tmgrupoinmobiliario.com\/de\/wp-content\/uploads\/sites\/3\/2024\/03\/Sin-titulo-17.png","contentUrl":"https:\/\/blog.tmgrupoinmobiliario.com\/de\/wp-content\/uploads\/sites\/3\/2024\/03\/Sin-titulo-17.png","width":1000,"height":666},{"@type":"BreadcrumbList","@id":"https:\/\/blog.tmgrupoinmobiliario.com\/de\/2024\/03\/06\/tm-real-estate-group-der-fc-valencia-und-laliga-feiern-ihre-zweite-watch-party-der-saison-in-deutschland\/#breadcrumb","itemListElement":[{"@type":"ListItem","position":1,"name":"Portada","item":"https:\/\/blog.tmgrupoinmobiliario.com\/de\/"},{"@type":"ListItem","position":2,"name":"TM Real Estate Group, der FC Valencia und LALIGA feiern ihre zweite Watch Party der Saison in Deutschland"}]},{"@type":"WebSite","@id":"https:\/\/blog.tmgrupoinmobiliario.com\/de\/#website","url":"https:\/\/blog.tmgrupoinmobiliario.com\/de\/","name":"Deutsche","description":"Otro sitio m\u00e1s de Blog Desarrollo TM sitios","potentialAction":[{"@type":"SearchAction","target":{"@type":"EntryPoint","urlTemplate":"https:\/\/blog.tmgrupoinmobiliario.com\/de\/?s={search_term_string}"},"query-input":{"@type":"PropertyValueSpecification","valueRequired":true,"valueName":"search_term_string"}}],"inLanguage":"de"},{"@type":"Person","@id":"https:\/\/blog.tmgrupoinmobiliario.com\/de\/#\/schema\/person\/ad7d97239ce82e1af205d57b005d3c36","name":"laurabm","image":{"@type":"ImageObject","inLanguage":"de","@id":"https:\/\/secure.gravatar.com\/avatar\/a97e415f97899fc38aade30ac2e3143fcda2a8b75542722fce9a26dd00745c13?s=96&d=mm&r=g","url":"https:\/\/secure.gravatar.com\/avatar\/a97e415f97899fc38aade30ac2e3143fcda2a8b75542722fce9a26dd00745c13?s=96&d=mm&r=g","contentUrl":"https:\/\/secure.gravatar.com\/avatar\/a97e415f97899fc38aade30ac2e3143fcda2a8b75542722fce9a26dd00745c13?s=96&d=mm&r=g","caption":"laurabm"},"url":"https:\/\/blog.tmgrupoinmobiliario.com\/de\/author\/laurabm\/"}]}},"jetpack_featured_media_url":"https:\/\/blog.tmgrupoinmobiliario.com\/de\/wp-content\/uploads\/sites\/3\/2024\/03\/Sin-titulo-17.png","jetpack_sharing_enabled":true,"_links":{"self":[{"href":"https:\/\/blog.tmgrupoinmobiliario.com\/de\/wp-json\/wp\/v2\/posts\/15815","targetHints":{"allow":["GET"]}}],"collection":[{"href":"https:\/\/blog.tmgrupoinmobiliario.com\/de\/wp-json\/wp\/v2\/posts"}],"about":[{"href":"https:\/\/blog.tmgrupoinmobiliario.com\/de\/wp-json\/wp\/v2\/types\/post"}],"author":[{"embeddable":true,"href":"https:\/\/blog.tmgrupoinmobiliario.com\/de\/wp-json\/wp\/v2\/users\/11730"}],"replies":[{"embeddable":true,"href":"https:\/\/blog.tmgrupoinmobiliario.com\/de\/wp-json\/wp\/v2\/comments?post=15815"}],"version-history":[{"count":5,"href":"https:\/\/blog.tmgrupoinmobiliario.com\/de\/wp-json\/wp\/v2\/posts\/15815\/revisions"}],"predecessor-version":[{"id":15826,"href":"https:\/\/blog.tmgrupoinmobiliario.com\/de\/wp-json\/wp\/v2\/posts\/15815\/revisions\/15826"}],"wp:featuredmedia":[{"embeddable":true,"href":"https:\/\/blog.tmgrupoinmobiliario.com\/de\/wp-json\/wp\/v2\/media\/15827"}],"wp:attachment":[{"href":"https:\/\/blog.tmgrupoinmobiliario.com\/de\/wp-json\/wp\/v2\/media?parent=15815"}],"wp:term":[{"taxonomy":"category","embeddable":true,"href":"https:\/\/blog.tmgrupoinmobiliario.com\/de\/wp-json\/wp\/v2\/categories?post=15815"},{"taxonomy":"post_tag","embeddable":true,"href":"https:\/\/blog.tmgrupoinmobiliario.com\/de\/wp-json\/wp\/v2\/tags?post=15815"}],"curies":[{"name":"wp","href":"https:\/\/api.w.org\/{rel}","templated":true}]}}