{"id":15698,"date":"2024-01-11T10:30:27","date_gmt":"2024-01-11T09:30:27","guid":{"rendered":"https:\/\/blog.tmgrupoinmobiliario.com\/de\/?p=15698"},"modified":"2024-01-12T10:51:02","modified_gmt":"2024-01-12T09:51:02","slug":"tm-stellt-lagoons-village-by-tm-vor-ein-grossartiges-wohnprojekt-in-torrevieja-in-das-das-unternehmen-375-millionen-euro-investieren-wird","status":"publish","type":"post","link":"https:\/\/blog.tmgrupoinmobiliario.com\/de\/2024\/01\/11\/tm-stellt-lagoons-village-by-tm-vor-ein-grossartiges-wohnprojekt-in-torrevieja-in-das-das-unternehmen-375-millionen-euro-investieren-wird\/","title":{"rendered":"TM pr\u00e4sentiert &#8220;Lagoons Village by TM\u201c, ein Wohnprojekt in Torrevieja, in das 375 Millionen Euro investiert werden"},"content":{"rendered":"<p>&nbsp;<\/p>\n<p><a href=\"https:\/\/www.tmgrupoinmobiliario.com\/de\"><strong><span style=\"vertical-align: inherit\"><span style=\"vertical-align: inherit\">TM Real Estate Group<\/span><\/span><\/strong><\/a><span style=\"vertical-align: inherit\"><span style=\"vertical-align: inherit\"> , holding l\u00edder en el sector residencial, hotelero y de turismo de ocio, especializado en la construcci\u00f3n y promoci\u00f3n de segunda residencia en las costas mediterr\u00e1nea y caribe\u00f1a,<\/span><\/span><strong><span style=\"vertical-align: inherit\"><span style=\"vertical-align: inherit\"> presenta Lagoons Village by TM, un magn\u00edfico proyecto residencial en Torrevieja, en ese La empresa invertir\u00e1 375 millones de euros para construir 1.800 apartamentos.<\/span><\/span><\/strong><\/p>\n<p><span style=\"vertical-align: inherit\"><span style=\"vertical-align: inherit\">Situado entre la Laguna Rosa y la Laguna Salada de la Mata en Torrevieja, Lagoons Village by TM se construir\u00e1 sobre una superficie de <\/span><\/span><strong><span style=\"vertical-align: inherit\"><span style=\"vertical-align: inherit\">264.000 m\u00b2<\/span><\/span><\/strong><span style=\"vertical-align: inherit\"><span style=\"vertical-align: inherit\"> en 11 fases y contar\u00e1 con zonas comunitarias con amplias zonas verdes, piscinas, jacuzzis, lagos artificiales y senderos. dentro del complejo. <\/span><span style=\"vertical-align: inherit\">La compa\u00f1\u00eda tambi\u00e9n desarrollar\u00e1 nuevas calles y accesos, as\u00ed como amplias avenidas y espacios verdes en la denominada fase de construcci\u00f3n de La Hoya. <\/span><span style=\"vertical-align: inherit\">Tambi\u00e9n habr\u00e1 un centro de ocio para los propietarios de los apartamentos, que estar\u00e1 equipado, entre otras cosas, con una piscina climatizada, un gimnasio interior y exterior, campos deportivos y salas de tratamientos de bienestar, belleza y fisioterapia.<\/span><\/span><\/p>\n<p>&nbsp;<\/p>\n<p><img loading=\"lazy\" decoding=\"async\" class=\"aligncenter wp-image-17414 \" src=\"https:\/\/www.tmgrupoinmobiliario.com\/blog\/sv\/wp-content\/uploads\/sites\/6\/2023\/12\/Villas-pareadas-Laguna-Rosa-TM-1024x767.jpg\" alt=\"Villas pareadas Laguna Rosa TM\" width=\"634\" height=\"475\" \/><\/p>\n<p>&nbsp;<\/p>\n<p><span style=\"vertical-align: inherit\"><span style=\"vertical-align: inherit\">La excelente ubicaci\u00f3n del nuevo proyecto de TM -junto al Auditorio Internacional de Torrevieja, a 400 metros del Hospital Quir\u00f3n y con una gran variedad de oferta gastron\u00f3mica, de ocio, colegios, senderos y playas en la zona- y el tama\u00f1o del complejo residencial hacen que Lagoons Village by TM uno de los proyectos m\u00e1s destacados en la historia de la empresa TM.<\/span><\/span><\/p>\n<p><span style=\"vertical-align: inherit\"><span style=\"vertical-align: inherit\">&#8220;Torrevieja es actualmente un referente a nivel nacional e internacional en el \u00e1mbito del turismo residencial y nuestro proyecto consolidar\u00e1 esta posici\u00f3n impulsando uno de los desarrollos urban\u00edsticos m\u00e1s importantes de Espa\u00f1a. Creemos firmemente que el \u00e9xito de Lagoons by TM potenciar\u00e1 la rentabilidad econ\u00f3mica y fortalecer\u00e1 el desarrollo social de la regi\u00f3n y consolidar\u00e1 nuestra posici\u00f3n de liderazgo en el \u00e1mbito del turismo residencial\u201d, comenta Pablo Serna, CEO de TM Grupo Inmobiliario.<\/span><\/span><\/p>\n<p>&nbsp;<\/p>\n<p><img loading=\"lazy\" decoding=\"async\" class=\"aligncenter wp-image-17407 \" src=\"https:\/\/www.tmgrupoinmobiliario.com\/blog\/sv\/wp-content\/uploads\/sites\/6\/2023\/12\/Apartamentos-Laguna-Rosa-TM-1024x767.jpg\" alt=\"Apartamentos Laguna Rosa TM\" width=\"625\" height=\"468\" \/><\/p>\n<p>&nbsp;<\/p>\n<p><span style=\"color: #ff0000\"><strong><span style=\"vertical-align: inherit\"><span style=\"vertical-align: inherit\">Laguna Rosa, el primer desarrollo de Lagoons Village de TM<\/span><\/span><\/strong><\/span><\/p>\n<p><span style=\"vertical-align: inherit\"><span style=\"vertical-align: inherit\">La inmobiliaria aportar\u00e1 m\u00e1s de 63 millones de euros para esta primera promoci\u00f3n, que ha bautizado como Laguna Rosa. <\/span><span style=\"vertical-align: inherit\">Contin\u00faa as\u00ed su desarrollo y expansi\u00f3n en Torrevieja y vuelve a impulsar el turismo residencial en la Costa Blanca.<\/span><\/span><\/p>\n<p><strong><span style=\"vertical-align: inherit\"><span style=\"vertical-align: inherit\">Laguna Rosa<\/span><\/span><\/strong><span style=\"vertical-align: inherit\"><span style=\"vertical-align: inherit\"> ofrece una amplia variedad de opciones de vivienda con <\/span><\/span><strong><span style=\"vertical-align: inherit\"><span style=\"vertical-align: inherit\">apartamentos<\/span><\/span><\/strong><span style=\"vertical-align: inherit\"><span style=\"vertical-align: inherit\"> , <\/span><\/span><strong><span style=\"vertical-align: inherit\"><span style=\"vertical-align: inherit\">bungalows<\/span><\/span><\/strong><span style=\"vertical-align: inherit\"><span style=\"vertical-align: inherit\"> y <\/span><\/span><strong><span style=\"vertical-align: inherit\"><span style=\"vertical-align: inherit\">casas<\/span><\/span><\/strong><span style=\"vertical-align: inherit\"><span style=\"vertical-align: inherit\"> . <\/span><span style=\"vertical-align: inherit\">Amplias zonas exteriores y zonas comunes de 15.200 metros cuadrados est\u00e1n disponibles para todos. <\/span><span style=\"vertical-align: inherit\">Adem\u00e1s, el complejo residencial cuenta con excelentes conexiones, tanto con la N-332 como con la futura ampliaci\u00f3n de la CV-95, y acceso a una amplia gama de servicios directamente en la costa mediterr\u00e1nea. <\/span><span style=\"vertical-align: inherit\">Estos apartamentos <\/span><\/span><strong><span style=\"vertical-align: inherit\"><span style=\"vertical-align: inherit\">ya est\u00e1n a la venta <\/span><\/span><\/strong> <strong><span style=\"vertical-align: inherit\"><span style=\"vertical-align: inherit\">y se espera que sean entregados en julio de 2025<\/span><\/span><\/strong><span style=\"vertical-align: inherit\"><span style=\"vertical-align: inherit\"> .<\/span><\/span><\/p>\n<p>&nbsp;<\/p>\n<p><img loading=\"lazy\" decoding=\"async\" class=\"aligncenter wp-image-17436 \" src=\"https:\/\/www.tmgrupoinmobiliario.com\/blog\/sv\/wp-content\/uploads\/sites\/6\/2024\/01\/MicrosoftTeams-image-2-1024x727.jpg\" alt=\"\" width=\"675\" height=\"479\" \/><\/p>\n","protected":false},"excerpt":{"rendered":"<p>&nbsp; TM Real Estate Group , holding l\u00edder en el sector residencial, hotelero y de turismo de ocio, especializado en la construcci\u00f3n y promoci\u00f3n de segunda residencia en las costas mediterr\u00e1nea y caribe\u00f1a, presenta Lagoons Village by TM, un magn\u00edfico proyecto residencial en Torrevieja, en ese La empresa invertir\u00e1 375 millones de euros para construir [&hellip;]<\/p>\n","protected":false},"author":11716,"featured_media":15703,"comment_status":"open","ping_status":"open","sticky":false,"template":"","format":"standard","meta":{"_jetpack_memberships_contains_paid_content":false,"footnotes":""},"categories":[19,66,72],"tags":[80,55],"class_list":["post-15698","post","type-post","status-publish","format-standard","has-post-thumbnail","hentry","category-aktuell-news","category-corporativo","category-notas-prensa","tag-tag-all","tag-tag-compromise","formato-comunicacion"],"better_featured_image":{"id":15703,"alt_text":"","caption":"","description":"","media_type":"image","media_details":{"width":1000,"height":666,"file":"2024\/01\/01_09-1000x666-Lagoons-Village11.jpg","filesize":389605,"sizes":{"medium":{"file":"01_09-1000x666-Lagoons-Village11-300x200.jpg","width":300,"height":200,"mime-type":"image\/jpeg","filesize":19376,"source_url":"https:\/\/blog.tmgrupoinmobiliario.com\/de\/wp-content\/uploads\/sites\/3\/2024\/01\/01_09-1000x666-Lagoons-Village11-300x200.jpg"},"thumbnail":{"file":"01_09-1000x666-Lagoons-Village11-150x150.jpg","width":150,"height":150,"mime-type":"image\/jpeg","filesize":8134,"source_url":"https:\/\/blog.tmgrupoinmobiliario.com\/de\/wp-content\/uploads\/sites\/3\/2024\/01\/01_09-1000x666-Lagoons-Village11-150x150.jpg"},"medium_large":{"file":"01_09-1000x666-Lagoons-Village11-768x511.jpg","width":768,"height":511,"mime-type":"image\/jpeg","filesize":104891,"source_url":"https:\/\/blog.tmgrupoinmobiliario.com\/de\/wp-content\/uploads\/sites\/3\/2024\/01\/01_09-1000x666-Lagoons-Village11-768x511.jpg"}},"image_meta":{"aperture":"0","credit":"","camera":"","caption":"","created_timestamp":"0","copyright":"","focal_length":"0","iso":"0","shutter_speed":"0","title":"","orientation":"0","keywords":[]}},"post":15698,"source_url":"https:\/\/blog.tmgrupoinmobiliario.com\/de\/wp-content\/uploads\/sites\/3\/2024\/01\/01_09-1000x666-Lagoons-Village11.jpg"},"acf":{"imagen_destacada_desktop":"https:\/\/blog.tmgrupoinmobiliario.com\/de\/wp-content\/uploads\/sites\/3\/2024\/01\/01_09-1920x870-Lagoons-Village1-11.jpg","imagen_destacada_mobile":"https:\/\/blog.tmgrupoinmobiliario.com\/de\/wp-content\/uploads\/sites\/3\/2024\/01\/01_09-540x540-Lagoons-Village11.jpg","formato":{"term_id":76,"name":"Comunicaci\u00f3n","slug":"comunicacion","term_group":0,"term_taxonomy_id":76,"taxonomy":"formato","description":"","parent":0,"count":126,"filter":"raw"},"entradilla":"Lagoons Village by TM ist eines der wichtigsten und bedeutendsten Projekte der in Alicante ans\u00e4ssigen Holdinggesellschaft, die plant, 375 Millionen Euro in den Bau von 1.800 Wohnungen im sogenannten Bauabschnitt La Hoya in Torrevieja zu investieren.","etiquetas":"","cabecera_escritorio":"https:\/\/blog.tmgrupoinmobiliario.com\/de\/wp-content\/uploads\/sites\/3\/2024\/01\/01_09-1200x300-Lagoons-Village11.jpg","cabecera_mobile":"https:\/\/blog.tmgrupoinmobiliario.com\/de\/wp-content\/uploads\/sites\/3\/2024\/01\/01_09-768x768-Lagoons-Village11.jpg","galeria":false},"yoast_head":"<!-- This site is optimized with the Yoast SEO Premium plugin v23.6 (Yoast SEO v27.4) - https:\/\/yoast.com\/product\/yoast-seo-premium-wordpress\/ -->\n<title>TM pr\u00e4sentiert &quot;Lagoons Village by TM\u201c, ein Wohnprojekt in Torrevieja, in das 375 Millionen Euro investiert werden - Deutsche<\/title>\n<meta name=\"robots\" content=\"index, follow, max-snippet:-1, max-image-preview:large, max-video-preview:-1\" \/>\n<link rel=\"canonical\" href=\"https:\/\/blog.tmgrupoinmobiliario.com\/de\/2024\/01\/11\/tm-stellt-lagoons-village-by-tm-vor-ein-grossartiges-wohnprojekt-in-torrevieja-in-das-das-unternehmen-375-millionen-euro-investieren-wird\/\" \/>\n<meta property=\"og:locale\" content=\"de_DE\" \/>\n<meta property=\"og:type\" content=\"article\" \/>\n<meta property=\"og:title\" content=\"TM pr\u00e4sentiert &quot;Lagoons Village by TM\u201c, ein Wohnprojekt in Torrevieja, in das 375 Millionen Euro investiert werden\" \/>\n<meta property=\"og:description\" content=\"&nbsp; TM Real Estate Group , holding l\u00edder en el sector residencial, hotelero y de turismo de ocio, especializado en la construcci\u00f3n y promoci\u00f3n de segunda residencia en las costas mediterr\u00e1nea y caribe\u00f1a, presenta Lagoons Village by TM, un magn\u00edfico proyecto residencial en Torrevieja, en ese La empresa invertir\u00e1 375 millones de euros para construir [&hellip;]\" \/>\n<meta property=\"og:url\" content=\"https:\/\/blog.tmgrupoinmobiliario.com\/de\/2024\/01\/11\/tm-stellt-lagoons-village-by-tm-vor-ein-grossartiges-wohnprojekt-in-torrevieja-in-das-das-unternehmen-375-millionen-euro-investieren-wird\/\" \/>\n<meta property=\"og:site_name\" content=\"Deutsche\" \/>\n<meta property=\"article:published_time\" content=\"2024-01-11T09:30:27+00:00\" \/>\n<meta property=\"article:modified_time\" content=\"2024-01-12T09:51:02+00:00\" \/>\n<meta property=\"og:image\" content=\"https:\/\/blog.tmgrupoinmobiliario.com\/de\/wp-content\/uploads\/sites\/3\/2024\/01\/01_09-1000x666-Lagoons-Village11.jpg\" \/>\n\t<meta property=\"og:image:width\" content=\"1000\" \/>\n\t<meta property=\"og:image:height\" content=\"666\" \/>\n\t<meta property=\"og:image:type\" content=\"image\/jpeg\" \/>\n<meta name=\"author\" content=\"marina\" \/>\n<meta name=\"twitter:card\" content=\"summary_large_image\" \/>\n<meta name=\"twitter:label1\" content=\"Geschrieben von\" \/>\n\t<meta name=\"twitter:data1\" content=\"marina\" \/>\n\t<meta name=\"twitter:label2\" content=\"Gesch\u00e4tzte Lesezeit\" \/>\n\t<meta name=\"twitter:data2\" content=\"4\u00a0Minuten\" \/>\n<script type=\"application\/ld+json\" class=\"yoast-schema-graph\">{\"@context\":\"https:\\\/\\\/schema.org\",\"@graph\":[{\"@type\":\"Article\",\"@id\":\"https:\\\/\\\/blog.tmgrupoinmobiliario.com\\\/de\\\/2024\\\/01\\\/11\\\/tm-stellt-lagoons-village-by-tm-vor-ein-grossartiges-wohnprojekt-in-torrevieja-in-das-das-unternehmen-375-millionen-euro-investieren-wird\\\/#article\",\"isPartOf\":{\"@id\":\"https:\\\/\\\/blog.tmgrupoinmobiliario.com\\\/de\\\/2024\\\/01\\\/11\\\/tm-stellt-lagoons-village-by-tm-vor-ein-grossartiges-wohnprojekt-in-torrevieja-in-das-das-unternehmen-375-millionen-euro-investieren-wird\\\/\"},\"author\":{\"name\":\"marina\",\"@id\":\"https:\\\/\\\/blog.tmgrupoinmobiliario.com\\\/de\\\/#\\\/schema\\\/person\\\/788477479d35e623ab75c2fb194e7730\"},\"headline\":\"TM pr\u00e4sentiert &#8220;Lagoons Village by TM\u201c, ein Wohnprojekt in Torrevieja, in das 375 Millionen Euro investiert werden\",\"datePublished\":\"2024-01-11T09:30:27+00:00\",\"dateModified\":\"2024-01-12T09:51:02+00:00\",\"mainEntityOfPage\":{\"@id\":\"https:\\\/\\\/blog.tmgrupoinmobiliario.com\\\/de\\\/2024\\\/01\\\/11\\\/tm-stellt-lagoons-village-by-tm-vor-ein-grossartiges-wohnprojekt-in-torrevieja-in-das-das-unternehmen-375-millionen-euro-investieren-wird\\\/\"},\"wordCount\":472,\"commentCount\":0,\"image\":{\"@id\":\"https:\\\/\\\/blog.tmgrupoinmobiliario.com\\\/de\\\/2024\\\/01\\\/11\\\/tm-stellt-lagoons-village-by-tm-vor-ein-grossartiges-wohnprojekt-in-torrevieja-in-das-das-unternehmen-375-millionen-euro-investieren-wird\\\/#primaryimage\"},\"thumbnailUrl\":\"https:\\\/\\\/blog.tmgrupoinmobiliario.com\\\/de\\\/wp-content\\\/uploads\\\/sites\\\/3\\\/2024\\\/01\\\/01_09-1000x666-Lagoons-Village11.jpg\",\"keywords\":[\"tag-all\",\"tag-compromise\"],\"articleSection\":[\"Aktuell TM\",\"Corporativo\",\"Pressemitteilung\"],\"inLanguage\":\"de\",\"potentialAction\":[{\"@type\":\"CommentAction\",\"name\":\"Comment\",\"target\":[\"https:\\\/\\\/blog.tmgrupoinmobiliario.com\\\/de\\\/2024\\\/01\\\/11\\\/tm-stellt-lagoons-village-by-tm-vor-ein-grossartiges-wohnprojekt-in-torrevieja-in-das-das-unternehmen-375-millionen-euro-investieren-wird\\\/#respond\"]}]},{\"@type\":\"WebPage\",\"@id\":\"https:\\\/\\\/blog.tmgrupoinmobiliario.com\\\/de\\\/2024\\\/01\\\/11\\\/tm-stellt-lagoons-village-by-tm-vor-ein-grossartiges-wohnprojekt-in-torrevieja-in-das-das-unternehmen-375-millionen-euro-investieren-wird\\\/\",\"url\":\"https:\\\/\\\/blog.tmgrupoinmobiliario.com\\\/de\\\/2024\\\/01\\\/11\\\/tm-stellt-lagoons-village-by-tm-vor-ein-grossartiges-wohnprojekt-in-torrevieja-in-das-das-unternehmen-375-millionen-euro-investieren-wird\\\/\",\"name\":\"TM pr\u00e4sentiert \\\"Lagoons Village by TM\u201c, ein Wohnprojekt in Torrevieja, in das 375 Millionen Euro investiert werden - Deutsche\",\"isPartOf\":{\"@id\":\"https:\\\/\\\/blog.tmgrupoinmobiliario.com\\\/de\\\/#website\"},\"primaryImageOfPage\":{\"@id\":\"https:\\\/\\\/blog.tmgrupoinmobiliario.com\\\/de\\\/2024\\\/01\\\/11\\\/tm-stellt-lagoons-village-by-tm-vor-ein-grossartiges-wohnprojekt-in-torrevieja-in-das-das-unternehmen-375-millionen-euro-investieren-wird\\\/#primaryimage\"},\"image\":{\"@id\":\"https:\\\/\\\/blog.tmgrupoinmobiliario.com\\\/de\\\/2024\\\/01\\\/11\\\/tm-stellt-lagoons-village-by-tm-vor-ein-grossartiges-wohnprojekt-in-torrevieja-in-das-das-unternehmen-375-millionen-euro-investieren-wird\\\/#primaryimage\"},\"thumbnailUrl\":\"https:\\\/\\\/blog.tmgrupoinmobiliario.com\\\/de\\\/wp-content\\\/uploads\\\/sites\\\/3\\\/2024\\\/01\\\/01_09-1000x666-Lagoons-Village11.jpg\",\"datePublished\":\"2024-01-11T09:30:27+00:00\",\"dateModified\":\"2024-01-12T09:51:02+00:00\",\"author\":{\"@id\":\"https:\\\/\\\/blog.tmgrupoinmobiliario.com\\\/de\\\/#\\\/schema\\\/person\\\/788477479d35e623ab75c2fb194e7730\"},\"breadcrumb\":{\"@id\":\"https:\\\/\\\/blog.tmgrupoinmobiliario.com\\\/de\\\/2024\\\/01\\\/11\\\/tm-stellt-lagoons-village-by-tm-vor-ein-grossartiges-wohnprojekt-in-torrevieja-in-das-das-unternehmen-375-millionen-euro-investieren-wird\\\/#breadcrumb\"},\"inLanguage\":\"de\",\"potentialAction\":[{\"@type\":\"ReadAction\",\"target\":[\"https:\\\/\\\/blog.tmgrupoinmobiliario.com\\\/de\\\/2024\\\/01\\\/11\\\/tm-stellt-lagoons-village-by-tm-vor-ein-grossartiges-wohnprojekt-in-torrevieja-in-das-das-unternehmen-375-millionen-euro-investieren-wird\\\/\"]}]},{\"@type\":\"ImageObject\",\"inLanguage\":\"de\",\"@id\":\"https:\\\/\\\/blog.tmgrupoinmobiliario.com\\\/de\\\/2024\\\/01\\\/11\\\/tm-stellt-lagoons-village-by-tm-vor-ein-grossartiges-wohnprojekt-in-torrevieja-in-das-das-unternehmen-375-millionen-euro-investieren-wird\\\/#primaryimage\",\"url\":\"https:\\\/\\\/blog.tmgrupoinmobiliario.com\\\/de\\\/wp-content\\\/uploads\\\/sites\\\/3\\\/2024\\\/01\\\/01_09-1000x666-Lagoons-Village11.jpg\",\"contentUrl\":\"https:\\\/\\\/blog.tmgrupoinmobiliario.com\\\/de\\\/wp-content\\\/uploads\\\/sites\\\/3\\\/2024\\\/01\\\/01_09-1000x666-Lagoons-Village11.jpg\",\"width\":1000,\"height\":666},{\"@type\":\"BreadcrumbList\",\"@id\":\"https:\\\/\\\/blog.tmgrupoinmobiliario.com\\\/de\\\/2024\\\/01\\\/11\\\/tm-stellt-lagoons-village-by-tm-vor-ein-grossartiges-wohnprojekt-in-torrevieja-in-das-das-unternehmen-375-millionen-euro-investieren-wird\\\/#breadcrumb\",\"itemListElement\":[{\"@type\":\"ListItem\",\"position\":1,\"name\":\"Portada\",\"item\":\"https:\\\/\\\/blog.tmgrupoinmobiliario.com\\\/de\\\/\"},{\"@type\":\"ListItem\",\"position\":2,\"name\":\"TM pr\u00e4sentiert &#8220;Lagoons Village by TM\u201c, ein Wohnprojekt in Torrevieja, in das 375 Millionen Euro investiert werden\"}]},{\"@type\":\"WebSite\",\"@id\":\"https:\\\/\\\/blog.tmgrupoinmobiliario.com\\\/de\\\/#website\",\"url\":\"https:\\\/\\\/blog.tmgrupoinmobiliario.com\\\/de\\\/\",\"name\":\"Deutsche\",\"description\":\"Otro sitio m\u00e1s de Blog Desarrollo TM sitios\",\"potentialAction\":[{\"@type\":\"SearchAction\",\"target\":{\"@type\":\"EntryPoint\",\"urlTemplate\":\"https:\\\/\\\/blog.tmgrupoinmobiliario.com\\\/de\\\/?s={search_term_string}\"},\"query-input\":{\"@type\":\"PropertyValueSpecification\",\"valueRequired\":true,\"valueName\":\"search_term_string\"}}],\"inLanguage\":\"de\"},{\"@type\":\"Person\",\"@id\":\"https:\\\/\\\/blog.tmgrupoinmobiliario.com\\\/de\\\/#\\\/schema\\\/person\\\/788477479d35e623ab75c2fb194e7730\",\"name\":\"marina\",\"image\":{\"@type\":\"ImageObject\",\"inLanguage\":\"de\",\"@id\":\"https:\\\/\\\/secure.gravatar.com\\\/avatar\\\/34480839eb5b1bb235efe5be1b7e49218e07e314c17d1fb9ba5183ac5c2c64f3?s=96&d=mm&r=g\",\"url\":\"https:\\\/\\\/secure.gravatar.com\\\/avatar\\\/34480839eb5b1bb235efe5be1b7e49218e07e314c17d1fb9ba5183ac5c2c64f3?s=96&d=mm&r=g\",\"contentUrl\":\"https:\\\/\\\/secure.gravatar.com\\\/avatar\\\/34480839eb5b1bb235efe5be1b7e49218e07e314c17d1fb9ba5183ac5c2c64f3?s=96&d=mm&r=g\",\"caption\":\"marina\"},\"url\":\"https:\\\/\\\/blog.tmgrupoinmobiliario.com\\\/de\\\/author\\\/marina\\\/\"}]}<\/script>\n<!-- \/ Yoast SEO Premium plugin. -->","yoast_head_json":{"title":"TM pr\u00e4sentiert \"Lagoons Village by TM\u201c, ein Wohnprojekt in Torrevieja, in das 375 Millionen Euro investiert werden - Deutsche","robots":{"index":"index","follow":"follow","max-snippet":"max-snippet:-1","max-image-preview":"max-image-preview:large","max-video-preview":"max-video-preview:-1"},"canonical":"https:\/\/blog.tmgrupoinmobiliario.com\/de\/2024\/01\/11\/tm-stellt-lagoons-village-by-tm-vor-ein-grossartiges-wohnprojekt-in-torrevieja-in-das-das-unternehmen-375-millionen-euro-investieren-wird\/","og_locale":"de_DE","og_type":"article","og_title":"TM pr\u00e4sentiert \"Lagoons Village by TM\u201c, ein Wohnprojekt in Torrevieja, in das 375 Millionen Euro investiert werden","og_description":"&nbsp; TM Real Estate Group , holding l\u00edder en el sector residencial, hotelero y de turismo de ocio, especializado en la construcci\u00f3n y promoci\u00f3n de segunda residencia en las costas mediterr\u00e1nea y caribe\u00f1a, presenta Lagoons Village by TM, un magn\u00edfico proyecto residencial en Torrevieja, en ese La empresa invertir\u00e1 375 millones de euros para construir [&hellip;]","og_url":"https:\/\/blog.tmgrupoinmobiliario.com\/de\/2024\/01\/11\/tm-stellt-lagoons-village-by-tm-vor-ein-grossartiges-wohnprojekt-in-torrevieja-in-das-das-unternehmen-375-millionen-euro-investieren-wird\/","og_site_name":"Deutsche","article_published_time":"2024-01-11T09:30:27+00:00","article_modified_time":"2024-01-12T09:51:02+00:00","og_image":[{"width":1000,"height":666,"url":"https:\/\/blog.tmgrupoinmobiliario.com\/de\/wp-content\/uploads\/sites\/3\/2024\/01\/01_09-1000x666-Lagoons-Village11.jpg","type":"image\/jpeg"}],"author":"marina","twitter_card":"summary_large_image","twitter_misc":{"Geschrieben von":"marina","Gesch\u00e4tzte Lesezeit":"4\u00a0Minuten"},"schema":{"@context":"https:\/\/schema.org","@graph":[{"@type":"Article","@id":"https:\/\/blog.tmgrupoinmobiliario.com\/de\/2024\/01\/11\/tm-stellt-lagoons-village-by-tm-vor-ein-grossartiges-wohnprojekt-in-torrevieja-in-das-das-unternehmen-375-millionen-euro-investieren-wird\/#article","isPartOf":{"@id":"https:\/\/blog.tmgrupoinmobiliario.com\/de\/2024\/01\/11\/tm-stellt-lagoons-village-by-tm-vor-ein-grossartiges-wohnprojekt-in-torrevieja-in-das-das-unternehmen-375-millionen-euro-investieren-wird\/"},"author":{"name":"marina","@id":"https:\/\/blog.tmgrupoinmobiliario.com\/de\/#\/schema\/person\/788477479d35e623ab75c2fb194e7730"},"headline":"TM pr\u00e4sentiert &#8220;Lagoons Village by TM\u201c, ein Wohnprojekt in Torrevieja, in das 375 Millionen Euro investiert werden","datePublished":"2024-01-11T09:30:27+00:00","dateModified":"2024-01-12T09:51:02+00:00","mainEntityOfPage":{"@id":"https:\/\/blog.tmgrupoinmobiliario.com\/de\/2024\/01\/11\/tm-stellt-lagoons-village-by-tm-vor-ein-grossartiges-wohnprojekt-in-torrevieja-in-das-das-unternehmen-375-millionen-euro-investieren-wird\/"},"wordCount":472,"commentCount":0,"image":{"@id":"https:\/\/blog.tmgrupoinmobiliario.com\/de\/2024\/01\/11\/tm-stellt-lagoons-village-by-tm-vor-ein-grossartiges-wohnprojekt-in-torrevieja-in-das-das-unternehmen-375-millionen-euro-investieren-wird\/#primaryimage"},"thumbnailUrl":"https:\/\/blog.tmgrupoinmobiliario.com\/de\/wp-content\/uploads\/sites\/3\/2024\/01\/01_09-1000x666-Lagoons-Village11.jpg","keywords":["tag-all","tag-compromise"],"articleSection":["Aktuell TM","Corporativo","Pressemitteilung"],"inLanguage":"de","potentialAction":[{"@type":"CommentAction","name":"Comment","target":["https:\/\/blog.tmgrupoinmobiliario.com\/de\/2024\/01\/11\/tm-stellt-lagoons-village-by-tm-vor-ein-grossartiges-wohnprojekt-in-torrevieja-in-das-das-unternehmen-375-millionen-euro-investieren-wird\/#respond"]}]},{"@type":"WebPage","@id":"https:\/\/blog.tmgrupoinmobiliario.com\/de\/2024\/01\/11\/tm-stellt-lagoons-village-by-tm-vor-ein-grossartiges-wohnprojekt-in-torrevieja-in-das-das-unternehmen-375-millionen-euro-investieren-wird\/","url":"https:\/\/blog.tmgrupoinmobiliario.com\/de\/2024\/01\/11\/tm-stellt-lagoons-village-by-tm-vor-ein-grossartiges-wohnprojekt-in-torrevieja-in-das-das-unternehmen-375-millionen-euro-investieren-wird\/","name":"TM pr\u00e4sentiert \"Lagoons Village by TM\u201c, ein Wohnprojekt in Torrevieja, in das 375 Millionen Euro investiert werden - Deutsche","isPartOf":{"@id":"https:\/\/blog.tmgrupoinmobiliario.com\/de\/#website"},"primaryImageOfPage":{"@id":"https:\/\/blog.tmgrupoinmobiliario.com\/de\/2024\/01\/11\/tm-stellt-lagoons-village-by-tm-vor-ein-grossartiges-wohnprojekt-in-torrevieja-in-das-das-unternehmen-375-millionen-euro-investieren-wird\/#primaryimage"},"image":{"@id":"https:\/\/blog.tmgrupoinmobiliario.com\/de\/2024\/01\/11\/tm-stellt-lagoons-village-by-tm-vor-ein-grossartiges-wohnprojekt-in-torrevieja-in-das-das-unternehmen-375-millionen-euro-investieren-wird\/#primaryimage"},"thumbnailUrl":"https:\/\/blog.tmgrupoinmobiliario.com\/de\/wp-content\/uploads\/sites\/3\/2024\/01\/01_09-1000x666-Lagoons-Village11.jpg","datePublished":"2024-01-11T09:30:27+00:00","dateModified":"2024-01-12T09:51:02+00:00","author":{"@id":"https:\/\/blog.tmgrupoinmobiliario.com\/de\/#\/schema\/person\/788477479d35e623ab75c2fb194e7730"},"breadcrumb":{"@id":"https:\/\/blog.tmgrupoinmobiliario.com\/de\/2024\/01\/11\/tm-stellt-lagoons-village-by-tm-vor-ein-grossartiges-wohnprojekt-in-torrevieja-in-das-das-unternehmen-375-millionen-euro-investieren-wird\/#breadcrumb"},"inLanguage":"de","potentialAction":[{"@type":"ReadAction","target":["https:\/\/blog.tmgrupoinmobiliario.com\/de\/2024\/01\/11\/tm-stellt-lagoons-village-by-tm-vor-ein-grossartiges-wohnprojekt-in-torrevieja-in-das-das-unternehmen-375-millionen-euro-investieren-wird\/"]}]},{"@type":"ImageObject","inLanguage":"de","@id":"https:\/\/blog.tmgrupoinmobiliario.com\/de\/2024\/01\/11\/tm-stellt-lagoons-village-by-tm-vor-ein-grossartiges-wohnprojekt-in-torrevieja-in-das-das-unternehmen-375-millionen-euro-investieren-wird\/#primaryimage","url":"https:\/\/blog.tmgrupoinmobiliario.com\/de\/wp-content\/uploads\/sites\/3\/2024\/01\/01_09-1000x666-Lagoons-Village11.jpg","contentUrl":"https:\/\/blog.tmgrupoinmobiliario.com\/de\/wp-content\/uploads\/sites\/3\/2024\/01\/01_09-1000x666-Lagoons-Village11.jpg","width":1000,"height":666},{"@type":"BreadcrumbList","@id":"https:\/\/blog.tmgrupoinmobiliario.com\/de\/2024\/01\/11\/tm-stellt-lagoons-village-by-tm-vor-ein-grossartiges-wohnprojekt-in-torrevieja-in-das-das-unternehmen-375-millionen-euro-investieren-wird\/#breadcrumb","itemListElement":[{"@type":"ListItem","position":1,"name":"Portada","item":"https:\/\/blog.tmgrupoinmobiliario.com\/de\/"},{"@type":"ListItem","position":2,"name":"TM pr\u00e4sentiert &#8220;Lagoons Village by TM\u201c, ein Wohnprojekt in Torrevieja, in das 375 Millionen Euro investiert werden"}]},{"@type":"WebSite","@id":"https:\/\/blog.tmgrupoinmobiliario.com\/de\/#website","url":"https:\/\/blog.tmgrupoinmobiliario.com\/de\/","name":"Deutsche","description":"Otro sitio m\u00e1s de Blog Desarrollo TM sitios","potentialAction":[{"@type":"SearchAction","target":{"@type":"EntryPoint","urlTemplate":"https:\/\/blog.tmgrupoinmobiliario.com\/de\/?s={search_term_string}"},"query-input":{"@type":"PropertyValueSpecification","valueRequired":true,"valueName":"search_term_string"}}],"inLanguage":"de"},{"@type":"Person","@id":"https:\/\/blog.tmgrupoinmobiliario.com\/de\/#\/schema\/person\/788477479d35e623ab75c2fb194e7730","name":"marina","image":{"@type":"ImageObject","inLanguage":"de","@id":"https:\/\/secure.gravatar.com\/avatar\/34480839eb5b1bb235efe5be1b7e49218e07e314c17d1fb9ba5183ac5c2c64f3?s=96&d=mm&r=g","url":"https:\/\/secure.gravatar.com\/avatar\/34480839eb5b1bb235efe5be1b7e49218e07e314c17d1fb9ba5183ac5c2c64f3?s=96&d=mm&r=g","contentUrl":"https:\/\/secure.gravatar.com\/avatar\/34480839eb5b1bb235efe5be1b7e49218e07e314c17d1fb9ba5183ac5c2c64f3?s=96&d=mm&r=g","caption":"marina"},"url":"https:\/\/blog.tmgrupoinmobiliario.com\/de\/author\/marina\/"}]}},"jetpack_featured_media_url":"https:\/\/blog.tmgrupoinmobiliario.com\/de\/wp-content\/uploads\/sites\/3\/2024\/01\/01_09-1000x666-Lagoons-Village11.jpg","jetpack_sharing_enabled":true,"_links":{"self":[{"href":"https:\/\/blog.tmgrupoinmobiliario.com\/de\/wp-json\/wp\/v2\/posts\/15698","targetHints":{"allow":["GET"]}}],"collection":[{"href":"https:\/\/blog.tmgrupoinmobiliario.com\/de\/wp-json\/wp\/v2\/posts"}],"about":[{"href":"https:\/\/blog.tmgrupoinmobiliario.com\/de\/wp-json\/wp\/v2\/types\/post"}],"author":[{"embeddable":true,"href":"https:\/\/blog.tmgrupoinmobiliario.com\/de\/wp-json\/wp\/v2\/users\/11716"}],"replies":[{"embeddable":true,"href":"https:\/\/blog.tmgrupoinmobiliario.com\/de\/wp-json\/wp\/v2\/comments?post=15698"}],"version-history":[{"count":6,"href":"https:\/\/blog.tmgrupoinmobiliario.com\/de\/wp-json\/wp\/v2\/posts\/15698\/revisions"}],"predecessor-version":[{"id":15710,"href":"https:\/\/blog.tmgrupoinmobiliario.com\/de\/wp-json\/wp\/v2\/posts\/15698\/revisions\/15710"}],"wp:featuredmedia":[{"embeddable":true,"href":"https:\/\/blog.tmgrupoinmobiliario.com\/de\/wp-json\/wp\/v2\/media\/15703"}],"wp:attachment":[{"href":"https:\/\/blog.tmgrupoinmobiliario.com\/de\/wp-json\/wp\/v2\/media?parent=15698"}],"wp:term":[{"taxonomy":"category","embeddable":true,"href":"https:\/\/blog.tmgrupoinmobiliario.com\/de\/wp-json\/wp\/v2\/categories?post=15698"},{"taxonomy":"post_tag","embeddable":true,"href":"https:\/\/blog.tmgrupoinmobiliario.com\/de\/wp-json\/wp\/v2\/tags?post=15698"}],"curies":[{"name":"wp","href":"https:\/\/api.w.org\/{rel}","templated":true}]}}