{"id":15684,"date":"2024-01-04T12:56:54","date_gmt":"2024-01-04T11:56:54","guid":{"rendered":"https:\/\/blog.tmgrupoinmobiliario.com\/de\/?p=15684"},"modified":"2024-01-05T10:29:53","modified_gmt":"2024-01-05T09:29:53","slug":"valencia-cf-tm-real-estate-group-und-laliga-veranstalten-gemeinsam-eine-spannende-watch-party-in-polen","status":"publish","type":"post","link":"https:\/\/blog.tmgrupoinmobiliario.com\/de\/2024\/01\/04\/valencia-cf-tm-real-estate-group-und-laliga-veranstalten-gemeinsam-eine-spannende-watch-party-in-polen\/","title":{"rendered":"Valencia CF, TM Real Estate Group und LALIGA veranstalten gemeinsam eine spannende watch party in Polen"},"content":{"rendered":"<p>&nbsp;<\/p>\n<p>Die Zuschauer erlebten das Spiel <strong>FC Valencia &#8211; FC Barcelona<\/strong> am 17. Spieltag von LaLiga EA Sports in der Stadt Sopot (Polen), mehr als 2.700 Kilometer vom Camp de Mestalla entfernt, auf besondere Weise. Der <strong>FC Valencia<\/strong>, ein prominenter globaler Hauptpartner der TM Grupo Inmobiliario, und LaLiga haben sich am vergangenen Wochenende zusammengetan und ein gro\u00dfes internationales Event organisiert: eine Watch Party, die hunderte FC Valencia-Fans, aktuellen und potenziellen Kunden von <strong>TM Real Estate Group<\/strong> und <strong>LALIGA<\/strong>-Fans ein Spiel voller Emotionen und ein erstklassiges Erlebnis bot.<\/p>\n<p>&nbsp;<\/p>\n<p><img loading=\"lazy\" decoding=\"async\" class=\"aligncenter wp-image-23595 \" src=\"https:\/\/www.tmgrupoinmobiliario.com\/blog\/wp-content\/uploads\/2023\/12\/foto-familia-1024x678.jpg\" alt=\"\" width=\"743\" height=\"492\" \/><\/p>\n<p>&nbsp;<\/p>\n<p>Die Teilnehmer konnten das Spiel im Kongresssaal des <strong>Sheraton-Hotels in Sopot<\/strong> \u00fcber eine riesige Leinwand verfolgen. W\u00e4hrend der Live-\u00dcbertragung von <strong>Eleven Sports<\/strong>, dem polnischen LALIGA-Sender, konnten die Zuschauer ein Abendessen mit typischen Gerichten der valencianischen und mediterranen K\u00fcche genie\u00dfen. Der Abend fand in Anwesenheit des Botschafters des <strong>FC Valencia, Miguel \u00c1ngel Bossio<\/strong>, statt. Die Anwesenden kamen in den Genuss einer Videobotschaft, die von <strong>Yarek Gasiorowski<\/strong> (einem Spieler polnischer Abstammung) aufgenommen wurde. Sie erhielten T-Shirts und andere Fanartikel des FC Valencia, zus\u00e4tzlich wurden verschiedene Verlosungen durchgef\u00fchrt.<\/p>\n<p>&nbsp;<\/p>\n<p><img loading=\"lazy\" decoding=\"async\" class=\"aligncenter wp-image-23596 \" src=\"https:\/\/www.tmgrupoinmobiliario.com\/blog\/wp-content\/uploads\/2023\/12\/20231216_202543-768x1024.jpg\" alt=\"\" width=\"461\" height=\"615\" \/><\/p>\n<p>&nbsp;<\/p>\n<p>Die Veranstaltung diente dazu, die Beziehung der Teilnehmer zu <strong>FC Valencia<\/strong>, zu <strong>LALIGA<\/strong> und insbesondere zur <strong>TM Real Estate Group<\/strong> zu festigen. Die Holdinggesellschaft aus Alicante, die im Bereich des Wohn-, Hotel- und Urlaubstourismus eine Vorreiterrolle einnimmt, f\u00fchrte in Anwesenheit von Jorge Blay, Leiter der europ\u00e4ischen Delegationen, und Monika Trams, Country Managerin in Polen, eine kommerzielle und strategische Positionierungsaktion durch und zeigte ein Unternehmensvideo, in dem sie ihre Vorzeige-Wohn- und Hotelprojekte sowohl im Mittelmeerraum als auch in der mexikanischen Karibik vorstellte.<\/p>\n<p>&nbsp;<\/p>\n<p>Polen ist f\u00fcr den <strong>FC Valencia<\/strong> zu einem immer interessanteren Markt geworden, was auf Indikatoren wie die 72%ige Zunahme der Zuschauerzahlen des Clubs im Land, der Verpflichtung von <strong>Yarek Gasiorowski<\/strong> in der ersten Mannschaft und der gemeinsamen Arbeit mit <strong>TM Real Estate Group<\/strong>\u00a0im Rahmen gemeinsamer internationaler Entwicklungsstrategien zur\u00fcckzuf\u00fchren ist, da der polnische Markt derzeit die Anzahl der Immobilieninvestitionen anf\u00fchrt, die das Unternehmen aus Alicante in den letzten zwei Jahren registriert hat. Die Watch Party, die Teil der verschiedenen Aktionen der Handels- und Marketingabteilung des FC Valencia ist, um die internationalen Ziele von LaLiga Impulso zu erreichen, hatte auch Auswirkungen auf die Lead-Generierung und die Medienwirkung, indem sie die Pr\u00e4senz von Medien wie TVP Sport, Canal+ und Kanal Sportowy, dem meistgesehenen YouTube-Kanal des Landes, erreichte.<\/p>\n<p>&nbsp;<\/p>\n<p><img loading=\"lazy\" decoding=\"async\" class=\"aligncenter wp-image-23597 \" src=\"https:\/\/www.tmgrupoinmobiliario.com\/blog\/wp-content\/uploads\/2023\/12\/IMG-20231217-WA0016.jpg\" alt=\"\" width=\"728\" height=\"546\" \/><\/p>\n<p>&nbsp;<\/p>\n<p>An der Veranstaltung nahmen auch Pers\u00f6nlichkeiten wie Barbara Stempkowsk (Pr\u00e4sidentin der Amerikanischen Handelskammer in Danzig), Radoslaw Michalski (Pr\u00e4sident des Fu\u00dfballverbandes der Region Pommern), Aneta Tylicka (Gesch\u00e4ftsf\u00fchrerin von Fuksiarz, dem Wetthaus, das LALIGA in Polen sponsert) und Janusz Jarosinski (Honorarkonsul von Belgien) sowie verschiedene F\u00fchrungskr\u00e4fte der Tochtergesellschaften der Banco Santander in Polen und VIP-Kunden der <strong>TM Real Estate Group<\/strong>\u00a0teil.<\/p>\n<p>&nbsp;<\/p>\n<p><img loading=\"lazy\" decoding=\"async\" class=\"aligncenter wp-image-23598 \" src=\"https:\/\/www.tmgrupoinmobiliario.com\/blog\/wp-content\/uploads\/2023\/12\/WhatsApp-Image-2023-12-18-at-09.30.37-1-1024x684.jpeg\" alt=\"\" width=\"726\" height=\"485\" \/><\/p>\n","protected":false},"excerpt":{"rendered":"<p>&nbsp; Die Zuschauer erlebten das Spiel FC Valencia &#8211; FC Barcelona am 17. Spieltag von LaLiga EA Sports in der Stadt Sopot (Polen), mehr als 2.700 Kilometer vom Camp de Mestalla entfernt, auf besondere Weise. Der FC Valencia, ein prominenter globaler Hauptpartner der TM Grupo Inmobiliario, und LaLiga haben sich am vergangenen Wochenende zusammengetan und [&hellip;]<\/p>\n","protected":false},"author":11716,"featured_media":15689,"comment_status":"open","ping_status":"open","sticky":false,"template":"","format":"standard","meta":{"_jetpack_memberships_contains_paid_content":false,"footnotes":""},"categories":[66,72],"tags":[80,55],"class_list":["post-15684","post","type-post","status-publish","format-standard","has-post-thumbnail","hentry","category-corporativo","category-notas-prensa","tag-tag-all","tag-tag-compromise","formato-comunicacion"],"better_featured_image":{"id":15689,"alt_text":"","caption":"","description":"","media_type":"image","media_details":{"width":1000,"height":666,"file":"2024\/01\/1000x666-watch-party1.jpg","filesize":162149,"sizes":{"medium":{"file":"1000x666-watch-party1-300x200.jpg","width":300,"height":200,"mime-type":"image\/jpeg","filesize":10501,"source_url":"https:\/\/blog.tmgrupoinmobiliario.com\/de\/wp-content\/uploads\/sites\/3\/2024\/01\/1000x666-watch-party1-300x200.jpg"},"thumbnail":{"file":"1000x666-watch-party1-150x150.jpg","width":150,"height":150,"mime-type":"image\/jpeg","filesize":5013,"source_url":"https:\/\/blog.tmgrupoinmobiliario.com\/de\/wp-content\/uploads\/sites\/3\/2024\/01\/1000x666-watch-party1-150x150.jpg"},"medium_large":{"file":"1000x666-watch-party1-768x511.jpg","width":768,"height":511,"mime-type":"image\/jpeg","filesize":40381,"source_url":"https:\/\/blog.tmgrupoinmobiliario.com\/de\/wp-content\/uploads\/sites\/3\/2024\/01\/1000x666-watch-party1-768x511.jpg"}},"image_meta":{"aperture":"0","credit":"","camera":"","caption":"","created_timestamp":"0","copyright":"","focal_length":"0","iso":"0","shutter_speed":"0","title":"","orientation":"0","keywords":[]}},"post":15684,"source_url":"https:\/\/blog.tmgrupoinmobiliario.com\/de\/wp-content\/uploads\/sites\/3\/2024\/01\/1000x666-watch-party1.jpg"},"acf":{"imagen_destacada_desktop":"https:\/\/blog.tmgrupoinmobiliario.com\/de\/wp-content\/uploads\/sites\/3\/2024\/01\/1920x870-watch-party1.jpg","imagen_destacada_mobile":"https:\/\/blog.tmgrupoinmobiliario.com\/de\/wp-content\/uploads\/sites\/3\/2024\/01\/540x540-watch-party1.jpg","formato":{"term_id":76,"name":"Comunicaci\u00f3n","slug":"comunicacion","term_group":0,"term_taxonomy_id":76,"taxonomy":"formato","description":"","parent":0,"count":126,"filter":"raw"},"entradilla":"Die Veranstaltung, die in der Stadt Sopot stattfand, vereinte hunderte von Fans, die beim Aufeinandertreffen von FC Valencia und FC Barcelona ein erstklassiges Erlebnis in einem einmaligen Rahmen genie\u00dfen konnten.","etiquetas":"","cabecera_escritorio":"https:\/\/blog.tmgrupoinmobiliario.com\/de\/wp-content\/uploads\/sites\/3\/2024\/01\/1200x300-watch-party1.jpg","cabecera_mobile":"https:\/\/blog.tmgrupoinmobiliario.com\/de\/wp-content\/uploads\/sites\/3\/2024\/01\/768x768-watch-party1.jpg","galeria":false},"yoast_head":"<!-- This site is optimized with the Yoast SEO Premium plugin v23.6 (Yoast SEO v27.4) - https:\/\/yoast.com\/product\/yoast-seo-premium-wordpress\/ -->\n<title>Valencia CF, TM Real Estate Group und LALIGA veranstalten gemeinsam eine spannende watch party in Polen - Deutsche<\/title>\n<meta name=\"robots\" content=\"index, follow, max-snippet:-1, max-image-preview:large, max-video-preview:-1\" \/>\n<link rel=\"canonical\" href=\"https:\/\/blog.tmgrupoinmobiliario.com\/de\/2024\/01\/04\/valencia-cf-tm-real-estate-group-und-laliga-veranstalten-gemeinsam-eine-spannende-watch-party-in-polen\/\" \/>\n<meta property=\"og:locale\" content=\"de_DE\" \/>\n<meta property=\"og:type\" content=\"article\" \/>\n<meta property=\"og:title\" content=\"Valencia CF, TM Real Estate Group und LALIGA veranstalten gemeinsam eine spannende watch party in Polen\" \/>\n<meta property=\"og:description\" content=\"&nbsp; Die Zuschauer erlebten das Spiel FC Valencia &#8211; FC Barcelona am 17. Spieltag von LaLiga EA Sports in der Stadt Sopot (Polen), mehr als 2.700 Kilometer vom Camp de Mestalla entfernt, auf besondere Weise. Der FC Valencia, ein prominenter globaler Hauptpartner der TM Grupo Inmobiliario, und LaLiga haben sich am vergangenen Wochenende zusammengetan und [&hellip;]\" \/>\n<meta property=\"og:url\" content=\"https:\/\/blog.tmgrupoinmobiliario.com\/de\/2024\/01\/04\/valencia-cf-tm-real-estate-group-und-laliga-veranstalten-gemeinsam-eine-spannende-watch-party-in-polen\/\" \/>\n<meta property=\"og:site_name\" content=\"Deutsche\" \/>\n<meta property=\"article:published_time\" content=\"2024-01-04T11:56:54+00:00\" \/>\n<meta property=\"article:modified_time\" content=\"2024-01-05T09:29:53+00:00\" \/>\n<meta property=\"og:image\" content=\"https:\/\/blog.tmgrupoinmobiliario.com\/de\/wp-content\/uploads\/sites\/3\/2024\/01\/1000x666-watch-party1.jpg\" \/>\n\t<meta property=\"og:image:width\" content=\"1000\" \/>\n\t<meta property=\"og:image:height\" content=\"666\" \/>\n\t<meta property=\"og:image:type\" content=\"image\/jpeg\" \/>\n<meta name=\"author\" content=\"marina\" \/>\n<meta name=\"twitter:card\" content=\"summary_large_image\" \/>\n<meta name=\"twitter:label1\" content=\"Geschrieben von\" \/>\n\t<meta name=\"twitter:data1\" content=\"marina\" \/>\n\t<meta name=\"twitter:label2\" content=\"Gesch\u00e4tzte Lesezeit\" \/>\n\t<meta name=\"twitter:data2\" content=\"4\u00a0Minuten\" \/>\n<script type=\"application\/ld+json\" class=\"yoast-schema-graph\">{\"@context\":\"https:\\\/\\\/schema.org\",\"@graph\":[{\"@type\":\"Article\",\"@id\":\"https:\\\/\\\/blog.tmgrupoinmobiliario.com\\\/de\\\/2024\\\/01\\\/04\\\/valencia-cf-tm-real-estate-group-und-laliga-veranstalten-gemeinsam-eine-spannende-watch-party-in-polen\\\/#article\",\"isPartOf\":{\"@id\":\"https:\\\/\\\/blog.tmgrupoinmobiliario.com\\\/de\\\/2024\\\/01\\\/04\\\/valencia-cf-tm-real-estate-group-und-laliga-veranstalten-gemeinsam-eine-spannende-watch-party-in-polen\\\/\"},\"author\":{\"name\":\"marina\",\"@id\":\"https:\\\/\\\/blog.tmgrupoinmobiliario.com\\\/de\\\/#\\\/schema\\\/person\\\/788477479d35e623ab75c2fb194e7730\"},\"headline\":\"Valencia CF, TM Real Estate Group und LALIGA veranstalten gemeinsam eine spannende watch party in Polen\",\"datePublished\":\"2024-01-04T11:56:54+00:00\",\"dateModified\":\"2024-01-05T09:29:53+00:00\",\"mainEntityOfPage\":{\"@id\":\"https:\\\/\\\/blog.tmgrupoinmobiliario.com\\\/de\\\/2024\\\/01\\\/04\\\/valencia-cf-tm-real-estate-group-und-laliga-veranstalten-gemeinsam-eine-spannende-watch-party-in-polen\\\/\"},\"wordCount\":481,\"commentCount\":0,\"image\":{\"@id\":\"https:\\\/\\\/blog.tmgrupoinmobiliario.com\\\/de\\\/2024\\\/01\\\/04\\\/valencia-cf-tm-real-estate-group-und-laliga-veranstalten-gemeinsam-eine-spannende-watch-party-in-polen\\\/#primaryimage\"},\"thumbnailUrl\":\"https:\\\/\\\/blog.tmgrupoinmobiliario.com\\\/de\\\/wp-content\\\/uploads\\\/sites\\\/3\\\/2024\\\/01\\\/1000x666-watch-party1.jpg\",\"keywords\":[\"tag-all\",\"tag-compromise\"],\"articleSection\":[\"Corporativo\",\"Pressemitteilung\"],\"inLanguage\":\"de\",\"potentialAction\":[{\"@type\":\"CommentAction\",\"name\":\"Comment\",\"target\":[\"https:\\\/\\\/blog.tmgrupoinmobiliario.com\\\/de\\\/2024\\\/01\\\/04\\\/valencia-cf-tm-real-estate-group-und-laliga-veranstalten-gemeinsam-eine-spannende-watch-party-in-polen\\\/#respond\"]}]},{\"@type\":\"WebPage\",\"@id\":\"https:\\\/\\\/blog.tmgrupoinmobiliario.com\\\/de\\\/2024\\\/01\\\/04\\\/valencia-cf-tm-real-estate-group-und-laliga-veranstalten-gemeinsam-eine-spannende-watch-party-in-polen\\\/\",\"url\":\"https:\\\/\\\/blog.tmgrupoinmobiliario.com\\\/de\\\/2024\\\/01\\\/04\\\/valencia-cf-tm-real-estate-group-und-laliga-veranstalten-gemeinsam-eine-spannende-watch-party-in-polen\\\/\",\"name\":\"Valencia CF, TM Real Estate Group und LALIGA veranstalten gemeinsam eine spannende watch party in Polen - Deutsche\",\"isPartOf\":{\"@id\":\"https:\\\/\\\/blog.tmgrupoinmobiliario.com\\\/de\\\/#website\"},\"primaryImageOfPage\":{\"@id\":\"https:\\\/\\\/blog.tmgrupoinmobiliario.com\\\/de\\\/2024\\\/01\\\/04\\\/valencia-cf-tm-real-estate-group-und-laliga-veranstalten-gemeinsam-eine-spannende-watch-party-in-polen\\\/#primaryimage\"},\"image\":{\"@id\":\"https:\\\/\\\/blog.tmgrupoinmobiliario.com\\\/de\\\/2024\\\/01\\\/04\\\/valencia-cf-tm-real-estate-group-und-laliga-veranstalten-gemeinsam-eine-spannende-watch-party-in-polen\\\/#primaryimage\"},\"thumbnailUrl\":\"https:\\\/\\\/blog.tmgrupoinmobiliario.com\\\/de\\\/wp-content\\\/uploads\\\/sites\\\/3\\\/2024\\\/01\\\/1000x666-watch-party1.jpg\",\"datePublished\":\"2024-01-04T11:56:54+00:00\",\"dateModified\":\"2024-01-05T09:29:53+00:00\",\"author\":{\"@id\":\"https:\\\/\\\/blog.tmgrupoinmobiliario.com\\\/de\\\/#\\\/schema\\\/person\\\/788477479d35e623ab75c2fb194e7730\"},\"breadcrumb\":{\"@id\":\"https:\\\/\\\/blog.tmgrupoinmobiliario.com\\\/de\\\/2024\\\/01\\\/04\\\/valencia-cf-tm-real-estate-group-und-laliga-veranstalten-gemeinsam-eine-spannende-watch-party-in-polen\\\/#breadcrumb\"},\"inLanguage\":\"de\",\"potentialAction\":[{\"@type\":\"ReadAction\",\"target\":[\"https:\\\/\\\/blog.tmgrupoinmobiliario.com\\\/de\\\/2024\\\/01\\\/04\\\/valencia-cf-tm-real-estate-group-und-laliga-veranstalten-gemeinsam-eine-spannende-watch-party-in-polen\\\/\"]}]},{\"@type\":\"ImageObject\",\"inLanguage\":\"de\",\"@id\":\"https:\\\/\\\/blog.tmgrupoinmobiliario.com\\\/de\\\/2024\\\/01\\\/04\\\/valencia-cf-tm-real-estate-group-und-laliga-veranstalten-gemeinsam-eine-spannende-watch-party-in-polen\\\/#primaryimage\",\"url\":\"https:\\\/\\\/blog.tmgrupoinmobiliario.com\\\/de\\\/wp-content\\\/uploads\\\/sites\\\/3\\\/2024\\\/01\\\/1000x666-watch-party1.jpg\",\"contentUrl\":\"https:\\\/\\\/blog.tmgrupoinmobiliario.com\\\/de\\\/wp-content\\\/uploads\\\/sites\\\/3\\\/2024\\\/01\\\/1000x666-watch-party1.jpg\",\"width\":1000,\"height\":666},{\"@type\":\"BreadcrumbList\",\"@id\":\"https:\\\/\\\/blog.tmgrupoinmobiliario.com\\\/de\\\/2024\\\/01\\\/04\\\/valencia-cf-tm-real-estate-group-und-laliga-veranstalten-gemeinsam-eine-spannende-watch-party-in-polen\\\/#breadcrumb\",\"itemListElement\":[{\"@type\":\"ListItem\",\"position\":1,\"name\":\"Portada\",\"item\":\"https:\\\/\\\/blog.tmgrupoinmobiliario.com\\\/de\\\/\"},{\"@type\":\"ListItem\",\"position\":2,\"name\":\"Valencia CF, TM Real Estate Group und LALIGA veranstalten gemeinsam eine spannende watch party in Polen\"}]},{\"@type\":\"WebSite\",\"@id\":\"https:\\\/\\\/blog.tmgrupoinmobiliario.com\\\/de\\\/#website\",\"url\":\"https:\\\/\\\/blog.tmgrupoinmobiliario.com\\\/de\\\/\",\"name\":\"Deutsche\",\"description\":\"Otro sitio m\u00e1s de Blog Desarrollo TM sitios\",\"potentialAction\":[{\"@type\":\"SearchAction\",\"target\":{\"@type\":\"EntryPoint\",\"urlTemplate\":\"https:\\\/\\\/blog.tmgrupoinmobiliario.com\\\/de\\\/?s={search_term_string}\"},\"query-input\":{\"@type\":\"PropertyValueSpecification\",\"valueRequired\":true,\"valueName\":\"search_term_string\"}}],\"inLanguage\":\"de\"},{\"@type\":\"Person\",\"@id\":\"https:\\\/\\\/blog.tmgrupoinmobiliario.com\\\/de\\\/#\\\/schema\\\/person\\\/788477479d35e623ab75c2fb194e7730\",\"name\":\"marina\",\"image\":{\"@type\":\"ImageObject\",\"inLanguage\":\"de\",\"@id\":\"https:\\\/\\\/secure.gravatar.com\\\/avatar\\\/34480839eb5b1bb235efe5be1b7e49218e07e314c17d1fb9ba5183ac5c2c64f3?s=96&d=mm&r=g\",\"url\":\"https:\\\/\\\/secure.gravatar.com\\\/avatar\\\/34480839eb5b1bb235efe5be1b7e49218e07e314c17d1fb9ba5183ac5c2c64f3?s=96&d=mm&r=g\",\"contentUrl\":\"https:\\\/\\\/secure.gravatar.com\\\/avatar\\\/34480839eb5b1bb235efe5be1b7e49218e07e314c17d1fb9ba5183ac5c2c64f3?s=96&d=mm&r=g\",\"caption\":\"marina\"},\"url\":\"https:\\\/\\\/blog.tmgrupoinmobiliario.com\\\/de\\\/author\\\/marina\\\/\"}]}<\/script>\n<!-- \/ Yoast SEO Premium plugin. -->","yoast_head_json":{"title":"Valencia CF, TM Real Estate Group und LALIGA veranstalten gemeinsam eine spannende watch party in Polen - Deutsche","robots":{"index":"index","follow":"follow","max-snippet":"max-snippet:-1","max-image-preview":"max-image-preview:large","max-video-preview":"max-video-preview:-1"},"canonical":"https:\/\/blog.tmgrupoinmobiliario.com\/de\/2024\/01\/04\/valencia-cf-tm-real-estate-group-und-laliga-veranstalten-gemeinsam-eine-spannende-watch-party-in-polen\/","og_locale":"de_DE","og_type":"article","og_title":"Valencia CF, TM Real Estate Group und LALIGA veranstalten gemeinsam eine spannende watch party in Polen","og_description":"&nbsp; Die Zuschauer erlebten das Spiel FC Valencia &#8211; FC Barcelona am 17. Spieltag von LaLiga EA Sports in der Stadt Sopot (Polen), mehr als 2.700 Kilometer vom Camp de Mestalla entfernt, auf besondere Weise. Der FC Valencia, ein prominenter globaler Hauptpartner der TM Grupo Inmobiliario, und LaLiga haben sich am vergangenen Wochenende zusammengetan und [&hellip;]","og_url":"https:\/\/blog.tmgrupoinmobiliario.com\/de\/2024\/01\/04\/valencia-cf-tm-real-estate-group-und-laliga-veranstalten-gemeinsam-eine-spannende-watch-party-in-polen\/","og_site_name":"Deutsche","article_published_time":"2024-01-04T11:56:54+00:00","article_modified_time":"2024-01-05T09:29:53+00:00","og_image":[{"width":1000,"height":666,"url":"https:\/\/blog.tmgrupoinmobiliario.com\/de\/wp-content\/uploads\/sites\/3\/2024\/01\/1000x666-watch-party1.jpg","type":"image\/jpeg"}],"author":"marina","twitter_card":"summary_large_image","twitter_misc":{"Geschrieben von":"marina","Gesch\u00e4tzte Lesezeit":"4\u00a0Minuten"},"schema":{"@context":"https:\/\/schema.org","@graph":[{"@type":"Article","@id":"https:\/\/blog.tmgrupoinmobiliario.com\/de\/2024\/01\/04\/valencia-cf-tm-real-estate-group-und-laliga-veranstalten-gemeinsam-eine-spannende-watch-party-in-polen\/#article","isPartOf":{"@id":"https:\/\/blog.tmgrupoinmobiliario.com\/de\/2024\/01\/04\/valencia-cf-tm-real-estate-group-und-laliga-veranstalten-gemeinsam-eine-spannende-watch-party-in-polen\/"},"author":{"name":"marina","@id":"https:\/\/blog.tmgrupoinmobiliario.com\/de\/#\/schema\/person\/788477479d35e623ab75c2fb194e7730"},"headline":"Valencia CF, TM Real Estate Group und LALIGA veranstalten gemeinsam eine spannende watch party in Polen","datePublished":"2024-01-04T11:56:54+00:00","dateModified":"2024-01-05T09:29:53+00:00","mainEntityOfPage":{"@id":"https:\/\/blog.tmgrupoinmobiliario.com\/de\/2024\/01\/04\/valencia-cf-tm-real-estate-group-und-laliga-veranstalten-gemeinsam-eine-spannende-watch-party-in-polen\/"},"wordCount":481,"commentCount":0,"image":{"@id":"https:\/\/blog.tmgrupoinmobiliario.com\/de\/2024\/01\/04\/valencia-cf-tm-real-estate-group-und-laliga-veranstalten-gemeinsam-eine-spannende-watch-party-in-polen\/#primaryimage"},"thumbnailUrl":"https:\/\/blog.tmgrupoinmobiliario.com\/de\/wp-content\/uploads\/sites\/3\/2024\/01\/1000x666-watch-party1.jpg","keywords":["tag-all","tag-compromise"],"articleSection":["Corporativo","Pressemitteilung"],"inLanguage":"de","potentialAction":[{"@type":"CommentAction","name":"Comment","target":["https:\/\/blog.tmgrupoinmobiliario.com\/de\/2024\/01\/04\/valencia-cf-tm-real-estate-group-und-laliga-veranstalten-gemeinsam-eine-spannende-watch-party-in-polen\/#respond"]}]},{"@type":"WebPage","@id":"https:\/\/blog.tmgrupoinmobiliario.com\/de\/2024\/01\/04\/valencia-cf-tm-real-estate-group-und-laliga-veranstalten-gemeinsam-eine-spannende-watch-party-in-polen\/","url":"https:\/\/blog.tmgrupoinmobiliario.com\/de\/2024\/01\/04\/valencia-cf-tm-real-estate-group-und-laliga-veranstalten-gemeinsam-eine-spannende-watch-party-in-polen\/","name":"Valencia CF, TM Real Estate Group und LALIGA veranstalten gemeinsam eine spannende watch party in Polen - Deutsche","isPartOf":{"@id":"https:\/\/blog.tmgrupoinmobiliario.com\/de\/#website"},"primaryImageOfPage":{"@id":"https:\/\/blog.tmgrupoinmobiliario.com\/de\/2024\/01\/04\/valencia-cf-tm-real-estate-group-und-laliga-veranstalten-gemeinsam-eine-spannende-watch-party-in-polen\/#primaryimage"},"image":{"@id":"https:\/\/blog.tmgrupoinmobiliario.com\/de\/2024\/01\/04\/valencia-cf-tm-real-estate-group-und-laliga-veranstalten-gemeinsam-eine-spannende-watch-party-in-polen\/#primaryimage"},"thumbnailUrl":"https:\/\/blog.tmgrupoinmobiliario.com\/de\/wp-content\/uploads\/sites\/3\/2024\/01\/1000x666-watch-party1.jpg","datePublished":"2024-01-04T11:56:54+00:00","dateModified":"2024-01-05T09:29:53+00:00","author":{"@id":"https:\/\/blog.tmgrupoinmobiliario.com\/de\/#\/schema\/person\/788477479d35e623ab75c2fb194e7730"},"breadcrumb":{"@id":"https:\/\/blog.tmgrupoinmobiliario.com\/de\/2024\/01\/04\/valencia-cf-tm-real-estate-group-und-laliga-veranstalten-gemeinsam-eine-spannende-watch-party-in-polen\/#breadcrumb"},"inLanguage":"de","potentialAction":[{"@type":"ReadAction","target":["https:\/\/blog.tmgrupoinmobiliario.com\/de\/2024\/01\/04\/valencia-cf-tm-real-estate-group-und-laliga-veranstalten-gemeinsam-eine-spannende-watch-party-in-polen\/"]}]},{"@type":"ImageObject","inLanguage":"de","@id":"https:\/\/blog.tmgrupoinmobiliario.com\/de\/2024\/01\/04\/valencia-cf-tm-real-estate-group-und-laliga-veranstalten-gemeinsam-eine-spannende-watch-party-in-polen\/#primaryimage","url":"https:\/\/blog.tmgrupoinmobiliario.com\/de\/wp-content\/uploads\/sites\/3\/2024\/01\/1000x666-watch-party1.jpg","contentUrl":"https:\/\/blog.tmgrupoinmobiliario.com\/de\/wp-content\/uploads\/sites\/3\/2024\/01\/1000x666-watch-party1.jpg","width":1000,"height":666},{"@type":"BreadcrumbList","@id":"https:\/\/blog.tmgrupoinmobiliario.com\/de\/2024\/01\/04\/valencia-cf-tm-real-estate-group-und-laliga-veranstalten-gemeinsam-eine-spannende-watch-party-in-polen\/#breadcrumb","itemListElement":[{"@type":"ListItem","position":1,"name":"Portada","item":"https:\/\/blog.tmgrupoinmobiliario.com\/de\/"},{"@type":"ListItem","position":2,"name":"Valencia CF, TM Real Estate Group und LALIGA veranstalten gemeinsam eine spannende watch party in Polen"}]},{"@type":"WebSite","@id":"https:\/\/blog.tmgrupoinmobiliario.com\/de\/#website","url":"https:\/\/blog.tmgrupoinmobiliario.com\/de\/","name":"Deutsche","description":"Otro sitio m\u00e1s de Blog Desarrollo TM sitios","potentialAction":[{"@type":"SearchAction","target":{"@type":"EntryPoint","urlTemplate":"https:\/\/blog.tmgrupoinmobiliario.com\/de\/?s={search_term_string}"},"query-input":{"@type":"PropertyValueSpecification","valueRequired":true,"valueName":"search_term_string"}}],"inLanguage":"de"},{"@type":"Person","@id":"https:\/\/blog.tmgrupoinmobiliario.com\/de\/#\/schema\/person\/788477479d35e623ab75c2fb194e7730","name":"marina","image":{"@type":"ImageObject","inLanguage":"de","@id":"https:\/\/secure.gravatar.com\/avatar\/34480839eb5b1bb235efe5be1b7e49218e07e314c17d1fb9ba5183ac5c2c64f3?s=96&d=mm&r=g","url":"https:\/\/secure.gravatar.com\/avatar\/34480839eb5b1bb235efe5be1b7e49218e07e314c17d1fb9ba5183ac5c2c64f3?s=96&d=mm&r=g","contentUrl":"https:\/\/secure.gravatar.com\/avatar\/34480839eb5b1bb235efe5be1b7e49218e07e314c17d1fb9ba5183ac5c2c64f3?s=96&d=mm&r=g","caption":"marina"},"url":"https:\/\/blog.tmgrupoinmobiliario.com\/de\/author\/marina\/"}]}},"jetpack_featured_media_url":"https:\/\/blog.tmgrupoinmobiliario.com\/de\/wp-content\/uploads\/sites\/3\/2024\/01\/1000x666-watch-party1.jpg","jetpack_sharing_enabled":true,"_links":{"self":[{"href":"https:\/\/blog.tmgrupoinmobiliario.com\/de\/wp-json\/wp\/v2\/posts\/15684","targetHints":{"allow":["GET"]}}],"collection":[{"href":"https:\/\/blog.tmgrupoinmobiliario.com\/de\/wp-json\/wp\/v2\/posts"}],"about":[{"href":"https:\/\/blog.tmgrupoinmobiliario.com\/de\/wp-json\/wp\/v2\/types\/post"}],"author":[{"embeddable":true,"href":"https:\/\/blog.tmgrupoinmobiliario.com\/de\/wp-json\/wp\/v2\/users\/11716"}],"replies":[{"embeddable":true,"href":"https:\/\/blog.tmgrupoinmobiliario.com\/de\/wp-json\/wp\/v2\/comments?post=15684"}],"version-history":[{"count":5,"href":"https:\/\/blog.tmgrupoinmobiliario.com\/de\/wp-json\/wp\/v2\/posts\/15684\/revisions"}],"predecessor-version":[{"id":15695,"href":"https:\/\/blog.tmgrupoinmobiliario.com\/de\/wp-json\/wp\/v2\/posts\/15684\/revisions\/15695"}],"wp:featuredmedia":[{"embeddable":true,"href":"https:\/\/blog.tmgrupoinmobiliario.com\/de\/wp-json\/wp\/v2\/media\/15689"}],"wp:attachment":[{"href":"https:\/\/blog.tmgrupoinmobiliario.com\/de\/wp-json\/wp\/v2\/media?parent=15684"}],"wp:term":[{"taxonomy":"category","embeddable":true,"href":"https:\/\/blog.tmgrupoinmobiliario.com\/de\/wp-json\/wp\/v2\/categories?post=15684"},{"taxonomy":"post_tag","embeddable":true,"href":"https:\/\/blog.tmgrupoinmobiliario.com\/de\/wp-json\/wp\/v2\/tags?post=15684"}],"curies":[{"name":"wp","href":"https:\/\/api.w.org\/{rel}","templated":true}]}}