{"id":15614,"date":"2023-11-02T15:57:34","date_gmt":"2023-11-02T14:57:34","guid":{"rendered":"https:\/\/blog.tmgrupoinmobiliario.com\/de\/?p=15614"},"modified":"2023-11-02T15:58:42","modified_gmt":"2023-11-02T14:58:42","slug":"so-nutzt-man-tageslicht-im-haus-optimal","status":"publish","type":"post","link":"https:\/\/blog.tmgrupoinmobiliario.com\/de\/2023\/11\/02\/so-nutzt-man-tageslicht-im-haus-optimal\/","title":{"rendered":"So nutzt man Tageslicht im Haus optimal"},"content":{"rendered":"<h2><\/h2>\n<h4><span style=\"color: #ff0000\"><strong>Warum Innenr\u00e4umen Tageslicht brauchen<\/strong><\/span><\/h4>\n<p>Wer hat nicht gerne ein Haus mit viel Tageslicht? W\u00e4rme und Vitalit\u00e4t dringt durch Tageslicht in jeden Raum des Hauses. Wenn die Sonne hereinscheint, sparen Sie Strom, und auch Ihr Gem\u00fct heitert sich auf. Was sind weitere Vorteile?<\/p>\n<ul>\n<li>Tageslicht reguliert die innere Uhr.<\/li>\n<li>Es hilft, besser zu schlafen.<\/li>\n<li>Es f\u00f6rdert die Produktivit\u00e4t.<\/li>\n<li>Es verbessert das Wohlbefinden.<\/li>\n<li>Es verringert Augenbelastung, Stress und \u00c4ngste.<\/li>\n<li>Zimmerpflanzen wachsen schneller.<\/li>\n<li>Der Wert der Immobilie steigt.<\/li>\n<li>Tageslicht l\u00e4sst R\u00e4ume gr\u00f6\u00dfer wirken.<\/li>\n<\/ul>\n<h4><span style=\"color: #ff0000\"><strong>Heller Anstrich f\u00fcr Innenr\u00e4ume<\/strong><\/span><\/h4>\n<p>Wei\u00df, Grau, Beige, Hellgelb, Pastellt\u00f6ne und andere helle Farben lassen Zimmer gr\u00f6\u00dfer wirken. Dies tr\u00e4gt dazu bei, das Raumgef\u00fchl einer Wohnung zu verst\u00e4rken. Auch wei\u00dfe oder helle Decken vermitteln dieses Gef\u00fchl von Weite. Auf dem Fu\u00dfboden wirken helle Farben offener und weitl\u00e4ufiger. Sprich helle Farben bringen mehr Licht in Innenr\u00e4ume, sodass weniger k\u00fcnstliches Licht ben\u00f6tigt wird.<\/p>\n<h4><span style=\"color: #ff0000\"><strong>Art der Stoffe<\/strong><\/span><\/h4>\n<p>Auch wenn m\u00f6glichst viel Tageslicht einfallen soll, ist es wichtig, Vorh\u00e4nge, Gardinen oder Jalousien an den Fenstern zu haben. Helle, lichtdurchl\u00e4ssige Stoffe halten zwar direktes Licht ab, lassen aber trotzdem Tageslicht einfallen. Mit leichten Stoffen sind Innenr\u00e4ume voller Licht und Geborgenheit. Welcher Stoff passt eigentlich gut zu Fenstern?<\/p>\n<h4><span style=\"color: #ff0000\"><strong>Breite der Fenster<\/strong><\/span><\/h4>\n<p>Durch Fenster f\u00e4llt Tageslicht in Innenr\u00e4ume. Hohe Fenstern lassen besonders viel Tageslicht einfallen. Durch kleine Fenstern f\u00e4llt nicht genug Licht in die Wohnung, um die angenehme W\u00e4rme zu sp\u00fcren. Verglaste Schiebet\u00fcren zu Garten oder Terrasse sind ideal, denn dort scheint die Sonne ungehindert hinein. Auch helles Holz ist hier eine gute Wahl.<\/p>\n<h4><span style=\"color: #ff0000\"><strong>Einrichtung<\/strong><\/span><\/h4>\n<p>M\u00f6bel gleichm\u00e4\u00dfig im Raum zu verteilen und auf Lichtschlucker zu verzichten ist wichtig, um Tageslicht einfallen zu lassen.\u00a0 Je nach Einrichtung ist mehr Platz und mehr Sonnenlicht in der Wohnung, um Innenr\u00e4ume aufzuhellen. Am besten stellen Sie M\u00f6bel, Inneneinrichtung oder Pflanzen so hin, dass sie kein Tageslicht schlucken. Wie wird die Wohnung wohl gut eingerichtet aussehen?<\/p>\n<h4><span style=\"color: #ff0000\"><strong>Spiegel<\/strong><\/span><\/h4>\n<p>Spiegel lassen einen Raum edler und gr\u00f6\u00dfer erscheinen. Dadurch dass sie Tageslicht reflektieren, stellen sie eine zus\u00e4tzliche Lichtquelle dar. R\u00e4ume mit Spiegeln an den W\u00e4nde wirken gr\u00f6\u00dfer. Gleich ob gro\u00df und rund, klein und verteilt oder rechteckig \u2013 Spiegel bringen in jedem Stil mehr Tageslicht in die Wohnung. Au\u00dferdem k\u00f6nnen Sie sich selbst darin betrachten oder pr\u00fcfen, wie Ihnen Ihr Outfit steht!<\/p>\n","protected":false},"excerpt":{"rendered":"<p>Warum Innenr\u00e4umen Tageslicht brauchen Wer hat nicht gerne ein Haus mit viel Tageslicht? W\u00e4rme und Vitalit\u00e4t dringt durch Tageslicht in jeden Raum des Hauses. Wenn die Sonne hereinscheint, sparen Sie Strom, und auch Ihr Gem\u00fct heitert sich auf. Was sind weitere Vorteile? Tageslicht reguliert die innere Uhr. Es hilft, besser zu schlafen. Es f\u00f6rdert die [&hellip;]<\/p>\n","protected":false},"author":11729,"featured_media":15616,"comment_status":"open","ping_status":"open","sticky":false,"template":"","format":"standard","meta":{"_jetpack_memberships_contains_paid_content":false,"footnotes":""},"categories":[64],"tags":[161,125],"class_list":["post-15614","post","type-post","status-publish","format-standard","has-post-thumbnail","hentry","category-life-style","tag-tageslicht-im-haus-optimal","tag-tm-real-estate-group","formato-blog"],"better_featured_image":{"id":15616,"alt_text":"So nutzt man Tageslicht im Haus optimal","caption":"","description":"","media_type":"image","media_details":{"width":1000,"height":666,"file":"2023\/11\/Luz-natural-en-casa-destacada.jpg","filesize":80349,"sizes":{"medium":{"file":"Luz-natural-en-casa-destacada-300x200.jpg","width":300,"height":200,"mime-type":"image\/jpeg","filesize":12714,"source_url":"https:\/\/blog.tmgrupoinmobiliario.com\/de\/wp-content\/uploads\/sites\/3\/2023\/11\/Luz-natural-en-casa-destacada-300x200.jpg"},"thumbnail":{"file":"Luz-natural-en-casa-destacada-150x150.jpg","width":150,"height":150,"mime-type":"image\/jpeg","filesize":5437,"source_url":"https:\/\/blog.tmgrupoinmobiliario.com\/de\/wp-content\/uploads\/sites\/3\/2023\/11\/Luz-natural-en-casa-destacada-150x150.jpg"},"medium_large":{"file":"Luz-natural-en-casa-destacada-768x511.jpg","width":768,"height":511,"mime-type":"image\/jpeg","filesize":51943,"source_url":"https:\/\/blog.tmgrupoinmobiliario.com\/de\/wp-content\/uploads\/sites\/3\/2023\/11\/Luz-natural-en-casa-destacada-768x511.jpg"}},"image_meta":{"aperture":"0","credit":"","camera":"","caption":"","created_timestamp":"0","copyright":"","focal_length":"0","iso":"0","shutter_speed":"0","title":"","orientation":"1","keywords":[]}},"post":15614,"source_url":"https:\/\/blog.tmgrupoinmobiliario.com\/de\/wp-content\/uploads\/sites\/3\/2023\/11\/Luz-natural-en-casa-destacada.jpg"},"acf":{"imagen_destacada_desktop":"https:\/\/blog.tmgrupoinmobiliario.com\/de\/wp-content\/uploads\/sites\/3\/2023\/11\/Luz-natural-en-casa-1920x870-1.jpg","imagen_destacada_mobile":"https:\/\/blog.tmgrupoinmobiliario.com\/de\/wp-content\/uploads\/sites\/3\/2023\/11\/Luz-natural-en-casa-540.jpg","formato":{"term_id":128,"name":"Blog","slug":"blog","term_group":0,"term_taxonomy_id":128,"taxonomy":"formato","description":"","parent":0,"count":60,"filter":"raw"},"entradilla":"Tageslicht sorgt in der Wohnung nicht nur allgemein f\u00fcr Gesundheit, sondern hilft auch dabei, Strom zu sparen. Diese Tipps zeigen, wie man Tageslicht in Innenr\u00e4umen optimal nutzt.","etiquetas":"","cabecera_escritorio":"https:\/\/blog.tmgrupoinmobiliario.com\/de\/wp-content\/uploads\/sites\/3\/2023\/11\/Luz-natural-en-casa-1200x300-1.jpg","cabecera_mobile":"https:\/\/blog.tmgrupoinmobiliario.com\/de\/wp-content\/uploads\/sites\/3\/2023\/11\/Luz-natural-en-casa-768.jpg","galeria":false},"yoast_head":"<!-- This site is optimized with the Yoast SEO Premium plugin v23.6 (Yoast SEO v27.5) - https:\/\/yoast.com\/product\/yoast-seo-premium-wordpress\/ -->\n<title>So nutzt man Tageslicht im Haus optimal - Deutsche<\/title>\n<meta name=\"description\" content=\"Tageslicht sorgt in der Wohnung nicht nur allgemein f\u00fcr Gesundheit, sondern hilft auch dabei, Strom zu sparen. Diese Tipps zeigen, wie man Tageslicht in Innenr\u00e4umen optimal nutzt.\" \/>\n<meta name=\"robots\" content=\"index, follow, max-snippet:-1, max-image-preview:large, max-video-preview:-1\" \/>\n<link rel=\"canonical\" href=\"https:\/\/blog.tmgrupoinmobiliario.com\/de\/2023\/11\/02\/so-nutzt-man-tageslicht-im-haus-optimal\/\" \/>\n<meta property=\"og:locale\" content=\"de_DE\" \/>\n<meta property=\"og:type\" content=\"article\" \/>\n<meta property=\"og:title\" content=\"So nutzt man Tageslicht im Haus optimal\" \/>\n<meta property=\"og:description\" content=\"Tageslicht sorgt in der Wohnung nicht nur allgemein f\u00fcr Gesundheit, sondern hilft auch dabei, Strom zu sparen. Diese Tipps zeigen, wie man Tageslicht in Innenr\u00e4umen optimal nutzt.\" \/>\n<meta property=\"og:url\" content=\"https:\/\/blog.tmgrupoinmobiliario.com\/de\/2023\/11\/02\/so-nutzt-man-tageslicht-im-haus-optimal\/\" \/>\n<meta property=\"og:site_name\" content=\"Deutsche\" \/>\n<meta property=\"article:published_time\" content=\"2023-11-02T14:57:34+00:00\" \/>\n<meta property=\"article:modified_time\" content=\"2023-11-02T14:58:42+00:00\" \/>\n<meta property=\"og:image\" content=\"https:\/\/blog.tmgrupoinmobiliario.com\/de\/wp-content\/uploads\/sites\/3\/2023\/11\/Luz-natural-en-casa-destacada.jpg\" \/>\n\t<meta property=\"og:image:width\" content=\"1000\" \/>\n\t<meta property=\"og:image:height\" content=\"666\" \/>\n\t<meta property=\"og:image:type\" content=\"image\/jpeg\" \/>\n<meta name=\"author\" content=\"indira\" \/>\n<meta name=\"twitter:card\" content=\"summary_large_image\" \/>\n<meta name=\"twitter:label1\" content=\"Geschrieben von\" \/>\n\t<meta name=\"twitter:data1\" content=\"indira\" \/>\n\t<meta name=\"twitter:label2\" content=\"Gesch\u00e4tzte Lesezeit\" \/>\n\t<meta name=\"twitter:data2\" content=\"3\u00a0Minuten\" \/>\n<script type=\"application\/ld+json\" class=\"yoast-schema-graph\">{\"@context\":\"https:\\\/\\\/schema.org\",\"@graph\":[{\"@type\":\"Article\",\"@id\":\"https:\\\/\\\/blog.tmgrupoinmobiliario.com\\\/de\\\/2023\\\/11\\\/02\\\/so-nutzt-man-tageslicht-im-haus-optimal\\\/#article\",\"isPartOf\":{\"@id\":\"https:\\\/\\\/blog.tmgrupoinmobiliario.com\\\/de\\\/2023\\\/11\\\/02\\\/so-nutzt-man-tageslicht-im-haus-optimal\\\/\"},\"author\":{\"name\":\"indira\",\"@id\":\"https:\\\/\\\/blog.tmgrupoinmobiliario.com\\\/de\\\/#\\\/schema\\\/person\\\/bbbac745abadad64177a5ee6a73cbf7c\"},\"headline\":\"So nutzt man Tageslicht im Haus optimal\",\"datePublished\":\"2023-11-02T14:57:34+00:00\",\"dateModified\":\"2023-11-02T14:58:42+00:00\",\"mainEntityOfPage\":{\"@id\":\"https:\\\/\\\/blog.tmgrupoinmobiliario.com\\\/de\\\/2023\\\/11\\\/02\\\/so-nutzt-man-tageslicht-im-haus-optimal\\\/\"},\"wordCount\":416,\"commentCount\":0,\"image\":{\"@id\":\"https:\\\/\\\/blog.tmgrupoinmobiliario.com\\\/de\\\/2023\\\/11\\\/02\\\/so-nutzt-man-tageslicht-im-haus-optimal\\\/#primaryimage\"},\"thumbnailUrl\":\"https:\\\/\\\/blog.tmgrupoinmobiliario.com\\\/de\\\/wp-content\\\/uploads\\\/sites\\\/3\\\/2023\\\/11\\\/Luz-natural-en-casa-destacada.jpg\",\"keywords\":[\"Tageslicht im Haus optimal\",\"TM Real Estate Group\"],\"articleSection\":[\"LifeStyle\"],\"inLanguage\":\"de\",\"potentialAction\":[{\"@type\":\"CommentAction\",\"name\":\"Comment\",\"target\":[\"https:\\\/\\\/blog.tmgrupoinmobiliario.com\\\/de\\\/2023\\\/11\\\/02\\\/so-nutzt-man-tageslicht-im-haus-optimal\\\/#respond\"]}]},{\"@type\":\"WebPage\",\"@id\":\"https:\\\/\\\/blog.tmgrupoinmobiliario.com\\\/de\\\/2023\\\/11\\\/02\\\/so-nutzt-man-tageslicht-im-haus-optimal\\\/\",\"url\":\"https:\\\/\\\/blog.tmgrupoinmobiliario.com\\\/de\\\/2023\\\/11\\\/02\\\/so-nutzt-man-tageslicht-im-haus-optimal\\\/\",\"name\":\"So nutzt man Tageslicht im Haus optimal - Deutsche\",\"isPartOf\":{\"@id\":\"https:\\\/\\\/blog.tmgrupoinmobiliario.com\\\/de\\\/#website\"},\"primaryImageOfPage\":{\"@id\":\"https:\\\/\\\/blog.tmgrupoinmobiliario.com\\\/de\\\/2023\\\/11\\\/02\\\/so-nutzt-man-tageslicht-im-haus-optimal\\\/#primaryimage\"},\"image\":{\"@id\":\"https:\\\/\\\/blog.tmgrupoinmobiliario.com\\\/de\\\/2023\\\/11\\\/02\\\/so-nutzt-man-tageslicht-im-haus-optimal\\\/#primaryimage\"},\"thumbnailUrl\":\"https:\\\/\\\/blog.tmgrupoinmobiliario.com\\\/de\\\/wp-content\\\/uploads\\\/sites\\\/3\\\/2023\\\/11\\\/Luz-natural-en-casa-destacada.jpg\",\"datePublished\":\"2023-11-02T14:57:34+00:00\",\"dateModified\":\"2023-11-02T14:58:42+00:00\",\"author\":{\"@id\":\"https:\\\/\\\/blog.tmgrupoinmobiliario.com\\\/de\\\/#\\\/schema\\\/person\\\/bbbac745abadad64177a5ee6a73cbf7c\"},\"description\":\"Tageslicht sorgt in der Wohnung nicht nur allgemein f\u00fcr Gesundheit, sondern hilft auch dabei, Strom zu sparen. Diese Tipps zeigen, wie man Tageslicht in Innenr\u00e4umen optimal nutzt.\",\"breadcrumb\":{\"@id\":\"https:\\\/\\\/blog.tmgrupoinmobiliario.com\\\/de\\\/2023\\\/11\\\/02\\\/so-nutzt-man-tageslicht-im-haus-optimal\\\/#breadcrumb\"},\"inLanguage\":\"de\",\"potentialAction\":[{\"@type\":\"ReadAction\",\"target\":[\"https:\\\/\\\/blog.tmgrupoinmobiliario.com\\\/de\\\/2023\\\/11\\\/02\\\/so-nutzt-man-tageslicht-im-haus-optimal\\\/\"]}]},{\"@type\":\"ImageObject\",\"inLanguage\":\"de\",\"@id\":\"https:\\\/\\\/blog.tmgrupoinmobiliario.com\\\/de\\\/2023\\\/11\\\/02\\\/so-nutzt-man-tageslicht-im-haus-optimal\\\/#primaryimage\",\"url\":\"https:\\\/\\\/blog.tmgrupoinmobiliario.com\\\/de\\\/wp-content\\\/uploads\\\/sites\\\/3\\\/2023\\\/11\\\/Luz-natural-en-casa-destacada.jpg\",\"contentUrl\":\"https:\\\/\\\/blog.tmgrupoinmobiliario.com\\\/de\\\/wp-content\\\/uploads\\\/sites\\\/3\\\/2023\\\/11\\\/Luz-natural-en-casa-destacada.jpg\",\"width\":1000,\"height\":666,\"caption\":\"So nutzt man Tageslicht im Haus optimal\"},{\"@type\":\"BreadcrumbList\",\"@id\":\"https:\\\/\\\/blog.tmgrupoinmobiliario.com\\\/de\\\/2023\\\/11\\\/02\\\/so-nutzt-man-tageslicht-im-haus-optimal\\\/#breadcrumb\",\"itemListElement\":[{\"@type\":\"ListItem\",\"position\":1,\"name\":\"Portada\",\"item\":\"https:\\\/\\\/blog.tmgrupoinmobiliario.com\\\/de\\\/\"},{\"@type\":\"ListItem\",\"position\":2,\"name\":\"So nutzt man Tageslicht im Haus optimal\"}]},{\"@type\":\"WebSite\",\"@id\":\"https:\\\/\\\/blog.tmgrupoinmobiliario.com\\\/de\\\/#website\",\"url\":\"https:\\\/\\\/blog.tmgrupoinmobiliario.com\\\/de\\\/\",\"name\":\"Deutsche\",\"description\":\"Otro sitio m\u00e1s de Blog Desarrollo TM sitios\",\"potentialAction\":[{\"@type\":\"SearchAction\",\"target\":{\"@type\":\"EntryPoint\",\"urlTemplate\":\"https:\\\/\\\/blog.tmgrupoinmobiliario.com\\\/de\\\/?s={search_term_string}\"},\"query-input\":{\"@type\":\"PropertyValueSpecification\",\"valueRequired\":true,\"valueName\":\"search_term_string\"}}],\"inLanguage\":\"de\"},{\"@type\":\"Person\",\"@id\":\"https:\\\/\\\/blog.tmgrupoinmobiliario.com\\\/de\\\/#\\\/schema\\\/person\\\/bbbac745abadad64177a5ee6a73cbf7c\",\"name\":\"indira\",\"image\":{\"@type\":\"ImageObject\",\"inLanguage\":\"de\",\"@id\":\"https:\\\/\\\/secure.gravatar.com\\\/avatar\\\/e9bcc7a0bb2179240c56a1875899ce9a1dfa15d5b7527f71259eaee6010d7203?s=96&d=mm&r=g\",\"url\":\"https:\\\/\\\/secure.gravatar.com\\\/avatar\\\/e9bcc7a0bb2179240c56a1875899ce9a1dfa15d5b7527f71259eaee6010d7203?s=96&d=mm&r=g\",\"contentUrl\":\"https:\\\/\\\/secure.gravatar.com\\\/avatar\\\/e9bcc7a0bb2179240c56a1875899ce9a1dfa15d5b7527f71259eaee6010d7203?s=96&d=mm&r=g\",\"caption\":\"indira\"},\"url\":\"https:\\\/\\\/blog.tmgrupoinmobiliario.com\\\/de\\\/author\\\/indira\\\/\"}]}<\/script>\n<!-- \/ Yoast SEO Premium plugin. -->","yoast_head_json":{"title":"So nutzt man Tageslicht im Haus optimal - Deutsche","description":"Tageslicht sorgt in der Wohnung nicht nur allgemein f\u00fcr Gesundheit, sondern hilft auch dabei, Strom zu sparen. Diese Tipps zeigen, wie man Tageslicht in Innenr\u00e4umen optimal nutzt.","robots":{"index":"index","follow":"follow","max-snippet":"max-snippet:-1","max-image-preview":"max-image-preview:large","max-video-preview":"max-video-preview:-1"},"canonical":"https:\/\/blog.tmgrupoinmobiliario.com\/de\/2023\/11\/02\/so-nutzt-man-tageslicht-im-haus-optimal\/","og_locale":"de_DE","og_type":"article","og_title":"So nutzt man Tageslicht im Haus optimal","og_description":"Tageslicht sorgt in der Wohnung nicht nur allgemein f\u00fcr Gesundheit, sondern hilft auch dabei, Strom zu sparen. Diese Tipps zeigen, wie man Tageslicht in Innenr\u00e4umen optimal nutzt.","og_url":"https:\/\/blog.tmgrupoinmobiliario.com\/de\/2023\/11\/02\/so-nutzt-man-tageslicht-im-haus-optimal\/","og_site_name":"Deutsche","article_published_time":"2023-11-02T14:57:34+00:00","article_modified_time":"2023-11-02T14:58:42+00:00","og_image":[{"width":1000,"height":666,"url":"https:\/\/blog.tmgrupoinmobiliario.com\/de\/wp-content\/uploads\/sites\/3\/2023\/11\/Luz-natural-en-casa-destacada.jpg","type":"image\/jpeg"}],"author":"indira","twitter_card":"summary_large_image","twitter_misc":{"Geschrieben von":"indira","Gesch\u00e4tzte Lesezeit":"3\u00a0Minuten"},"schema":{"@context":"https:\/\/schema.org","@graph":[{"@type":"Article","@id":"https:\/\/blog.tmgrupoinmobiliario.com\/de\/2023\/11\/02\/so-nutzt-man-tageslicht-im-haus-optimal\/#article","isPartOf":{"@id":"https:\/\/blog.tmgrupoinmobiliario.com\/de\/2023\/11\/02\/so-nutzt-man-tageslicht-im-haus-optimal\/"},"author":{"name":"indira","@id":"https:\/\/blog.tmgrupoinmobiliario.com\/de\/#\/schema\/person\/bbbac745abadad64177a5ee6a73cbf7c"},"headline":"So nutzt man Tageslicht im Haus optimal","datePublished":"2023-11-02T14:57:34+00:00","dateModified":"2023-11-02T14:58:42+00:00","mainEntityOfPage":{"@id":"https:\/\/blog.tmgrupoinmobiliario.com\/de\/2023\/11\/02\/so-nutzt-man-tageslicht-im-haus-optimal\/"},"wordCount":416,"commentCount":0,"image":{"@id":"https:\/\/blog.tmgrupoinmobiliario.com\/de\/2023\/11\/02\/so-nutzt-man-tageslicht-im-haus-optimal\/#primaryimage"},"thumbnailUrl":"https:\/\/blog.tmgrupoinmobiliario.com\/de\/wp-content\/uploads\/sites\/3\/2023\/11\/Luz-natural-en-casa-destacada.jpg","keywords":["Tageslicht im Haus optimal","TM Real Estate Group"],"articleSection":["LifeStyle"],"inLanguage":"de","potentialAction":[{"@type":"CommentAction","name":"Comment","target":["https:\/\/blog.tmgrupoinmobiliario.com\/de\/2023\/11\/02\/so-nutzt-man-tageslicht-im-haus-optimal\/#respond"]}]},{"@type":"WebPage","@id":"https:\/\/blog.tmgrupoinmobiliario.com\/de\/2023\/11\/02\/so-nutzt-man-tageslicht-im-haus-optimal\/","url":"https:\/\/blog.tmgrupoinmobiliario.com\/de\/2023\/11\/02\/so-nutzt-man-tageslicht-im-haus-optimal\/","name":"So nutzt man Tageslicht im Haus optimal - Deutsche","isPartOf":{"@id":"https:\/\/blog.tmgrupoinmobiliario.com\/de\/#website"},"primaryImageOfPage":{"@id":"https:\/\/blog.tmgrupoinmobiliario.com\/de\/2023\/11\/02\/so-nutzt-man-tageslicht-im-haus-optimal\/#primaryimage"},"image":{"@id":"https:\/\/blog.tmgrupoinmobiliario.com\/de\/2023\/11\/02\/so-nutzt-man-tageslicht-im-haus-optimal\/#primaryimage"},"thumbnailUrl":"https:\/\/blog.tmgrupoinmobiliario.com\/de\/wp-content\/uploads\/sites\/3\/2023\/11\/Luz-natural-en-casa-destacada.jpg","datePublished":"2023-11-02T14:57:34+00:00","dateModified":"2023-11-02T14:58:42+00:00","author":{"@id":"https:\/\/blog.tmgrupoinmobiliario.com\/de\/#\/schema\/person\/bbbac745abadad64177a5ee6a73cbf7c"},"description":"Tageslicht sorgt in der Wohnung nicht nur allgemein f\u00fcr Gesundheit, sondern hilft auch dabei, Strom zu sparen. Diese Tipps zeigen, wie man Tageslicht in Innenr\u00e4umen optimal nutzt.","breadcrumb":{"@id":"https:\/\/blog.tmgrupoinmobiliario.com\/de\/2023\/11\/02\/so-nutzt-man-tageslicht-im-haus-optimal\/#breadcrumb"},"inLanguage":"de","potentialAction":[{"@type":"ReadAction","target":["https:\/\/blog.tmgrupoinmobiliario.com\/de\/2023\/11\/02\/so-nutzt-man-tageslicht-im-haus-optimal\/"]}]},{"@type":"ImageObject","inLanguage":"de","@id":"https:\/\/blog.tmgrupoinmobiliario.com\/de\/2023\/11\/02\/so-nutzt-man-tageslicht-im-haus-optimal\/#primaryimage","url":"https:\/\/blog.tmgrupoinmobiliario.com\/de\/wp-content\/uploads\/sites\/3\/2023\/11\/Luz-natural-en-casa-destacada.jpg","contentUrl":"https:\/\/blog.tmgrupoinmobiliario.com\/de\/wp-content\/uploads\/sites\/3\/2023\/11\/Luz-natural-en-casa-destacada.jpg","width":1000,"height":666,"caption":"So nutzt man Tageslicht im Haus optimal"},{"@type":"BreadcrumbList","@id":"https:\/\/blog.tmgrupoinmobiliario.com\/de\/2023\/11\/02\/so-nutzt-man-tageslicht-im-haus-optimal\/#breadcrumb","itemListElement":[{"@type":"ListItem","position":1,"name":"Portada","item":"https:\/\/blog.tmgrupoinmobiliario.com\/de\/"},{"@type":"ListItem","position":2,"name":"So nutzt man Tageslicht im Haus optimal"}]},{"@type":"WebSite","@id":"https:\/\/blog.tmgrupoinmobiliario.com\/de\/#website","url":"https:\/\/blog.tmgrupoinmobiliario.com\/de\/","name":"Deutsche","description":"Otro sitio m\u00e1s de Blog Desarrollo TM sitios","potentialAction":[{"@type":"SearchAction","target":{"@type":"EntryPoint","urlTemplate":"https:\/\/blog.tmgrupoinmobiliario.com\/de\/?s={search_term_string}"},"query-input":{"@type":"PropertyValueSpecification","valueRequired":true,"valueName":"search_term_string"}}],"inLanguage":"de"},{"@type":"Person","@id":"https:\/\/blog.tmgrupoinmobiliario.com\/de\/#\/schema\/person\/bbbac745abadad64177a5ee6a73cbf7c","name":"indira","image":{"@type":"ImageObject","inLanguage":"de","@id":"https:\/\/secure.gravatar.com\/avatar\/e9bcc7a0bb2179240c56a1875899ce9a1dfa15d5b7527f71259eaee6010d7203?s=96&d=mm&r=g","url":"https:\/\/secure.gravatar.com\/avatar\/e9bcc7a0bb2179240c56a1875899ce9a1dfa15d5b7527f71259eaee6010d7203?s=96&d=mm&r=g","contentUrl":"https:\/\/secure.gravatar.com\/avatar\/e9bcc7a0bb2179240c56a1875899ce9a1dfa15d5b7527f71259eaee6010d7203?s=96&d=mm&r=g","caption":"indira"},"url":"https:\/\/blog.tmgrupoinmobiliario.com\/de\/author\/indira\/"}]}},"jetpack_featured_media_url":"https:\/\/blog.tmgrupoinmobiliario.com\/de\/wp-content\/uploads\/sites\/3\/2023\/11\/Luz-natural-en-casa-destacada.jpg","jetpack_sharing_enabled":true,"_links":{"self":[{"href":"https:\/\/blog.tmgrupoinmobiliario.com\/de\/wp-json\/wp\/v2\/posts\/15614","targetHints":{"allow":["GET"]}}],"collection":[{"href":"https:\/\/blog.tmgrupoinmobiliario.com\/de\/wp-json\/wp\/v2\/posts"}],"about":[{"href":"https:\/\/blog.tmgrupoinmobiliario.com\/de\/wp-json\/wp\/v2\/types\/post"}],"author":[{"embeddable":true,"href":"https:\/\/blog.tmgrupoinmobiliario.com\/de\/wp-json\/wp\/v2\/users\/11729"}],"replies":[{"embeddable":true,"href":"https:\/\/blog.tmgrupoinmobiliario.com\/de\/wp-json\/wp\/v2\/comments?post=15614"}],"version-history":[{"count":2,"href":"https:\/\/blog.tmgrupoinmobiliario.com\/de\/wp-json\/wp\/v2\/posts\/15614\/revisions"}],"predecessor-version":[{"id":15621,"href":"https:\/\/blog.tmgrupoinmobiliario.com\/de\/wp-json\/wp\/v2\/posts\/15614\/revisions\/15621"}],"wp:featuredmedia":[{"embeddable":true,"href":"https:\/\/blog.tmgrupoinmobiliario.com\/de\/wp-json\/wp\/v2\/media\/15616"}],"wp:attachment":[{"href":"https:\/\/blog.tmgrupoinmobiliario.com\/de\/wp-json\/wp\/v2\/media?parent=15614"}],"wp:term":[{"taxonomy":"category","embeddable":true,"href":"https:\/\/blog.tmgrupoinmobiliario.com\/de\/wp-json\/wp\/v2\/categories?post=15614"},{"taxonomy":"post_tag","embeddable":true,"href":"https:\/\/blog.tmgrupoinmobiliario.com\/de\/wp-json\/wp\/v2\/tags?post=15614"}],"curies":[{"name":"wp","href":"https:\/\/api.w.org\/{rel}","templated":true}]}}