{"id":15604,"date":"2023-10-23T12:25:02","date_gmt":"2023-10-23T10:25:02","guid":{"rendered":"https:\/\/blog.tmgrupoinmobiliario.com\/de\/?p=15604"},"modified":"2023-10-23T12:25:02","modified_gmt":"2023-10-23T10:25:02","slug":"tm-real-estate-group-und-die-stadtverwaltung-von-estepona-erneuern-ihre-vereinbarung-zur-verhinderung-des-ausschlusses-aus-dem-wohnungsmarkt-bis-2025","status":"publish","type":"post","link":"https:\/\/blog.tmgrupoinmobiliario.com\/de\/2023\/10\/23\/tm-real-estate-group-und-die-stadtverwaltung-von-estepona-erneuern-ihre-vereinbarung-zur-verhinderung-des-ausschlusses-aus-dem-wohnungsmarkt-bis-2025\/","title":{"rendered":"TM Real Estate Group und die Stadtverwaltung von Estepona erneuern ihre Vereinbarung zur Verhinderung des Ausschlusses aus dem Wohnungsmarkt bis 2025"},"content":{"rendered":"<p>&nbsp;<\/p>\n<p><a href=\"https:\/\/www.tmgrupoinmobiliario.com\/de\"><strong>TM Grupo Inmobiliario<\/strong><\/a>, die sich auf den Bau und die Entwicklung von Zweitwohnungen an der Mittelmeer- und Karibikk\u00fcste konzentriert und eine Referenz im Wohn-, Hotel- und Ferientourismussektor darstellt, <strong>verl\u00e4ngert die Zusammenarbeit mit der Stadtverwaltung von Estepona<\/strong> <strong>, um das Projekt zur Verhinderung des Ausschlusses aus dem Wohnungsmarkt fortzuf\u00fchren.<\/strong><\/p>\n<p><strong>Die Initiative, die 2019 ins Leben gerufen wurde und bisher zw\u00f6lf Familien in Estepona zugutekam, besteht aus einem finanziellen Beitrag zur Zahlung der gesamten oder eines Teils der Miete von <\/strong>Familien in der Gemeinde, die von sozialer Ausgrenzung bedroht sind oder sich in einer besonderen Notlage befinden.<\/p>\n<p>Die heute im Gemeindeamt unterzeichnete Vereinbarung l\u00e4uft bis 2025. Das Immobilienunternehmen verpflichtet sich damit,<strong> 15.000 Euro f\u00fcr die Mietzahlungen der ausgew\u00e4hlten Familien bereitzustellen.<\/strong><\/p>\n<p><img loading=\"lazy\" decoding=\"async\" class=\"aligncenter wp-image-23232 \" src=\"https:\/\/www.tmgrupoinmobiliario.com\/blog\/wp-content\/uploads\/2023\/10\/Firma-16-de-octubre_2-1024x717.jpg\" alt=\"\" width=\"785\" height=\"550\" \/><\/p>\n<p>&nbsp;<\/p>\n<p><em>&#8220;Diese Vereinbarung ist Teil unseres Masterplans f\u00fcr Unternehmensverantwortung. Eine der sozialen Aktionslinien unseres Modells der verantwortungsvollen Unternehmensf\u00fchrung zielt darauf ab, benachteiligten Gruppen in den Gebieten, in denen wir t\u00e4tig sind, den Zugang zu Wohnraum zu erleichtern&#8221;, <\/em>so<strong> \u00c1ngeles Serna, Vorstandsvorsitzende der TM Real Estate Group.<\/strong><\/p>\n<p>Jos\u00e9 Mar\u00eda Garc\u00eda Urbano, B\u00fcrgermeister von Estepona, bedankte sich bei der TM Real Estate Group f\u00fcr die Zusammenarbeit und wies darauf hin, dass diese Aktion im Einklang mit den Verwaltungs- und Sozialprogrammen steht, die das Gemeindeamt von Estepona umsetzt, um den am meisten gef\u00e4hrdeten Menschen zu helfen. Der B\u00fcrgermeister zeigt damit seine Absicht, weiterhin zu einer Stadt mit mehr Wohlstand und Lebensqualit\u00e4t beizutragen<\/p>\n","protected":false},"excerpt":{"rendered":"<p>&nbsp; TM Grupo Inmobiliario, die sich auf den Bau und die Entwicklung von Zweitwohnungen an der Mittelmeer- und Karibikk\u00fcste konzentriert und eine Referenz im Wohn-, Hotel- und Ferientourismussektor darstellt, verl\u00e4ngert die Zusammenarbeit mit der Stadtverwaltung von Estepona , um das Projekt zur Verhinderung des Ausschlusses aus dem Wohnungsmarkt fortzuf\u00fchren. Die Initiative, die 2019 ins Leben [&hellip;]<\/p>\n","protected":false},"author":11716,"featured_media":15609,"comment_status":"open","ping_status":"open","sticky":false,"template":"","format":"standard","meta":{"_jetpack_memberships_contains_paid_content":false,"footnotes":""},"categories":[66,72],"tags":[80,55],"class_list":["post-15604","post","type-post","status-publish","format-standard","has-post-thumbnail","hentry","category-corporativo","category-notas-prensa","tag-tag-all","tag-tag-compromise","formato-comunicacion"],"better_featured_image":{"id":15609,"alt_text":"","caption":"","description":"","media_type":"image","media_details":{"width":1000,"height":666,"file":"2023\/10\/10_16-Convenio-Estepona-1000x666-11.png","filesize":1135955,"sizes":{"medium":{"file":"10_16-Convenio-Estepona-1000x666-11-300x200.png","width":300,"height":200,"mime-type":"image\/png","filesize":103884,"source_url":"https:\/\/blog.tmgrupoinmobiliario.com\/de\/wp-content\/uploads\/sites\/3\/2023\/10\/10_16-Convenio-Estepona-1000x666-11-300x200.png"},"thumbnail":{"file":"10_16-Convenio-Estepona-1000x666-11-150x150.png","width":150,"height":150,"mime-type":"image\/png","filesize":43575,"source_url":"https:\/\/blog.tmgrupoinmobiliario.com\/de\/wp-content\/uploads\/sites\/3\/2023\/10\/10_16-Convenio-Estepona-1000x666-11-150x150.png"},"medium_large":{"file":"10_16-Convenio-Estepona-1000x666-11-768x511.png","width":768,"height":511,"mime-type":"image\/png","filesize":623507,"source_url":"https:\/\/blog.tmgrupoinmobiliario.com\/de\/wp-content\/uploads\/sites\/3\/2023\/10\/10_16-Convenio-Estepona-1000x666-11-768x511.png"}},"image_meta":{"aperture":"0","credit":"","camera":"","caption":"","created_timestamp":"0","copyright":"","focal_length":"0","iso":"0","shutter_speed":"0","title":"","orientation":"0","keywords":[]}},"post":15604,"source_url":"https:\/\/blog.tmgrupoinmobiliario.com\/de\/wp-content\/uploads\/sites\/3\/2023\/10\/10_16-Convenio-Estepona-1000x666-11.png"},"acf":{"imagen_destacada_desktop":"https:\/\/blog.tmgrupoinmobiliario.com\/de\/wp-content\/uploads\/sites\/3\/2023\/10\/10_16-Convenio-Estepona-1920xx870-11.png","imagen_destacada_mobile":"https:\/\/blog.tmgrupoinmobiliario.com\/de\/wp-content\/uploads\/sites\/3\/2023\/10\/10_16-Convenio-Estepona-540x540-11.png","formato":{"term_id":76,"name":"Comunicaci\u00f3n","slug":"comunicacion","term_group":0,"term_taxonomy_id":76,"taxonomy":"formato","description":"","parent":0,"count":126,"filter":"raw"},"entradilla":"Die Immobiliengesellschaft stellt 15.000 \u20ac zur Verf\u00fcgung, um die Miete der ausgew\u00e4hlten Familieneinheiten ganz oder teilweise zu \u00fcbernehmen.","etiquetas":"","cabecera_escritorio":"https:\/\/blog.tmgrupoinmobiliario.com\/de\/wp-content\/uploads\/sites\/3\/2023\/10\/10_16-Convenio-Estepona-1200xxx3001.png","cabecera_mobile":"https:\/\/blog.tmgrupoinmobiliario.com\/de\/wp-content\/uploads\/sites\/3\/2023\/10\/10_16-Convenio-Estepona-768x768-11.png","galeria":false},"yoast_head":"<!-- This site is optimized with the Yoast SEO Premium plugin v23.6 (Yoast SEO v27.4) - https:\/\/yoast.com\/product\/yoast-seo-premium-wordpress\/ -->\n<title>TM Real Estate Group und die Stadtverwaltung von Estepona erneuern ihre Vereinbarung zur Verhinderung des Ausschlusses aus dem Wohnungsmarkt bis 2025 - Deutsche<\/title>\n<meta name=\"robots\" content=\"index, follow, max-snippet:-1, max-image-preview:large, max-video-preview:-1\" \/>\n<link rel=\"canonical\" href=\"https:\/\/blog.tmgrupoinmobiliario.com\/de\/2023\/10\/23\/tm-real-estate-group-und-die-stadtverwaltung-von-estepona-erneuern-ihre-vereinbarung-zur-verhinderung-des-ausschlusses-aus-dem-wohnungsmarkt-bis-2025\/\" \/>\n<meta property=\"og:locale\" content=\"de_DE\" \/>\n<meta property=\"og:type\" content=\"article\" \/>\n<meta property=\"og:title\" content=\"TM Real Estate Group und die Stadtverwaltung von Estepona erneuern ihre Vereinbarung zur Verhinderung des Ausschlusses aus dem Wohnungsmarkt bis 2025\" \/>\n<meta property=\"og:description\" content=\"&nbsp; TM Grupo Inmobiliario, die sich auf den Bau und die Entwicklung von Zweitwohnungen an der Mittelmeer- und Karibikk\u00fcste konzentriert und eine Referenz im Wohn-, Hotel- und Ferientourismussektor darstellt, verl\u00e4ngert die Zusammenarbeit mit der Stadtverwaltung von Estepona , um das Projekt zur Verhinderung des Ausschlusses aus dem Wohnungsmarkt fortzuf\u00fchren. Die Initiative, die 2019 ins Leben [&hellip;]\" \/>\n<meta property=\"og:url\" content=\"https:\/\/blog.tmgrupoinmobiliario.com\/de\/2023\/10\/23\/tm-real-estate-group-und-die-stadtverwaltung-von-estepona-erneuern-ihre-vereinbarung-zur-verhinderung-des-ausschlusses-aus-dem-wohnungsmarkt-bis-2025\/\" \/>\n<meta property=\"og:site_name\" content=\"Deutsche\" \/>\n<meta property=\"article:published_time\" content=\"2023-10-23T10:25:02+00:00\" \/>\n<meta property=\"og:image\" content=\"https:\/\/blog.tmgrupoinmobiliario.com\/de\/wp-content\/uploads\/sites\/3\/2023\/10\/10_16-Convenio-Estepona-1000x666-11.png\" \/>\n\t<meta property=\"og:image:width\" content=\"1000\" \/>\n\t<meta property=\"og:image:height\" content=\"666\" \/>\n\t<meta property=\"og:image:type\" content=\"image\/png\" \/>\n<meta name=\"author\" content=\"marina\" \/>\n<meta name=\"twitter:card\" content=\"summary_large_image\" \/>\n<meta name=\"twitter:label1\" content=\"Geschrieben von\" \/>\n\t<meta name=\"twitter:data1\" content=\"marina\" \/>\n\t<meta name=\"twitter:label2\" content=\"Gesch\u00e4tzte Lesezeit\" \/>\n\t<meta name=\"twitter:data2\" content=\"2\u00a0Minuten\" \/>\n<script type=\"application\/ld+json\" class=\"yoast-schema-graph\">{\"@context\":\"https:\\\/\\\/schema.org\",\"@graph\":[{\"@type\":\"Article\",\"@id\":\"https:\\\/\\\/blog.tmgrupoinmobiliario.com\\\/de\\\/2023\\\/10\\\/23\\\/tm-real-estate-group-und-die-stadtverwaltung-von-estepona-erneuern-ihre-vereinbarung-zur-verhinderung-des-ausschlusses-aus-dem-wohnungsmarkt-bis-2025\\\/#article\",\"isPartOf\":{\"@id\":\"https:\\\/\\\/blog.tmgrupoinmobiliario.com\\\/de\\\/2023\\\/10\\\/23\\\/tm-real-estate-group-und-die-stadtverwaltung-von-estepona-erneuern-ihre-vereinbarung-zur-verhinderung-des-ausschlusses-aus-dem-wohnungsmarkt-bis-2025\\\/\"},\"author\":{\"name\":\"marina\",\"@id\":\"https:\\\/\\\/blog.tmgrupoinmobiliario.com\\\/de\\\/#\\\/schema\\\/person\\\/788477479d35e623ab75c2fb194e7730\"},\"headline\":\"TM Real Estate Group und die Stadtverwaltung von Estepona erneuern ihre Vereinbarung zur Verhinderung des Ausschlusses aus dem Wohnungsmarkt bis 2025\",\"datePublished\":\"2023-10-23T10:25:02+00:00\",\"mainEntityOfPage\":{\"@id\":\"https:\\\/\\\/blog.tmgrupoinmobiliario.com\\\/de\\\/2023\\\/10\\\/23\\\/tm-real-estate-group-und-die-stadtverwaltung-von-estepona-erneuern-ihre-vereinbarung-zur-verhinderung-des-ausschlusses-aus-dem-wohnungsmarkt-bis-2025\\\/\"},\"wordCount\":261,\"commentCount\":0,\"image\":{\"@id\":\"https:\\\/\\\/blog.tmgrupoinmobiliario.com\\\/de\\\/2023\\\/10\\\/23\\\/tm-real-estate-group-und-die-stadtverwaltung-von-estepona-erneuern-ihre-vereinbarung-zur-verhinderung-des-ausschlusses-aus-dem-wohnungsmarkt-bis-2025\\\/#primaryimage\"},\"thumbnailUrl\":\"https:\\\/\\\/blog.tmgrupoinmobiliario.com\\\/de\\\/wp-content\\\/uploads\\\/sites\\\/3\\\/2023\\\/10\\\/10_16-Convenio-Estepona-1000x666-11.png\",\"keywords\":[\"tag-all\",\"tag-compromise\"],\"articleSection\":[\"Corporativo\",\"Pressemitteilung\"],\"inLanguage\":\"de\",\"potentialAction\":[{\"@type\":\"CommentAction\",\"name\":\"Comment\",\"target\":[\"https:\\\/\\\/blog.tmgrupoinmobiliario.com\\\/de\\\/2023\\\/10\\\/23\\\/tm-real-estate-group-und-die-stadtverwaltung-von-estepona-erneuern-ihre-vereinbarung-zur-verhinderung-des-ausschlusses-aus-dem-wohnungsmarkt-bis-2025\\\/#respond\"]}]},{\"@type\":\"WebPage\",\"@id\":\"https:\\\/\\\/blog.tmgrupoinmobiliario.com\\\/de\\\/2023\\\/10\\\/23\\\/tm-real-estate-group-und-die-stadtverwaltung-von-estepona-erneuern-ihre-vereinbarung-zur-verhinderung-des-ausschlusses-aus-dem-wohnungsmarkt-bis-2025\\\/\",\"url\":\"https:\\\/\\\/blog.tmgrupoinmobiliario.com\\\/de\\\/2023\\\/10\\\/23\\\/tm-real-estate-group-und-die-stadtverwaltung-von-estepona-erneuern-ihre-vereinbarung-zur-verhinderung-des-ausschlusses-aus-dem-wohnungsmarkt-bis-2025\\\/\",\"name\":\"TM Real Estate Group und die Stadtverwaltung von Estepona erneuern ihre Vereinbarung zur Verhinderung des Ausschlusses aus dem Wohnungsmarkt bis 2025 - Deutsche\",\"isPartOf\":{\"@id\":\"https:\\\/\\\/blog.tmgrupoinmobiliario.com\\\/de\\\/#website\"},\"primaryImageOfPage\":{\"@id\":\"https:\\\/\\\/blog.tmgrupoinmobiliario.com\\\/de\\\/2023\\\/10\\\/23\\\/tm-real-estate-group-und-die-stadtverwaltung-von-estepona-erneuern-ihre-vereinbarung-zur-verhinderung-des-ausschlusses-aus-dem-wohnungsmarkt-bis-2025\\\/#primaryimage\"},\"image\":{\"@id\":\"https:\\\/\\\/blog.tmgrupoinmobiliario.com\\\/de\\\/2023\\\/10\\\/23\\\/tm-real-estate-group-und-die-stadtverwaltung-von-estepona-erneuern-ihre-vereinbarung-zur-verhinderung-des-ausschlusses-aus-dem-wohnungsmarkt-bis-2025\\\/#primaryimage\"},\"thumbnailUrl\":\"https:\\\/\\\/blog.tmgrupoinmobiliario.com\\\/de\\\/wp-content\\\/uploads\\\/sites\\\/3\\\/2023\\\/10\\\/10_16-Convenio-Estepona-1000x666-11.png\",\"datePublished\":\"2023-10-23T10:25:02+00:00\",\"author\":{\"@id\":\"https:\\\/\\\/blog.tmgrupoinmobiliario.com\\\/de\\\/#\\\/schema\\\/person\\\/788477479d35e623ab75c2fb194e7730\"},\"breadcrumb\":{\"@id\":\"https:\\\/\\\/blog.tmgrupoinmobiliario.com\\\/de\\\/2023\\\/10\\\/23\\\/tm-real-estate-group-und-die-stadtverwaltung-von-estepona-erneuern-ihre-vereinbarung-zur-verhinderung-des-ausschlusses-aus-dem-wohnungsmarkt-bis-2025\\\/#breadcrumb\"},\"inLanguage\":\"de\",\"potentialAction\":[{\"@type\":\"ReadAction\",\"target\":[\"https:\\\/\\\/blog.tmgrupoinmobiliario.com\\\/de\\\/2023\\\/10\\\/23\\\/tm-real-estate-group-und-die-stadtverwaltung-von-estepona-erneuern-ihre-vereinbarung-zur-verhinderung-des-ausschlusses-aus-dem-wohnungsmarkt-bis-2025\\\/\"]}]},{\"@type\":\"ImageObject\",\"inLanguage\":\"de\",\"@id\":\"https:\\\/\\\/blog.tmgrupoinmobiliario.com\\\/de\\\/2023\\\/10\\\/23\\\/tm-real-estate-group-und-die-stadtverwaltung-von-estepona-erneuern-ihre-vereinbarung-zur-verhinderung-des-ausschlusses-aus-dem-wohnungsmarkt-bis-2025\\\/#primaryimage\",\"url\":\"https:\\\/\\\/blog.tmgrupoinmobiliario.com\\\/de\\\/wp-content\\\/uploads\\\/sites\\\/3\\\/2023\\\/10\\\/10_16-Convenio-Estepona-1000x666-11.png\",\"contentUrl\":\"https:\\\/\\\/blog.tmgrupoinmobiliario.com\\\/de\\\/wp-content\\\/uploads\\\/sites\\\/3\\\/2023\\\/10\\\/10_16-Convenio-Estepona-1000x666-11.png\",\"width\":1000,\"height\":666},{\"@type\":\"BreadcrumbList\",\"@id\":\"https:\\\/\\\/blog.tmgrupoinmobiliario.com\\\/de\\\/2023\\\/10\\\/23\\\/tm-real-estate-group-und-die-stadtverwaltung-von-estepona-erneuern-ihre-vereinbarung-zur-verhinderung-des-ausschlusses-aus-dem-wohnungsmarkt-bis-2025\\\/#breadcrumb\",\"itemListElement\":[{\"@type\":\"ListItem\",\"position\":1,\"name\":\"Portada\",\"item\":\"https:\\\/\\\/blog.tmgrupoinmobiliario.com\\\/de\\\/\"},{\"@type\":\"ListItem\",\"position\":2,\"name\":\"TM Real Estate Group und die Stadtverwaltung von Estepona erneuern ihre Vereinbarung zur Verhinderung des Ausschlusses aus dem Wohnungsmarkt bis 2025\"}]},{\"@type\":\"WebSite\",\"@id\":\"https:\\\/\\\/blog.tmgrupoinmobiliario.com\\\/de\\\/#website\",\"url\":\"https:\\\/\\\/blog.tmgrupoinmobiliario.com\\\/de\\\/\",\"name\":\"Deutsche\",\"description\":\"Otro sitio m\u00e1s de Blog Desarrollo TM sitios\",\"potentialAction\":[{\"@type\":\"SearchAction\",\"target\":{\"@type\":\"EntryPoint\",\"urlTemplate\":\"https:\\\/\\\/blog.tmgrupoinmobiliario.com\\\/de\\\/?s={search_term_string}\"},\"query-input\":{\"@type\":\"PropertyValueSpecification\",\"valueRequired\":true,\"valueName\":\"search_term_string\"}}],\"inLanguage\":\"de\"},{\"@type\":\"Person\",\"@id\":\"https:\\\/\\\/blog.tmgrupoinmobiliario.com\\\/de\\\/#\\\/schema\\\/person\\\/788477479d35e623ab75c2fb194e7730\",\"name\":\"marina\",\"image\":{\"@type\":\"ImageObject\",\"inLanguage\":\"de\",\"@id\":\"https:\\\/\\\/secure.gravatar.com\\\/avatar\\\/34480839eb5b1bb235efe5be1b7e49218e07e314c17d1fb9ba5183ac5c2c64f3?s=96&d=mm&r=g\",\"url\":\"https:\\\/\\\/secure.gravatar.com\\\/avatar\\\/34480839eb5b1bb235efe5be1b7e49218e07e314c17d1fb9ba5183ac5c2c64f3?s=96&d=mm&r=g\",\"contentUrl\":\"https:\\\/\\\/secure.gravatar.com\\\/avatar\\\/34480839eb5b1bb235efe5be1b7e49218e07e314c17d1fb9ba5183ac5c2c64f3?s=96&d=mm&r=g\",\"caption\":\"marina\"},\"url\":\"https:\\\/\\\/blog.tmgrupoinmobiliario.com\\\/de\\\/author\\\/marina\\\/\"}]}<\/script>\n<!-- \/ Yoast SEO Premium plugin. -->","yoast_head_json":{"title":"TM Real Estate Group und die Stadtverwaltung von Estepona erneuern ihre Vereinbarung zur Verhinderung des Ausschlusses aus dem Wohnungsmarkt bis 2025 - Deutsche","robots":{"index":"index","follow":"follow","max-snippet":"max-snippet:-1","max-image-preview":"max-image-preview:large","max-video-preview":"max-video-preview:-1"},"canonical":"https:\/\/blog.tmgrupoinmobiliario.com\/de\/2023\/10\/23\/tm-real-estate-group-und-die-stadtverwaltung-von-estepona-erneuern-ihre-vereinbarung-zur-verhinderung-des-ausschlusses-aus-dem-wohnungsmarkt-bis-2025\/","og_locale":"de_DE","og_type":"article","og_title":"TM Real Estate Group und die Stadtverwaltung von Estepona erneuern ihre Vereinbarung zur Verhinderung des Ausschlusses aus dem Wohnungsmarkt bis 2025","og_description":"&nbsp; TM Grupo Inmobiliario, die sich auf den Bau und die Entwicklung von Zweitwohnungen an der Mittelmeer- und Karibikk\u00fcste konzentriert und eine Referenz im Wohn-, Hotel- und Ferientourismussektor darstellt, verl\u00e4ngert die Zusammenarbeit mit der Stadtverwaltung von Estepona , um das Projekt zur Verhinderung des Ausschlusses aus dem Wohnungsmarkt fortzuf\u00fchren. Die Initiative, die 2019 ins Leben [&hellip;]","og_url":"https:\/\/blog.tmgrupoinmobiliario.com\/de\/2023\/10\/23\/tm-real-estate-group-und-die-stadtverwaltung-von-estepona-erneuern-ihre-vereinbarung-zur-verhinderung-des-ausschlusses-aus-dem-wohnungsmarkt-bis-2025\/","og_site_name":"Deutsche","article_published_time":"2023-10-23T10:25:02+00:00","og_image":[{"width":1000,"height":666,"url":"https:\/\/blog.tmgrupoinmobiliario.com\/de\/wp-content\/uploads\/sites\/3\/2023\/10\/10_16-Convenio-Estepona-1000x666-11.png","type":"image\/png"}],"author":"marina","twitter_card":"summary_large_image","twitter_misc":{"Geschrieben von":"marina","Gesch\u00e4tzte Lesezeit":"2\u00a0Minuten"},"schema":{"@context":"https:\/\/schema.org","@graph":[{"@type":"Article","@id":"https:\/\/blog.tmgrupoinmobiliario.com\/de\/2023\/10\/23\/tm-real-estate-group-und-die-stadtverwaltung-von-estepona-erneuern-ihre-vereinbarung-zur-verhinderung-des-ausschlusses-aus-dem-wohnungsmarkt-bis-2025\/#article","isPartOf":{"@id":"https:\/\/blog.tmgrupoinmobiliario.com\/de\/2023\/10\/23\/tm-real-estate-group-und-die-stadtverwaltung-von-estepona-erneuern-ihre-vereinbarung-zur-verhinderung-des-ausschlusses-aus-dem-wohnungsmarkt-bis-2025\/"},"author":{"name":"marina","@id":"https:\/\/blog.tmgrupoinmobiliario.com\/de\/#\/schema\/person\/788477479d35e623ab75c2fb194e7730"},"headline":"TM Real Estate Group und die Stadtverwaltung von Estepona erneuern ihre Vereinbarung zur Verhinderung des Ausschlusses aus dem Wohnungsmarkt bis 2025","datePublished":"2023-10-23T10:25:02+00:00","mainEntityOfPage":{"@id":"https:\/\/blog.tmgrupoinmobiliario.com\/de\/2023\/10\/23\/tm-real-estate-group-und-die-stadtverwaltung-von-estepona-erneuern-ihre-vereinbarung-zur-verhinderung-des-ausschlusses-aus-dem-wohnungsmarkt-bis-2025\/"},"wordCount":261,"commentCount":0,"image":{"@id":"https:\/\/blog.tmgrupoinmobiliario.com\/de\/2023\/10\/23\/tm-real-estate-group-und-die-stadtverwaltung-von-estepona-erneuern-ihre-vereinbarung-zur-verhinderung-des-ausschlusses-aus-dem-wohnungsmarkt-bis-2025\/#primaryimage"},"thumbnailUrl":"https:\/\/blog.tmgrupoinmobiliario.com\/de\/wp-content\/uploads\/sites\/3\/2023\/10\/10_16-Convenio-Estepona-1000x666-11.png","keywords":["tag-all","tag-compromise"],"articleSection":["Corporativo","Pressemitteilung"],"inLanguage":"de","potentialAction":[{"@type":"CommentAction","name":"Comment","target":["https:\/\/blog.tmgrupoinmobiliario.com\/de\/2023\/10\/23\/tm-real-estate-group-und-die-stadtverwaltung-von-estepona-erneuern-ihre-vereinbarung-zur-verhinderung-des-ausschlusses-aus-dem-wohnungsmarkt-bis-2025\/#respond"]}]},{"@type":"WebPage","@id":"https:\/\/blog.tmgrupoinmobiliario.com\/de\/2023\/10\/23\/tm-real-estate-group-und-die-stadtverwaltung-von-estepona-erneuern-ihre-vereinbarung-zur-verhinderung-des-ausschlusses-aus-dem-wohnungsmarkt-bis-2025\/","url":"https:\/\/blog.tmgrupoinmobiliario.com\/de\/2023\/10\/23\/tm-real-estate-group-und-die-stadtverwaltung-von-estepona-erneuern-ihre-vereinbarung-zur-verhinderung-des-ausschlusses-aus-dem-wohnungsmarkt-bis-2025\/","name":"TM Real Estate Group und die Stadtverwaltung von Estepona erneuern ihre Vereinbarung zur Verhinderung des Ausschlusses aus dem Wohnungsmarkt bis 2025 - Deutsche","isPartOf":{"@id":"https:\/\/blog.tmgrupoinmobiliario.com\/de\/#website"},"primaryImageOfPage":{"@id":"https:\/\/blog.tmgrupoinmobiliario.com\/de\/2023\/10\/23\/tm-real-estate-group-und-die-stadtverwaltung-von-estepona-erneuern-ihre-vereinbarung-zur-verhinderung-des-ausschlusses-aus-dem-wohnungsmarkt-bis-2025\/#primaryimage"},"image":{"@id":"https:\/\/blog.tmgrupoinmobiliario.com\/de\/2023\/10\/23\/tm-real-estate-group-und-die-stadtverwaltung-von-estepona-erneuern-ihre-vereinbarung-zur-verhinderung-des-ausschlusses-aus-dem-wohnungsmarkt-bis-2025\/#primaryimage"},"thumbnailUrl":"https:\/\/blog.tmgrupoinmobiliario.com\/de\/wp-content\/uploads\/sites\/3\/2023\/10\/10_16-Convenio-Estepona-1000x666-11.png","datePublished":"2023-10-23T10:25:02+00:00","author":{"@id":"https:\/\/blog.tmgrupoinmobiliario.com\/de\/#\/schema\/person\/788477479d35e623ab75c2fb194e7730"},"breadcrumb":{"@id":"https:\/\/blog.tmgrupoinmobiliario.com\/de\/2023\/10\/23\/tm-real-estate-group-und-die-stadtverwaltung-von-estepona-erneuern-ihre-vereinbarung-zur-verhinderung-des-ausschlusses-aus-dem-wohnungsmarkt-bis-2025\/#breadcrumb"},"inLanguage":"de","potentialAction":[{"@type":"ReadAction","target":["https:\/\/blog.tmgrupoinmobiliario.com\/de\/2023\/10\/23\/tm-real-estate-group-und-die-stadtverwaltung-von-estepona-erneuern-ihre-vereinbarung-zur-verhinderung-des-ausschlusses-aus-dem-wohnungsmarkt-bis-2025\/"]}]},{"@type":"ImageObject","inLanguage":"de","@id":"https:\/\/blog.tmgrupoinmobiliario.com\/de\/2023\/10\/23\/tm-real-estate-group-und-die-stadtverwaltung-von-estepona-erneuern-ihre-vereinbarung-zur-verhinderung-des-ausschlusses-aus-dem-wohnungsmarkt-bis-2025\/#primaryimage","url":"https:\/\/blog.tmgrupoinmobiliario.com\/de\/wp-content\/uploads\/sites\/3\/2023\/10\/10_16-Convenio-Estepona-1000x666-11.png","contentUrl":"https:\/\/blog.tmgrupoinmobiliario.com\/de\/wp-content\/uploads\/sites\/3\/2023\/10\/10_16-Convenio-Estepona-1000x666-11.png","width":1000,"height":666},{"@type":"BreadcrumbList","@id":"https:\/\/blog.tmgrupoinmobiliario.com\/de\/2023\/10\/23\/tm-real-estate-group-und-die-stadtverwaltung-von-estepona-erneuern-ihre-vereinbarung-zur-verhinderung-des-ausschlusses-aus-dem-wohnungsmarkt-bis-2025\/#breadcrumb","itemListElement":[{"@type":"ListItem","position":1,"name":"Portada","item":"https:\/\/blog.tmgrupoinmobiliario.com\/de\/"},{"@type":"ListItem","position":2,"name":"TM Real Estate Group und die Stadtverwaltung von Estepona erneuern ihre Vereinbarung zur Verhinderung des Ausschlusses aus dem Wohnungsmarkt bis 2025"}]},{"@type":"WebSite","@id":"https:\/\/blog.tmgrupoinmobiliario.com\/de\/#website","url":"https:\/\/blog.tmgrupoinmobiliario.com\/de\/","name":"Deutsche","description":"Otro sitio m\u00e1s de Blog Desarrollo TM sitios","potentialAction":[{"@type":"SearchAction","target":{"@type":"EntryPoint","urlTemplate":"https:\/\/blog.tmgrupoinmobiliario.com\/de\/?s={search_term_string}"},"query-input":{"@type":"PropertyValueSpecification","valueRequired":true,"valueName":"search_term_string"}}],"inLanguage":"de"},{"@type":"Person","@id":"https:\/\/blog.tmgrupoinmobiliario.com\/de\/#\/schema\/person\/788477479d35e623ab75c2fb194e7730","name":"marina","image":{"@type":"ImageObject","inLanguage":"de","@id":"https:\/\/secure.gravatar.com\/avatar\/34480839eb5b1bb235efe5be1b7e49218e07e314c17d1fb9ba5183ac5c2c64f3?s=96&d=mm&r=g","url":"https:\/\/secure.gravatar.com\/avatar\/34480839eb5b1bb235efe5be1b7e49218e07e314c17d1fb9ba5183ac5c2c64f3?s=96&d=mm&r=g","contentUrl":"https:\/\/secure.gravatar.com\/avatar\/34480839eb5b1bb235efe5be1b7e49218e07e314c17d1fb9ba5183ac5c2c64f3?s=96&d=mm&r=g","caption":"marina"},"url":"https:\/\/blog.tmgrupoinmobiliario.com\/de\/author\/marina\/"}]}},"jetpack_featured_media_url":"https:\/\/blog.tmgrupoinmobiliario.com\/de\/wp-content\/uploads\/sites\/3\/2023\/10\/10_16-Convenio-Estepona-1000x666-11.png","jetpack_sharing_enabled":true,"_links":{"self":[{"href":"https:\/\/blog.tmgrupoinmobiliario.com\/de\/wp-json\/wp\/v2\/posts\/15604","targetHints":{"allow":["GET"]}}],"collection":[{"href":"https:\/\/blog.tmgrupoinmobiliario.com\/de\/wp-json\/wp\/v2\/posts"}],"about":[{"href":"https:\/\/blog.tmgrupoinmobiliario.com\/de\/wp-json\/wp\/v2\/types\/post"}],"author":[{"embeddable":true,"href":"https:\/\/blog.tmgrupoinmobiliario.com\/de\/wp-json\/wp\/v2\/users\/11716"}],"replies":[{"embeddable":true,"href":"https:\/\/blog.tmgrupoinmobiliario.com\/de\/wp-json\/wp\/v2\/comments?post=15604"}],"version-history":[{"count":1,"href":"https:\/\/blog.tmgrupoinmobiliario.com\/de\/wp-json\/wp\/v2\/posts\/15604\/revisions"}],"predecessor-version":[{"id":15610,"href":"https:\/\/blog.tmgrupoinmobiliario.com\/de\/wp-json\/wp\/v2\/posts\/15604\/revisions\/15610"}],"wp:featuredmedia":[{"embeddable":true,"href":"https:\/\/blog.tmgrupoinmobiliario.com\/de\/wp-json\/wp\/v2\/media\/15609"}],"wp:attachment":[{"href":"https:\/\/blog.tmgrupoinmobiliario.com\/de\/wp-json\/wp\/v2\/media?parent=15604"}],"wp:term":[{"taxonomy":"category","embeddable":true,"href":"https:\/\/blog.tmgrupoinmobiliario.com\/de\/wp-json\/wp\/v2\/categories?post=15604"},{"taxonomy":"post_tag","embeddable":true,"href":"https:\/\/blog.tmgrupoinmobiliario.com\/de\/wp-json\/wp\/v2\/tags?post=15604"}],"curies":[{"name":"wp","href":"https:\/\/api.w.org\/{rel}","templated":true}]}}