{"id":15595,"date":"2023-10-23T11:09:50","date_gmt":"2023-10-23T09:09:50","guid":{"rendered":"https:\/\/blog.tmgrupoinmobiliario.com\/de\/?p=15595"},"modified":"2023-10-23T11:11:04","modified_gmt":"2023-10-23T09:11:04","slug":"tm-das-rote-kreuz-und-der-verein-hippocampus-starten-ein-nationales-projekt-zum-schutz-des-mittelmeers-und-seiner-artenvielfalt","status":"publish","type":"post","link":"https:\/\/blog.tmgrupoinmobiliario.com\/de\/2023\/10\/23\/tm-das-rote-kreuz-und-der-verein-hippocampus-starten-ein-nationales-projekt-zum-schutz-des-mittelmeers-und-seiner-artenvielfalt\/","title":{"rendered":"TM, das Rote Kreuz und der Verein Hippocampus starten ein nationales Projekt zum Schutz des Mittelmeers und seiner Artenvielfalt"},"content":{"rendered":"<p>&nbsp;<\/p>\n<p><strong>Madrid, 18. Oktober 2023 <\/strong>\u2013 <a href=\"https:\/\/www.tmgrupoinmobiliario.com\/de\"><strong>TM Real Estate Group<\/strong><\/a>, eine alicantinische Holdinggesellschaft, die im Bereich des verantwortungsvollen Wohnungs-, Hotel- und Urlaubstourismus f\u00fchrend ist und sich auf den Bau und die Entwicklung von Zweitwohnungen an der Mittelmeer- und Karibikk\u00fcste spezialisiert hat, hat in Zusammenarbeit mit dem <a href=\"https:\/\/www2.cruzroja.es\/\"><strong>Roten Kreuz<\/strong><\/a> und dem <a href=\"https:\/\/www.asociacionhippocampus.com\/\"><strong>Verein Hippocampus<\/strong><\/a> ein <strong>neues nationales Projekt zum Schutz des Mittelmeers und seiner Artenvielfalt mit dem Namen &#8220;Mediterr\u00e1neo Responsable&#8221; (Verantwortung f\u00fcr das Mittelmeer) ins Leben gerufen.<\/strong><\/p>\n<p>Dieses Projekt, das in den n\u00e4chsten <strong>zwei Jahren<\/strong> im europ\u00e4ischen Mittelmeerraum verwirklicht werden soll, erwartet die Teilnahme von mehr als <strong>2.500 Personen<\/strong>. Die verschiedenen Initiativen sind in Forschung, Sensibilisierung und Aktion unterteilt.<\/p>\n<p><strong><br \/>\n<span style=\"color: #ff0000\">Forschung, Wissensvermittlung und Verbreitung<\/span><\/strong><\/p>\n<p>In der ersten Projektphase wird anhand des Protokolls des spanischen Umweltministeriums (MITECO) erfasst, wie stark die Str\u00e4nde durch Abfall belastet sind. Parallel zu diesen Aktivit\u00e4ten sind fast hundert Tauchg\u00e4nge geplant, um die aquatischen Lebensformen im gesamten europ\u00e4ischen Mittelmeerraum zu erfassen.\u00a0 Die Ergebnisse dieser Aktivit\u00e4ten werden auf einer Veranstaltung vorgestellt, die sich mit der aktuellen Situation und den wirksamsten Vorschl\u00e4gen f\u00fcr Sensibilisierungsma\u00dfnahmen und Aktionen zur Abfallbeseitigung, zum Schutz der K\u00fcsten und zur Erhaltung der Meeresumwelt befassen wird.<\/p>\n<p>&nbsp;<\/p>\n<p><span style=\"color: #ff0000\"><strong>Bewusstseinsbildung, Pr\u00e4vention und Sensibilisierung<\/strong><\/span><\/p>\n<p>Zur Bewusstseinsbildung und Vorbeugung werden <strong>rund 20 Sensibilisierungsworkshops f\u00fcr Kinder, Jugendliche und die Zivilgesellschaft im Allgemeinen<\/strong> organisiert, um \u00fcber das Problem der Meeresverschmutzung, die Rolle der Ozeane und die Notwendigkeit ihres Schutzes, Recycling, verantwortungsvollen Konsum und Kreislaufwirtschaft zu informieren.<\/p>\n<p><strong>Auf der Grundlage der Ergebnisse der Veranstaltung wird danach Sensibilisierungsmaterial erstellt. Zus\u00e4tzlich werden <\/strong>Unterwasserrouten organisiert, um \u00fcber die Tier- und Pflanzenwelt des Mittelmeers aufzukl\u00e4ren.<\/p>\n<p><strong>\u00a0<\/strong><\/p>\n<p><span style=\"color: #ff0000\"><strong>Aktion und Teilnahme<\/strong><\/span><\/p>\n<p>Die letzte Projektphase konzentriert sich auf die Organisation verschiedener Aktionen zur Abfallsammlung, -trennung und -verwertung an diversen Str\u00e4nden im Mittelmeerraum. Daran beteiligen sich TM-Stakeholder, das Rote Kreuz und der Verein Hippocampus.<\/p>\n<p>Das Projekt umfasst au\u00dferdem eine enorm wichtige Aktivit\u00e4t, die darauf abzielt, Blei am Meeresboden zu entfernen. Es findet im Rahmen des Pionierprojekts <strong>Plumbum<\/strong> statt, das sich die Dekontaminierung des Meeresbodens zum Ziel gesetzt hat.<\/p>\n<p>&nbsp;<\/p>\n<p><span style=\"color: #ff0000\"><strong>Ein dringendes Umweltprojekt<\/strong><\/span><\/p>\n<p><strong>Die <\/strong>Projektvereinbarung<strong> wurde am 18. Oktober um 12:30 Uhr im Hauptsitz des Roten Kreuzes in Madrid unterzeichnet. <\/strong>Anwesend waren Vertreter aller drei Organisationen.<\/p>\n<p>&nbsp;<\/p>\n<p><img loading=\"lazy\" decoding=\"async\" class=\"aligncenter wp-image-23241 \" src=\"https:\/\/www.tmgrupoinmobiliario.com\/blog\/wp-content\/uploads\/2023\/10\/IMG_1204-1024x768.jpg\" alt=\"\" width=\"867\" height=\"650\" \/><\/p>\n<p>&nbsp;<\/p>\n<p><strong>\u00c1ngeles Serna, Vorstandsvorsitzende von TM Real Estate Group<\/strong> best\u00e4tigt, dass diese Vereinbarung gr\u00fcnes Licht f\u00fcr eines der wichtigsten Umweltprojekte im Rahmen des Corporate Responsibility-Masterplans gibt. &#8220;<em>Die Erhaltung des Meeres und seiner Artenvielfalt wurde als eines der wichtigsten Themen f\u00fcr unsere Stakeholder hervorgehoben, und wir freuen uns, dass wir bei der Entwicklung dieses ehrgeizigen Projekts zum Schutz des Mittelmeers auf das Rote Kreuz und Hippocampus z\u00e4hlen k\u00f6nnen&#8221;, erkl\u00e4rt sie.<\/em><\/p>\n<p><strong>Mar\u00eda del Mar Pageo, Vorstandsvorsitzende des Roten Kreuzes,<\/strong> bedankte sich f\u00fcr die Unterst\u00fctzung, die TM Real Estate Group der Organisation durch verschiedene finanzielle Zuwendungen in humanit\u00e4ren Notsituationen zukommen l\u00e4sst, und f\u00fcr die Zusammenarbeit, die nun mit dem Projekt <strong>\u201eMediterr\u00e1neo Responsable\u201c<\/strong><em> beginnt: &#8220;Die Zusammenarbeit mit sozial engagierten Unternehmen wie TM Real Estate Group ist f\u00fcr das Rote Kreuz von entscheidender Bedeutung, damit es seine Mission umsetzen kann und unsere Interventionen eine gr\u00f6\u00dfere Wirkung entfalten. Dieses Projekt verst\u00e4rkt die Arbeit des Roten Kreuzes in Umweltfragen im Einklang mit den UN-Zielen f\u00fcr nachhaltige Entwicklung.&#8221;<\/em><\/p>\n<p><strong>Jos\u00e9 Luis Alcaide, Vorstandsvorsitzender von Hippocampus<\/strong>: &#8220;<em>Die Erhaltung des Meeres und seiner Artenvielfalt ist eine Herausforderung, der wir uns als Gesellschaft stellen m\u00fcssen, indem wir das Bewusstsein sch\u00e4rfen, aufkl\u00e4ren und handeln. Um dies zu erreichen, ist es von entscheidender Bedeutung, die Kr\u00e4fte zu b\u00fcndeln, wie wir es heute zusammen mit TM und dem Roten Kreuz tun, um eine gr\u00f6\u00dfere Wirkung und Reichweite bei allen Initiativen zu erzielen, die wir entwickeln und in die wir unsere gesamte Erfahrung und unser Engagement einbringen.<\/em>&#8220;<\/p>\n","protected":false},"excerpt":{"rendered":"<p>&nbsp; Madrid, 18. Oktober 2023 \u2013 TM Real Estate Group, eine alicantinische Holdinggesellschaft, die im Bereich des verantwortungsvollen Wohnungs-, Hotel- und Urlaubstourismus f\u00fchrend ist und sich auf den Bau und die Entwicklung von Zweitwohnungen an der Mittelmeer- und Karibikk\u00fcste spezialisiert hat, hat in Zusammenarbeit mit dem Roten Kreuz und dem Verein Hippocampus ein neues nationales [&hellip;]<\/p>\n","protected":false},"author":11716,"featured_media":15600,"comment_status":"open","ping_status":"open","sticky":false,"template":"","format":"standard","meta":{"_jetpack_memberships_contains_paid_content":false,"footnotes":""},"categories":[66,72],"tags":[80,55],"class_list":["post-15595","post","type-post","status-publish","format-standard","has-post-thumbnail","hentry","category-corporativo","category-notas-prensa","tag-tag-all","tag-tag-compromise","formato-comunicacion"],"better_featured_image":{"id":15600,"alt_text":"","caption":"","description":"","media_type":"image","media_details":{"width":1000,"height":666,"file":"2023\/10\/10_18-Mediterraneo-Responsable-1000x666-11.png","filesize":1369567,"sizes":{"medium":{"file":"10_18-Mediterraneo-Responsable-1000x666-11-300x200.png","width":300,"height":200,"mime-type":"image\/png","filesize":130508,"source_url":"https:\/\/blog.tmgrupoinmobiliario.com\/de\/wp-content\/uploads\/sites\/3\/2023\/10\/10_18-Mediterraneo-Responsable-1000x666-11-300x200.png"},"thumbnail":{"file":"10_18-Mediterraneo-Responsable-1000x666-11-150x150.png","width":150,"height":150,"mime-type":"image\/png","filesize":51651,"source_url":"https:\/\/blog.tmgrupoinmobiliario.com\/de\/wp-content\/uploads\/sites\/3\/2023\/10\/10_18-Mediterraneo-Responsable-1000x666-11-150x150.png"},"medium_large":{"file":"10_18-Mediterraneo-Responsable-1000x666-11-768x511.png","width":768,"height":511,"mime-type":"image\/png","filesize":778598,"source_url":"https:\/\/blog.tmgrupoinmobiliario.com\/de\/wp-content\/uploads\/sites\/3\/2023\/10\/10_18-Mediterraneo-Responsable-1000x666-11-768x511.png"}},"image_meta":{"aperture":"0","credit":"","camera":"","caption":"","created_timestamp":"0","copyright":"","focal_length":"0","iso":"0","shutter_speed":"0","title":"","orientation":"0","keywords":[]}},"post":15595,"source_url":"https:\/\/blog.tmgrupoinmobiliario.com\/de\/wp-content\/uploads\/sites\/3\/2023\/10\/10_18-Mediterraneo-Responsable-1000x666-11.png"},"acf":{"imagen_destacada_desktop":"https:\/\/blog.tmgrupoinmobiliario.com\/de\/wp-content\/uploads\/sites\/3\/2023\/10\/10_18-Mediterraneo-Responsable-1920x870-11.png","imagen_destacada_mobile":"https:\/\/blog.tmgrupoinmobiliario.com\/de\/wp-content\/uploads\/sites\/3\/2023\/10\/10_18-Mediterraneo-Responsable-540x540-11.png","formato":{"term_id":76,"name":"Comunicaci\u00f3n","slug":"comunicacion","term_group":0,"term_taxonomy_id":76,"taxonomy":"formato","description":"","parent":0,"count":127,"filter":"raw"},"entradilla":"Das Projekt mit dem Namen \"Mediterr\u00e1neo Responsable\" (Verantwortung f\u00fcr das Mittelmeer) wird in den n\u00e4chsten zwei Jahren im europ\u00e4ischen Mittelmeerraum umgesetzt. An den verschiedenen Forschungs-, Sensibilisierungs- und Aktionsma\u00dfnahmen, die im Veranstaltungskalender der drei Organisationen vorgesehen sind, werden voraussichtlich mehr als 2.500 Personen teilnehmen.\r\n","etiquetas":"","cabecera_escritorio":"https:\/\/blog.tmgrupoinmobiliario.com\/de\/wp-content\/uploads\/sites\/3\/2023\/10\/10_18-Mediterraneo-Responsable-1200x300_1.png","cabecera_mobile":"https:\/\/blog.tmgrupoinmobiliario.com\/de\/wp-content\/uploads\/sites\/3\/2023\/10\/10_18-Mediterraneo-Responsable-768x768-11.png","galeria":false},"yoast_head":"<!-- This site is optimized with the Yoast SEO Premium plugin v23.6 (Yoast SEO v27.5) - https:\/\/yoast.com\/product\/yoast-seo-premium-wordpress\/ -->\n<title>TM, das Rote Kreuz und der Verein Hippocampus starten ein nationales Projekt zum Schutz des Mittelmeers und seiner Artenvielfalt - Deutsche<\/title>\n<meta name=\"robots\" content=\"index, follow, max-snippet:-1, max-image-preview:large, max-video-preview:-1\" \/>\n<link rel=\"canonical\" href=\"https:\/\/blog.tmgrupoinmobiliario.com\/de\/2023\/10\/23\/tm-das-rote-kreuz-und-der-verein-hippocampus-starten-ein-nationales-projekt-zum-schutz-des-mittelmeers-und-seiner-artenvielfalt\/\" \/>\n<meta property=\"og:locale\" content=\"de_DE\" \/>\n<meta property=\"og:type\" content=\"article\" \/>\n<meta property=\"og:title\" content=\"TM, das Rote Kreuz und der Verein Hippocampus starten ein nationales Projekt zum Schutz des Mittelmeers und seiner Artenvielfalt\" \/>\n<meta property=\"og:description\" content=\"&nbsp; Madrid, 18. Oktober 2023 \u2013 TM Real Estate Group, eine alicantinische Holdinggesellschaft, die im Bereich des verantwortungsvollen Wohnungs-, Hotel- und Urlaubstourismus f\u00fchrend ist und sich auf den Bau und die Entwicklung von Zweitwohnungen an der Mittelmeer- und Karibikk\u00fcste spezialisiert hat, hat in Zusammenarbeit mit dem Roten Kreuz und dem Verein Hippocampus ein neues nationales [&hellip;]\" \/>\n<meta property=\"og:url\" content=\"https:\/\/blog.tmgrupoinmobiliario.com\/de\/2023\/10\/23\/tm-das-rote-kreuz-und-der-verein-hippocampus-starten-ein-nationales-projekt-zum-schutz-des-mittelmeers-und-seiner-artenvielfalt\/\" \/>\n<meta property=\"og:site_name\" content=\"Deutsche\" \/>\n<meta property=\"article:published_time\" content=\"2023-10-23T09:09:50+00:00\" \/>\n<meta property=\"article:modified_time\" content=\"2023-10-23T09:11:04+00:00\" \/>\n<meta property=\"og:image\" content=\"https:\/\/blog.tmgrupoinmobiliario.com\/de\/wp-content\/uploads\/sites\/3\/2023\/10\/10_18-Mediterraneo-Responsable-1000x666-11.png\" \/>\n\t<meta property=\"og:image:width\" content=\"1000\" \/>\n\t<meta property=\"og:image:height\" content=\"666\" \/>\n\t<meta property=\"og:image:type\" content=\"image\/png\" \/>\n<meta name=\"author\" content=\"marina\" \/>\n<meta name=\"twitter:card\" content=\"summary_large_image\" \/>\n<meta name=\"twitter:label1\" content=\"Geschrieben von\" \/>\n\t<meta name=\"twitter:data1\" content=\"marina\" \/>\n\t<meta name=\"twitter:label2\" content=\"Gesch\u00e4tzte Lesezeit\" \/>\n\t<meta name=\"twitter:data2\" content=\"4\u00a0Minuten\" \/>\n<script type=\"application\/ld+json\" class=\"yoast-schema-graph\">{\"@context\":\"https:\\\/\\\/schema.org\",\"@graph\":[{\"@type\":\"Article\",\"@id\":\"https:\\\/\\\/blog.tmgrupoinmobiliario.com\\\/de\\\/2023\\\/10\\\/23\\\/tm-das-rote-kreuz-und-der-verein-hippocampus-starten-ein-nationales-projekt-zum-schutz-des-mittelmeers-und-seiner-artenvielfalt\\\/#article\",\"isPartOf\":{\"@id\":\"https:\\\/\\\/blog.tmgrupoinmobiliario.com\\\/de\\\/2023\\\/10\\\/23\\\/tm-das-rote-kreuz-und-der-verein-hippocampus-starten-ein-nationales-projekt-zum-schutz-des-mittelmeers-und-seiner-artenvielfalt\\\/\"},\"author\":{\"name\":\"marina\",\"@id\":\"https:\\\/\\\/blog.tmgrupoinmobiliario.com\\\/de\\\/#\\\/schema\\\/person\\\/788477479d35e623ab75c2fb194e7730\"},\"headline\":\"TM, das Rote Kreuz und der Verein Hippocampus starten ein nationales Projekt zum Schutz des Mittelmeers und seiner Artenvielfalt\",\"datePublished\":\"2023-10-23T09:09:50+00:00\",\"dateModified\":\"2023-10-23T09:11:04+00:00\",\"mainEntityOfPage\":{\"@id\":\"https:\\\/\\\/blog.tmgrupoinmobiliario.com\\\/de\\\/2023\\\/10\\\/23\\\/tm-das-rote-kreuz-und-der-verein-hippocampus-starten-ein-nationales-projekt-zum-schutz-des-mittelmeers-und-seiner-artenvielfalt\\\/\"},\"wordCount\":650,\"commentCount\":0,\"image\":{\"@id\":\"https:\\\/\\\/blog.tmgrupoinmobiliario.com\\\/de\\\/2023\\\/10\\\/23\\\/tm-das-rote-kreuz-und-der-verein-hippocampus-starten-ein-nationales-projekt-zum-schutz-des-mittelmeers-und-seiner-artenvielfalt\\\/#primaryimage\"},\"thumbnailUrl\":\"https:\\\/\\\/blog.tmgrupoinmobiliario.com\\\/de\\\/wp-content\\\/uploads\\\/sites\\\/3\\\/2023\\\/10\\\/10_18-Mediterraneo-Responsable-1000x666-11.png\",\"keywords\":[\"tag-all\",\"tag-compromise\"],\"articleSection\":[\"Corporativo\",\"Pressemitteilung\"],\"inLanguage\":\"de\",\"potentialAction\":[{\"@type\":\"CommentAction\",\"name\":\"Comment\",\"target\":[\"https:\\\/\\\/blog.tmgrupoinmobiliario.com\\\/de\\\/2023\\\/10\\\/23\\\/tm-das-rote-kreuz-und-der-verein-hippocampus-starten-ein-nationales-projekt-zum-schutz-des-mittelmeers-und-seiner-artenvielfalt\\\/#respond\"]}]},{\"@type\":\"WebPage\",\"@id\":\"https:\\\/\\\/blog.tmgrupoinmobiliario.com\\\/de\\\/2023\\\/10\\\/23\\\/tm-das-rote-kreuz-und-der-verein-hippocampus-starten-ein-nationales-projekt-zum-schutz-des-mittelmeers-und-seiner-artenvielfalt\\\/\",\"url\":\"https:\\\/\\\/blog.tmgrupoinmobiliario.com\\\/de\\\/2023\\\/10\\\/23\\\/tm-das-rote-kreuz-und-der-verein-hippocampus-starten-ein-nationales-projekt-zum-schutz-des-mittelmeers-und-seiner-artenvielfalt\\\/\",\"name\":\"TM, das Rote Kreuz und der Verein Hippocampus starten ein nationales Projekt zum Schutz des Mittelmeers und seiner Artenvielfalt - Deutsche\",\"isPartOf\":{\"@id\":\"https:\\\/\\\/blog.tmgrupoinmobiliario.com\\\/de\\\/#website\"},\"primaryImageOfPage\":{\"@id\":\"https:\\\/\\\/blog.tmgrupoinmobiliario.com\\\/de\\\/2023\\\/10\\\/23\\\/tm-das-rote-kreuz-und-der-verein-hippocampus-starten-ein-nationales-projekt-zum-schutz-des-mittelmeers-und-seiner-artenvielfalt\\\/#primaryimage\"},\"image\":{\"@id\":\"https:\\\/\\\/blog.tmgrupoinmobiliario.com\\\/de\\\/2023\\\/10\\\/23\\\/tm-das-rote-kreuz-und-der-verein-hippocampus-starten-ein-nationales-projekt-zum-schutz-des-mittelmeers-und-seiner-artenvielfalt\\\/#primaryimage\"},\"thumbnailUrl\":\"https:\\\/\\\/blog.tmgrupoinmobiliario.com\\\/de\\\/wp-content\\\/uploads\\\/sites\\\/3\\\/2023\\\/10\\\/10_18-Mediterraneo-Responsable-1000x666-11.png\",\"datePublished\":\"2023-10-23T09:09:50+00:00\",\"dateModified\":\"2023-10-23T09:11:04+00:00\",\"author\":{\"@id\":\"https:\\\/\\\/blog.tmgrupoinmobiliario.com\\\/de\\\/#\\\/schema\\\/person\\\/788477479d35e623ab75c2fb194e7730\"},\"breadcrumb\":{\"@id\":\"https:\\\/\\\/blog.tmgrupoinmobiliario.com\\\/de\\\/2023\\\/10\\\/23\\\/tm-das-rote-kreuz-und-der-verein-hippocampus-starten-ein-nationales-projekt-zum-schutz-des-mittelmeers-und-seiner-artenvielfalt\\\/#breadcrumb\"},\"inLanguage\":\"de\",\"potentialAction\":[{\"@type\":\"ReadAction\",\"target\":[\"https:\\\/\\\/blog.tmgrupoinmobiliario.com\\\/de\\\/2023\\\/10\\\/23\\\/tm-das-rote-kreuz-und-der-verein-hippocampus-starten-ein-nationales-projekt-zum-schutz-des-mittelmeers-und-seiner-artenvielfalt\\\/\"]}]},{\"@type\":\"ImageObject\",\"inLanguage\":\"de\",\"@id\":\"https:\\\/\\\/blog.tmgrupoinmobiliario.com\\\/de\\\/2023\\\/10\\\/23\\\/tm-das-rote-kreuz-und-der-verein-hippocampus-starten-ein-nationales-projekt-zum-schutz-des-mittelmeers-und-seiner-artenvielfalt\\\/#primaryimage\",\"url\":\"https:\\\/\\\/blog.tmgrupoinmobiliario.com\\\/de\\\/wp-content\\\/uploads\\\/sites\\\/3\\\/2023\\\/10\\\/10_18-Mediterraneo-Responsable-1000x666-11.png\",\"contentUrl\":\"https:\\\/\\\/blog.tmgrupoinmobiliario.com\\\/de\\\/wp-content\\\/uploads\\\/sites\\\/3\\\/2023\\\/10\\\/10_18-Mediterraneo-Responsable-1000x666-11.png\",\"width\":1000,\"height\":666},{\"@type\":\"BreadcrumbList\",\"@id\":\"https:\\\/\\\/blog.tmgrupoinmobiliario.com\\\/de\\\/2023\\\/10\\\/23\\\/tm-das-rote-kreuz-und-der-verein-hippocampus-starten-ein-nationales-projekt-zum-schutz-des-mittelmeers-und-seiner-artenvielfalt\\\/#breadcrumb\",\"itemListElement\":[{\"@type\":\"ListItem\",\"position\":1,\"name\":\"Portada\",\"item\":\"https:\\\/\\\/blog.tmgrupoinmobiliario.com\\\/de\\\/\"},{\"@type\":\"ListItem\",\"position\":2,\"name\":\"TM, das Rote Kreuz und der Verein Hippocampus starten ein nationales Projekt zum Schutz des Mittelmeers und seiner Artenvielfalt\"}]},{\"@type\":\"WebSite\",\"@id\":\"https:\\\/\\\/blog.tmgrupoinmobiliario.com\\\/de\\\/#website\",\"url\":\"https:\\\/\\\/blog.tmgrupoinmobiliario.com\\\/de\\\/\",\"name\":\"Deutsche\",\"description\":\"Otro sitio m\u00e1s de Blog Desarrollo TM sitios\",\"potentialAction\":[{\"@type\":\"SearchAction\",\"target\":{\"@type\":\"EntryPoint\",\"urlTemplate\":\"https:\\\/\\\/blog.tmgrupoinmobiliario.com\\\/de\\\/?s={search_term_string}\"},\"query-input\":{\"@type\":\"PropertyValueSpecification\",\"valueRequired\":true,\"valueName\":\"search_term_string\"}}],\"inLanguage\":\"de\"},{\"@type\":\"Person\",\"@id\":\"https:\\\/\\\/blog.tmgrupoinmobiliario.com\\\/de\\\/#\\\/schema\\\/person\\\/788477479d35e623ab75c2fb194e7730\",\"name\":\"marina\",\"image\":{\"@type\":\"ImageObject\",\"inLanguage\":\"de\",\"@id\":\"https:\\\/\\\/secure.gravatar.com\\\/avatar\\\/34480839eb5b1bb235efe5be1b7e49218e07e314c17d1fb9ba5183ac5c2c64f3?s=96&d=mm&r=g\",\"url\":\"https:\\\/\\\/secure.gravatar.com\\\/avatar\\\/34480839eb5b1bb235efe5be1b7e49218e07e314c17d1fb9ba5183ac5c2c64f3?s=96&d=mm&r=g\",\"contentUrl\":\"https:\\\/\\\/secure.gravatar.com\\\/avatar\\\/34480839eb5b1bb235efe5be1b7e49218e07e314c17d1fb9ba5183ac5c2c64f3?s=96&d=mm&r=g\",\"caption\":\"marina\"},\"url\":\"https:\\\/\\\/blog.tmgrupoinmobiliario.com\\\/de\\\/author\\\/marina\\\/\"}]}<\/script>\n<!-- \/ Yoast SEO Premium plugin. -->","yoast_head_json":{"title":"TM, das Rote Kreuz und der Verein Hippocampus starten ein nationales Projekt zum Schutz des Mittelmeers und seiner Artenvielfalt - Deutsche","robots":{"index":"index","follow":"follow","max-snippet":"max-snippet:-1","max-image-preview":"max-image-preview:large","max-video-preview":"max-video-preview:-1"},"canonical":"https:\/\/blog.tmgrupoinmobiliario.com\/de\/2023\/10\/23\/tm-das-rote-kreuz-und-der-verein-hippocampus-starten-ein-nationales-projekt-zum-schutz-des-mittelmeers-und-seiner-artenvielfalt\/","og_locale":"de_DE","og_type":"article","og_title":"TM, das Rote Kreuz und der Verein Hippocampus starten ein nationales Projekt zum Schutz des Mittelmeers und seiner Artenvielfalt","og_description":"&nbsp; Madrid, 18. Oktober 2023 \u2013 TM Real Estate Group, eine alicantinische Holdinggesellschaft, die im Bereich des verantwortungsvollen Wohnungs-, Hotel- und Urlaubstourismus f\u00fchrend ist und sich auf den Bau und die Entwicklung von Zweitwohnungen an der Mittelmeer- und Karibikk\u00fcste spezialisiert hat, hat in Zusammenarbeit mit dem Roten Kreuz und dem Verein Hippocampus ein neues nationales [&hellip;]","og_url":"https:\/\/blog.tmgrupoinmobiliario.com\/de\/2023\/10\/23\/tm-das-rote-kreuz-und-der-verein-hippocampus-starten-ein-nationales-projekt-zum-schutz-des-mittelmeers-und-seiner-artenvielfalt\/","og_site_name":"Deutsche","article_published_time":"2023-10-23T09:09:50+00:00","article_modified_time":"2023-10-23T09:11:04+00:00","og_image":[{"width":1000,"height":666,"url":"https:\/\/blog.tmgrupoinmobiliario.com\/de\/wp-content\/uploads\/sites\/3\/2023\/10\/10_18-Mediterraneo-Responsable-1000x666-11.png","type":"image\/png"}],"author":"marina","twitter_card":"summary_large_image","twitter_misc":{"Geschrieben von":"marina","Gesch\u00e4tzte Lesezeit":"4\u00a0Minuten"},"schema":{"@context":"https:\/\/schema.org","@graph":[{"@type":"Article","@id":"https:\/\/blog.tmgrupoinmobiliario.com\/de\/2023\/10\/23\/tm-das-rote-kreuz-und-der-verein-hippocampus-starten-ein-nationales-projekt-zum-schutz-des-mittelmeers-und-seiner-artenvielfalt\/#article","isPartOf":{"@id":"https:\/\/blog.tmgrupoinmobiliario.com\/de\/2023\/10\/23\/tm-das-rote-kreuz-und-der-verein-hippocampus-starten-ein-nationales-projekt-zum-schutz-des-mittelmeers-und-seiner-artenvielfalt\/"},"author":{"name":"marina","@id":"https:\/\/blog.tmgrupoinmobiliario.com\/de\/#\/schema\/person\/788477479d35e623ab75c2fb194e7730"},"headline":"TM, das Rote Kreuz und der Verein Hippocampus starten ein nationales Projekt zum Schutz des Mittelmeers und seiner Artenvielfalt","datePublished":"2023-10-23T09:09:50+00:00","dateModified":"2023-10-23T09:11:04+00:00","mainEntityOfPage":{"@id":"https:\/\/blog.tmgrupoinmobiliario.com\/de\/2023\/10\/23\/tm-das-rote-kreuz-und-der-verein-hippocampus-starten-ein-nationales-projekt-zum-schutz-des-mittelmeers-und-seiner-artenvielfalt\/"},"wordCount":650,"commentCount":0,"image":{"@id":"https:\/\/blog.tmgrupoinmobiliario.com\/de\/2023\/10\/23\/tm-das-rote-kreuz-und-der-verein-hippocampus-starten-ein-nationales-projekt-zum-schutz-des-mittelmeers-und-seiner-artenvielfalt\/#primaryimage"},"thumbnailUrl":"https:\/\/blog.tmgrupoinmobiliario.com\/de\/wp-content\/uploads\/sites\/3\/2023\/10\/10_18-Mediterraneo-Responsable-1000x666-11.png","keywords":["tag-all","tag-compromise"],"articleSection":["Corporativo","Pressemitteilung"],"inLanguage":"de","potentialAction":[{"@type":"CommentAction","name":"Comment","target":["https:\/\/blog.tmgrupoinmobiliario.com\/de\/2023\/10\/23\/tm-das-rote-kreuz-und-der-verein-hippocampus-starten-ein-nationales-projekt-zum-schutz-des-mittelmeers-und-seiner-artenvielfalt\/#respond"]}]},{"@type":"WebPage","@id":"https:\/\/blog.tmgrupoinmobiliario.com\/de\/2023\/10\/23\/tm-das-rote-kreuz-und-der-verein-hippocampus-starten-ein-nationales-projekt-zum-schutz-des-mittelmeers-und-seiner-artenvielfalt\/","url":"https:\/\/blog.tmgrupoinmobiliario.com\/de\/2023\/10\/23\/tm-das-rote-kreuz-und-der-verein-hippocampus-starten-ein-nationales-projekt-zum-schutz-des-mittelmeers-und-seiner-artenvielfalt\/","name":"TM, das Rote Kreuz und der Verein Hippocampus starten ein nationales Projekt zum Schutz des Mittelmeers und seiner Artenvielfalt - Deutsche","isPartOf":{"@id":"https:\/\/blog.tmgrupoinmobiliario.com\/de\/#website"},"primaryImageOfPage":{"@id":"https:\/\/blog.tmgrupoinmobiliario.com\/de\/2023\/10\/23\/tm-das-rote-kreuz-und-der-verein-hippocampus-starten-ein-nationales-projekt-zum-schutz-des-mittelmeers-und-seiner-artenvielfalt\/#primaryimage"},"image":{"@id":"https:\/\/blog.tmgrupoinmobiliario.com\/de\/2023\/10\/23\/tm-das-rote-kreuz-und-der-verein-hippocampus-starten-ein-nationales-projekt-zum-schutz-des-mittelmeers-und-seiner-artenvielfalt\/#primaryimage"},"thumbnailUrl":"https:\/\/blog.tmgrupoinmobiliario.com\/de\/wp-content\/uploads\/sites\/3\/2023\/10\/10_18-Mediterraneo-Responsable-1000x666-11.png","datePublished":"2023-10-23T09:09:50+00:00","dateModified":"2023-10-23T09:11:04+00:00","author":{"@id":"https:\/\/blog.tmgrupoinmobiliario.com\/de\/#\/schema\/person\/788477479d35e623ab75c2fb194e7730"},"breadcrumb":{"@id":"https:\/\/blog.tmgrupoinmobiliario.com\/de\/2023\/10\/23\/tm-das-rote-kreuz-und-der-verein-hippocampus-starten-ein-nationales-projekt-zum-schutz-des-mittelmeers-und-seiner-artenvielfalt\/#breadcrumb"},"inLanguage":"de","potentialAction":[{"@type":"ReadAction","target":["https:\/\/blog.tmgrupoinmobiliario.com\/de\/2023\/10\/23\/tm-das-rote-kreuz-und-der-verein-hippocampus-starten-ein-nationales-projekt-zum-schutz-des-mittelmeers-und-seiner-artenvielfalt\/"]}]},{"@type":"ImageObject","inLanguage":"de","@id":"https:\/\/blog.tmgrupoinmobiliario.com\/de\/2023\/10\/23\/tm-das-rote-kreuz-und-der-verein-hippocampus-starten-ein-nationales-projekt-zum-schutz-des-mittelmeers-und-seiner-artenvielfalt\/#primaryimage","url":"https:\/\/blog.tmgrupoinmobiliario.com\/de\/wp-content\/uploads\/sites\/3\/2023\/10\/10_18-Mediterraneo-Responsable-1000x666-11.png","contentUrl":"https:\/\/blog.tmgrupoinmobiliario.com\/de\/wp-content\/uploads\/sites\/3\/2023\/10\/10_18-Mediterraneo-Responsable-1000x666-11.png","width":1000,"height":666},{"@type":"BreadcrumbList","@id":"https:\/\/blog.tmgrupoinmobiliario.com\/de\/2023\/10\/23\/tm-das-rote-kreuz-und-der-verein-hippocampus-starten-ein-nationales-projekt-zum-schutz-des-mittelmeers-und-seiner-artenvielfalt\/#breadcrumb","itemListElement":[{"@type":"ListItem","position":1,"name":"Portada","item":"https:\/\/blog.tmgrupoinmobiliario.com\/de\/"},{"@type":"ListItem","position":2,"name":"TM, das Rote Kreuz und der Verein Hippocampus starten ein nationales Projekt zum Schutz des Mittelmeers und seiner Artenvielfalt"}]},{"@type":"WebSite","@id":"https:\/\/blog.tmgrupoinmobiliario.com\/de\/#website","url":"https:\/\/blog.tmgrupoinmobiliario.com\/de\/","name":"Deutsche","description":"Otro sitio m\u00e1s de Blog Desarrollo TM sitios","potentialAction":[{"@type":"SearchAction","target":{"@type":"EntryPoint","urlTemplate":"https:\/\/blog.tmgrupoinmobiliario.com\/de\/?s={search_term_string}"},"query-input":{"@type":"PropertyValueSpecification","valueRequired":true,"valueName":"search_term_string"}}],"inLanguage":"de"},{"@type":"Person","@id":"https:\/\/blog.tmgrupoinmobiliario.com\/de\/#\/schema\/person\/788477479d35e623ab75c2fb194e7730","name":"marina","image":{"@type":"ImageObject","inLanguage":"de","@id":"https:\/\/secure.gravatar.com\/avatar\/34480839eb5b1bb235efe5be1b7e49218e07e314c17d1fb9ba5183ac5c2c64f3?s=96&d=mm&r=g","url":"https:\/\/secure.gravatar.com\/avatar\/34480839eb5b1bb235efe5be1b7e49218e07e314c17d1fb9ba5183ac5c2c64f3?s=96&d=mm&r=g","contentUrl":"https:\/\/secure.gravatar.com\/avatar\/34480839eb5b1bb235efe5be1b7e49218e07e314c17d1fb9ba5183ac5c2c64f3?s=96&d=mm&r=g","caption":"marina"},"url":"https:\/\/blog.tmgrupoinmobiliario.com\/de\/author\/marina\/"}]}},"jetpack_featured_media_url":"https:\/\/blog.tmgrupoinmobiliario.com\/de\/wp-content\/uploads\/sites\/3\/2023\/10\/10_18-Mediterraneo-Responsable-1000x666-11.png","jetpack_sharing_enabled":true,"_links":{"self":[{"href":"https:\/\/blog.tmgrupoinmobiliario.com\/de\/wp-json\/wp\/v2\/posts\/15595","targetHints":{"allow":["GET"]}}],"collection":[{"href":"https:\/\/blog.tmgrupoinmobiliario.com\/de\/wp-json\/wp\/v2\/posts"}],"about":[{"href":"https:\/\/blog.tmgrupoinmobiliario.com\/de\/wp-json\/wp\/v2\/types\/post"}],"author":[{"embeddable":true,"href":"https:\/\/blog.tmgrupoinmobiliario.com\/de\/wp-json\/wp\/v2\/users\/11716"}],"replies":[{"embeddable":true,"href":"https:\/\/blog.tmgrupoinmobiliario.com\/de\/wp-json\/wp\/v2\/comments?post=15595"}],"version-history":[{"count":3,"href":"https:\/\/blog.tmgrupoinmobiliario.com\/de\/wp-json\/wp\/v2\/posts\/15595\/revisions"}],"predecessor-version":[{"id":15603,"href":"https:\/\/blog.tmgrupoinmobiliario.com\/de\/wp-json\/wp\/v2\/posts\/15595\/revisions\/15603"}],"wp:featuredmedia":[{"embeddable":true,"href":"https:\/\/blog.tmgrupoinmobiliario.com\/de\/wp-json\/wp\/v2\/media\/15600"}],"wp:attachment":[{"href":"https:\/\/blog.tmgrupoinmobiliario.com\/de\/wp-json\/wp\/v2\/media?parent=15595"}],"wp:term":[{"taxonomy":"category","embeddable":true,"href":"https:\/\/blog.tmgrupoinmobiliario.com\/de\/wp-json\/wp\/v2\/categories?post=15595"},{"taxonomy":"post_tag","embeddable":true,"href":"https:\/\/blog.tmgrupoinmobiliario.com\/de\/wp-json\/wp\/v2\/tags?post=15595"}],"curies":[{"name":"wp","href":"https:\/\/api.w.org\/{rel}","templated":true}]}}