{"id":15515,"date":"2023-09-08T19:04:23","date_gmt":"2023-09-08T17:04:23","guid":{"rendered":"https:\/\/blog.tmgrupoinmobiliario.com\/de\/?p=15515"},"modified":"2023-09-08T19:04:23","modified_gmt":"2023-09-08T17:04:23","slug":"sehenswerte-straende-und-buchten-an-der-kueste-von-orihuela","status":"publish","type":"post","link":"https:\/\/blog.tmgrupoinmobiliario.com\/de\/2023\/09\/08\/sehenswerte-straende-und-buchten-an-der-kueste-von-orihuela\/","title":{"rendered":"Sehenswerte Str\u00e4nde und Buchten an der K\u00fcste von Orihuela"},"content":{"rendered":"<p>&nbsp;<\/p>\n<p>Die Str\u00e4nde von Orihuela wurden bereits mehrfach mit der \u201eBlauen Flagge\u201c, die von der Stiftung f\u00fcr Umwelterziehung verliehen wird, dem Q-Siegel f\u00fcr touristische Qualit\u00e4t und der Qualitur-Flagge ausgezeichnet. Das ist die h\u00f6chste Preisdichte pro K\u00fcstenkilometer in ganz Spanien! Ein Reiseziel der Extraklasse.<\/p>\n<p>Wir stellen Ihnen die sch\u00f6nsten Str\u00e4nde und Buchten an der K\u00fcste von Orihuela vor.<\/p>\n<h4><span style=\"color: #ff0000\"><strong>Playa Punta Prima<\/strong><\/span><\/h4>\n<p>Der \u00e4u\u00dferst beliebte Strand von Punta Prima besticht durch seinen feinen, wei\u00dfen Sand. Er ist 200 Meter lang und wurde mit der \u201eBlauen Flagge\u201c ausgezeichnet. Das ruhige, glasklare Wasser ist zu jeder Jahreszeit ideal zum Schwimmen. Sie werden zudem einen Spaziergang entlang der Promenade und den Blick auf das Mittelmeer genie\u00dfen. Auch f\u00fcr Personen mit eingeschr\u00e4nkter Mobilit\u00e4t ist dieser Strand, der sich nur zehn Minuten von der Wohnanlage Ocean Dream entfernt erstreckt, einfach zug\u00e4nglich.<\/p>\n<h4><span style=\"color: #ff0000\"><strong>Playa Flamenca oder Cala Estaca<\/strong><\/span><\/h4>\n<p>Die Playa Flamenca, die auch als Cala Estaca bekannt ist, begeistert mit einer L\u00e4nge von 150 Metern und feinem, wei\u00dfem Sand. Dieser Strand ist f\u00fcr seine Palmen im Hintergrund, seinen ausgezeichneten Erhaltungszustand und die Strandpromenade bekannt und wurde deshalb mit der \u201eBlauen Flagge\u201c ausgezeichnet. Bars, Restaurants, Stege und ein Kinderspielplatz laden hier zum Zeitvertreib im Kreise der Familie ein. Nur 750 Meter von der Wohnsiedlung Flamenca Village entfernt, k\u00f6nnen Sie sich hier im Meer erfrischen.<\/p>\n<h4><span style=\"color: #ff0000\"><strong>Playa La Glea<\/strong><\/span><\/h4>\n<p>Der Strand La Glea ist auch unter dem Namen Playa de la Dehesa de Campoamor &#8211; oder der Kurzform Campoamor &#8211; bekannt. Dieser feinsandige Strand z\u00e4hlt mit einer L\u00e4nge von 650 Metern zu den l\u00e4ngsten Strandabschnitten von Orihuela Costa. Mit dem Q-Siegel f\u00fcr touristische Qualit\u00e4t ausgezeichnet, hebt sich dieser Strand durch seine Bereiche f\u00fcr Kinder und Sportler hervor. Hier gibt es auch einen kleinen Sporthafen, wo Sie verschiedene Wassersportarten praktizieren k\u00f6nnen.<\/p>\n<h4><span style=\"color: #ff0000\"><strong>Cala Capit\u00e1n<\/strong><\/span><\/h4>\n<p>Dieser Strand mit wei\u00dfem Sand und kristallklarem, t\u00fcrkisfarbenem Wasser wird durch die kleine Insel Islote del Carmen in zwei Abschnitte unterteilt. Cala Capit\u00e1n wird von einer Promenade eingerahmt, die an r\u00f6tlichen Felsen vorbeif\u00fchrt und sich s\u00fcdlich bis nach Cabo Roig und n\u00f6rdlich bis zu Cala Bosque und den anderen Str\u00e4nden von Orihuela Costa erstreckt. Dieser Strand tr\u00e4gt seit 2003 die \u201eBlaue Flagge\u201c und ist ideal f\u00fcr einen Familienausflug mit Badespa\u00df.<\/p>\n<h4><span style=\"color: #ff0000\"><strong>Playa La Caleta<\/strong><\/span><\/h4>\n<p>Es handelt sich um einen der meistbesuchten Str\u00e4nde von Orihuela Costa. Der unverkennbare Wachturm Torre Vig\u00eda von Cabo Roig, der die Landschaft pr\u00e4gt, steht unter Denkmalschutz. Dank seiner geringen Tiefe und des kristallklaren Wassers eignet sich dieser Strand zu jeder Jahreszeit zum Schwimmen und f\u00fcr verschiedene Wassersportarten wie Paddelsurfen und Schnorcheln. Dieser Strand liegt an der Promenade von Cabo Roig, einem zauberhaften Fu\u00dfweg mit Blick auf die Klippen und das t\u00fcrkisfarbene Wasser des Mittelmeers.<\/p>\n<h4><span style=\"color: #ff0000\"><strong>Playa La Zenia oder Cala Bosque<\/strong><\/span><\/h4>\n<p>Dieser feinsandige Strand mit glasklarem Wasser z\u00e4hlt zu den bekanntesten Str\u00e4nden der K\u00fcste von Orihuela. Er ist sehr weitl\u00e4ufig und eignet sich deshalb perfekt f\u00fcr verschiedene Sportarten am Strand oder im Wasser. In der Umgebung von La Zenia gibt es Bars, Restaurants, Bushaltestellen, Zugangsrampen f\u00fcr Personen mit eingeschr\u00e4nkter Mobilit\u00e4t und Spielpl\u00e4tze.<\/p>\n<h4><span style=\"color: #ff0000\"><strong>Playa Cabo Roig<\/strong><\/span><\/h4>\n<p>Auch dieser Strand z\u00e4hlt zu den bekanntesten dieser Region. Playa Cabo Roig grenzt im Norden an La Zenia und im S\u00fcden an die Bucht von Aguamarina. An diesem feinsandigen Strand finden Sie verschiedene Freizeitangebote und Aktivit\u00e4ten f\u00fcr Windsurfer. Er ist \u00fcber Rampen und Treppen zug\u00e4nglich, denn er befindet sich in einer halbst\u00e4dtischen Umgebung, gegen\u00fcber dem Sporthafen Cabo Roig. Die hier angrenzende Promenade bietet einen faszinierenden Blick auf das Mittelmeer.<\/p>\n<h4><span style=\"color: #ff0000\"><strong>Playa Mil Palmeras<\/strong><\/span><\/h4>\n<p>Dieser Strand wurde mit dem Q-Siegel f\u00fcr touristische Qualit\u00e4t ausgezeichnet. Er ist \u00fcber einen Kilometer lang und erstreckt sich an der M\u00fcndung der Ca\u00f1ada de Matamoros, zwischen Orihuela und Pilar de la Horadada. Der feine Sand und das kristallklare Wasser eignen sich perfekt zum Schwimmen und f\u00fcr Familienausfl\u00fcge. Die Strandpromenade ist von Palmen ges\u00e4umt, der Blick auf das Mittelmeer begeistert alle G\u00e4ste. Ausgehend von der Wohnanlage Riomar Healthy Living erreichen Sie den Strand Mil Palmeras mit dem Auto in nur f\u00fcnf Minuten. Sie k\u00f6nnen den Fu\u00dfweg entlang des Flusses R\u00edo Seco benutzen.<\/p>\n<h4><span style=\"color: #ff0000\"><strong>Cala Cerrada<\/strong><\/span><\/h4>\n<p>Dieser kleine Strand bei La Zenia ist ein echter Geheimtipp f\u00fcr Surfer. Er hat feinen Sand und wird von einer Steilk\u00fcste gesch\u00fctzt, die einen herrlichen Blick auf das Mittelmeer bietet. Dieser Strand ist bequem \u00fcber eine Treppe zug\u00e4nglich. Bei der Klippe finden Sie eine Strandbar, die einen einmaligen Blick auf den Strand gew\u00e4hrt.<\/p>\n<h4><span style=\"color: #ff0000\"><strong>Cala de Aguamarina<\/strong><\/span><\/h4>\n<p>Aguamarina beherbergt ein Mikroreservat mit gesch\u00fctzter Flora und endet an einem fossilen Strand, der nicht weniger als 125.000 Jahre alt ist. Von hier aus gelangen Sie \u00fcber einen Felssteg zum Strand La Glea. Der K\u00fcstenabschnitt von Aguamarina ist in zwei Bereiche unterteilt: einen weitl\u00e4ufigen, 500 Meter langen Strand und eine Reihe von Buchten, umgeben von den r\u00f6tlichen Klippen, die f\u00fcr die gesamte K\u00fcste von Orihuela charakteristisch sind.<\/p>\n","protected":false},"excerpt":{"rendered":"<p>&nbsp; Die Str\u00e4nde von Orihuela wurden bereits mehrfach mit der \u201eBlauen Flagge\u201c, die von der Stiftung f\u00fcr Umwelterziehung verliehen wird, dem Q-Siegel f\u00fcr touristische Qualit\u00e4t und der Qualitur-Flagge ausgezeichnet. Das ist die h\u00f6chste Preisdichte pro K\u00fcstenkilometer in ganz Spanien! Ein Reiseziel der Extraklasse. Wir stellen Ihnen die sch\u00f6nsten Str\u00e4nde und Buchten an der K\u00fcste von [&hellip;]<\/p>\n","protected":false},"author":11729,"featured_media":15517,"comment_status":"open","ping_status":"open","sticky":false,"template":"","format":"standard","meta":{"_jetpack_memberships_contains_paid_content":false,"footnotes":""},"categories":[64],"tags":[152,125],"class_list":["post-15515","post","type-post","status-publish","format-standard","has-post-thumbnail","hentry","category-life-style","tag-straende-und-buchten-an-der-kueste-von-orihuela","tag-tm-real-estate-group","formato-blog"],"better_featured_image":{"id":15517,"alt_text":"Str\u00e4nde und Buchten an der K\u00fcste von Orihuela","caption":"","description":"","media_type":"image","media_details":{"width":1000,"height":666,"file":"2023\/09\/Playas-y-calas-Orihuela-Costa-destacada.jpg","filesize":149658,"sizes":{"medium":{"file":"Playas-y-calas-Orihuela-Costa-destacada-300x200.jpg","width":300,"height":200,"mime-type":"image\/jpeg","filesize":15741,"source_url":"https:\/\/blog.tmgrupoinmobiliario.com\/de\/wp-content\/uploads\/sites\/3\/2023\/09\/Playas-y-calas-Orihuela-Costa-destacada-300x200.jpg"},"thumbnail":{"file":"Playas-y-calas-Orihuela-Costa-destacada-150x150.jpg","width":150,"height":150,"mime-type":"image\/jpeg","filesize":7135,"source_url":"https:\/\/blog.tmgrupoinmobiliario.com\/de\/wp-content\/uploads\/sites\/3\/2023\/09\/Playas-y-calas-Orihuela-Costa-destacada-150x150.jpg"},"medium_large":{"file":"Playas-y-calas-Orihuela-Costa-destacada-768x511.jpg","width":768,"height":511,"mime-type":"image\/jpeg","filesize":83366,"source_url":"https:\/\/blog.tmgrupoinmobiliario.com\/de\/wp-content\/uploads\/sites\/3\/2023\/09\/Playas-y-calas-Orihuela-Costa-destacada-768x511.jpg"}},"image_meta":{"aperture":"0","credit":"","camera":"","caption":"","created_timestamp":"0","copyright":"","focal_length":"0","iso":"0","shutter_speed":"0","title":"","orientation":"1","keywords":[]}},"post":15515,"source_url":"https:\/\/blog.tmgrupoinmobiliario.com\/de\/wp-content\/uploads\/sites\/3\/2023\/09\/Playas-y-calas-Orihuela-Costa-destacada.jpg"},"acf":{"imagen_destacada_desktop":"https:\/\/blog.tmgrupoinmobiliario.com\/de\/wp-content\/uploads\/sites\/3\/2023\/09\/Playas-y-calas-Orihuela-Costa-1920x870-1.jpg","imagen_destacada_mobile":"https:\/\/blog.tmgrupoinmobiliario.com\/de\/wp-content\/uploads\/sites\/3\/2023\/09\/Playas-y-calas-Orihuela-Costa-540.jpg","formato":{"term_id":128,"name":"Blog","slug":"blog","term_group":0,"term_taxonomy_id":128,"taxonomy":"formato","description":"","parent":0,"count":60,"filter":"raw"},"entradilla":"Die feinsandigen, goldenen Str\u00e4nde entlang der \u00fcber 15 Kilometer langen K\u00fcste von Orihuela laden dazu ein, das Mittelmeer zu entdecken. Dank des hervorragenden Klimas und einer Sonnenscheindauer von \u00fcber 325 Tagen pro Jahr haben Sie die M\u00f6glichkeit, diese Str\u00e4nde das ganze Jahr \u00fcber zu genie\u00dfen und Wassersport zu betreiben.","etiquetas":"","cabecera_escritorio":"https:\/\/blog.tmgrupoinmobiliario.com\/de\/wp-content\/uploads\/sites\/3\/2023\/09\/Playas-y-calas-Orihuela-Costa-1200x300-1.jpg","cabecera_mobile":"https:\/\/blog.tmgrupoinmobiliario.com\/de\/wp-content\/uploads\/sites\/3\/2023\/09\/Playas-y-calas-Orihuela-Costa-768.jpg","galeria":false},"yoast_head":"<!-- This site is optimized with the Yoast SEO Premium plugin v23.6 (Yoast SEO v27.5) - https:\/\/yoast.com\/product\/yoast-seo-premium-wordpress\/ -->\n<title>Sehenswerte Str\u00e4nde und Buchten an der K\u00fcste von Orihuela - Deutsche<\/title>\n<meta name=\"description\" content=\"Die feinsandigen, goldenen Str\u00e4nde entlang der \u00fcber 15 Kilometer langen K\u00fcste von Orihuela laden dazu ein, das Mittelmeer zu entdecken. Dank des hervorragenden Klimas und einer Sonnenscheindauer von \u00fcber 325 Tagen pro Jahr haben Sie die M\u00f6glichkeit, diese Str\u00e4nde das ganze Jahr \u00fcber zu genie\u00dfen und Wassersport zu betreiben.\" \/>\n<meta name=\"robots\" content=\"index, follow, max-snippet:-1, max-image-preview:large, max-video-preview:-1\" \/>\n<link rel=\"canonical\" href=\"https:\/\/blog.tmgrupoinmobiliario.com\/de\/2023\/09\/08\/sehenswerte-straende-und-buchten-an-der-kueste-von-orihuela\/\" \/>\n<meta property=\"og:locale\" content=\"de_DE\" \/>\n<meta property=\"og:type\" content=\"article\" \/>\n<meta property=\"og:title\" content=\"Sehenswerte Str\u00e4nde und Buchten an der K\u00fcste von Orihuela\" \/>\n<meta property=\"og:description\" content=\"Die feinsandigen, goldenen Str\u00e4nde entlang der \u00fcber 15 Kilometer langen K\u00fcste von Orihuela laden dazu ein, das Mittelmeer zu entdecken. Dank des hervorragenden Klimas und einer Sonnenscheindauer von \u00fcber 325 Tagen pro Jahr haben Sie die M\u00f6glichkeit, diese Str\u00e4nde das ganze Jahr \u00fcber zu genie\u00dfen und Wassersport zu betreiben.\" \/>\n<meta property=\"og:url\" content=\"https:\/\/blog.tmgrupoinmobiliario.com\/de\/2023\/09\/08\/sehenswerte-straende-und-buchten-an-der-kueste-von-orihuela\/\" \/>\n<meta property=\"og:site_name\" content=\"Deutsche\" \/>\n<meta property=\"article:published_time\" content=\"2023-09-08T17:04:23+00:00\" \/>\n<meta property=\"og:image\" content=\"https:\/\/blog.tmgrupoinmobiliario.com\/de\/wp-content\/uploads\/sites\/3\/2023\/09\/Playas-y-calas-Orihuela-Costa-destacada.jpg\" \/>\n\t<meta property=\"og:image:width\" content=\"1000\" \/>\n\t<meta property=\"og:image:height\" content=\"666\" \/>\n\t<meta property=\"og:image:type\" content=\"image\/jpeg\" \/>\n<meta name=\"author\" content=\"indira\" \/>\n<meta name=\"twitter:card\" content=\"summary_large_image\" \/>\n<meta name=\"twitter:label1\" content=\"Geschrieben von\" \/>\n\t<meta name=\"twitter:data1\" content=\"indira\" \/>\n\t<meta name=\"twitter:label2\" content=\"Gesch\u00e4tzte Lesezeit\" \/>\n\t<meta name=\"twitter:data2\" content=\"5\u00a0Minuten\" \/>\n<script type=\"application\/ld+json\" class=\"yoast-schema-graph\">{\"@context\":\"https:\\\/\\\/schema.org\",\"@graph\":[{\"@type\":\"Article\",\"@id\":\"https:\\\/\\\/blog.tmgrupoinmobiliario.com\\\/de\\\/2023\\\/09\\\/08\\\/sehenswerte-straende-und-buchten-an-der-kueste-von-orihuela\\\/#article\",\"isPartOf\":{\"@id\":\"https:\\\/\\\/blog.tmgrupoinmobiliario.com\\\/de\\\/2023\\\/09\\\/08\\\/sehenswerte-straende-und-buchten-an-der-kueste-von-orihuela\\\/\"},\"author\":{\"name\":\"indira\",\"@id\":\"https:\\\/\\\/blog.tmgrupoinmobiliario.com\\\/de\\\/#\\\/schema\\\/person\\\/bbbac745abadad64177a5ee6a73cbf7c\"},\"headline\":\"Sehenswerte Str\u00e4nde und Buchten an der K\u00fcste von Orihuela\",\"datePublished\":\"2023-09-08T17:04:23+00:00\",\"mainEntityOfPage\":{\"@id\":\"https:\\\/\\\/blog.tmgrupoinmobiliario.com\\\/de\\\/2023\\\/09\\\/08\\\/sehenswerte-straende-und-buchten-an-der-kueste-von-orihuela\\\/\"},\"wordCount\":873,\"commentCount\":0,\"image\":{\"@id\":\"https:\\\/\\\/blog.tmgrupoinmobiliario.com\\\/de\\\/2023\\\/09\\\/08\\\/sehenswerte-straende-und-buchten-an-der-kueste-von-orihuela\\\/#primaryimage\"},\"thumbnailUrl\":\"https:\\\/\\\/blog.tmgrupoinmobiliario.com\\\/de\\\/wp-content\\\/uploads\\\/sites\\\/3\\\/2023\\\/09\\\/Playas-y-calas-Orihuela-Costa-destacada.jpg\",\"keywords\":[\"Str\u00e4nde und Buchten an der K\u00fcste von Orihuela\",\"TM Real Estate Group\"],\"articleSection\":[\"LifeStyle\"],\"inLanguage\":\"de\",\"potentialAction\":[{\"@type\":\"CommentAction\",\"name\":\"Comment\",\"target\":[\"https:\\\/\\\/blog.tmgrupoinmobiliario.com\\\/de\\\/2023\\\/09\\\/08\\\/sehenswerte-straende-und-buchten-an-der-kueste-von-orihuela\\\/#respond\"]}]},{\"@type\":\"WebPage\",\"@id\":\"https:\\\/\\\/blog.tmgrupoinmobiliario.com\\\/de\\\/2023\\\/09\\\/08\\\/sehenswerte-straende-und-buchten-an-der-kueste-von-orihuela\\\/\",\"url\":\"https:\\\/\\\/blog.tmgrupoinmobiliario.com\\\/de\\\/2023\\\/09\\\/08\\\/sehenswerte-straende-und-buchten-an-der-kueste-von-orihuela\\\/\",\"name\":\"Sehenswerte Str\u00e4nde und Buchten an der K\u00fcste von Orihuela - Deutsche\",\"isPartOf\":{\"@id\":\"https:\\\/\\\/blog.tmgrupoinmobiliario.com\\\/de\\\/#website\"},\"primaryImageOfPage\":{\"@id\":\"https:\\\/\\\/blog.tmgrupoinmobiliario.com\\\/de\\\/2023\\\/09\\\/08\\\/sehenswerte-straende-und-buchten-an-der-kueste-von-orihuela\\\/#primaryimage\"},\"image\":{\"@id\":\"https:\\\/\\\/blog.tmgrupoinmobiliario.com\\\/de\\\/2023\\\/09\\\/08\\\/sehenswerte-straende-und-buchten-an-der-kueste-von-orihuela\\\/#primaryimage\"},\"thumbnailUrl\":\"https:\\\/\\\/blog.tmgrupoinmobiliario.com\\\/de\\\/wp-content\\\/uploads\\\/sites\\\/3\\\/2023\\\/09\\\/Playas-y-calas-Orihuela-Costa-destacada.jpg\",\"datePublished\":\"2023-09-08T17:04:23+00:00\",\"author\":{\"@id\":\"https:\\\/\\\/blog.tmgrupoinmobiliario.com\\\/de\\\/#\\\/schema\\\/person\\\/bbbac745abadad64177a5ee6a73cbf7c\"},\"description\":\"Die feinsandigen, goldenen Str\u00e4nde entlang der \u00fcber 15 Kilometer langen K\u00fcste von Orihuela laden dazu ein, das Mittelmeer zu entdecken. Dank des hervorragenden Klimas und einer Sonnenscheindauer von \u00fcber 325 Tagen pro Jahr haben Sie die M\u00f6glichkeit, diese Str\u00e4nde das ganze Jahr \u00fcber zu genie\u00dfen und Wassersport zu betreiben.\",\"breadcrumb\":{\"@id\":\"https:\\\/\\\/blog.tmgrupoinmobiliario.com\\\/de\\\/2023\\\/09\\\/08\\\/sehenswerte-straende-und-buchten-an-der-kueste-von-orihuela\\\/#breadcrumb\"},\"inLanguage\":\"de\",\"potentialAction\":[{\"@type\":\"ReadAction\",\"target\":[\"https:\\\/\\\/blog.tmgrupoinmobiliario.com\\\/de\\\/2023\\\/09\\\/08\\\/sehenswerte-straende-und-buchten-an-der-kueste-von-orihuela\\\/\"]}]},{\"@type\":\"ImageObject\",\"inLanguage\":\"de\",\"@id\":\"https:\\\/\\\/blog.tmgrupoinmobiliario.com\\\/de\\\/2023\\\/09\\\/08\\\/sehenswerte-straende-und-buchten-an-der-kueste-von-orihuela\\\/#primaryimage\",\"url\":\"https:\\\/\\\/blog.tmgrupoinmobiliario.com\\\/de\\\/wp-content\\\/uploads\\\/sites\\\/3\\\/2023\\\/09\\\/Playas-y-calas-Orihuela-Costa-destacada.jpg\",\"contentUrl\":\"https:\\\/\\\/blog.tmgrupoinmobiliario.com\\\/de\\\/wp-content\\\/uploads\\\/sites\\\/3\\\/2023\\\/09\\\/Playas-y-calas-Orihuela-Costa-destacada.jpg\",\"width\":1000,\"height\":666,\"caption\":\"Str\u00e4nde und Buchten an der K\u00fcste von Orihuela\"},{\"@type\":\"BreadcrumbList\",\"@id\":\"https:\\\/\\\/blog.tmgrupoinmobiliario.com\\\/de\\\/2023\\\/09\\\/08\\\/sehenswerte-straende-und-buchten-an-der-kueste-von-orihuela\\\/#breadcrumb\",\"itemListElement\":[{\"@type\":\"ListItem\",\"position\":1,\"name\":\"Portada\",\"item\":\"https:\\\/\\\/blog.tmgrupoinmobiliario.com\\\/de\\\/\"},{\"@type\":\"ListItem\",\"position\":2,\"name\":\"Sehenswerte Str\u00e4nde und Buchten an der K\u00fcste von Orihuela\"}]},{\"@type\":\"WebSite\",\"@id\":\"https:\\\/\\\/blog.tmgrupoinmobiliario.com\\\/de\\\/#website\",\"url\":\"https:\\\/\\\/blog.tmgrupoinmobiliario.com\\\/de\\\/\",\"name\":\"Deutsche\",\"description\":\"Otro sitio m\u00e1s de Blog Desarrollo TM sitios\",\"potentialAction\":[{\"@type\":\"SearchAction\",\"target\":{\"@type\":\"EntryPoint\",\"urlTemplate\":\"https:\\\/\\\/blog.tmgrupoinmobiliario.com\\\/de\\\/?s={search_term_string}\"},\"query-input\":{\"@type\":\"PropertyValueSpecification\",\"valueRequired\":true,\"valueName\":\"search_term_string\"}}],\"inLanguage\":\"de\"},{\"@type\":\"Person\",\"@id\":\"https:\\\/\\\/blog.tmgrupoinmobiliario.com\\\/de\\\/#\\\/schema\\\/person\\\/bbbac745abadad64177a5ee6a73cbf7c\",\"name\":\"indira\",\"image\":{\"@type\":\"ImageObject\",\"inLanguage\":\"de\",\"@id\":\"https:\\\/\\\/secure.gravatar.com\\\/avatar\\\/e9bcc7a0bb2179240c56a1875899ce9a1dfa15d5b7527f71259eaee6010d7203?s=96&d=mm&r=g\",\"url\":\"https:\\\/\\\/secure.gravatar.com\\\/avatar\\\/e9bcc7a0bb2179240c56a1875899ce9a1dfa15d5b7527f71259eaee6010d7203?s=96&d=mm&r=g\",\"contentUrl\":\"https:\\\/\\\/secure.gravatar.com\\\/avatar\\\/e9bcc7a0bb2179240c56a1875899ce9a1dfa15d5b7527f71259eaee6010d7203?s=96&d=mm&r=g\",\"caption\":\"indira\"},\"url\":\"https:\\\/\\\/blog.tmgrupoinmobiliario.com\\\/de\\\/author\\\/indira\\\/\"}]}<\/script>\n<!-- \/ Yoast SEO Premium plugin. -->","yoast_head_json":{"title":"Sehenswerte Str\u00e4nde und Buchten an der K\u00fcste von Orihuela - Deutsche","description":"Die feinsandigen, goldenen Str\u00e4nde entlang der \u00fcber 15 Kilometer langen K\u00fcste von Orihuela laden dazu ein, das Mittelmeer zu entdecken. Dank des hervorragenden Klimas und einer Sonnenscheindauer von \u00fcber 325 Tagen pro Jahr haben Sie die M\u00f6glichkeit, diese Str\u00e4nde das ganze Jahr \u00fcber zu genie\u00dfen und Wassersport zu betreiben.","robots":{"index":"index","follow":"follow","max-snippet":"max-snippet:-1","max-image-preview":"max-image-preview:large","max-video-preview":"max-video-preview:-1"},"canonical":"https:\/\/blog.tmgrupoinmobiliario.com\/de\/2023\/09\/08\/sehenswerte-straende-und-buchten-an-der-kueste-von-orihuela\/","og_locale":"de_DE","og_type":"article","og_title":"Sehenswerte Str\u00e4nde und Buchten an der K\u00fcste von Orihuela","og_description":"Die feinsandigen, goldenen Str\u00e4nde entlang der \u00fcber 15 Kilometer langen K\u00fcste von Orihuela laden dazu ein, das Mittelmeer zu entdecken. Dank des hervorragenden Klimas und einer Sonnenscheindauer von \u00fcber 325 Tagen pro Jahr haben Sie die M\u00f6glichkeit, diese Str\u00e4nde das ganze Jahr \u00fcber zu genie\u00dfen und Wassersport zu betreiben.","og_url":"https:\/\/blog.tmgrupoinmobiliario.com\/de\/2023\/09\/08\/sehenswerte-straende-und-buchten-an-der-kueste-von-orihuela\/","og_site_name":"Deutsche","article_published_time":"2023-09-08T17:04:23+00:00","og_image":[{"width":1000,"height":666,"url":"https:\/\/blog.tmgrupoinmobiliario.com\/de\/wp-content\/uploads\/sites\/3\/2023\/09\/Playas-y-calas-Orihuela-Costa-destacada.jpg","type":"image\/jpeg"}],"author":"indira","twitter_card":"summary_large_image","twitter_misc":{"Geschrieben von":"indira","Gesch\u00e4tzte Lesezeit":"5\u00a0Minuten"},"schema":{"@context":"https:\/\/schema.org","@graph":[{"@type":"Article","@id":"https:\/\/blog.tmgrupoinmobiliario.com\/de\/2023\/09\/08\/sehenswerte-straende-und-buchten-an-der-kueste-von-orihuela\/#article","isPartOf":{"@id":"https:\/\/blog.tmgrupoinmobiliario.com\/de\/2023\/09\/08\/sehenswerte-straende-und-buchten-an-der-kueste-von-orihuela\/"},"author":{"name":"indira","@id":"https:\/\/blog.tmgrupoinmobiliario.com\/de\/#\/schema\/person\/bbbac745abadad64177a5ee6a73cbf7c"},"headline":"Sehenswerte Str\u00e4nde und Buchten an der K\u00fcste von Orihuela","datePublished":"2023-09-08T17:04:23+00:00","mainEntityOfPage":{"@id":"https:\/\/blog.tmgrupoinmobiliario.com\/de\/2023\/09\/08\/sehenswerte-straende-und-buchten-an-der-kueste-von-orihuela\/"},"wordCount":873,"commentCount":0,"image":{"@id":"https:\/\/blog.tmgrupoinmobiliario.com\/de\/2023\/09\/08\/sehenswerte-straende-und-buchten-an-der-kueste-von-orihuela\/#primaryimage"},"thumbnailUrl":"https:\/\/blog.tmgrupoinmobiliario.com\/de\/wp-content\/uploads\/sites\/3\/2023\/09\/Playas-y-calas-Orihuela-Costa-destacada.jpg","keywords":["Str\u00e4nde und Buchten an der K\u00fcste von Orihuela","TM Real Estate Group"],"articleSection":["LifeStyle"],"inLanguage":"de","potentialAction":[{"@type":"CommentAction","name":"Comment","target":["https:\/\/blog.tmgrupoinmobiliario.com\/de\/2023\/09\/08\/sehenswerte-straende-und-buchten-an-der-kueste-von-orihuela\/#respond"]}]},{"@type":"WebPage","@id":"https:\/\/blog.tmgrupoinmobiliario.com\/de\/2023\/09\/08\/sehenswerte-straende-und-buchten-an-der-kueste-von-orihuela\/","url":"https:\/\/blog.tmgrupoinmobiliario.com\/de\/2023\/09\/08\/sehenswerte-straende-und-buchten-an-der-kueste-von-orihuela\/","name":"Sehenswerte Str\u00e4nde und Buchten an der K\u00fcste von Orihuela - Deutsche","isPartOf":{"@id":"https:\/\/blog.tmgrupoinmobiliario.com\/de\/#website"},"primaryImageOfPage":{"@id":"https:\/\/blog.tmgrupoinmobiliario.com\/de\/2023\/09\/08\/sehenswerte-straende-und-buchten-an-der-kueste-von-orihuela\/#primaryimage"},"image":{"@id":"https:\/\/blog.tmgrupoinmobiliario.com\/de\/2023\/09\/08\/sehenswerte-straende-und-buchten-an-der-kueste-von-orihuela\/#primaryimage"},"thumbnailUrl":"https:\/\/blog.tmgrupoinmobiliario.com\/de\/wp-content\/uploads\/sites\/3\/2023\/09\/Playas-y-calas-Orihuela-Costa-destacada.jpg","datePublished":"2023-09-08T17:04:23+00:00","author":{"@id":"https:\/\/blog.tmgrupoinmobiliario.com\/de\/#\/schema\/person\/bbbac745abadad64177a5ee6a73cbf7c"},"description":"Die feinsandigen, goldenen Str\u00e4nde entlang der \u00fcber 15 Kilometer langen K\u00fcste von Orihuela laden dazu ein, das Mittelmeer zu entdecken. Dank des hervorragenden Klimas und einer Sonnenscheindauer von \u00fcber 325 Tagen pro Jahr haben Sie die M\u00f6glichkeit, diese Str\u00e4nde das ganze Jahr \u00fcber zu genie\u00dfen und Wassersport zu betreiben.","breadcrumb":{"@id":"https:\/\/blog.tmgrupoinmobiliario.com\/de\/2023\/09\/08\/sehenswerte-straende-und-buchten-an-der-kueste-von-orihuela\/#breadcrumb"},"inLanguage":"de","potentialAction":[{"@type":"ReadAction","target":["https:\/\/blog.tmgrupoinmobiliario.com\/de\/2023\/09\/08\/sehenswerte-straende-und-buchten-an-der-kueste-von-orihuela\/"]}]},{"@type":"ImageObject","inLanguage":"de","@id":"https:\/\/blog.tmgrupoinmobiliario.com\/de\/2023\/09\/08\/sehenswerte-straende-und-buchten-an-der-kueste-von-orihuela\/#primaryimage","url":"https:\/\/blog.tmgrupoinmobiliario.com\/de\/wp-content\/uploads\/sites\/3\/2023\/09\/Playas-y-calas-Orihuela-Costa-destacada.jpg","contentUrl":"https:\/\/blog.tmgrupoinmobiliario.com\/de\/wp-content\/uploads\/sites\/3\/2023\/09\/Playas-y-calas-Orihuela-Costa-destacada.jpg","width":1000,"height":666,"caption":"Str\u00e4nde und Buchten an der K\u00fcste von Orihuela"},{"@type":"BreadcrumbList","@id":"https:\/\/blog.tmgrupoinmobiliario.com\/de\/2023\/09\/08\/sehenswerte-straende-und-buchten-an-der-kueste-von-orihuela\/#breadcrumb","itemListElement":[{"@type":"ListItem","position":1,"name":"Portada","item":"https:\/\/blog.tmgrupoinmobiliario.com\/de\/"},{"@type":"ListItem","position":2,"name":"Sehenswerte Str\u00e4nde und Buchten an der K\u00fcste von Orihuela"}]},{"@type":"WebSite","@id":"https:\/\/blog.tmgrupoinmobiliario.com\/de\/#website","url":"https:\/\/blog.tmgrupoinmobiliario.com\/de\/","name":"Deutsche","description":"Otro sitio m\u00e1s de Blog Desarrollo TM sitios","potentialAction":[{"@type":"SearchAction","target":{"@type":"EntryPoint","urlTemplate":"https:\/\/blog.tmgrupoinmobiliario.com\/de\/?s={search_term_string}"},"query-input":{"@type":"PropertyValueSpecification","valueRequired":true,"valueName":"search_term_string"}}],"inLanguage":"de"},{"@type":"Person","@id":"https:\/\/blog.tmgrupoinmobiliario.com\/de\/#\/schema\/person\/bbbac745abadad64177a5ee6a73cbf7c","name":"indira","image":{"@type":"ImageObject","inLanguage":"de","@id":"https:\/\/secure.gravatar.com\/avatar\/e9bcc7a0bb2179240c56a1875899ce9a1dfa15d5b7527f71259eaee6010d7203?s=96&d=mm&r=g","url":"https:\/\/secure.gravatar.com\/avatar\/e9bcc7a0bb2179240c56a1875899ce9a1dfa15d5b7527f71259eaee6010d7203?s=96&d=mm&r=g","contentUrl":"https:\/\/secure.gravatar.com\/avatar\/e9bcc7a0bb2179240c56a1875899ce9a1dfa15d5b7527f71259eaee6010d7203?s=96&d=mm&r=g","caption":"indira"},"url":"https:\/\/blog.tmgrupoinmobiliario.com\/de\/author\/indira\/"}]}},"jetpack_featured_media_url":"https:\/\/blog.tmgrupoinmobiliario.com\/de\/wp-content\/uploads\/sites\/3\/2023\/09\/Playas-y-calas-Orihuela-Costa-destacada.jpg","jetpack_sharing_enabled":true,"_links":{"self":[{"href":"https:\/\/blog.tmgrupoinmobiliario.com\/de\/wp-json\/wp\/v2\/posts\/15515","targetHints":{"allow":["GET"]}}],"collection":[{"href":"https:\/\/blog.tmgrupoinmobiliario.com\/de\/wp-json\/wp\/v2\/posts"}],"about":[{"href":"https:\/\/blog.tmgrupoinmobiliario.com\/de\/wp-json\/wp\/v2\/types\/post"}],"author":[{"embeddable":true,"href":"https:\/\/blog.tmgrupoinmobiliario.com\/de\/wp-json\/wp\/v2\/users\/11729"}],"replies":[{"embeddable":true,"href":"https:\/\/blog.tmgrupoinmobiliario.com\/de\/wp-json\/wp\/v2\/comments?post=15515"}],"version-history":[{"count":1,"href":"https:\/\/blog.tmgrupoinmobiliario.com\/de\/wp-json\/wp\/v2\/posts\/15515\/revisions"}],"predecessor-version":[{"id":15521,"href":"https:\/\/blog.tmgrupoinmobiliario.com\/de\/wp-json\/wp\/v2\/posts\/15515\/revisions\/15521"}],"wp:featuredmedia":[{"embeddable":true,"href":"https:\/\/blog.tmgrupoinmobiliario.com\/de\/wp-json\/wp\/v2\/media\/15517"}],"wp:attachment":[{"href":"https:\/\/blog.tmgrupoinmobiliario.com\/de\/wp-json\/wp\/v2\/media?parent=15515"}],"wp:term":[{"taxonomy":"category","embeddable":true,"href":"https:\/\/blog.tmgrupoinmobiliario.com\/de\/wp-json\/wp\/v2\/categories?post=15515"},{"taxonomy":"post_tag","embeddable":true,"href":"https:\/\/blog.tmgrupoinmobiliario.com\/de\/wp-json\/wp\/v2\/tags?post=15515"}],"curies":[{"name":"wp","href":"https:\/\/api.w.org\/{rel}","templated":true}]}}