{"id":15121,"date":"2022-11-02T12:44:22","date_gmt":"2022-11-02T11:44:22","guid":{"rendered":"https:\/\/blog.tmgrupoinmobiliario.com\/de\/?p=15121"},"modified":"2022-12-13T12:14:20","modified_gmt":"2022-12-13T11:14:20","slug":"tm-und-die-ngo-rafiki-konsolidieren-ihre-projekte-zur-bekaempfung-der-armut-in-uganda","status":"publish","type":"post","link":"https:\/\/blog.tmgrupoinmobiliario.com\/de\/2022\/11\/02\/tm-und-die-ngo-rafiki-konsolidieren-ihre-projekte-zur-bekaempfung-der-armut-in-uganda\/","title":{"rendered":"TM und die NGO Rafiki konsolidieren ihre Projekte zur Bek\u00e4mpfung der Armut in Uganda"},"content":{"rendered":"<p>&nbsp;<\/p>\n<p><a href=\"https:\/\/www.tmgrupoinmobiliario.com\/de\"><strong>TM Real Estate Group<\/strong><\/a>, ein f\u00fchrendes Unternehmen aus Alicante im Bereich des Wohntourismus, das sich auf den Bau und die Entwicklung von Zweitwohnungen an der Mittelmeer- und Karibikk\u00fcste<strong> spezialisiert hat,<\/strong><strong> hat bereits mehrere Projekte in Zusammenarbeit mit der <\/strong><a href=\"https:\/\/rafiki-africa.org\/\"><strong>NGO Rafiki \u00c1frica<\/strong><\/a> durchgef\u00fchrt, einer in Alicante ans\u00e4ssigen gemeinn\u00fctzigen Vereinigung, die in Uganda t\u00e4tig ist und <strong>sich auf die Bek\u00e4mpfung von Armut konzentriert.<\/strong><\/p>\n<p>&nbsp;<\/p>\n<p>In einem Gebiet, in dem <strong>90 % der Bev\u00f6lkerung in der Land- und Viehwirtschaft<\/strong> t\u00e4tig sind und die Einwohner im Vergleich zu den 196 L\u00e4ndern, die die Rangliste des Pro-Kopf-BIP bilden, einen sehr niedrigen Lebensstandard haben (855 \u20ac im Jahr 2021), hat TM zusammen mit der NGO Rafiki <strong>den Bau und die Inbetriebnahme einer Wasseraufbereitungsanlage und einer landwirtschaftlichen Ausbildungsst\u00e4tte sowie die Entwicklung eines Mikrokreditprogramms f\u00fcr Frauen in der l\u00e4ndlichen Gegend von Kenziga im Bezirk Sembabule (Uganda) abgeschlossen. <\/strong>Jedes dieser Projekte hat die Lebensbedingungen der Bewohner dieses Gebiets verbessert.<\/p>\n<p>&nbsp;<\/p>\n<p>Durch den <strong>Bau der Trinkwasseraufbereitungsanlage in dem Zielgebiet<\/strong>, in dem ein gravierender Mangel an sanit\u00e4ren Anlagen herrscht, <strong>erhalten mehr als 600 Sch\u00fcler der \u00f6rtlichen Schule, ihre Familien und die Anwohner Zugang zu Trinkwasser.<\/strong><\/p>\n<p>&nbsp;<\/p>\n<p><span style=\"color: #ff0000\"><img loading=\"lazy\" decoding=\"async\" class=\"aligncenter wp-image-21792 \" src=\"https:\/\/www.tmgrupoinmobiliario.com\/blog\/wp-content\/uploads\/2022\/10\/Planta-1.jpg\" alt=\"\" width=\"450\" height=\"600\" \/><\/span><\/p>\n<p>&nbsp;<\/p>\n<p>Andererseits ist die von Anfang an <strong>geplante Landwirtschaftsschule bereits in Betrieb <\/strong>und wird von Jungen und M\u00e4dchen im Berufsausbildungsalter sowie von Erwachsenen besucht, um eine Ausbildung in landwirtschaftlichen Techniken zu erhalten, die ihnen dabei helfen soll, die M\u00f6glichkeiten, die das Land bietet, zu nutzen, einen Beruf zu erlernen und einen Arbeitsplatz zu finden.<\/p>\n<p>&nbsp;<\/p>\n<p><span style=\"color: #ff0000\"><img loading=\"lazy\" decoding=\"async\" class=\"aligncenter wp-image-21791 \" src=\"https:\/\/www.tmgrupoinmobiliario.com\/blog\/wp-content\/uploads\/2022\/10\/WhatsApp-Image-2022-08-04-at-09.32.19-2-editado.jpeg\" alt=\"\" width=\"457\" height=\"349\" \/><\/span><\/p>\n<p>&nbsp;<\/p>\n<p>Zum Abschluss dieses Projekts, dessen Hauptziel die Bek\u00e4mpfung der Armut in Uganda ist, wurde ein Programm zur Ausstellung von Mikrokrediten f\u00fcr die <strong>St\u00e4rkung der Rolle der Frau<\/strong> entwickelt. <strong>Derzeit wird die erste Phase durchgef\u00fchrt, die darin besteht, die Frauen in den Fertigkeiten und Techniken der Viehzucht zu schulen. Die Mikrokredite werden den Frauen im n\u00e4chsten Jahr ausgestellt. <\/strong>Dies wird es den Empf\u00e4ngerinnen erm\u00f6glichen, eine T\u00e4tigkeit zu \u00fcbernehmen, die ein Einkommen generiert, um ihre Lebensqualit\u00e4t und die ihrer Familien zu verbessern.\u00a0<strong>In sch\u00e4tzungsweise 3 Jahren sollen mehr als 140 Frauen erreicht werden.<\/strong><\/p>\n<p>&nbsp;<\/p>\n<p><span style=\"color: #ff0000\"><img loading=\"lazy\" decoding=\"async\" class=\"aligncenter wp-image-21790 \" src=\"https:\/\/www.tmgrupoinmobiliario.com\/blog\/wp-content\/uploads\/2022\/10\/microcreditos-1-e1666361138459.jpg\" alt=\"\" width=\"454\" height=\"335\" \/><\/span><\/p>\n<p>&nbsp;<\/p>\n<p><strong><em>In den Worten von \u00c1ngeles Serna, Pr\u00e4sidentin der TM Real Estate Group<\/em><\/strong><em> : &#8220;F\u00fcr TM ist es wichtig, diese sozialen Projekte zu unterst\u00fctzen, damit sie Wirklichkeit werden und den Menschen im l\u00e4ndlichen Kenziga wirtschaftliche und soziale Entwicklung und Chancen bieten. Die wunderbare Arbeit von Rafiki \u00c1frica erm\u00f6glicht es, Armut in verschiedenen Dimensionen zu bek\u00e4mpfen: Zugang zu sauberem Trinkwasser, zu hochwertiger Bildung und zu Krediten, um der Bev\u00f6lkerung bei der Gr\u00fcndung von Kleinunternehmen zu helfen.\u201c<\/em><\/p>\n<p>&nbsp;<\/p>\n<p>Mit diesen Ma\u00dfnahmen <strong>werden erhebliche Fortschritte bei der Beseitigung der Armut in dieser Bev\u00f6lkerungsgruppe erzielt, was eine Verbesserung der Lebensbedingungen erm\u00f6glicht und den Familien ein Mindesteinkommen verschafft, mit dem sie gl\u00fccklich sein k\u00f6nnen, ohne auswandern zu m\u00fcssen. Diese Projekte tragen zur Verwirklichung der Ziele f\u00fcr nachhaltige Entwicklung (SDG) bei: SDG 6<\/strong> (Wasser und Sanit\u00e4rversorgung),<strong> SDG 10 <\/strong>(Abbau von Ungleichheiten), <strong>SDG 8 <\/strong>(menschenw\u00fcrdige Arbeit und wirtschaftliche Entwicklung) und<strong> SDG 4 <\/strong>(hochwertige Bildung).<\/p>\n<p>&nbsp;<\/p>\n<p><strong>Juan Amirola, Pr\u00e4sident der NGO Rafiki \u00c1frica<\/strong>, best\u00e4tigt:<em> &#8220;Dank des Engagements und der Zusammenarbeit mit TM sind Projekte wie das landwirtschaftliche Ausbildungsprogramm bereits angelaufen und wir halten derzeit Vortr\u00e4ge f\u00fcr erwachsene Landwirte. Die j\u00e4hrlichen Kurse f\u00fcr junge Sch\u00fcler beginnen im Februar. Dar\u00fcber hinaus konnten wir in der ersten Phase des Programms f\u00fcr Kleinstkredite Fortschritte erzielen, die es den Empf\u00e4ngerinnen erm\u00f6glichen werden, noch vor Jahresende kleine Viehzuchtbetriebe zu gr\u00fcnden.\u201c<\/em><\/p>\n<p><em>\u00a0<\/em><\/p>\n","protected":false},"excerpt":{"rendered":"<p>&nbsp; TM Real Estate Group, ein f\u00fchrendes Unternehmen aus Alicante im Bereich des Wohntourismus, das sich auf den Bau und die Entwicklung von Zweitwohnungen an der Mittelmeer- und Karibikk\u00fcste spezialisiert hat, hat bereits mehrere Projekte in Zusammenarbeit mit der NGO Rafiki \u00c1frica durchgef\u00fchrt, einer in Alicante ans\u00e4ssigen gemeinn\u00fctzigen Vereinigung, die in Uganda t\u00e4tig ist und [&hellip;]<\/p>\n","protected":false},"author":11716,"featured_media":15122,"comment_status":"open","ping_status":"open","sticky":false,"template":"","format":"standard","meta":{"_jetpack_memberships_contains_paid_content":false,"footnotes":""},"categories":[19,72],"tags":[80,55],"class_list":["post-15121","post","type-post","status-publish","format-standard","has-post-thumbnail","hentry","category-aktuell-news","category-notas-prensa","tag-tag-all","tag-tag-compromise","formato-comunicacion"],"better_featured_image":{"id":15122,"alt_text":"","caption":"","description":"","media_type":"image","media_details":{"width":1000,"height":666,"file":"2022\/11\/1000x666-r1.png","filesize":918018,"sizes":{"medium":{"file":"1000x666-r1-300x200.png","width":300,"height":200,"mime-type":"image\/png","filesize":116966,"source_url":"https:\/\/blog.tmgrupoinmobiliario.com\/de\/wp-content\/uploads\/sites\/3\/2022\/11\/1000x666-r1-300x200.png"},"thumbnail":{"file":"1000x666-r1-150x150.png","width":150,"height":150,"mime-type":"image\/png","filesize":46603,"source_url":"https:\/\/blog.tmgrupoinmobiliario.com\/de\/wp-content\/uploads\/sites\/3\/2022\/11\/1000x666-r1-150x150.png"},"medium_large":{"file":"1000x666-r1-768x511.png","width":768,"height":511,"mime-type":"image\/png","filesize":600823,"source_url":"https:\/\/blog.tmgrupoinmobiliario.com\/de\/wp-content\/uploads\/sites\/3\/2022\/11\/1000x666-r1-768x511.png"}},"image_meta":{"aperture":"0","credit":"","camera":"","caption":"","created_timestamp":"0","copyright":"","focal_length":"0","iso":"0","shutter_speed":"0","title":"","orientation":"0","keywords":[]}},"post":15121,"source_url":"https:\/\/blog.tmgrupoinmobiliario.com\/de\/wp-content\/uploads\/sites\/3\/2022\/11\/1000x666-r1.png"},"acf":{"imagen_destacada_desktop":false,"imagen_destacada_mobile":false,"formato":{"term_id":76,"name":"Comunicaci\u00f3n","slug":"comunicacion","term_group":0,"term_taxonomy_id":76,"taxonomy":"formato","description":"","parent":0,"count":127,"filter":"raw"},"entradilla":"Die Inbetriebnahme einer Wasseraufbereitungsanlage und einer Landwirtschaftsschule sowie die bevorstehende Ausstellung von Mikrokrediten f\u00fcr Frauen stellen eine wesentliche Verbesserung der Lebensbedingungen der Bewohner des Gebiets dar und erm\u00f6glichen es den Familien, ein Mindesteinkommen zu erzielen, von dem sie leben k\u00f6nnen, ohne auswandern zu m\u00fcssen. Die durchgef\u00fchrten Projekte tragen zu den Zielen f\u00fcr nachhaltige Entwicklung (SDG) 4, 6, 8 und 10 bei.\r\n\r\n","etiquetas":"","cabecera_escritorio":"https:\/\/blog.tmgrupoinmobiliario.com\/de\/wp-content\/uploads\/sites\/3\/2022\/11\/1200x300-r1.png","cabecera_mobile":"https:\/\/blog.tmgrupoinmobiliario.com\/de\/wp-content\/uploads\/sites\/3\/2022\/11\/768x768-r1.png","galeria":false},"yoast_head":"<!-- This site is optimized with the Yoast SEO Premium plugin v23.6 (Yoast SEO v27.5) - https:\/\/yoast.com\/product\/yoast-seo-premium-wordpress\/ -->\n<title>TM und die NGO Rafiki konsolidieren ihre Projekte zur Bek\u00e4mpfung der Armut in Uganda - Deutsche<\/title>\n<meta name=\"robots\" content=\"index, follow, max-snippet:-1, max-image-preview:large, max-video-preview:-1\" \/>\n<link rel=\"canonical\" href=\"https:\/\/blog.tmgrupoinmobiliario.com\/de\/2022\/11\/02\/tm-und-die-ngo-rafiki-konsolidieren-ihre-projekte-zur-bekaempfung-der-armut-in-uganda\/\" \/>\n<meta property=\"og:locale\" content=\"de_DE\" \/>\n<meta property=\"og:type\" content=\"article\" \/>\n<meta property=\"og:title\" content=\"TM und die NGO Rafiki konsolidieren ihre Projekte zur Bek\u00e4mpfung der Armut in Uganda\" \/>\n<meta property=\"og:description\" content=\"&nbsp; TM Real Estate Group, ein f\u00fchrendes Unternehmen aus Alicante im Bereich des Wohntourismus, das sich auf den Bau und die Entwicklung von Zweitwohnungen an der Mittelmeer- und Karibikk\u00fcste spezialisiert hat, hat bereits mehrere Projekte in Zusammenarbeit mit der NGO Rafiki \u00c1frica durchgef\u00fchrt, einer in Alicante ans\u00e4ssigen gemeinn\u00fctzigen Vereinigung, die in Uganda t\u00e4tig ist und [&hellip;]\" \/>\n<meta property=\"og:url\" content=\"https:\/\/blog.tmgrupoinmobiliario.com\/de\/2022\/11\/02\/tm-und-die-ngo-rafiki-konsolidieren-ihre-projekte-zur-bekaempfung-der-armut-in-uganda\/\" \/>\n<meta property=\"og:site_name\" content=\"Deutsche\" \/>\n<meta property=\"article:published_time\" content=\"2022-11-02T11:44:22+00:00\" \/>\n<meta property=\"article:modified_time\" content=\"2022-12-13T11:14:20+00:00\" \/>\n<meta property=\"og:image\" content=\"https:\/\/blog.tmgrupoinmobiliario.com\/de\/wp-content\/uploads\/sites\/3\/2022\/11\/1000x666-r1.png\" \/>\n\t<meta property=\"og:image:width\" content=\"1000\" \/>\n\t<meta property=\"og:image:height\" content=\"666\" \/>\n\t<meta property=\"og:image:type\" content=\"image\/png\" \/>\n<meta name=\"author\" content=\"marina\" \/>\n<meta name=\"twitter:card\" content=\"summary_large_image\" \/>\n<meta name=\"twitter:label1\" content=\"Geschrieben von\" \/>\n\t<meta name=\"twitter:data1\" content=\"marina\" \/>\n\t<meta name=\"twitter:label2\" content=\"Gesch\u00e4tzte Lesezeit\" \/>\n\t<meta name=\"twitter:data2\" content=\"4\u00a0Minuten\" \/>\n<script type=\"application\/ld+json\" class=\"yoast-schema-graph\">{\"@context\":\"https:\\\/\\\/schema.org\",\"@graph\":[{\"@type\":\"Article\",\"@id\":\"https:\\\/\\\/blog.tmgrupoinmobiliario.com\\\/de\\\/2022\\\/11\\\/02\\\/tm-und-die-ngo-rafiki-konsolidieren-ihre-projekte-zur-bekaempfung-der-armut-in-uganda\\\/#article\",\"isPartOf\":{\"@id\":\"https:\\\/\\\/blog.tmgrupoinmobiliario.com\\\/de\\\/2022\\\/11\\\/02\\\/tm-und-die-ngo-rafiki-konsolidieren-ihre-projekte-zur-bekaempfung-der-armut-in-uganda\\\/\"},\"author\":{\"name\":\"marina\",\"@id\":\"https:\\\/\\\/blog.tmgrupoinmobiliario.com\\\/de\\\/#\\\/schema\\\/person\\\/788477479d35e623ab75c2fb194e7730\"},\"headline\":\"TM und die NGO Rafiki konsolidieren ihre Projekte zur Bek\u00e4mpfung der Armut in Uganda\",\"datePublished\":\"2022-11-02T11:44:22+00:00\",\"dateModified\":\"2022-12-13T11:14:20+00:00\",\"mainEntityOfPage\":{\"@id\":\"https:\\\/\\\/blog.tmgrupoinmobiliario.com\\\/de\\\/2022\\\/11\\\/02\\\/tm-und-die-ngo-rafiki-konsolidieren-ihre-projekte-zur-bekaempfung-der-armut-in-uganda\\\/\"},\"wordCount\":607,\"commentCount\":0,\"image\":{\"@id\":\"https:\\\/\\\/blog.tmgrupoinmobiliario.com\\\/de\\\/2022\\\/11\\\/02\\\/tm-und-die-ngo-rafiki-konsolidieren-ihre-projekte-zur-bekaempfung-der-armut-in-uganda\\\/#primaryimage\"},\"thumbnailUrl\":\"https:\\\/\\\/blog.tmgrupoinmobiliario.com\\\/de\\\/wp-content\\\/uploads\\\/sites\\\/3\\\/2022\\\/11\\\/1000x666-r1.png\",\"keywords\":[\"tag-all\",\"tag-compromise\"],\"articleSection\":[\"Aktuell TM\",\"Pressemitteilung\"],\"inLanguage\":\"de\",\"potentialAction\":[{\"@type\":\"CommentAction\",\"name\":\"Comment\",\"target\":[\"https:\\\/\\\/blog.tmgrupoinmobiliario.com\\\/de\\\/2022\\\/11\\\/02\\\/tm-und-die-ngo-rafiki-konsolidieren-ihre-projekte-zur-bekaempfung-der-armut-in-uganda\\\/#respond\"]}]},{\"@type\":\"WebPage\",\"@id\":\"https:\\\/\\\/blog.tmgrupoinmobiliario.com\\\/de\\\/2022\\\/11\\\/02\\\/tm-und-die-ngo-rafiki-konsolidieren-ihre-projekte-zur-bekaempfung-der-armut-in-uganda\\\/\",\"url\":\"https:\\\/\\\/blog.tmgrupoinmobiliario.com\\\/de\\\/2022\\\/11\\\/02\\\/tm-und-die-ngo-rafiki-konsolidieren-ihre-projekte-zur-bekaempfung-der-armut-in-uganda\\\/\",\"name\":\"TM und die NGO Rafiki konsolidieren ihre Projekte zur Bek\u00e4mpfung der Armut in Uganda - Deutsche\",\"isPartOf\":{\"@id\":\"https:\\\/\\\/blog.tmgrupoinmobiliario.com\\\/de\\\/#website\"},\"primaryImageOfPage\":{\"@id\":\"https:\\\/\\\/blog.tmgrupoinmobiliario.com\\\/de\\\/2022\\\/11\\\/02\\\/tm-und-die-ngo-rafiki-konsolidieren-ihre-projekte-zur-bekaempfung-der-armut-in-uganda\\\/#primaryimage\"},\"image\":{\"@id\":\"https:\\\/\\\/blog.tmgrupoinmobiliario.com\\\/de\\\/2022\\\/11\\\/02\\\/tm-und-die-ngo-rafiki-konsolidieren-ihre-projekte-zur-bekaempfung-der-armut-in-uganda\\\/#primaryimage\"},\"thumbnailUrl\":\"https:\\\/\\\/blog.tmgrupoinmobiliario.com\\\/de\\\/wp-content\\\/uploads\\\/sites\\\/3\\\/2022\\\/11\\\/1000x666-r1.png\",\"datePublished\":\"2022-11-02T11:44:22+00:00\",\"dateModified\":\"2022-12-13T11:14:20+00:00\",\"author\":{\"@id\":\"https:\\\/\\\/blog.tmgrupoinmobiliario.com\\\/de\\\/#\\\/schema\\\/person\\\/788477479d35e623ab75c2fb194e7730\"},\"breadcrumb\":{\"@id\":\"https:\\\/\\\/blog.tmgrupoinmobiliario.com\\\/de\\\/2022\\\/11\\\/02\\\/tm-und-die-ngo-rafiki-konsolidieren-ihre-projekte-zur-bekaempfung-der-armut-in-uganda\\\/#breadcrumb\"},\"inLanguage\":\"de\",\"potentialAction\":[{\"@type\":\"ReadAction\",\"target\":[\"https:\\\/\\\/blog.tmgrupoinmobiliario.com\\\/de\\\/2022\\\/11\\\/02\\\/tm-und-die-ngo-rafiki-konsolidieren-ihre-projekte-zur-bekaempfung-der-armut-in-uganda\\\/\"]}]},{\"@type\":\"ImageObject\",\"inLanguage\":\"de\",\"@id\":\"https:\\\/\\\/blog.tmgrupoinmobiliario.com\\\/de\\\/2022\\\/11\\\/02\\\/tm-und-die-ngo-rafiki-konsolidieren-ihre-projekte-zur-bekaempfung-der-armut-in-uganda\\\/#primaryimage\",\"url\":\"https:\\\/\\\/blog.tmgrupoinmobiliario.com\\\/de\\\/wp-content\\\/uploads\\\/sites\\\/3\\\/2022\\\/11\\\/1000x666-r1.png\",\"contentUrl\":\"https:\\\/\\\/blog.tmgrupoinmobiliario.com\\\/de\\\/wp-content\\\/uploads\\\/sites\\\/3\\\/2022\\\/11\\\/1000x666-r1.png\",\"width\":1000,\"height\":666},{\"@type\":\"BreadcrumbList\",\"@id\":\"https:\\\/\\\/blog.tmgrupoinmobiliario.com\\\/de\\\/2022\\\/11\\\/02\\\/tm-und-die-ngo-rafiki-konsolidieren-ihre-projekte-zur-bekaempfung-der-armut-in-uganda\\\/#breadcrumb\",\"itemListElement\":[{\"@type\":\"ListItem\",\"position\":1,\"name\":\"Portada\",\"item\":\"https:\\\/\\\/blog.tmgrupoinmobiliario.com\\\/de\\\/\"},{\"@type\":\"ListItem\",\"position\":2,\"name\":\"TM und die NGO Rafiki konsolidieren ihre Projekte zur Bek\u00e4mpfung der Armut in Uganda\"}]},{\"@type\":\"WebSite\",\"@id\":\"https:\\\/\\\/blog.tmgrupoinmobiliario.com\\\/de\\\/#website\",\"url\":\"https:\\\/\\\/blog.tmgrupoinmobiliario.com\\\/de\\\/\",\"name\":\"Deutsche\",\"description\":\"Otro sitio m\u00e1s de Blog Desarrollo TM sitios\",\"potentialAction\":[{\"@type\":\"SearchAction\",\"target\":{\"@type\":\"EntryPoint\",\"urlTemplate\":\"https:\\\/\\\/blog.tmgrupoinmobiliario.com\\\/de\\\/?s={search_term_string}\"},\"query-input\":{\"@type\":\"PropertyValueSpecification\",\"valueRequired\":true,\"valueName\":\"search_term_string\"}}],\"inLanguage\":\"de\"},{\"@type\":\"Person\",\"@id\":\"https:\\\/\\\/blog.tmgrupoinmobiliario.com\\\/de\\\/#\\\/schema\\\/person\\\/788477479d35e623ab75c2fb194e7730\",\"name\":\"marina\",\"image\":{\"@type\":\"ImageObject\",\"inLanguage\":\"de\",\"@id\":\"https:\\\/\\\/secure.gravatar.com\\\/avatar\\\/34480839eb5b1bb235efe5be1b7e49218e07e314c17d1fb9ba5183ac5c2c64f3?s=96&d=mm&r=g\",\"url\":\"https:\\\/\\\/secure.gravatar.com\\\/avatar\\\/34480839eb5b1bb235efe5be1b7e49218e07e314c17d1fb9ba5183ac5c2c64f3?s=96&d=mm&r=g\",\"contentUrl\":\"https:\\\/\\\/secure.gravatar.com\\\/avatar\\\/34480839eb5b1bb235efe5be1b7e49218e07e314c17d1fb9ba5183ac5c2c64f3?s=96&d=mm&r=g\",\"caption\":\"marina\"},\"url\":\"https:\\\/\\\/blog.tmgrupoinmobiliario.com\\\/de\\\/author\\\/marina\\\/\"}]}<\/script>\n<!-- \/ Yoast SEO Premium plugin. -->","yoast_head_json":{"title":"TM und die NGO Rafiki konsolidieren ihre Projekte zur Bek\u00e4mpfung der Armut in Uganda - Deutsche","robots":{"index":"index","follow":"follow","max-snippet":"max-snippet:-1","max-image-preview":"max-image-preview:large","max-video-preview":"max-video-preview:-1"},"canonical":"https:\/\/blog.tmgrupoinmobiliario.com\/de\/2022\/11\/02\/tm-und-die-ngo-rafiki-konsolidieren-ihre-projekte-zur-bekaempfung-der-armut-in-uganda\/","og_locale":"de_DE","og_type":"article","og_title":"TM und die NGO Rafiki konsolidieren ihre Projekte zur Bek\u00e4mpfung der Armut in Uganda","og_description":"&nbsp; TM Real Estate Group, ein f\u00fchrendes Unternehmen aus Alicante im Bereich des Wohntourismus, das sich auf den Bau und die Entwicklung von Zweitwohnungen an der Mittelmeer- und Karibikk\u00fcste spezialisiert hat, hat bereits mehrere Projekte in Zusammenarbeit mit der NGO Rafiki \u00c1frica durchgef\u00fchrt, einer in Alicante ans\u00e4ssigen gemeinn\u00fctzigen Vereinigung, die in Uganda t\u00e4tig ist und [&hellip;]","og_url":"https:\/\/blog.tmgrupoinmobiliario.com\/de\/2022\/11\/02\/tm-und-die-ngo-rafiki-konsolidieren-ihre-projekte-zur-bekaempfung-der-armut-in-uganda\/","og_site_name":"Deutsche","article_published_time":"2022-11-02T11:44:22+00:00","article_modified_time":"2022-12-13T11:14:20+00:00","og_image":[{"width":1000,"height":666,"url":"https:\/\/blog.tmgrupoinmobiliario.com\/de\/wp-content\/uploads\/sites\/3\/2022\/11\/1000x666-r1.png","type":"image\/png"}],"author":"marina","twitter_card":"summary_large_image","twitter_misc":{"Geschrieben von":"marina","Gesch\u00e4tzte Lesezeit":"4\u00a0Minuten"},"schema":{"@context":"https:\/\/schema.org","@graph":[{"@type":"Article","@id":"https:\/\/blog.tmgrupoinmobiliario.com\/de\/2022\/11\/02\/tm-und-die-ngo-rafiki-konsolidieren-ihre-projekte-zur-bekaempfung-der-armut-in-uganda\/#article","isPartOf":{"@id":"https:\/\/blog.tmgrupoinmobiliario.com\/de\/2022\/11\/02\/tm-und-die-ngo-rafiki-konsolidieren-ihre-projekte-zur-bekaempfung-der-armut-in-uganda\/"},"author":{"name":"marina","@id":"https:\/\/blog.tmgrupoinmobiliario.com\/de\/#\/schema\/person\/788477479d35e623ab75c2fb194e7730"},"headline":"TM und die NGO Rafiki konsolidieren ihre Projekte zur Bek\u00e4mpfung der Armut in Uganda","datePublished":"2022-11-02T11:44:22+00:00","dateModified":"2022-12-13T11:14:20+00:00","mainEntityOfPage":{"@id":"https:\/\/blog.tmgrupoinmobiliario.com\/de\/2022\/11\/02\/tm-und-die-ngo-rafiki-konsolidieren-ihre-projekte-zur-bekaempfung-der-armut-in-uganda\/"},"wordCount":607,"commentCount":0,"image":{"@id":"https:\/\/blog.tmgrupoinmobiliario.com\/de\/2022\/11\/02\/tm-und-die-ngo-rafiki-konsolidieren-ihre-projekte-zur-bekaempfung-der-armut-in-uganda\/#primaryimage"},"thumbnailUrl":"https:\/\/blog.tmgrupoinmobiliario.com\/de\/wp-content\/uploads\/sites\/3\/2022\/11\/1000x666-r1.png","keywords":["tag-all","tag-compromise"],"articleSection":["Aktuell TM","Pressemitteilung"],"inLanguage":"de","potentialAction":[{"@type":"CommentAction","name":"Comment","target":["https:\/\/blog.tmgrupoinmobiliario.com\/de\/2022\/11\/02\/tm-und-die-ngo-rafiki-konsolidieren-ihre-projekte-zur-bekaempfung-der-armut-in-uganda\/#respond"]}]},{"@type":"WebPage","@id":"https:\/\/blog.tmgrupoinmobiliario.com\/de\/2022\/11\/02\/tm-und-die-ngo-rafiki-konsolidieren-ihre-projekte-zur-bekaempfung-der-armut-in-uganda\/","url":"https:\/\/blog.tmgrupoinmobiliario.com\/de\/2022\/11\/02\/tm-und-die-ngo-rafiki-konsolidieren-ihre-projekte-zur-bekaempfung-der-armut-in-uganda\/","name":"TM und die NGO Rafiki konsolidieren ihre Projekte zur Bek\u00e4mpfung der Armut in Uganda - Deutsche","isPartOf":{"@id":"https:\/\/blog.tmgrupoinmobiliario.com\/de\/#website"},"primaryImageOfPage":{"@id":"https:\/\/blog.tmgrupoinmobiliario.com\/de\/2022\/11\/02\/tm-und-die-ngo-rafiki-konsolidieren-ihre-projekte-zur-bekaempfung-der-armut-in-uganda\/#primaryimage"},"image":{"@id":"https:\/\/blog.tmgrupoinmobiliario.com\/de\/2022\/11\/02\/tm-und-die-ngo-rafiki-konsolidieren-ihre-projekte-zur-bekaempfung-der-armut-in-uganda\/#primaryimage"},"thumbnailUrl":"https:\/\/blog.tmgrupoinmobiliario.com\/de\/wp-content\/uploads\/sites\/3\/2022\/11\/1000x666-r1.png","datePublished":"2022-11-02T11:44:22+00:00","dateModified":"2022-12-13T11:14:20+00:00","author":{"@id":"https:\/\/blog.tmgrupoinmobiliario.com\/de\/#\/schema\/person\/788477479d35e623ab75c2fb194e7730"},"breadcrumb":{"@id":"https:\/\/blog.tmgrupoinmobiliario.com\/de\/2022\/11\/02\/tm-und-die-ngo-rafiki-konsolidieren-ihre-projekte-zur-bekaempfung-der-armut-in-uganda\/#breadcrumb"},"inLanguage":"de","potentialAction":[{"@type":"ReadAction","target":["https:\/\/blog.tmgrupoinmobiliario.com\/de\/2022\/11\/02\/tm-und-die-ngo-rafiki-konsolidieren-ihre-projekte-zur-bekaempfung-der-armut-in-uganda\/"]}]},{"@type":"ImageObject","inLanguage":"de","@id":"https:\/\/blog.tmgrupoinmobiliario.com\/de\/2022\/11\/02\/tm-und-die-ngo-rafiki-konsolidieren-ihre-projekte-zur-bekaempfung-der-armut-in-uganda\/#primaryimage","url":"https:\/\/blog.tmgrupoinmobiliario.com\/de\/wp-content\/uploads\/sites\/3\/2022\/11\/1000x666-r1.png","contentUrl":"https:\/\/blog.tmgrupoinmobiliario.com\/de\/wp-content\/uploads\/sites\/3\/2022\/11\/1000x666-r1.png","width":1000,"height":666},{"@type":"BreadcrumbList","@id":"https:\/\/blog.tmgrupoinmobiliario.com\/de\/2022\/11\/02\/tm-und-die-ngo-rafiki-konsolidieren-ihre-projekte-zur-bekaempfung-der-armut-in-uganda\/#breadcrumb","itemListElement":[{"@type":"ListItem","position":1,"name":"Portada","item":"https:\/\/blog.tmgrupoinmobiliario.com\/de\/"},{"@type":"ListItem","position":2,"name":"TM und die NGO Rafiki konsolidieren ihre Projekte zur Bek\u00e4mpfung der Armut in Uganda"}]},{"@type":"WebSite","@id":"https:\/\/blog.tmgrupoinmobiliario.com\/de\/#website","url":"https:\/\/blog.tmgrupoinmobiliario.com\/de\/","name":"Deutsche","description":"Otro sitio m\u00e1s de Blog Desarrollo TM sitios","potentialAction":[{"@type":"SearchAction","target":{"@type":"EntryPoint","urlTemplate":"https:\/\/blog.tmgrupoinmobiliario.com\/de\/?s={search_term_string}"},"query-input":{"@type":"PropertyValueSpecification","valueRequired":true,"valueName":"search_term_string"}}],"inLanguage":"de"},{"@type":"Person","@id":"https:\/\/blog.tmgrupoinmobiliario.com\/de\/#\/schema\/person\/788477479d35e623ab75c2fb194e7730","name":"marina","image":{"@type":"ImageObject","inLanguage":"de","@id":"https:\/\/secure.gravatar.com\/avatar\/34480839eb5b1bb235efe5be1b7e49218e07e314c17d1fb9ba5183ac5c2c64f3?s=96&d=mm&r=g","url":"https:\/\/secure.gravatar.com\/avatar\/34480839eb5b1bb235efe5be1b7e49218e07e314c17d1fb9ba5183ac5c2c64f3?s=96&d=mm&r=g","contentUrl":"https:\/\/secure.gravatar.com\/avatar\/34480839eb5b1bb235efe5be1b7e49218e07e314c17d1fb9ba5183ac5c2c64f3?s=96&d=mm&r=g","caption":"marina"},"url":"https:\/\/blog.tmgrupoinmobiliario.com\/de\/author\/marina\/"}]}},"jetpack_featured_media_url":"https:\/\/blog.tmgrupoinmobiliario.com\/de\/wp-content\/uploads\/sites\/3\/2022\/11\/1000x666-r1.png","jetpack_sharing_enabled":true,"_links":{"self":[{"href":"https:\/\/blog.tmgrupoinmobiliario.com\/de\/wp-json\/wp\/v2\/posts\/15121","targetHints":{"allow":["GET"]}}],"collection":[{"href":"https:\/\/blog.tmgrupoinmobiliario.com\/de\/wp-json\/wp\/v2\/posts"}],"about":[{"href":"https:\/\/blog.tmgrupoinmobiliario.com\/de\/wp-json\/wp\/v2\/types\/post"}],"author":[{"embeddable":true,"href":"https:\/\/blog.tmgrupoinmobiliario.com\/de\/wp-json\/wp\/v2\/users\/11716"}],"replies":[{"embeddable":true,"href":"https:\/\/blog.tmgrupoinmobiliario.com\/de\/wp-json\/wp\/v2\/comments?post=15121"}],"version-history":[{"count":3,"href":"https:\/\/blog.tmgrupoinmobiliario.com\/de\/wp-json\/wp\/v2\/posts\/15121\/revisions"}],"predecessor-version":[{"id":15127,"href":"https:\/\/blog.tmgrupoinmobiliario.com\/de\/wp-json\/wp\/v2\/posts\/15121\/revisions\/15127"}],"wp:featuredmedia":[{"embeddable":true,"href":"https:\/\/blog.tmgrupoinmobiliario.com\/de\/wp-json\/wp\/v2\/media\/15122"}],"wp:attachment":[{"href":"https:\/\/blog.tmgrupoinmobiliario.com\/de\/wp-json\/wp\/v2\/media?parent=15121"}],"wp:term":[{"taxonomy":"category","embeddable":true,"href":"https:\/\/blog.tmgrupoinmobiliario.com\/de\/wp-json\/wp\/v2\/categories?post=15121"},{"taxonomy":"post_tag","embeddable":true,"href":"https:\/\/blog.tmgrupoinmobiliario.com\/de\/wp-json\/wp\/v2\/tags?post=15121"}],"curies":[{"name":"wp","href":"https:\/\/api.w.org\/{rel}","templated":true}]}}