{"id":15022,"date":"2022-07-11T10:54:20","date_gmt":"2022-07-11T08:54:20","guid":{"rendered":"https:\/\/blog.tmgrupoinmobiliario.com\/de\/?p=15022"},"modified":"2022-07-11T11:20:47","modified_gmt":"2022-07-11T09:20:47","slug":"die-tm-grupo-inmobiliario-erneuert-ihr-sponsoring-des-elche-club-de-futbol-fussballclub-elche-fuer-die-siebte-saison-in-folge","status":"publish","type":"post","link":"https:\/\/blog.tmgrupoinmobiliario.com\/de\/2022\/07\/11\/die-tm-grupo-inmobiliario-erneuert-ihr-sponsoring-des-elche-club-de-futbol-fussballclub-elche-fuer-die-siebte-saison-in-folge\/","title":{"rendered":"Die TM Grupo Inmobiliario erneuert ihr Sponsoring des Elche Club de F\u00fatbol (Fu\u00dfballclub Elche) f\u00fcr die siebte Saison in Folge."},"content":{"rendered":"<p>&nbsp;<\/p>\n<p><strong>Torrevieja, 4. Juli 2022 \u2013<\/strong><a href=\"https:\/\/www.tmgrupoinmobiliario.com\/de\"><strong>Die TM Real Estate Group<\/strong><\/a>, ein f\u00fchrendes Unternehmen im Bereich des Wohntourismus in Alicante, das sich auf den Bau und die Entwicklung von Zweitwohnungen an der Mittelmeerk\u00fcste spezialisiert hat, <strong>hat sein Engagement f\u00fcr den <\/strong><a href=\"https:\/\/www.elchecf.es\/\"><strong>Elche C.F.<\/strong><\/a><strong> erneuert und wird auch in der Saison 2022\/23 als Hauptsponsor auftreten.<\/strong><\/p>\n<p>Nach sechs aufeinanderfolgenden Spielzeiten als Sponsor unterstreicht diese neue Vereinbarung das Engagement von TM f\u00fcr den Elche C.F. in der historischen Saison des hundertj\u00e4hrigen Bestehens des Clubs. Daher das Bem\u00fchen und die \u00dcberzeugung beider Seiten, diese Allianz in dieser f\u00fcr den Club unvergesslichen Saison fortzusetzen.<\/p>\n<p>&nbsp;<\/p>\n<p><img loading=\"lazy\" decoding=\"async\" class=\"wp-image-21530 size-large aligncenter\" src=\"https:\/\/www.tmgrupoinmobiliario.com\/blog\/wp-content\/uploads\/2022\/07\/Pablo-Serna-1024x682.jpg\" alt=\"\" width=\"1024\" height=\"682\" \/><\/p>\n<p>&nbsp;<\/p>\n<p>TM unterstreicht, dass dieser wichtige Meilenstein zu einem der besten Momente f\u00fcr Elche C.F. kommt, da der Verein nun in der dritten Saison in Folge in der ersten Liga des spanischen Fu\u00dfballs spielt, was eine Konsolidierung des sozialen und sportlichen Projekts des Vereins darstellt. Gleichzeitig wird der Umbau des Stadions Mart\u00ednez Valero vorangetrieben, womit das Stadion zu einer der besten Adressen geh\u00f6ren wird.<\/p>\n<p>Pablo Sernas Schlussfolgerung: \u201e<em>Wir von TM Real Estate Group sind sehr zufrieden mit den Werten, die Elche C.F. vermittelt, und deshalb wollen wir gemeinsam in der h\u00f6chsten Kategorie des spanischen Fu\u00dfballs das 100-j\u00e4hrige Bestehen des Clubs in dieser Saison feiern, die historisch, aufregend und unvergesslich werden wird\u201c. \u00a0<\/em><\/p>\n<p>&nbsp;<\/p>\n","protected":false},"excerpt":{"rendered":"<p>&nbsp; Torrevieja, 4. Juli 2022 \u2013Die TM Real Estate Group, ein f\u00fchrendes Unternehmen im Bereich des Wohntourismus in Alicante, das sich auf den Bau und die Entwicklung von Zweitwohnungen an der Mittelmeerk\u00fcste spezialisiert hat, hat sein Engagement f\u00fcr den Elche C.F. erneuert und wird auch in der Saison 2022\/23 als Hauptsponsor auftreten. Nach sechs aufeinanderfolgenden [&hellip;]<\/p>\n","protected":false},"author":11710,"featured_media":15023,"comment_status":"open","ping_status":"open","sticky":false,"template":"","format":"standard","meta":{"_jetpack_memberships_contains_paid_content":false,"footnotes":""},"categories":[72],"tags":[80],"class_list":["post-15022","post","type-post","status-publish","format-standard","has-post-thumbnail","hentry","category-notas-prensa","tag-tag-all","formato-comunicacion"],"better_featured_image":{"id":15023,"alt_text":"","caption":"","description":"","media_type":"image","media_details":{"width":1000,"height":666,"file":"2022\/07\/Elche-CF-Pablo-Serna1.jpg","filesize":367667,"sizes":{"medium":{"file":"Elche-CF-Pablo-Serna1-300x200.jpg","width":300,"height":200,"mime-type":"image\/jpeg","filesize":14541,"source_url":"https:\/\/blog.tmgrupoinmobiliario.com\/de\/wp-content\/uploads\/sites\/3\/2022\/07\/Elche-CF-Pablo-Serna1-300x200.jpg"},"thumbnail":{"file":"Elche-CF-Pablo-Serna1-150x150.jpg","width":150,"height":150,"mime-type":"image\/jpeg","filesize":6670,"source_url":"https:\/\/blog.tmgrupoinmobiliario.com\/de\/wp-content\/uploads\/sites\/3\/2022\/07\/Elche-CF-Pablo-Serna1-150x150.jpg"},"medium_large":{"file":"Elche-CF-Pablo-Serna1-768x511.jpg","width":768,"height":511,"mime-type":"image\/jpeg","filesize":53553,"source_url":"https:\/\/blog.tmgrupoinmobiliario.com\/de\/wp-content\/uploads\/sites\/3\/2022\/07\/Elche-CF-Pablo-Serna1-768x511.jpg"}},"image_meta":{"aperture":"0","credit":"","camera":"","caption":"","created_timestamp":"0","copyright":"","focal_length":"0","iso":"0","shutter_speed":"0","title":"","orientation":"1","keywords":[]}},"post":15022,"source_url":"https:\/\/blog.tmgrupoinmobiliario.com\/de\/wp-content\/uploads\/sites\/3\/2022\/07\/Elche-CF-Pablo-Serna1.jpg"},"acf":{"imagen_destacada_desktop":false,"imagen_destacada_mobile":false,"formato":{"term_id":76,"name":"Comunicaci\u00f3n","slug":"comunicacion","term_group":0,"term_taxonomy_id":76,"taxonomy":"formato","description":"","parent":0,"count":127,"filter":"raw"},"entradilla":"Das Unternehmen bekr\u00e4ftigt sein Engagement f\u00fcr den Verein in der historischen Saison seines hundertj\u00e4hrigen Bestehens.","etiquetas":"","cabecera_escritorio":"https:\/\/blog.tmgrupoinmobiliario.com\/de\/wp-content\/uploads\/sites\/3\/2022\/07\/tm-elche1.jpg","cabecera_mobile":"https:\/\/blog.tmgrupoinmobiliario.com\/de\/wp-content\/uploads\/sites\/3\/2022\/07\/elche-tm-21.jpg","galeria":[{"ID":15026,"id":15026,"title":"elche-tm-galeria[1]","filename":"elche-tm-galeria1.jpg","filesize":587894,"url":"https:\/\/blog.tmgrupoinmobiliario.com\/de\/wp-content\/uploads\/sites\/3\/2022\/07\/elche-tm-galeria1.jpg","link":"https:\/\/blog.tmgrupoinmobiliario.com\/de\/2022\/07\/11\/die-tm-grupo-inmobiliario-erneuert-ihr-sponsoring-des-elche-club-de-futbol-fussballclub-elche-fuer-die-siebte-saison-in-folge\/elche-tm-galeria1\/","alt":"","author":"11710","description":"","caption":"","name":"elche-tm-galeria1","status":"inherit","uploaded_to":15022,"date":"2022-07-11 08:52:44","modified":"2022-07-11 08:52:47","menu_order":0,"mime_type":"image\/jpeg","type":"image","subtype":"jpeg","icon":"https:\/\/blog.tmgrupoinmobiliario.com\/de\/wp-includes\/images\/media\/default.png","width":1026,"height":768,"sizes":{"thumbnail":"https:\/\/blog.tmgrupoinmobiliario.com\/de\/wp-content\/uploads\/sites\/3\/2022\/07\/elche-tm-galeria1-150x150.jpg","thumbnail-width":150,"thumbnail-height":150,"medium":"https:\/\/blog.tmgrupoinmobiliario.com\/de\/wp-content\/uploads\/sites\/3\/2022\/07\/elche-tm-galeria1-300x225.jpg","medium-width":300,"medium-height":225,"medium_large":"https:\/\/blog.tmgrupoinmobiliario.com\/de\/wp-content\/uploads\/sites\/3\/2022\/07\/elche-tm-galeria1-768x575.jpg","medium_large-width":768,"medium_large-height":575,"large":"https:\/\/blog.tmgrupoinmobiliario.com\/de\/wp-content\/uploads\/sites\/3\/2022\/07\/elche-tm-galeria1-1024x767.jpg","large-width":1024,"large-height":767,"1536x1536":"https:\/\/blog.tmgrupoinmobiliario.com\/de\/wp-content\/uploads\/sites\/3\/2022\/07\/elche-tm-galeria1.jpg","1536x1536-width":1026,"1536x1536-height":768,"2048x2048":"https:\/\/blog.tmgrupoinmobiliario.com\/de\/wp-content\/uploads\/sites\/3\/2022\/07\/elche-tm-galeria1.jpg","2048x2048-width":1026,"2048x2048-height":768}},{"ID":15027,"id":15027,"title":"elche-alineacion-inicio[1]","filename":"elche-alineacion-inicio1.jpg","filesize":782895,"url":"https:\/\/blog.tmgrupoinmobiliario.com\/de\/wp-content\/uploads\/sites\/3\/2022\/07\/elche-alineacion-inicio1.jpg","link":"https:\/\/blog.tmgrupoinmobiliario.com\/de\/2022\/07\/11\/die-tm-grupo-inmobiliario-erneuert-ihr-sponsoring-des-elche-club-de-futbol-fussballclub-elche-fuer-die-siebte-saison-in-folge\/elche-alineacion-inicio1\/","alt":"","author":"11710","description":"","caption":"","name":"elche-alineacion-inicio1","status":"inherit","uploaded_to":15022,"date":"2022-07-11 08:53:04","modified":"2022-07-11 08:53:08","menu_order":0,"mime_type":"image\/jpeg","type":"image","subtype":"jpeg","icon":"https:\/\/blog.tmgrupoinmobiliario.com\/de\/wp-includes\/images\/media\/default.png","width":1026,"height":768,"sizes":{"thumbnail":"https:\/\/blog.tmgrupoinmobiliario.com\/de\/wp-content\/uploads\/sites\/3\/2022\/07\/elche-alineacion-inicio1-150x150.jpg","thumbnail-width":150,"thumbnail-height":150,"medium":"https:\/\/blog.tmgrupoinmobiliario.com\/de\/wp-content\/uploads\/sites\/3\/2022\/07\/elche-alineacion-inicio1-300x225.jpg","medium-width":300,"medium-height":225,"medium_large":"https:\/\/blog.tmgrupoinmobiliario.com\/de\/wp-content\/uploads\/sites\/3\/2022\/07\/elche-alineacion-inicio1-768x575.jpg","medium_large-width":768,"medium_large-height":575,"large":"https:\/\/blog.tmgrupoinmobiliario.com\/de\/wp-content\/uploads\/sites\/3\/2022\/07\/elche-alineacion-inicio1-1024x767.jpg","large-width":1024,"large-height":767,"1536x1536":"https:\/\/blog.tmgrupoinmobiliario.com\/de\/wp-content\/uploads\/sites\/3\/2022\/07\/elche-alineacion-inicio1.jpg","1536x1536-width":1026,"1536x1536-height":768,"2048x2048":"https:\/\/blog.tmgrupoinmobiliario.com\/de\/wp-content\/uploads\/sites\/3\/2022\/07\/elche-alineacion-inicio1.jpg","2048x2048-width":1026,"2048x2048-height":768}},{"ID":15028,"id":15028,"title":"elche-josan[1]","filename":"elche-josan1.jpg","filesize":451602,"url":"https:\/\/blog.tmgrupoinmobiliario.com\/de\/wp-content\/uploads\/sites\/3\/2022\/07\/elche-josan1.jpg","link":"https:\/\/blog.tmgrupoinmobiliario.com\/de\/2022\/07\/11\/die-tm-grupo-inmobiliario-erneuert-ihr-sponsoring-des-elche-club-de-futbol-fussballclub-elche-fuer-die-siebte-saison-in-folge\/elche-josan1\/","alt":"","author":"11710","description":"","caption":"","name":"elche-josan1","status":"inherit","uploaded_to":15022,"date":"2022-07-11 08:53:20","modified":"2022-07-11 08:53:23","menu_order":0,"mime_type":"image\/jpeg","type":"image","subtype":"jpeg","icon":"https:\/\/blog.tmgrupoinmobiliario.com\/de\/wp-includes\/images\/media\/default.png","width":1026,"height":768,"sizes":{"thumbnail":"https:\/\/blog.tmgrupoinmobiliario.com\/de\/wp-content\/uploads\/sites\/3\/2022\/07\/elche-josan1-150x150.jpg","thumbnail-width":150,"thumbnail-height":150,"medium":"https:\/\/blog.tmgrupoinmobiliario.com\/de\/wp-content\/uploads\/sites\/3\/2022\/07\/elche-josan1-300x225.jpg","medium-width":300,"medium-height":225,"medium_large":"https:\/\/blog.tmgrupoinmobiliario.com\/de\/wp-content\/uploads\/sites\/3\/2022\/07\/elche-josan1-768x575.jpg","medium_large-width":768,"medium_large-height":575,"large":"https:\/\/blog.tmgrupoinmobiliario.com\/de\/wp-content\/uploads\/sites\/3\/2022\/07\/elche-josan1-1024x767.jpg","large-width":1024,"large-height":767,"1536x1536":"https:\/\/blog.tmgrupoinmobiliario.com\/de\/wp-content\/uploads\/sites\/3\/2022\/07\/elche-josan1.jpg","1536x1536-width":1026,"1536x1536-height":768,"2048x2048":"https:\/\/blog.tmgrupoinmobiliario.com\/de\/wp-content\/uploads\/sites\/3\/2022\/07\/elche-josan1.jpg","2048x2048-width":1026,"2048x2048-height":768}}]},"yoast_head":"<!-- This site is optimized with the Yoast SEO Premium plugin v23.6 (Yoast SEO v27.5) - https:\/\/yoast.com\/product\/yoast-seo-premium-wordpress\/ -->\n<title>Die TM Grupo Inmobiliario erneuert ihr Sponsoring des Elche Club de F\u00fatbol (Fu\u00dfballclub Elche) f\u00fcr die siebte Saison in Folge.<\/title>\n<meta name=\"robots\" content=\"index, follow, max-snippet:-1, max-image-preview:large, max-video-preview:-1\" \/>\n<link rel=\"canonical\" href=\"https:\/\/blog.tmgrupoinmobiliario.com\/de\/2022\/07\/11\/die-tm-grupo-inmobiliario-erneuert-ihr-sponsoring-des-elche-club-de-futbol-fussballclub-elche-fuer-die-siebte-saison-in-folge\/\" \/>\n<meta property=\"og:locale\" content=\"de_DE\" \/>\n<meta property=\"og:type\" content=\"article\" \/>\n<meta property=\"og:title\" content=\"Die TM Grupo Inmobiliario erneuert ihr Sponsoring des Elche Club de F\u00fatbol (Fu\u00dfballclub Elche) f\u00fcr die siebte Saison in Folge.\" \/>\n<meta property=\"og:description\" content=\"&nbsp; Torrevieja, 4. Juli 2022 \u2013Die TM Real Estate Group, ein f\u00fchrendes Unternehmen im Bereich des Wohntourismus in Alicante, das sich auf den Bau und die Entwicklung von Zweitwohnungen an der Mittelmeerk\u00fcste spezialisiert hat, hat sein Engagement f\u00fcr den Elche C.F. erneuert und wird auch in der Saison 2022\/23 als Hauptsponsor auftreten. Nach sechs aufeinanderfolgenden [&hellip;]\" \/>\n<meta property=\"og:url\" content=\"https:\/\/blog.tmgrupoinmobiliario.com\/de\/2022\/07\/11\/die-tm-grupo-inmobiliario-erneuert-ihr-sponsoring-des-elche-club-de-futbol-fussballclub-elche-fuer-die-siebte-saison-in-folge\/\" \/>\n<meta property=\"og:site_name\" content=\"Deutsche\" \/>\n<meta property=\"article:published_time\" content=\"2022-07-11T08:54:20+00:00\" \/>\n<meta property=\"article:modified_time\" content=\"2022-07-11T09:20:47+00:00\" \/>\n<meta property=\"og:image\" content=\"https:\/\/blog.tmgrupoinmobiliario.com\/de\/wp-content\/uploads\/sites\/3\/2022\/07\/Elche-CF-Pablo-Serna1.jpg\" \/>\n\t<meta property=\"og:image:width\" content=\"1000\" \/>\n\t<meta property=\"og:image:height\" content=\"666\" \/>\n\t<meta property=\"og:image:type\" content=\"image\/jpeg\" \/>\n<meta name=\"author\" content=\"alberto\" \/>\n<meta name=\"twitter:card\" content=\"summary_large_image\" \/>\n<meta name=\"twitter:label1\" content=\"Geschrieben von\" \/>\n\t<meta name=\"twitter:data1\" content=\"alberto\" \/>\n\t<meta name=\"twitter:label2\" content=\"Gesch\u00e4tzte Lesezeit\" \/>\n\t<meta name=\"twitter:data2\" content=\"2\u00a0Minuten\" \/>\n<script type=\"application\/ld+json\" class=\"yoast-schema-graph\">{\"@context\":\"https:\\\/\\\/schema.org\",\"@graph\":[{\"@type\":\"Article\",\"@id\":\"https:\\\/\\\/blog.tmgrupoinmobiliario.com\\\/de\\\/2022\\\/07\\\/11\\\/die-tm-grupo-inmobiliario-erneuert-ihr-sponsoring-des-elche-club-de-futbol-fussballclub-elche-fuer-die-siebte-saison-in-folge\\\/#article\",\"isPartOf\":{\"@id\":\"https:\\\/\\\/blog.tmgrupoinmobiliario.com\\\/de\\\/2022\\\/07\\\/11\\\/die-tm-grupo-inmobiliario-erneuert-ihr-sponsoring-des-elche-club-de-futbol-fussballclub-elche-fuer-die-siebte-saison-in-folge\\\/\"},\"author\":{\"name\":\"alberto\",\"@id\":\"https:\\\/\\\/blog.tmgrupoinmobiliario.com\\\/de\\\/#\\\/schema\\\/person\\\/4059e96ae5aca6723920ee59eef29527\"},\"headline\":\"Die TM Grupo Inmobiliario erneuert ihr Sponsoring des Elche Club de F\u00fatbol (Fu\u00dfballclub Elche) f\u00fcr die siebte Saison in Folge.\",\"datePublished\":\"2022-07-11T08:54:20+00:00\",\"dateModified\":\"2022-07-11T09:20:47+00:00\",\"mainEntityOfPage\":{\"@id\":\"https:\\\/\\\/blog.tmgrupoinmobiliario.com\\\/de\\\/2022\\\/07\\\/11\\\/die-tm-grupo-inmobiliario-erneuert-ihr-sponsoring-des-elche-club-de-futbol-fussballclub-elche-fuer-die-siebte-saison-in-folge\\\/\"},\"wordCount\":248,\"commentCount\":0,\"image\":{\"@id\":\"https:\\\/\\\/blog.tmgrupoinmobiliario.com\\\/de\\\/2022\\\/07\\\/11\\\/die-tm-grupo-inmobiliario-erneuert-ihr-sponsoring-des-elche-club-de-futbol-fussballclub-elche-fuer-die-siebte-saison-in-folge\\\/#primaryimage\"},\"thumbnailUrl\":\"https:\\\/\\\/blog.tmgrupoinmobiliario.com\\\/de\\\/wp-content\\\/uploads\\\/sites\\\/3\\\/2022\\\/07\\\/Elche-CF-Pablo-Serna1.jpg\",\"keywords\":[\"tag-all\"],\"articleSection\":[\"Pressemitteilung\"],\"inLanguage\":\"de\",\"potentialAction\":[{\"@type\":\"CommentAction\",\"name\":\"Comment\",\"target\":[\"https:\\\/\\\/blog.tmgrupoinmobiliario.com\\\/de\\\/2022\\\/07\\\/11\\\/die-tm-grupo-inmobiliario-erneuert-ihr-sponsoring-des-elche-club-de-futbol-fussballclub-elche-fuer-die-siebte-saison-in-folge\\\/#respond\"]}]},{\"@type\":\"WebPage\",\"@id\":\"https:\\\/\\\/blog.tmgrupoinmobiliario.com\\\/de\\\/2022\\\/07\\\/11\\\/die-tm-grupo-inmobiliario-erneuert-ihr-sponsoring-des-elche-club-de-futbol-fussballclub-elche-fuer-die-siebte-saison-in-folge\\\/\",\"url\":\"https:\\\/\\\/blog.tmgrupoinmobiliario.com\\\/de\\\/2022\\\/07\\\/11\\\/die-tm-grupo-inmobiliario-erneuert-ihr-sponsoring-des-elche-club-de-futbol-fussballclub-elche-fuer-die-siebte-saison-in-folge\\\/\",\"name\":\"Die TM Grupo Inmobiliario erneuert ihr Sponsoring des Elche Club de F\u00fatbol (Fu\u00dfballclub Elche) f\u00fcr die siebte Saison in Folge.\",\"isPartOf\":{\"@id\":\"https:\\\/\\\/blog.tmgrupoinmobiliario.com\\\/de\\\/#website\"},\"primaryImageOfPage\":{\"@id\":\"https:\\\/\\\/blog.tmgrupoinmobiliario.com\\\/de\\\/2022\\\/07\\\/11\\\/die-tm-grupo-inmobiliario-erneuert-ihr-sponsoring-des-elche-club-de-futbol-fussballclub-elche-fuer-die-siebte-saison-in-folge\\\/#primaryimage\"},\"image\":{\"@id\":\"https:\\\/\\\/blog.tmgrupoinmobiliario.com\\\/de\\\/2022\\\/07\\\/11\\\/die-tm-grupo-inmobiliario-erneuert-ihr-sponsoring-des-elche-club-de-futbol-fussballclub-elche-fuer-die-siebte-saison-in-folge\\\/#primaryimage\"},\"thumbnailUrl\":\"https:\\\/\\\/blog.tmgrupoinmobiliario.com\\\/de\\\/wp-content\\\/uploads\\\/sites\\\/3\\\/2022\\\/07\\\/Elche-CF-Pablo-Serna1.jpg\",\"datePublished\":\"2022-07-11T08:54:20+00:00\",\"dateModified\":\"2022-07-11T09:20:47+00:00\",\"author\":{\"@id\":\"https:\\\/\\\/blog.tmgrupoinmobiliario.com\\\/de\\\/#\\\/schema\\\/person\\\/4059e96ae5aca6723920ee59eef29527\"},\"breadcrumb\":{\"@id\":\"https:\\\/\\\/blog.tmgrupoinmobiliario.com\\\/de\\\/2022\\\/07\\\/11\\\/die-tm-grupo-inmobiliario-erneuert-ihr-sponsoring-des-elche-club-de-futbol-fussballclub-elche-fuer-die-siebte-saison-in-folge\\\/#breadcrumb\"},\"inLanguage\":\"de\",\"potentialAction\":[{\"@type\":\"ReadAction\",\"target\":[\"https:\\\/\\\/blog.tmgrupoinmobiliario.com\\\/de\\\/2022\\\/07\\\/11\\\/die-tm-grupo-inmobiliario-erneuert-ihr-sponsoring-des-elche-club-de-futbol-fussballclub-elche-fuer-die-siebte-saison-in-folge\\\/\"]}]},{\"@type\":\"ImageObject\",\"inLanguage\":\"de\",\"@id\":\"https:\\\/\\\/blog.tmgrupoinmobiliario.com\\\/de\\\/2022\\\/07\\\/11\\\/die-tm-grupo-inmobiliario-erneuert-ihr-sponsoring-des-elche-club-de-futbol-fussballclub-elche-fuer-die-siebte-saison-in-folge\\\/#primaryimage\",\"url\":\"https:\\\/\\\/blog.tmgrupoinmobiliario.com\\\/de\\\/wp-content\\\/uploads\\\/sites\\\/3\\\/2022\\\/07\\\/Elche-CF-Pablo-Serna1.jpg\",\"contentUrl\":\"https:\\\/\\\/blog.tmgrupoinmobiliario.com\\\/de\\\/wp-content\\\/uploads\\\/sites\\\/3\\\/2022\\\/07\\\/Elche-CF-Pablo-Serna1.jpg\",\"width\":1000,\"height\":666},{\"@type\":\"BreadcrumbList\",\"@id\":\"https:\\\/\\\/blog.tmgrupoinmobiliario.com\\\/de\\\/2022\\\/07\\\/11\\\/die-tm-grupo-inmobiliario-erneuert-ihr-sponsoring-des-elche-club-de-futbol-fussballclub-elche-fuer-die-siebte-saison-in-folge\\\/#breadcrumb\",\"itemListElement\":[{\"@type\":\"ListItem\",\"position\":1,\"name\":\"Portada\",\"item\":\"https:\\\/\\\/blog.tmgrupoinmobiliario.com\\\/de\\\/\"},{\"@type\":\"ListItem\",\"position\":2,\"name\":\"Die TM Grupo Inmobiliario erneuert ihr Sponsoring des Elche Club de F\u00fatbol (Fu\u00dfballclub Elche) f\u00fcr die siebte Saison in Folge.\"}]},{\"@type\":\"WebSite\",\"@id\":\"https:\\\/\\\/blog.tmgrupoinmobiliario.com\\\/de\\\/#website\",\"url\":\"https:\\\/\\\/blog.tmgrupoinmobiliario.com\\\/de\\\/\",\"name\":\"Deutsche\",\"description\":\"Otro sitio m\u00e1s de Blog Desarrollo TM sitios\",\"potentialAction\":[{\"@type\":\"SearchAction\",\"target\":{\"@type\":\"EntryPoint\",\"urlTemplate\":\"https:\\\/\\\/blog.tmgrupoinmobiliario.com\\\/de\\\/?s={search_term_string}\"},\"query-input\":{\"@type\":\"PropertyValueSpecification\",\"valueRequired\":true,\"valueName\":\"search_term_string\"}}],\"inLanguage\":\"de\"},{\"@type\":\"Person\",\"@id\":\"https:\\\/\\\/blog.tmgrupoinmobiliario.com\\\/de\\\/#\\\/schema\\\/person\\\/4059e96ae5aca6723920ee59eef29527\",\"name\":\"alberto\",\"image\":{\"@type\":\"ImageObject\",\"inLanguage\":\"de\",\"@id\":\"https:\\\/\\\/secure.gravatar.com\\\/avatar\\\/06c6cde3178430a549915eadb7c401c2bc823ad9e7a52cee2719f7299538c934?s=96&d=mm&r=g\",\"url\":\"https:\\\/\\\/secure.gravatar.com\\\/avatar\\\/06c6cde3178430a549915eadb7c401c2bc823ad9e7a52cee2719f7299538c934?s=96&d=mm&r=g\",\"contentUrl\":\"https:\\\/\\\/secure.gravatar.com\\\/avatar\\\/06c6cde3178430a549915eadb7c401c2bc823ad9e7a52cee2719f7299538c934?s=96&d=mm&r=g\",\"caption\":\"alberto\"},\"url\":\"https:\\\/\\\/blog.tmgrupoinmobiliario.com\\\/de\\\/author\\\/alberto\\\/\"}]}<\/script>\n<!-- \/ Yoast SEO Premium plugin. -->","yoast_head_json":{"title":"Die TM Grupo Inmobiliario erneuert ihr Sponsoring des Elche Club de F\u00fatbol (Fu\u00dfballclub Elche) f\u00fcr die siebte Saison in Folge.","robots":{"index":"index","follow":"follow","max-snippet":"max-snippet:-1","max-image-preview":"max-image-preview:large","max-video-preview":"max-video-preview:-1"},"canonical":"https:\/\/blog.tmgrupoinmobiliario.com\/de\/2022\/07\/11\/die-tm-grupo-inmobiliario-erneuert-ihr-sponsoring-des-elche-club-de-futbol-fussballclub-elche-fuer-die-siebte-saison-in-folge\/","og_locale":"de_DE","og_type":"article","og_title":"Die TM Grupo Inmobiliario erneuert ihr Sponsoring des Elche Club de F\u00fatbol (Fu\u00dfballclub Elche) f\u00fcr die siebte Saison in Folge.","og_description":"&nbsp; Torrevieja, 4. Juli 2022 \u2013Die TM Real Estate Group, ein f\u00fchrendes Unternehmen im Bereich des Wohntourismus in Alicante, das sich auf den Bau und die Entwicklung von Zweitwohnungen an der Mittelmeerk\u00fcste spezialisiert hat, hat sein Engagement f\u00fcr den Elche C.F. erneuert und wird auch in der Saison 2022\/23 als Hauptsponsor auftreten. Nach sechs aufeinanderfolgenden [&hellip;]","og_url":"https:\/\/blog.tmgrupoinmobiliario.com\/de\/2022\/07\/11\/die-tm-grupo-inmobiliario-erneuert-ihr-sponsoring-des-elche-club-de-futbol-fussballclub-elche-fuer-die-siebte-saison-in-folge\/","og_site_name":"Deutsche","article_published_time":"2022-07-11T08:54:20+00:00","article_modified_time":"2022-07-11T09:20:47+00:00","og_image":[{"width":1000,"height":666,"url":"https:\/\/blog.tmgrupoinmobiliario.com\/de\/wp-content\/uploads\/sites\/3\/2022\/07\/Elche-CF-Pablo-Serna1.jpg","type":"image\/jpeg"}],"author":"alberto","twitter_card":"summary_large_image","twitter_misc":{"Geschrieben von":"alberto","Gesch\u00e4tzte Lesezeit":"2\u00a0Minuten"},"schema":{"@context":"https:\/\/schema.org","@graph":[{"@type":"Article","@id":"https:\/\/blog.tmgrupoinmobiliario.com\/de\/2022\/07\/11\/die-tm-grupo-inmobiliario-erneuert-ihr-sponsoring-des-elche-club-de-futbol-fussballclub-elche-fuer-die-siebte-saison-in-folge\/#article","isPartOf":{"@id":"https:\/\/blog.tmgrupoinmobiliario.com\/de\/2022\/07\/11\/die-tm-grupo-inmobiliario-erneuert-ihr-sponsoring-des-elche-club-de-futbol-fussballclub-elche-fuer-die-siebte-saison-in-folge\/"},"author":{"name":"alberto","@id":"https:\/\/blog.tmgrupoinmobiliario.com\/de\/#\/schema\/person\/4059e96ae5aca6723920ee59eef29527"},"headline":"Die TM Grupo Inmobiliario erneuert ihr Sponsoring des Elche Club de F\u00fatbol (Fu\u00dfballclub Elche) f\u00fcr die siebte Saison in Folge.","datePublished":"2022-07-11T08:54:20+00:00","dateModified":"2022-07-11T09:20:47+00:00","mainEntityOfPage":{"@id":"https:\/\/blog.tmgrupoinmobiliario.com\/de\/2022\/07\/11\/die-tm-grupo-inmobiliario-erneuert-ihr-sponsoring-des-elche-club-de-futbol-fussballclub-elche-fuer-die-siebte-saison-in-folge\/"},"wordCount":248,"commentCount":0,"image":{"@id":"https:\/\/blog.tmgrupoinmobiliario.com\/de\/2022\/07\/11\/die-tm-grupo-inmobiliario-erneuert-ihr-sponsoring-des-elche-club-de-futbol-fussballclub-elche-fuer-die-siebte-saison-in-folge\/#primaryimage"},"thumbnailUrl":"https:\/\/blog.tmgrupoinmobiliario.com\/de\/wp-content\/uploads\/sites\/3\/2022\/07\/Elche-CF-Pablo-Serna1.jpg","keywords":["tag-all"],"articleSection":["Pressemitteilung"],"inLanguage":"de","potentialAction":[{"@type":"CommentAction","name":"Comment","target":["https:\/\/blog.tmgrupoinmobiliario.com\/de\/2022\/07\/11\/die-tm-grupo-inmobiliario-erneuert-ihr-sponsoring-des-elche-club-de-futbol-fussballclub-elche-fuer-die-siebte-saison-in-folge\/#respond"]}]},{"@type":"WebPage","@id":"https:\/\/blog.tmgrupoinmobiliario.com\/de\/2022\/07\/11\/die-tm-grupo-inmobiliario-erneuert-ihr-sponsoring-des-elche-club-de-futbol-fussballclub-elche-fuer-die-siebte-saison-in-folge\/","url":"https:\/\/blog.tmgrupoinmobiliario.com\/de\/2022\/07\/11\/die-tm-grupo-inmobiliario-erneuert-ihr-sponsoring-des-elche-club-de-futbol-fussballclub-elche-fuer-die-siebte-saison-in-folge\/","name":"Die TM Grupo Inmobiliario erneuert ihr Sponsoring des Elche Club de F\u00fatbol (Fu\u00dfballclub Elche) f\u00fcr die siebte Saison in Folge.","isPartOf":{"@id":"https:\/\/blog.tmgrupoinmobiliario.com\/de\/#website"},"primaryImageOfPage":{"@id":"https:\/\/blog.tmgrupoinmobiliario.com\/de\/2022\/07\/11\/die-tm-grupo-inmobiliario-erneuert-ihr-sponsoring-des-elche-club-de-futbol-fussballclub-elche-fuer-die-siebte-saison-in-folge\/#primaryimage"},"image":{"@id":"https:\/\/blog.tmgrupoinmobiliario.com\/de\/2022\/07\/11\/die-tm-grupo-inmobiliario-erneuert-ihr-sponsoring-des-elche-club-de-futbol-fussballclub-elche-fuer-die-siebte-saison-in-folge\/#primaryimage"},"thumbnailUrl":"https:\/\/blog.tmgrupoinmobiliario.com\/de\/wp-content\/uploads\/sites\/3\/2022\/07\/Elche-CF-Pablo-Serna1.jpg","datePublished":"2022-07-11T08:54:20+00:00","dateModified":"2022-07-11T09:20:47+00:00","author":{"@id":"https:\/\/blog.tmgrupoinmobiliario.com\/de\/#\/schema\/person\/4059e96ae5aca6723920ee59eef29527"},"breadcrumb":{"@id":"https:\/\/blog.tmgrupoinmobiliario.com\/de\/2022\/07\/11\/die-tm-grupo-inmobiliario-erneuert-ihr-sponsoring-des-elche-club-de-futbol-fussballclub-elche-fuer-die-siebte-saison-in-folge\/#breadcrumb"},"inLanguage":"de","potentialAction":[{"@type":"ReadAction","target":["https:\/\/blog.tmgrupoinmobiliario.com\/de\/2022\/07\/11\/die-tm-grupo-inmobiliario-erneuert-ihr-sponsoring-des-elche-club-de-futbol-fussballclub-elche-fuer-die-siebte-saison-in-folge\/"]}]},{"@type":"ImageObject","inLanguage":"de","@id":"https:\/\/blog.tmgrupoinmobiliario.com\/de\/2022\/07\/11\/die-tm-grupo-inmobiliario-erneuert-ihr-sponsoring-des-elche-club-de-futbol-fussballclub-elche-fuer-die-siebte-saison-in-folge\/#primaryimage","url":"https:\/\/blog.tmgrupoinmobiliario.com\/de\/wp-content\/uploads\/sites\/3\/2022\/07\/Elche-CF-Pablo-Serna1.jpg","contentUrl":"https:\/\/blog.tmgrupoinmobiliario.com\/de\/wp-content\/uploads\/sites\/3\/2022\/07\/Elche-CF-Pablo-Serna1.jpg","width":1000,"height":666},{"@type":"BreadcrumbList","@id":"https:\/\/blog.tmgrupoinmobiliario.com\/de\/2022\/07\/11\/die-tm-grupo-inmobiliario-erneuert-ihr-sponsoring-des-elche-club-de-futbol-fussballclub-elche-fuer-die-siebte-saison-in-folge\/#breadcrumb","itemListElement":[{"@type":"ListItem","position":1,"name":"Portada","item":"https:\/\/blog.tmgrupoinmobiliario.com\/de\/"},{"@type":"ListItem","position":2,"name":"Die TM Grupo Inmobiliario erneuert ihr Sponsoring des Elche Club de F\u00fatbol (Fu\u00dfballclub Elche) f\u00fcr die siebte Saison in Folge."}]},{"@type":"WebSite","@id":"https:\/\/blog.tmgrupoinmobiliario.com\/de\/#website","url":"https:\/\/blog.tmgrupoinmobiliario.com\/de\/","name":"Deutsche","description":"Otro sitio m\u00e1s de Blog Desarrollo TM sitios","potentialAction":[{"@type":"SearchAction","target":{"@type":"EntryPoint","urlTemplate":"https:\/\/blog.tmgrupoinmobiliario.com\/de\/?s={search_term_string}"},"query-input":{"@type":"PropertyValueSpecification","valueRequired":true,"valueName":"search_term_string"}}],"inLanguage":"de"},{"@type":"Person","@id":"https:\/\/blog.tmgrupoinmobiliario.com\/de\/#\/schema\/person\/4059e96ae5aca6723920ee59eef29527","name":"alberto","image":{"@type":"ImageObject","inLanguage":"de","@id":"https:\/\/secure.gravatar.com\/avatar\/06c6cde3178430a549915eadb7c401c2bc823ad9e7a52cee2719f7299538c934?s=96&d=mm&r=g","url":"https:\/\/secure.gravatar.com\/avatar\/06c6cde3178430a549915eadb7c401c2bc823ad9e7a52cee2719f7299538c934?s=96&d=mm&r=g","contentUrl":"https:\/\/secure.gravatar.com\/avatar\/06c6cde3178430a549915eadb7c401c2bc823ad9e7a52cee2719f7299538c934?s=96&d=mm&r=g","caption":"alberto"},"url":"https:\/\/blog.tmgrupoinmobiliario.com\/de\/author\/alberto\/"}]}},"jetpack_featured_media_url":"https:\/\/blog.tmgrupoinmobiliario.com\/de\/wp-content\/uploads\/sites\/3\/2022\/07\/Elche-CF-Pablo-Serna1.jpg","jetpack_sharing_enabled":true,"_links":{"self":[{"href":"https:\/\/blog.tmgrupoinmobiliario.com\/de\/wp-json\/wp\/v2\/posts\/15022","targetHints":{"allow":["GET"]}}],"collection":[{"href":"https:\/\/blog.tmgrupoinmobiliario.com\/de\/wp-json\/wp\/v2\/posts"}],"about":[{"href":"https:\/\/blog.tmgrupoinmobiliario.com\/de\/wp-json\/wp\/v2\/types\/post"}],"author":[{"embeddable":true,"href":"https:\/\/blog.tmgrupoinmobiliario.com\/de\/wp-json\/wp\/v2\/users\/11710"}],"replies":[{"embeddable":true,"href":"https:\/\/blog.tmgrupoinmobiliario.com\/de\/wp-json\/wp\/v2\/comments?post=15022"}],"version-history":[{"count":3,"href":"https:\/\/blog.tmgrupoinmobiliario.com\/de\/wp-json\/wp\/v2\/posts\/15022\/revisions"}],"predecessor-version":[{"id":15030,"href":"https:\/\/blog.tmgrupoinmobiliario.com\/de\/wp-json\/wp\/v2\/posts\/15022\/revisions\/15030"}],"wp:featuredmedia":[{"embeddable":true,"href":"https:\/\/blog.tmgrupoinmobiliario.com\/de\/wp-json\/wp\/v2\/media\/15023"}],"wp:attachment":[{"href":"https:\/\/blog.tmgrupoinmobiliario.com\/de\/wp-json\/wp\/v2\/media?parent=15022"}],"wp:term":[{"taxonomy":"category","embeddable":true,"href":"https:\/\/blog.tmgrupoinmobiliario.com\/de\/wp-json\/wp\/v2\/categories?post=15022"},{"taxonomy":"post_tag","embeddable":true,"href":"https:\/\/blog.tmgrupoinmobiliario.com\/de\/wp-json\/wp\/v2\/tags?post=15022"}],"curies":[{"name":"wp","href":"https:\/\/api.w.org\/{rel}","templated":true}]}}