{"id":14990,"date":"2022-05-23T17:48:17","date_gmt":"2022-05-23T15:48:17","guid":{"rendered":"https:\/\/blog.tmgrupoinmobiliario.com\/de\/?p=14990"},"modified":"2022-05-23T17:55:03","modified_gmt":"2022-05-23T15:55:03","slug":"barc-busot-und-tm-hand-in-hand-fuer-eine-schoene-initiative","status":"publish","type":"post","link":"https:\/\/blog.tmgrupoinmobiliario.com\/de\/2022\/05\/23\/barc-busot-und-tm-hand-in-hand-fuer-eine-schoene-initiative\/","title":{"rendered":"BARC Busot und TM Hand in Hand f\u00fcr eine sch\u00f6ne Initiative"},"content":{"rendered":"<p><a href=\"http:\/\/www.tmgrupoinmobiliario.com\/de\"><strong>TM<\/strong><\/a> engagiert sich f\u00fcr Mitarbeiter, Gesellschaft und Umwelt.<\/p>\n<p>Bei uns wird nicht nur an Immobilienprojekten gearbeitet, sondern <strong>auch ein Beitrag zum Wachstum der Regionen geleistet, wo TM pr\u00e4sent ist<\/strong> und die Lebensqualit\u00e4t der Menschen verbessert.<\/p>\n<p>&nbsp;<\/p>\n<p><span style=\"color: #ff0000\"><strong>Chancen er\u00f6ffnen<\/strong><\/span><\/p>\n<p>In den Bergen von Busot (Alicante) liegt die TM\u00a0Wohnanlage <a href=\"https:\/\/www.tmgrupoinmobiliario.com\/de\/wohnbauprojekte\/U38-06_kauf-villen-strand-spanien-alicante-golfplatz-altos-de-alicante-fase4\"><em>Los Altos de Alicante<\/em><\/a><em>.\u00a0<\/em>Sie besteht aus Einfamilienh\u00e4usern und Chalets und ist der perfekte Ort, um Ruhe und Natur zu genie\u00dfen.<\/p>\n<p>&nbsp;<\/p>\n<p>Als Unternehmen freut es uns sehr, dass wir etwas f\u00fcr die Entwicklung der Region tun k\u00f6nnen. Daf\u00fcr arbeiten wir mit einer NGO zusammen, deren Projekt uns von Anfang an begeisterte.<\/p>\n<p><a href=\"https:\/\/barcspain.es\/\"><strong>Busot Animal Rescue Concern<\/strong><\/a> (BARC) ist eine gemeinn\u00fctzige Organisation mit<strong> dem Ziel, die Situation entlaufener oder ausgesetzter Tiere<\/strong> aus Busot und Umgebung zu verbessern.<\/p>\n<p><strong>\u00a0<\/strong><\/p>\n<p><span style=\"color: #ff0000\"><strong>In sechs Jahren mehr als 1.000 Tiere gerettet<\/strong><\/span><\/p>\n<p>Wenn die Organisation ein ausgesetztes Tier rettet, wird zuerst \u00fcberpr\u00fcft, ob es einen Mikrochip hat, um seinen Besitzer ausfindig zu machen. 90\u00a0% der ausgesetzten Hunde haben allerdings keinen Chip und werden von BARC aufgenommen, wo man sie vorl\u00e4ufig untersucht und anschlie\u00dfend nach einem neuen zu Hause f\u00fcr sie sucht.<\/p>\n<p>Auch streunende Katzen werden von BARC versorgt.<\/p>\n<p>&nbsp;<\/p>\n<p><span style=\"color: #ff0000\"><strong>Ein neues Tierheim<\/strong><\/span><\/p>\n<p>Damit die vielen ausgesetzten Tiere von Busot Animal Rescue Concern bis zu ihrer erfolgreichen Vermittlung gepflegt und betreut werden k\u00f6nnen, hat die Organisation Bauland f\u00fcr ein <strong>Tierheim<\/strong> gekauft. Geplant sind eine Tierarztpraxis samt medizinischer Versorgung, gro\u00dfe Auslauffl\u00e4chen usw.<\/p>\n<p>&nbsp;<\/p>\n<p><strong>TM<\/strong> hat das Projekt mit einer Spende unterst\u00fctzt, damit die Initiative weiter voran schreiten kann.<\/p>\n<p>&nbsp;<\/p>\n<p><img loading=\"lazy\" decoding=\"async\" class=\"wp-image-21243 aligncenter\" src=\"https:\/\/www.tmgrupoinmobiliario.com\/blog\/wp-content\/uploads\/2022\/05\/100X666.png\" alt=\"\" width=\"717\" height=\"478\" \/><\/p>\n<p>&nbsp;<\/p>\n<p>Unser Vertriebsleiter an der Costa Blanca hat das Gel\u00e4nde des Vereins besucht, um sich vor Ort ein Bild von dem zu machen, was bald das neue Zuhause dieser Tiere sein wird.<\/p>\n<p>&nbsp;<\/p>\n<div id='gallery-1' class='gallery galleryid-14990 gallery-columns-2 gallery-size-medium'><figure class='gallery-item'>\n\t\t\t<div class='gallery-icon landscape'>\n\t\t\t\t<a href='https:\/\/blog.tmgrupoinmobiliario.com\/de\/2022\/05\/23\/barc-busot-und-tm-hand-in-hand-fuer-eine-schoene-initiative\/1026x76811\/'><img loading=\"lazy\" decoding=\"async\" width=\"300\" height=\"225\" src=\"https:\/\/blog.tmgrupoinmobiliario.com\/de\/wp-content\/uploads\/sites\/3\/2022\/05\/1026x76811-300x225.png\" class=\"attachment-medium size-medium\" alt=\"\" srcset=\"https:\/\/blog.tmgrupoinmobiliario.com\/de\/wp-content\/uploads\/sites\/3\/2022\/05\/1026x76811-300x225.png 300w, https:\/\/blog.tmgrupoinmobiliario.com\/de\/wp-content\/uploads\/sites\/3\/2022\/05\/1026x76811-1024x767.png 1024w, https:\/\/blog.tmgrupoinmobiliario.com\/de\/wp-content\/uploads\/sites\/3\/2022\/05\/1026x76811-768x575.png 768w, https:\/\/blog.tmgrupoinmobiliario.com\/de\/wp-content\/uploads\/sites\/3\/2022\/05\/1026x76811.png 1026w\" sizes=\"auto, (max-width: 300px) 100vw, 300px\" \/><\/a>\n\t\t\t<\/div><\/figure><figure class='gallery-item'>\n\t\t\t<div class='gallery-icon landscape'>\n\t\t\t\t<a href='https:\/\/blog.tmgrupoinmobiliario.com\/de\/2022\/05\/23\/barc-busot-und-tm-hand-in-hand-fuer-eine-schoene-initiative\/1026x7681-2\/'><img loading=\"lazy\" decoding=\"async\" width=\"300\" height=\"225\" src=\"https:\/\/blog.tmgrupoinmobiliario.com\/de\/wp-content\/uploads\/sites\/3\/2022\/05\/1026x7681-300x225.png\" class=\"attachment-medium size-medium\" alt=\"\" srcset=\"https:\/\/blog.tmgrupoinmobiliario.com\/de\/wp-content\/uploads\/sites\/3\/2022\/05\/1026x7681-300x225.png 300w, https:\/\/blog.tmgrupoinmobiliario.com\/de\/wp-content\/uploads\/sites\/3\/2022\/05\/1026x7681-1024x767.png 1024w, https:\/\/blog.tmgrupoinmobiliario.com\/de\/wp-content\/uploads\/sites\/3\/2022\/05\/1026x7681-768x575.png 768w, https:\/\/blog.tmgrupoinmobiliario.com\/de\/wp-content\/uploads\/sites\/3\/2022\/05\/1026x7681.png 1026w\" sizes=\"auto, (max-width: 300px) 100vw, 300px\" \/><\/a>\n\t\t\t<\/div><\/figure>\n\t\t<\/div>\n\n<p>&nbsp;<\/p>\n<p><strong>Wir freuen uns \u00fcber die Fortschritte und einen erneuten Besuch, wenn das Tierheim in Betrieb ist.<\/strong><\/p>\n","protected":false},"excerpt":{"rendered":"<p>TM engagiert sich f\u00fcr Mitarbeiter, Gesellschaft und Umwelt. Bei uns wird nicht nur an Immobilienprojekten gearbeitet, sondern auch ein Beitrag zum Wachstum der Regionen geleistet, wo TM pr\u00e4sent ist und die Lebensqualit\u00e4t der Menschen verbessert. &nbsp; Chancen er\u00f6ffnen In den Bergen von Busot (Alicante) liegt die TM\u00a0Wohnanlage Los Altos de Alicante.\u00a0Sie besteht aus Einfamilienh\u00e4usern und [&hellip;]<\/p>\n","protected":false},"author":11716,"featured_media":14997,"comment_status":"open","ping_status":"open","sticky":false,"template":"","format":"standard","meta":{"_jetpack_memberships_contains_paid_content":false,"footnotes":""},"categories":[19,66],"tags":[80,55],"class_list":["post-14990","post","type-post","status-publish","format-standard","has-post-thumbnail","hentry","category-aktuell-news","category-corporativo","tag-tag-all","tag-tag-compromise","formato-comunicacion"],"better_featured_image":{"id":14997,"alt_text":"","caption":"","description":"","media_type":"image","media_details":{"width":1000,"height":666,"file":"2022\/05\/100X6661.png","sizes":{"medium":{"file":"100X6661-300x200.png","width":300,"height":200,"mime-type":"image\/png","source_url":"https:\/\/blog.tmgrupoinmobiliario.com\/de\/wp-content\/uploads\/sites\/3\/2022\/05\/100X6661-300x200.png"},"thumbnail":{"file":"100X6661-150x150.png","width":150,"height":150,"mime-type":"image\/png","source_url":"https:\/\/blog.tmgrupoinmobiliario.com\/de\/wp-content\/uploads\/sites\/3\/2022\/05\/100X6661-150x150.png"},"medium_large":{"file":"100X6661-768x511.png","width":768,"height":511,"mime-type":"image\/png","source_url":"https:\/\/blog.tmgrupoinmobiliario.com\/de\/wp-content\/uploads\/sites\/3\/2022\/05\/100X6661-768x511.png"}},"image_meta":{"aperture":"0","credit":"","camera":"","caption":"","created_timestamp":"0","copyright":"","focal_length":"0","iso":"0","shutter_speed":"0","title":"","orientation":"0","keywords":[]}},"post":14990,"source_url":"https:\/\/blog.tmgrupoinmobiliario.com\/de\/wp-content\/uploads\/sites\/3\/2022\/05\/100X6661.png"},"acf":{"imagen_destacada_desktop":false,"imagen_destacada_mobile":false,"formato":{"term_id":76,"name":"Comunicaci\u00f3n","slug":"comunicacion","term_group":0,"term_taxonomy_id":76,"taxonomy":"formato","description":"","parent":0,"count":127,"filter":"raw"},"entradilla":"","etiquetas":"","cabecera_escritorio":"https:\/\/blog.tmgrupoinmobiliario.com\/de\/wp-content\/uploads\/sites\/3\/2022\/05\/1200x300-11.png","cabecera_mobile":"https:\/\/blog.tmgrupoinmobiliario.com\/de\/wp-content\/uploads\/sites\/3\/2022\/05\/768x768-11.png","galeria":false},"yoast_head":"<!-- This site is optimized with the Yoast SEO Premium plugin v23.6 (Yoast SEO v27.5) - https:\/\/yoast.com\/product\/yoast-seo-premium-wordpress\/ -->\n<title>BARC Busot und TM Hand in Hand f\u00fcr eine sch\u00f6ne Initiative - Deutsche<\/title>\n<meta name=\"robots\" content=\"index, follow, max-snippet:-1, max-image-preview:large, max-video-preview:-1\" \/>\n<link rel=\"canonical\" href=\"https:\/\/blog.tmgrupoinmobiliario.com\/de\/2022\/05\/23\/barc-busot-und-tm-hand-in-hand-fuer-eine-schoene-initiative\/\" \/>\n<meta property=\"og:locale\" content=\"de_DE\" \/>\n<meta property=\"og:type\" content=\"article\" \/>\n<meta property=\"og:title\" content=\"BARC Busot und TM Hand in Hand f\u00fcr eine sch\u00f6ne Initiative\" \/>\n<meta property=\"og:description\" content=\"TM engagiert sich f\u00fcr Mitarbeiter, Gesellschaft und Umwelt. Bei uns wird nicht nur an Immobilienprojekten gearbeitet, sondern auch ein Beitrag zum Wachstum der Regionen geleistet, wo TM pr\u00e4sent ist und die Lebensqualit\u00e4t der Menschen verbessert. &nbsp; Chancen er\u00f6ffnen In den Bergen von Busot (Alicante) liegt die TM\u00a0Wohnanlage Los Altos de Alicante.\u00a0Sie besteht aus Einfamilienh\u00e4usern und [&hellip;]\" \/>\n<meta property=\"og:url\" content=\"https:\/\/blog.tmgrupoinmobiliario.com\/de\/2022\/05\/23\/barc-busot-und-tm-hand-in-hand-fuer-eine-schoene-initiative\/\" \/>\n<meta property=\"og:site_name\" content=\"Deutsche\" \/>\n<meta property=\"article:published_time\" content=\"2022-05-23T15:48:17+00:00\" \/>\n<meta property=\"article:modified_time\" content=\"2022-05-23T15:55:03+00:00\" \/>\n<meta property=\"og:image\" content=\"https:\/\/blog.tmgrupoinmobiliario.com\/de\/wp-content\/uploads\/sites\/3\/2022\/05\/100X6661.png\" \/>\n\t<meta property=\"og:image:width\" content=\"1000\" \/>\n\t<meta property=\"og:image:height\" content=\"666\" \/>\n\t<meta property=\"og:image:type\" content=\"image\/png\" \/>\n<meta name=\"author\" content=\"marina\" \/>\n<meta name=\"twitter:card\" content=\"summary_large_image\" \/>\n<meta name=\"twitter:label1\" content=\"Geschrieben von\" \/>\n\t<meta name=\"twitter:data1\" content=\"marina\" \/>\n\t<meta name=\"twitter:label2\" content=\"Gesch\u00e4tzte Lesezeit\" \/>\n\t<meta name=\"twitter:data2\" content=\"2\u00a0Minuten\" \/>\n<script type=\"application\/ld+json\" class=\"yoast-schema-graph\">{\"@context\":\"https:\\\/\\\/schema.org\",\"@graph\":[{\"@type\":\"Article\",\"@id\":\"https:\\\/\\\/blog.tmgrupoinmobiliario.com\\\/de\\\/2022\\\/05\\\/23\\\/barc-busot-und-tm-hand-in-hand-fuer-eine-schoene-initiative\\\/#article\",\"isPartOf\":{\"@id\":\"https:\\\/\\\/blog.tmgrupoinmobiliario.com\\\/de\\\/2022\\\/05\\\/23\\\/barc-busot-und-tm-hand-in-hand-fuer-eine-schoene-initiative\\\/\"},\"author\":{\"name\":\"marina\",\"@id\":\"https:\\\/\\\/blog.tmgrupoinmobiliario.com\\\/de\\\/#\\\/schema\\\/person\\\/788477479d35e623ab75c2fb194e7730\"},\"headline\":\"BARC Busot und TM Hand in Hand f\u00fcr eine sch\u00f6ne Initiative\",\"datePublished\":\"2022-05-23T15:48:17+00:00\",\"dateModified\":\"2022-05-23T15:55:03+00:00\",\"mainEntityOfPage\":{\"@id\":\"https:\\\/\\\/blog.tmgrupoinmobiliario.com\\\/de\\\/2022\\\/05\\\/23\\\/barc-busot-und-tm-hand-in-hand-fuer-eine-schoene-initiative\\\/\"},\"wordCount\":333,\"commentCount\":0,\"image\":{\"@id\":\"https:\\\/\\\/blog.tmgrupoinmobiliario.com\\\/de\\\/2022\\\/05\\\/23\\\/barc-busot-und-tm-hand-in-hand-fuer-eine-schoene-initiative\\\/#primaryimage\"},\"thumbnailUrl\":\"https:\\\/\\\/blog.tmgrupoinmobiliario.com\\\/de\\\/wp-content\\\/uploads\\\/sites\\\/3\\\/2022\\\/05\\\/100X6661.png\",\"keywords\":[\"tag-all\",\"tag-compromise\"],\"articleSection\":[\"Aktuell TM\",\"Corporativo\"],\"inLanguage\":\"de\",\"potentialAction\":[{\"@type\":\"CommentAction\",\"name\":\"Comment\",\"target\":[\"https:\\\/\\\/blog.tmgrupoinmobiliario.com\\\/de\\\/2022\\\/05\\\/23\\\/barc-busot-und-tm-hand-in-hand-fuer-eine-schoene-initiative\\\/#respond\"]}]},{\"@type\":\"WebPage\",\"@id\":\"https:\\\/\\\/blog.tmgrupoinmobiliario.com\\\/de\\\/2022\\\/05\\\/23\\\/barc-busot-und-tm-hand-in-hand-fuer-eine-schoene-initiative\\\/\",\"url\":\"https:\\\/\\\/blog.tmgrupoinmobiliario.com\\\/de\\\/2022\\\/05\\\/23\\\/barc-busot-und-tm-hand-in-hand-fuer-eine-schoene-initiative\\\/\",\"name\":\"BARC Busot und TM Hand in Hand f\u00fcr eine sch\u00f6ne Initiative - Deutsche\",\"isPartOf\":{\"@id\":\"https:\\\/\\\/blog.tmgrupoinmobiliario.com\\\/de\\\/#website\"},\"primaryImageOfPage\":{\"@id\":\"https:\\\/\\\/blog.tmgrupoinmobiliario.com\\\/de\\\/2022\\\/05\\\/23\\\/barc-busot-und-tm-hand-in-hand-fuer-eine-schoene-initiative\\\/#primaryimage\"},\"image\":{\"@id\":\"https:\\\/\\\/blog.tmgrupoinmobiliario.com\\\/de\\\/2022\\\/05\\\/23\\\/barc-busot-und-tm-hand-in-hand-fuer-eine-schoene-initiative\\\/#primaryimage\"},\"thumbnailUrl\":\"https:\\\/\\\/blog.tmgrupoinmobiliario.com\\\/de\\\/wp-content\\\/uploads\\\/sites\\\/3\\\/2022\\\/05\\\/100X6661.png\",\"datePublished\":\"2022-05-23T15:48:17+00:00\",\"dateModified\":\"2022-05-23T15:55:03+00:00\",\"author\":{\"@id\":\"https:\\\/\\\/blog.tmgrupoinmobiliario.com\\\/de\\\/#\\\/schema\\\/person\\\/788477479d35e623ab75c2fb194e7730\"},\"breadcrumb\":{\"@id\":\"https:\\\/\\\/blog.tmgrupoinmobiliario.com\\\/de\\\/2022\\\/05\\\/23\\\/barc-busot-und-tm-hand-in-hand-fuer-eine-schoene-initiative\\\/#breadcrumb\"},\"inLanguage\":\"de\",\"potentialAction\":[{\"@type\":\"ReadAction\",\"target\":[\"https:\\\/\\\/blog.tmgrupoinmobiliario.com\\\/de\\\/2022\\\/05\\\/23\\\/barc-busot-und-tm-hand-in-hand-fuer-eine-schoene-initiative\\\/\"]}]},{\"@type\":\"ImageObject\",\"inLanguage\":\"de\",\"@id\":\"https:\\\/\\\/blog.tmgrupoinmobiliario.com\\\/de\\\/2022\\\/05\\\/23\\\/barc-busot-und-tm-hand-in-hand-fuer-eine-schoene-initiative\\\/#primaryimage\",\"url\":\"https:\\\/\\\/blog.tmgrupoinmobiliario.com\\\/de\\\/wp-content\\\/uploads\\\/sites\\\/3\\\/2022\\\/05\\\/100X6661.png\",\"contentUrl\":\"https:\\\/\\\/blog.tmgrupoinmobiliario.com\\\/de\\\/wp-content\\\/uploads\\\/sites\\\/3\\\/2022\\\/05\\\/100X6661.png\",\"width\":1000,\"height\":666},{\"@type\":\"BreadcrumbList\",\"@id\":\"https:\\\/\\\/blog.tmgrupoinmobiliario.com\\\/de\\\/2022\\\/05\\\/23\\\/barc-busot-und-tm-hand-in-hand-fuer-eine-schoene-initiative\\\/#breadcrumb\",\"itemListElement\":[{\"@type\":\"ListItem\",\"position\":1,\"name\":\"Portada\",\"item\":\"https:\\\/\\\/blog.tmgrupoinmobiliario.com\\\/de\\\/\"},{\"@type\":\"ListItem\",\"position\":2,\"name\":\"BARC Busot und TM Hand in Hand f\u00fcr eine sch\u00f6ne Initiative\"}]},{\"@type\":\"WebSite\",\"@id\":\"https:\\\/\\\/blog.tmgrupoinmobiliario.com\\\/de\\\/#website\",\"url\":\"https:\\\/\\\/blog.tmgrupoinmobiliario.com\\\/de\\\/\",\"name\":\"Deutsche\",\"description\":\"Otro sitio m\u00e1s de Blog Desarrollo TM sitios\",\"potentialAction\":[{\"@type\":\"SearchAction\",\"target\":{\"@type\":\"EntryPoint\",\"urlTemplate\":\"https:\\\/\\\/blog.tmgrupoinmobiliario.com\\\/de\\\/?s={search_term_string}\"},\"query-input\":{\"@type\":\"PropertyValueSpecification\",\"valueRequired\":true,\"valueName\":\"search_term_string\"}}],\"inLanguage\":\"de\"},{\"@type\":\"Person\",\"@id\":\"https:\\\/\\\/blog.tmgrupoinmobiliario.com\\\/de\\\/#\\\/schema\\\/person\\\/788477479d35e623ab75c2fb194e7730\",\"name\":\"marina\",\"image\":{\"@type\":\"ImageObject\",\"inLanguage\":\"de\",\"@id\":\"https:\\\/\\\/secure.gravatar.com\\\/avatar\\\/34480839eb5b1bb235efe5be1b7e49218e07e314c17d1fb9ba5183ac5c2c64f3?s=96&d=mm&r=g\",\"url\":\"https:\\\/\\\/secure.gravatar.com\\\/avatar\\\/34480839eb5b1bb235efe5be1b7e49218e07e314c17d1fb9ba5183ac5c2c64f3?s=96&d=mm&r=g\",\"contentUrl\":\"https:\\\/\\\/secure.gravatar.com\\\/avatar\\\/34480839eb5b1bb235efe5be1b7e49218e07e314c17d1fb9ba5183ac5c2c64f3?s=96&d=mm&r=g\",\"caption\":\"marina\"},\"url\":\"https:\\\/\\\/blog.tmgrupoinmobiliario.com\\\/de\\\/author\\\/marina\\\/\"}]}<\/script>\n<!-- \/ Yoast SEO Premium plugin. -->","yoast_head_json":{"title":"BARC Busot und TM Hand in Hand f\u00fcr eine sch\u00f6ne Initiative - Deutsche","robots":{"index":"index","follow":"follow","max-snippet":"max-snippet:-1","max-image-preview":"max-image-preview:large","max-video-preview":"max-video-preview:-1"},"canonical":"https:\/\/blog.tmgrupoinmobiliario.com\/de\/2022\/05\/23\/barc-busot-und-tm-hand-in-hand-fuer-eine-schoene-initiative\/","og_locale":"de_DE","og_type":"article","og_title":"BARC Busot und TM Hand in Hand f\u00fcr eine sch\u00f6ne Initiative","og_description":"TM engagiert sich f\u00fcr Mitarbeiter, Gesellschaft und Umwelt. Bei uns wird nicht nur an Immobilienprojekten gearbeitet, sondern auch ein Beitrag zum Wachstum der Regionen geleistet, wo TM pr\u00e4sent ist und die Lebensqualit\u00e4t der Menschen verbessert. &nbsp; Chancen er\u00f6ffnen In den Bergen von Busot (Alicante) liegt die TM\u00a0Wohnanlage Los Altos de Alicante.\u00a0Sie besteht aus Einfamilienh\u00e4usern und [&hellip;]","og_url":"https:\/\/blog.tmgrupoinmobiliario.com\/de\/2022\/05\/23\/barc-busot-und-tm-hand-in-hand-fuer-eine-schoene-initiative\/","og_site_name":"Deutsche","article_published_time":"2022-05-23T15:48:17+00:00","article_modified_time":"2022-05-23T15:55:03+00:00","og_image":[{"width":1000,"height":666,"url":"https:\/\/blog.tmgrupoinmobiliario.com\/de\/wp-content\/uploads\/sites\/3\/2022\/05\/100X6661.png","type":"image\/png"}],"author":"marina","twitter_card":"summary_large_image","twitter_misc":{"Geschrieben von":"marina","Gesch\u00e4tzte Lesezeit":"2\u00a0Minuten"},"schema":{"@context":"https:\/\/schema.org","@graph":[{"@type":"Article","@id":"https:\/\/blog.tmgrupoinmobiliario.com\/de\/2022\/05\/23\/barc-busot-und-tm-hand-in-hand-fuer-eine-schoene-initiative\/#article","isPartOf":{"@id":"https:\/\/blog.tmgrupoinmobiliario.com\/de\/2022\/05\/23\/barc-busot-und-tm-hand-in-hand-fuer-eine-schoene-initiative\/"},"author":{"name":"marina","@id":"https:\/\/blog.tmgrupoinmobiliario.com\/de\/#\/schema\/person\/788477479d35e623ab75c2fb194e7730"},"headline":"BARC Busot und TM Hand in Hand f\u00fcr eine sch\u00f6ne Initiative","datePublished":"2022-05-23T15:48:17+00:00","dateModified":"2022-05-23T15:55:03+00:00","mainEntityOfPage":{"@id":"https:\/\/blog.tmgrupoinmobiliario.com\/de\/2022\/05\/23\/barc-busot-und-tm-hand-in-hand-fuer-eine-schoene-initiative\/"},"wordCount":333,"commentCount":0,"image":{"@id":"https:\/\/blog.tmgrupoinmobiliario.com\/de\/2022\/05\/23\/barc-busot-und-tm-hand-in-hand-fuer-eine-schoene-initiative\/#primaryimage"},"thumbnailUrl":"https:\/\/blog.tmgrupoinmobiliario.com\/de\/wp-content\/uploads\/sites\/3\/2022\/05\/100X6661.png","keywords":["tag-all","tag-compromise"],"articleSection":["Aktuell TM","Corporativo"],"inLanguage":"de","potentialAction":[{"@type":"CommentAction","name":"Comment","target":["https:\/\/blog.tmgrupoinmobiliario.com\/de\/2022\/05\/23\/barc-busot-und-tm-hand-in-hand-fuer-eine-schoene-initiative\/#respond"]}]},{"@type":"WebPage","@id":"https:\/\/blog.tmgrupoinmobiliario.com\/de\/2022\/05\/23\/barc-busot-und-tm-hand-in-hand-fuer-eine-schoene-initiative\/","url":"https:\/\/blog.tmgrupoinmobiliario.com\/de\/2022\/05\/23\/barc-busot-und-tm-hand-in-hand-fuer-eine-schoene-initiative\/","name":"BARC Busot und TM Hand in Hand f\u00fcr eine sch\u00f6ne Initiative - Deutsche","isPartOf":{"@id":"https:\/\/blog.tmgrupoinmobiliario.com\/de\/#website"},"primaryImageOfPage":{"@id":"https:\/\/blog.tmgrupoinmobiliario.com\/de\/2022\/05\/23\/barc-busot-und-tm-hand-in-hand-fuer-eine-schoene-initiative\/#primaryimage"},"image":{"@id":"https:\/\/blog.tmgrupoinmobiliario.com\/de\/2022\/05\/23\/barc-busot-und-tm-hand-in-hand-fuer-eine-schoene-initiative\/#primaryimage"},"thumbnailUrl":"https:\/\/blog.tmgrupoinmobiliario.com\/de\/wp-content\/uploads\/sites\/3\/2022\/05\/100X6661.png","datePublished":"2022-05-23T15:48:17+00:00","dateModified":"2022-05-23T15:55:03+00:00","author":{"@id":"https:\/\/blog.tmgrupoinmobiliario.com\/de\/#\/schema\/person\/788477479d35e623ab75c2fb194e7730"},"breadcrumb":{"@id":"https:\/\/blog.tmgrupoinmobiliario.com\/de\/2022\/05\/23\/barc-busot-und-tm-hand-in-hand-fuer-eine-schoene-initiative\/#breadcrumb"},"inLanguage":"de","potentialAction":[{"@type":"ReadAction","target":["https:\/\/blog.tmgrupoinmobiliario.com\/de\/2022\/05\/23\/barc-busot-und-tm-hand-in-hand-fuer-eine-schoene-initiative\/"]}]},{"@type":"ImageObject","inLanguage":"de","@id":"https:\/\/blog.tmgrupoinmobiliario.com\/de\/2022\/05\/23\/barc-busot-und-tm-hand-in-hand-fuer-eine-schoene-initiative\/#primaryimage","url":"https:\/\/blog.tmgrupoinmobiliario.com\/de\/wp-content\/uploads\/sites\/3\/2022\/05\/100X6661.png","contentUrl":"https:\/\/blog.tmgrupoinmobiliario.com\/de\/wp-content\/uploads\/sites\/3\/2022\/05\/100X6661.png","width":1000,"height":666},{"@type":"BreadcrumbList","@id":"https:\/\/blog.tmgrupoinmobiliario.com\/de\/2022\/05\/23\/barc-busot-und-tm-hand-in-hand-fuer-eine-schoene-initiative\/#breadcrumb","itemListElement":[{"@type":"ListItem","position":1,"name":"Portada","item":"https:\/\/blog.tmgrupoinmobiliario.com\/de\/"},{"@type":"ListItem","position":2,"name":"BARC Busot und TM Hand in Hand f\u00fcr eine sch\u00f6ne Initiative"}]},{"@type":"WebSite","@id":"https:\/\/blog.tmgrupoinmobiliario.com\/de\/#website","url":"https:\/\/blog.tmgrupoinmobiliario.com\/de\/","name":"Deutsche","description":"Otro sitio m\u00e1s de Blog Desarrollo TM sitios","potentialAction":[{"@type":"SearchAction","target":{"@type":"EntryPoint","urlTemplate":"https:\/\/blog.tmgrupoinmobiliario.com\/de\/?s={search_term_string}"},"query-input":{"@type":"PropertyValueSpecification","valueRequired":true,"valueName":"search_term_string"}}],"inLanguage":"de"},{"@type":"Person","@id":"https:\/\/blog.tmgrupoinmobiliario.com\/de\/#\/schema\/person\/788477479d35e623ab75c2fb194e7730","name":"marina","image":{"@type":"ImageObject","inLanguage":"de","@id":"https:\/\/secure.gravatar.com\/avatar\/34480839eb5b1bb235efe5be1b7e49218e07e314c17d1fb9ba5183ac5c2c64f3?s=96&d=mm&r=g","url":"https:\/\/secure.gravatar.com\/avatar\/34480839eb5b1bb235efe5be1b7e49218e07e314c17d1fb9ba5183ac5c2c64f3?s=96&d=mm&r=g","contentUrl":"https:\/\/secure.gravatar.com\/avatar\/34480839eb5b1bb235efe5be1b7e49218e07e314c17d1fb9ba5183ac5c2c64f3?s=96&d=mm&r=g","caption":"marina"},"url":"https:\/\/blog.tmgrupoinmobiliario.com\/de\/author\/marina\/"}]}},"jetpack_featured_media_url":"https:\/\/blog.tmgrupoinmobiliario.com\/de\/wp-content\/uploads\/sites\/3\/2022\/05\/100X6661.png","jetpack_sharing_enabled":true,"_links":{"self":[{"href":"https:\/\/blog.tmgrupoinmobiliario.com\/de\/wp-json\/wp\/v2\/posts\/14990","targetHints":{"allow":["GET"]}}],"collection":[{"href":"https:\/\/blog.tmgrupoinmobiliario.com\/de\/wp-json\/wp\/v2\/posts"}],"about":[{"href":"https:\/\/blog.tmgrupoinmobiliario.com\/de\/wp-json\/wp\/v2\/types\/post"}],"author":[{"embeddable":true,"href":"https:\/\/blog.tmgrupoinmobiliario.com\/de\/wp-json\/wp\/v2\/users\/11716"}],"replies":[{"embeddable":true,"href":"https:\/\/blog.tmgrupoinmobiliario.com\/de\/wp-json\/wp\/v2\/comments?post=14990"}],"version-history":[{"count":2,"href":"https:\/\/blog.tmgrupoinmobiliario.com\/de\/wp-json\/wp\/v2\/posts\/14990\/revisions"}],"predecessor-version":[{"id":14996,"href":"https:\/\/blog.tmgrupoinmobiliario.com\/de\/wp-json\/wp\/v2\/posts\/14990\/revisions\/14996"}],"wp:featuredmedia":[{"embeddable":true,"href":"https:\/\/blog.tmgrupoinmobiliario.com\/de\/wp-json\/wp\/v2\/media\/14997"}],"wp:attachment":[{"href":"https:\/\/blog.tmgrupoinmobiliario.com\/de\/wp-json\/wp\/v2\/media?parent=14990"}],"wp:term":[{"taxonomy":"category","embeddable":true,"href":"https:\/\/blog.tmgrupoinmobiliario.com\/de\/wp-json\/wp\/v2\/categories?post=14990"},{"taxonomy":"post_tag","embeddable":true,"href":"https:\/\/blog.tmgrupoinmobiliario.com\/de\/wp-json\/wp\/v2\/tags?post=14990"}],"curies":[{"name":"wp","href":"https:\/\/api.w.org\/{rel}","templated":true}]}}