{"id":14903,"date":"2022-03-22T13:01:30","date_gmt":"2022-03-22T12:01:30","guid":{"rendered":"https:\/\/blog.tmgrupoinmobiliario.com\/de\/?p=14903"},"modified":"2022-03-22T15:49:06","modified_gmt":"2022-03-22T14:49:06","slug":"wir-spenden-it-ausruestung-an-die-stiftung-alinur","status":"publish","type":"post","link":"https:\/\/blog.tmgrupoinmobiliario.com\/de\/2022\/03\/22\/wir-spenden-it-ausruestung-an-die-stiftung-alinur\/","title":{"rendered":"Wir spenden IT-Ausr\u00fcstung an die Stiftung Alinur"},"content":{"rendered":"<p>&nbsp;<\/p>\n<p>Wir bei TM setzen uns f\u00fcr eine Zukunft ein, in der jeder die M\u00f6glichkeit hat, Zugang zu Bildung und Technologie zu erhalten &#8211; grundlegende Aspekte f\u00fcr die Entwicklung der Gesellschaft.<\/p>\n<p>Aus diesem Grund setzen wir die Kampagne \u201c<strong>Con\u00e9ctate al Futuro\u201c<\/strong>\u00a0(\u201cVerbinde dich mit der Zukunft\u201c) fort, die wir letztes Jahr mit einem doppelten Ziel gestartet haben: die F\u00f6rderung der Kreislaufwirtschaft mit Sensibilisierung f\u00fcr die Wiederverwendung und gleichzeitig jenen den Zugang zu Technologie zu erm\u00f6glichen, die es sonst schwer haben.<\/p>\n<p><strong>\u00a0<\/strong><\/p>\n<p><span style=\"color: #ff0000\"><strong>Wie machen wir das? <\/strong><\/span><\/p>\n<p>Wir \u00fcbergeben Computerausr\u00fcstung in einwandfreiem Zustand an verschiedene soziale und p\u00e4dagogische Einrichtungen. Auf diese Weise f\u00f6rdern wir nicht nur die Wiederverwendung von Ger\u00e4ten, <strong>sondern tragen auch dazu bei, die digitale Kluft und die damit verbundenen Ungleichheiten zu verringern<\/strong>.<\/p>\n<p>Bei dieser Gelegenheit haben wir mit der <a href=\"https:\/\/www.alinur.es\/centro-educacion-formacion\/\"><strong>Fundaci\u00f3n Alinur Creciendo con las Emociones<\/strong><\/a>\u00a0(\u201cStiftung Alinur &#8211; Wachsen mit Emotionen\u201c) zusammengearbeitet, deren Ziel es ist, <strong>Menschen mit unterschiedlichen Behinderungen zu unterst\u00fctzen, sich f\u00fcr ihre Rechte einzusetzen und ihre Lebensqualit\u00e4t zu verbessern<\/strong>, indem sich die Stiftung um deren Bildung, Ausbildung, Wohlergehen und Integration k\u00fcmmert.<\/p>\n<p><strong>\u00a0<\/strong><\/p>\n<p><span style=\"color: #ff0000\"><strong>Inwieweit tragen Computer zu dieser Aufgabe bei? <\/strong><\/span><\/p>\n<p>Wie die UNESCO betont, \u201ck\u00f6nnen neue Technologien die Bildung erg\u00e4nzen, bereichern und ver\u00e4ndern\u201c.<\/p>\n<p>Im Falle von Alinur und in den Worten ihrer Pr\u00e4sidentin: \u201cDer Einsatz von Technologie im Zentrum hilft, das Lernen zu erleichtern und die F\u00e4higkeiten von den Jungen und M\u00e4dchen durch den Einsatz verschiedener Programme zu f\u00f6rdern und zu verbessern\u201c. \u201cDurch die Bereitstellung dieser Computer k\u00f6nnen die Sch\u00fcler Aktivit\u00e4ten durchf\u00fchren, die an die IKT angepasst sind, sodass sie st\u00e4ndig auf dem neuesten Stand sind.\u201c<\/p>\n<p>&nbsp;<\/p>\n<figure id=\"attachment_20881\" aria-describedby=\"caption-attachment-20881\" style=\"width: 574px\" class=\"wp-caption aligncenter\"><img loading=\"lazy\" decoding=\"async\" class=\"wp-image-20881\" src=\"https:\/\/www.tmgrupoinmobiliario.com\/blog\/wp-content\/uploads\/2022\/03\/IMG_4893-retocada-300x300.png\" alt=\"\" width=\"574\" height=\"574\" \/><figcaption id=\"caption-attachment-20881\" class=\"wp-caption-text\">Francisco Garrido, direktor f\u00fcr Organisation und IKT, und Leonor Mart\u00ednez Munera, Pr\u00e4sident der Alinur-Stiftung, w\u00e4hrend der Spende von Computerausr\u00fcstung.<\/figcaption><\/figure>\n<p>&nbsp;<\/p>\n<p>Wir bei TM freuen uns, dass wir die Gelegenheit hatten, diesen jungen Menschen beim Lernen behilflich sein zu k\u00f6nnen und gleichzeitig unserer Computerausr\u00fcstung ein zweites Leben zu geben.<\/p>\n<p>&nbsp;<\/p>\n<p>Wir laden Sie ein, unter dem folgenden Link mehr \u00fcber die Arbeit der Stiftung und ihre Projekte zu erfahren: <a href=\"https:\/\/www.alinur.es\/centro-educacion-formacion\/\">Zentrum f\u00fcr Bildung und Ausbildung &#8211; ALINUR.<\/a><\/p>\n","protected":false},"excerpt":{"rendered":"<p>&nbsp; Wir bei TM setzen uns f\u00fcr eine Zukunft ein, in der jeder die M\u00f6glichkeit hat, Zugang zu Bildung und Technologie zu erhalten &#8211; grundlegende Aspekte f\u00fcr die Entwicklung der Gesellschaft. Aus diesem Grund setzen wir die Kampagne \u201cCon\u00e9ctate al Futuro\u201c\u00a0(\u201cVerbinde dich mit der Zukunft\u201c) fort, die wir letztes Jahr mit einem doppelten Ziel gestartet [&hellip;]<\/p>\n","protected":false},"author":11716,"featured_media":14906,"comment_status":"open","ping_status":"open","sticky":false,"template":"","format":"standard","meta":{"_jetpack_memberships_contains_paid_content":false,"footnotes":""},"categories":[19,66,73],"tags":[80,55],"class_list":["post-14903","post","type-post","status-publish","format-standard","has-post-thumbnail","hentry","category-aktuell-news","category-corporativo","category-actualidad-tm","tag-tag-all","tag-tag-compromise","formato-comunicacion"],"better_featured_image":{"id":14906,"alt_text":"","caption":"","description":"","media_type":"image","media_details":{"width":1000,"height":666,"file":"2022\/03\/1000x6661.jpg","sizes":{"medium":{"file":"1000x6661-300x200.jpg","width":300,"height":200,"mime-type":"image\/jpeg","source_url":"https:\/\/blog.tmgrupoinmobiliario.com\/de\/wp-content\/uploads\/sites\/3\/2022\/03\/1000x6661-300x200.jpg"},"thumbnail":{"file":"1000x6661-150x150.jpg","width":150,"height":150,"mime-type":"image\/jpeg","source_url":"https:\/\/blog.tmgrupoinmobiliario.com\/de\/wp-content\/uploads\/sites\/3\/2022\/03\/1000x6661-150x150.jpg"},"medium_large":{"file":"1000x6661-768x511.jpg","width":768,"height":511,"mime-type":"image\/jpeg","source_url":"https:\/\/blog.tmgrupoinmobiliario.com\/de\/wp-content\/uploads\/sites\/3\/2022\/03\/1000x6661-768x511.jpg"}},"image_meta":{"aperture":"0","credit":"","camera":"","caption":"","created_timestamp":"0","copyright":"","focal_length":"0","iso":"0","shutter_speed":"0","title":"","orientation":"0","keywords":[]}},"post":14903,"source_url":"https:\/\/blog.tmgrupoinmobiliario.com\/de\/wp-content\/uploads\/sites\/3\/2022\/03\/1000x6661.jpg"},"acf":{"imagen_destacada_desktop":"https:\/\/blog.tmgrupoinmobiliario.com\/de\/wp-content\/uploads\/sites\/3\/2022\/03\/1920x8701.jpg","imagen_destacada_mobile":"https:\/\/blog.tmgrupoinmobiliario.com\/de\/wp-content\/uploads\/sites\/3\/2022\/03\/540x5401.jpg","formato":{"term_id":76,"name":"Comunicaci\u00f3n","slug":"comunicacion","term_group":0,"term_taxonomy_id":76,"taxonomy":"formato","description":"","parent":0,"count":127,"filter":"raw"},"entradilla":"","etiquetas":"","cabecera_escritorio":"https:\/\/blog.tmgrupoinmobiliario.com\/de\/wp-content\/uploads\/sites\/3\/2022\/03\/1200x3001.jpg","cabecera_mobile":"https:\/\/blog.tmgrupoinmobiliario.com\/de\/wp-content\/uploads\/sites\/3\/2022\/03\/768x7683.jpg","galeria":false},"yoast_head":"<!-- This site is optimized with the Yoast SEO Premium plugin v23.6 (Yoast SEO v27.5) - https:\/\/yoast.com\/product\/yoast-seo-premium-wordpress\/ -->\n<title>Wir spenden IT-Ausr\u00fcstung an die Stiftung Alinur - Deutsche<\/title>\n<meta name=\"description\" content=\"Con\u00e9ctate al Futuro f\u00f6rdert die Wiederverwendung von Ger\u00e4ten und tr\u00e4gt zur Verringerung der digitalen Kluft bei.\" \/>\n<meta name=\"robots\" content=\"index, follow, max-snippet:-1, max-image-preview:large, max-video-preview:-1\" \/>\n<link rel=\"canonical\" href=\"https:\/\/blog.tmgrupoinmobiliario.com\/de\/2022\/03\/22\/wir-spenden-it-ausruestung-an-die-stiftung-alinur\/\" \/>\n<meta property=\"og:locale\" content=\"de_DE\" \/>\n<meta property=\"og:type\" content=\"article\" \/>\n<meta property=\"og:title\" content=\"Wir spenden IT-Ausr\u00fcstung an die Stiftung Alinur\" \/>\n<meta property=\"og:description\" content=\"Con\u00e9ctate al Futuro f\u00f6rdert die Wiederverwendung von Ger\u00e4ten und tr\u00e4gt zur Verringerung der digitalen Kluft bei.\" \/>\n<meta property=\"og:url\" content=\"https:\/\/blog.tmgrupoinmobiliario.com\/de\/2022\/03\/22\/wir-spenden-it-ausruestung-an-die-stiftung-alinur\/\" \/>\n<meta property=\"og:site_name\" content=\"Deutsche\" \/>\n<meta property=\"article:published_time\" content=\"2022-03-22T12:01:30+00:00\" \/>\n<meta property=\"article:modified_time\" content=\"2022-03-22T14:49:06+00:00\" \/>\n<meta property=\"og:image\" content=\"https:\/\/blog.tmgrupoinmobiliario.com\/de\/wp-content\/uploads\/sites\/3\/2022\/03\/1000x6661.jpg\" \/>\n\t<meta property=\"og:image:width\" content=\"1000\" \/>\n\t<meta property=\"og:image:height\" content=\"666\" \/>\n\t<meta property=\"og:image:type\" content=\"image\/jpeg\" \/>\n<meta name=\"author\" content=\"marina\" \/>\n<meta name=\"twitter:card\" content=\"summary_large_image\" \/>\n<meta name=\"twitter:label1\" content=\"Geschrieben von\" \/>\n\t<meta name=\"twitter:data1\" content=\"marina\" \/>\n\t<meta name=\"twitter:label2\" content=\"Gesch\u00e4tzte Lesezeit\" \/>\n\t<meta name=\"twitter:data2\" content=\"3\u00a0Minuten\" \/>\n<script type=\"application\/ld+json\" class=\"yoast-schema-graph\">{\"@context\":\"https:\\\/\\\/schema.org\",\"@graph\":[{\"@type\":\"Article\",\"@id\":\"https:\\\/\\\/blog.tmgrupoinmobiliario.com\\\/de\\\/2022\\\/03\\\/22\\\/wir-spenden-it-ausruestung-an-die-stiftung-alinur\\\/#article\",\"isPartOf\":{\"@id\":\"https:\\\/\\\/blog.tmgrupoinmobiliario.com\\\/de\\\/2022\\\/03\\\/22\\\/wir-spenden-it-ausruestung-an-die-stiftung-alinur\\\/\"},\"author\":{\"name\":\"marina\",\"@id\":\"https:\\\/\\\/blog.tmgrupoinmobiliario.com\\\/de\\\/#\\\/schema\\\/person\\\/788477479d35e623ab75c2fb194e7730\"},\"headline\":\"Wir spenden IT-Ausr\u00fcstung an die Stiftung Alinur\",\"datePublished\":\"2022-03-22T12:01:30+00:00\",\"dateModified\":\"2022-03-22T14:49:06+00:00\",\"mainEntityOfPage\":{\"@id\":\"https:\\\/\\\/blog.tmgrupoinmobiliario.com\\\/de\\\/2022\\\/03\\\/22\\\/wir-spenden-it-ausruestung-an-die-stiftung-alinur\\\/\"},\"wordCount\":384,\"commentCount\":0,\"image\":{\"@id\":\"https:\\\/\\\/blog.tmgrupoinmobiliario.com\\\/de\\\/2022\\\/03\\\/22\\\/wir-spenden-it-ausruestung-an-die-stiftung-alinur\\\/#primaryimage\"},\"thumbnailUrl\":\"https:\\\/\\\/blog.tmgrupoinmobiliario.com\\\/de\\\/wp-content\\\/uploads\\\/sites\\\/3\\\/2022\\\/03\\\/1000x6661.jpg\",\"keywords\":[\"tag-all\",\"tag-compromise\"],\"articleSection\":[\"Aktuell TM\",\"Corporativo\",\"TM Aktuell\"],\"inLanguage\":\"de\",\"potentialAction\":[{\"@type\":\"CommentAction\",\"name\":\"Comment\",\"target\":[\"https:\\\/\\\/blog.tmgrupoinmobiliario.com\\\/de\\\/2022\\\/03\\\/22\\\/wir-spenden-it-ausruestung-an-die-stiftung-alinur\\\/#respond\"]}]},{\"@type\":\"WebPage\",\"@id\":\"https:\\\/\\\/blog.tmgrupoinmobiliario.com\\\/de\\\/2022\\\/03\\\/22\\\/wir-spenden-it-ausruestung-an-die-stiftung-alinur\\\/\",\"url\":\"https:\\\/\\\/blog.tmgrupoinmobiliario.com\\\/de\\\/2022\\\/03\\\/22\\\/wir-spenden-it-ausruestung-an-die-stiftung-alinur\\\/\",\"name\":\"Wir spenden IT-Ausr\u00fcstung an die Stiftung Alinur - Deutsche\",\"isPartOf\":{\"@id\":\"https:\\\/\\\/blog.tmgrupoinmobiliario.com\\\/de\\\/#website\"},\"primaryImageOfPage\":{\"@id\":\"https:\\\/\\\/blog.tmgrupoinmobiliario.com\\\/de\\\/2022\\\/03\\\/22\\\/wir-spenden-it-ausruestung-an-die-stiftung-alinur\\\/#primaryimage\"},\"image\":{\"@id\":\"https:\\\/\\\/blog.tmgrupoinmobiliario.com\\\/de\\\/2022\\\/03\\\/22\\\/wir-spenden-it-ausruestung-an-die-stiftung-alinur\\\/#primaryimage\"},\"thumbnailUrl\":\"https:\\\/\\\/blog.tmgrupoinmobiliario.com\\\/de\\\/wp-content\\\/uploads\\\/sites\\\/3\\\/2022\\\/03\\\/1000x6661.jpg\",\"datePublished\":\"2022-03-22T12:01:30+00:00\",\"dateModified\":\"2022-03-22T14:49:06+00:00\",\"author\":{\"@id\":\"https:\\\/\\\/blog.tmgrupoinmobiliario.com\\\/de\\\/#\\\/schema\\\/person\\\/788477479d35e623ab75c2fb194e7730\"},\"description\":\"Con\u00e9ctate al Futuro f\u00f6rdert die Wiederverwendung von Ger\u00e4ten und tr\u00e4gt zur Verringerung der digitalen Kluft bei.\",\"breadcrumb\":{\"@id\":\"https:\\\/\\\/blog.tmgrupoinmobiliario.com\\\/de\\\/2022\\\/03\\\/22\\\/wir-spenden-it-ausruestung-an-die-stiftung-alinur\\\/#breadcrumb\"},\"inLanguage\":\"de\",\"potentialAction\":[{\"@type\":\"ReadAction\",\"target\":[\"https:\\\/\\\/blog.tmgrupoinmobiliario.com\\\/de\\\/2022\\\/03\\\/22\\\/wir-spenden-it-ausruestung-an-die-stiftung-alinur\\\/\"]}]},{\"@type\":\"ImageObject\",\"inLanguage\":\"de\",\"@id\":\"https:\\\/\\\/blog.tmgrupoinmobiliario.com\\\/de\\\/2022\\\/03\\\/22\\\/wir-spenden-it-ausruestung-an-die-stiftung-alinur\\\/#primaryimage\",\"url\":\"https:\\\/\\\/blog.tmgrupoinmobiliario.com\\\/de\\\/wp-content\\\/uploads\\\/sites\\\/3\\\/2022\\\/03\\\/1000x6661.jpg\",\"contentUrl\":\"https:\\\/\\\/blog.tmgrupoinmobiliario.com\\\/de\\\/wp-content\\\/uploads\\\/sites\\\/3\\\/2022\\\/03\\\/1000x6661.jpg\",\"width\":1000,\"height\":666},{\"@type\":\"BreadcrumbList\",\"@id\":\"https:\\\/\\\/blog.tmgrupoinmobiliario.com\\\/de\\\/2022\\\/03\\\/22\\\/wir-spenden-it-ausruestung-an-die-stiftung-alinur\\\/#breadcrumb\",\"itemListElement\":[{\"@type\":\"ListItem\",\"position\":1,\"name\":\"Portada\",\"item\":\"https:\\\/\\\/blog.tmgrupoinmobiliario.com\\\/de\\\/\"},{\"@type\":\"ListItem\",\"position\":2,\"name\":\"Wir spenden IT-Ausr\u00fcstung an die Stiftung Alinur\"}]},{\"@type\":\"WebSite\",\"@id\":\"https:\\\/\\\/blog.tmgrupoinmobiliario.com\\\/de\\\/#website\",\"url\":\"https:\\\/\\\/blog.tmgrupoinmobiliario.com\\\/de\\\/\",\"name\":\"Deutsche\",\"description\":\"Otro sitio m\u00e1s de Blog Desarrollo TM sitios\",\"potentialAction\":[{\"@type\":\"SearchAction\",\"target\":{\"@type\":\"EntryPoint\",\"urlTemplate\":\"https:\\\/\\\/blog.tmgrupoinmobiliario.com\\\/de\\\/?s={search_term_string}\"},\"query-input\":{\"@type\":\"PropertyValueSpecification\",\"valueRequired\":true,\"valueName\":\"search_term_string\"}}],\"inLanguage\":\"de\"},{\"@type\":\"Person\",\"@id\":\"https:\\\/\\\/blog.tmgrupoinmobiliario.com\\\/de\\\/#\\\/schema\\\/person\\\/788477479d35e623ab75c2fb194e7730\",\"name\":\"marina\",\"image\":{\"@type\":\"ImageObject\",\"inLanguage\":\"de\",\"@id\":\"https:\\\/\\\/secure.gravatar.com\\\/avatar\\\/34480839eb5b1bb235efe5be1b7e49218e07e314c17d1fb9ba5183ac5c2c64f3?s=96&d=mm&r=g\",\"url\":\"https:\\\/\\\/secure.gravatar.com\\\/avatar\\\/34480839eb5b1bb235efe5be1b7e49218e07e314c17d1fb9ba5183ac5c2c64f3?s=96&d=mm&r=g\",\"contentUrl\":\"https:\\\/\\\/secure.gravatar.com\\\/avatar\\\/34480839eb5b1bb235efe5be1b7e49218e07e314c17d1fb9ba5183ac5c2c64f3?s=96&d=mm&r=g\",\"caption\":\"marina\"},\"url\":\"https:\\\/\\\/blog.tmgrupoinmobiliario.com\\\/de\\\/author\\\/marina\\\/\"}]}<\/script>\n<!-- \/ Yoast SEO Premium plugin. -->","yoast_head_json":{"title":"Wir spenden IT-Ausr\u00fcstung an die Stiftung Alinur - Deutsche","description":"Con\u00e9ctate al Futuro f\u00f6rdert die Wiederverwendung von Ger\u00e4ten und tr\u00e4gt zur Verringerung der digitalen Kluft bei.","robots":{"index":"index","follow":"follow","max-snippet":"max-snippet:-1","max-image-preview":"max-image-preview:large","max-video-preview":"max-video-preview:-1"},"canonical":"https:\/\/blog.tmgrupoinmobiliario.com\/de\/2022\/03\/22\/wir-spenden-it-ausruestung-an-die-stiftung-alinur\/","og_locale":"de_DE","og_type":"article","og_title":"Wir spenden IT-Ausr\u00fcstung an die Stiftung Alinur","og_description":"Con\u00e9ctate al Futuro f\u00f6rdert die Wiederverwendung von Ger\u00e4ten und tr\u00e4gt zur Verringerung der digitalen Kluft bei.","og_url":"https:\/\/blog.tmgrupoinmobiliario.com\/de\/2022\/03\/22\/wir-spenden-it-ausruestung-an-die-stiftung-alinur\/","og_site_name":"Deutsche","article_published_time":"2022-03-22T12:01:30+00:00","article_modified_time":"2022-03-22T14:49:06+00:00","og_image":[{"width":1000,"height":666,"url":"https:\/\/blog.tmgrupoinmobiliario.com\/de\/wp-content\/uploads\/sites\/3\/2022\/03\/1000x6661.jpg","type":"image\/jpeg"}],"author":"marina","twitter_card":"summary_large_image","twitter_misc":{"Geschrieben von":"marina","Gesch\u00e4tzte Lesezeit":"3\u00a0Minuten"},"schema":{"@context":"https:\/\/schema.org","@graph":[{"@type":"Article","@id":"https:\/\/blog.tmgrupoinmobiliario.com\/de\/2022\/03\/22\/wir-spenden-it-ausruestung-an-die-stiftung-alinur\/#article","isPartOf":{"@id":"https:\/\/blog.tmgrupoinmobiliario.com\/de\/2022\/03\/22\/wir-spenden-it-ausruestung-an-die-stiftung-alinur\/"},"author":{"name":"marina","@id":"https:\/\/blog.tmgrupoinmobiliario.com\/de\/#\/schema\/person\/788477479d35e623ab75c2fb194e7730"},"headline":"Wir spenden IT-Ausr\u00fcstung an die Stiftung Alinur","datePublished":"2022-03-22T12:01:30+00:00","dateModified":"2022-03-22T14:49:06+00:00","mainEntityOfPage":{"@id":"https:\/\/blog.tmgrupoinmobiliario.com\/de\/2022\/03\/22\/wir-spenden-it-ausruestung-an-die-stiftung-alinur\/"},"wordCount":384,"commentCount":0,"image":{"@id":"https:\/\/blog.tmgrupoinmobiliario.com\/de\/2022\/03\/22\/wir-spenden-it-ausruestung-an-die-stiftung-alinur\/#primaryimage"},"thumbnailUrl":"https:\/\/blog.tmgrupoinmobiliario.com\/de\/wp-content\/uploads\/sites\/3\/2022\/03\/1000x6661.jpg","keywords":["tag-all","tag-compromise"],"articleSection":["Aktuell TM","Corporativo","TM Aktuell"],"inLanguage":"de","potentialAction":[{"@type":"CommentAction","name":"Comment","target":["https:\/\/blog.tmgrupoinmobiliario.com\/de\/2022\/03\/22\/wir-spenden-it-ausruestung-an-die-stiftung-alinur\/#respond"]}]},{"@type":"WebPage","@id":"https:\/\/blog.tmgrupoinmobiliario.com\/de\/2022\/03\/22\/wir-spenden-it-ausruestung-an-die-stiftung-alinur\/","url":"https:\/\/blog.tmgrupoinmobiliario.com\/de\/2022\/03\/22\/wir-spenden-it-ausruestung-an-die-stiftung-alinur\/","name":"Wir spenden IT-Ausr\u00fcstung an die Stiftung Alinur - Deutsche","isPartOf":{"@id":"https:\/\/blog.tmgrupoinmobiliario.com\/de\/#website"},"primaryImageOfPage":{"@id":"https:\/\/blog.tmgrupoinmobiliario.com\/de\/2022\/03\/22\/wir-spenden-it-ausruestung-an-die-stiftung-alinur\/#primaryimage"},"image":{"@id":"https:\/\/blog.tmgrupoinmobiliario.com\/de\/2022\/03\/22\/wir-spenden-it-ausruestung-an-die-stiftung-alinur\/#primaryimage"},"thumbnailUrl":"https:\/\/blog.tmgrupoinmobiliario.com\/de\/wp-content\/uploads\/sites\/3\/2022\/03\/1000x6661.jpg","datePublished":"2022-03-22T12:01:30+00:00","dateModified":"2022-03-22T14:49:06+00:00","author":{"@id":"https:\/\/blog.tmgrupoinmobiliario.com\/de\/#\/schema\/person\/788477479d35e623ab75c2fb194e7730"},"description":"Con\u00e9ctate al Futuro f\u00f6rdert die Wiederverwendung von Ger\u00e4ten und tr\u00e4gt zur Verringerung der digitalen Kluft bei.","breadcrumb":{"@id":"https:\/\/blog.tmgrupoinmobiliario.com\/de\/2022\/03\/22\/wir-spenden-it-ausruestung-an-die-stiftung-alinur\/#breadcrumb"},"inLanguage":"de","potentialAction":[{"@type":"ReadAction","target":["https:\/\/blog.tmgrupoinmobiliario.com\/de\/2022\/03\/22\/wir-spenden-it-ausruestung-an-die-stiftung-alinur\/"]}]},{"@type":"ImageObject","inLanguage":"de","@id":"https:\/\/blog.tmgrupoinmobiliario.com\/de\/2022\/03\/22\/wir-spenden-it-ausruestung-an-die-stiftung-alinur\/#primaryimage","url":"https:\/\/blog.tmgrupoinmobiliario.com\/de\/wp-content\/uploads\/sites\/3\/2022\/03\/1000x6661.jpg","contentUrl":"https:\/\/blog.tmgrupoinmobiliario.com\/de\/wp-content\/uploads\/sites\/3\/2022\/03\/1000x6661.jpg","width":1000,"height":666},{"@type":"BreadcrumbList","@id":"https:\/\/blog.tmgrupoinmobiliario.com\/de\/2022\/03\/22\/wir-spenden-it-ausruestung-an-die-stiftung-alinur\/#breadcrumb","itemListElement":[{"@type":"ListItem","position":1,"name":"Portada","item":"https:\/\/blog.tmgrupoinmobiliario.com\/de\/"},{"@type":"ListItem","position":2,"name":"Wir spenden IT-Ausr\u00fcstung an die Stiftung Alinur"}]},{"@type":"WebSite","@id":"https:\/\/blog.tmgrupoinmobiliario.com\/de\/#website","url":"https:\/\/blog.tmgrupoinmobiliario.com\/de\/","name":"Deutsche","description":"Otro sitio m\u00e1s de Blog Desarrollo TM sitios","potentialAction":[{"@type":"SearchAction","target":{"@type":"EntryPoint","urlTemplate":"https:\/\/blog.tmgrupoinmobiliario.com\/de\/?s={search_term_string}"},"query-input":{"@type":"PropertyValueSpecification","valueRequired":true,"valueName":"search_term_string"}}],"inLanguage":"de"},{"@type":"Person","@id":"https:\/\/blog.tmgrupoinmobiliario.com\/de\/#\/schema\/person\/788477479d35e623ab75c2fb194e7730","name":"marina","image":{"@type":"ImageObject","inLanguage":"de","@id":"https:\/\/secure.gravatar.com\/avatar\/34480839eb5b1bb235efe5be1b7e49218e07e314c17d1fb9ba5183ac5c2c64f3?s=96&d=mm&r=g","url":"https:\/\/secure.gravatar.com\/avatar\/34480839eb5b1bb235efe5be1b7e49218e07e314c17d1fb9ba5183ac5c2c64f3?s=96&d=mm&r=g","contentUrl":"https:\/\/secure.gravatar.com\/avatar\/34480839eb5b1bb235efe5be1b7e49218e07e314c17d1fb9ba5183ac5c2c64f3?s=96&d=mm&r=g","caption":"marina"},"url":"https:\/\/blog.tmgrupoinmobiliario.com\/de\/author\/marina\/"}]}},"jetpack_featured_media_url":"https:\/\/blog.tmgrupoinmobiliario.com\/de\/wp-content\/uploads\/sites\/3\/2022\/03\/1000x6661.jpg","jetpack_sharing_enabled":true,"_links":{"self":[{"href":"https:\/\/blog.tmgrupoinmobiliario.com\/de\/wp-json\/wp\/v2\/posts\/14903","targetHints":{"allow":["GET"]}}],"collection":[{"href":"https:\/\/blog.tmgrupoinmobiliario.com\/de\/wp-json\/wp\/v2\/posts"}],"about":[{"href":"https:\/\/blog.tmgrupoinmobiliario.com\/de\/wp-json\/wp\/v2\/types\/post"}],"author":[{"embeddable":true,"href":"https:\/\/blog.tmgrupoinmobiliario.com\/de\/wp-json\/wp\/v2\/users\/11716"}],"replies":[{"embeddable":true,"href":"https:\/\/blog.tmgrupoinmobiliario.com\/de\/wp-json\/wp\/v2\/comments?post=14903"}],"version-history":[{"count":10,"href":"https:\/\/blog.tmgrupoinmobiliario.com\/de\/wp-json\/wp\/v2\/posts\/14903\/revisions"}],"predecessor-version":[{"id":14919,"href":"https:\/\/blog.tmgrupoinmobiliario.com\/de\/wp-json\/wp\/v2\/posts\/14903\/revisions\/14919"}],"wp:featuredmedia":[{"embeddable":true,"href":"https:\/\/blog.tmgrupoinmobiliario.com\/de\/wp-json\/wp\/v2\/media\/14906"}],"wp:attachment":[{"href":"https:\/\/blog.tmgrupoinmobiliario.com\/de\/wp-json\/wp\/v2\/media?parent=14903"}],"wp:term":[{"taxonomy":"category","embeddable":true,"href":"https:\/\/blog.tmgrupoinmobiliario.com\/de\/wp-json\/wp\/v2\/categories?post=14903"},{"taxonomy":"post_tag","embeddable":true,"href":"https:\/\/blog.tmgrupoinmobiliario.com\/de\/wp-json\/wp\/v2\/tags?post=14903"}],"curies":[{"name":"wp","href":"https:\/\/api.w.org\/{rel}","templated":true}]}}