{"id":14598,"date":"2021-09-15T11:30:53","date_gmt":"2021-09-15T09:30:53","guid":{"rendered":"https:\/\/blog.tmgrupoinmobiliario.com\/de\/?p=14598"},"modified":"2021-09-15T11:30:53","modified_gmt":"2021-09-15T09:30:53","slug":"mit-der-neuen-marke-las-moreras-fruit-veggies-entwickelt-tm-grupo-inmobiliario-sein-agrobusiness","status":"publish","type":"post","link":"https:\/\/blog.tmgrupoinmobiliario.com\/de\/2021\/09\/15\/mit-der-neuen-marke-las-moreras-fruit-veggies-entwickelt-tm-grupo-inmobiliario-sein-agrobusiness\/","title":{"rendered":"Mit der neuen Marke \u201eLas Moreras Fruit &amp; Veggies\u201c entwickelt TM Grupo Inmobiliario sein Agrobusiness"},"content":{"rendered":"<p>&nbsp;<\/p>\n<p><strong>Torrevieja, 13. September 2021<\/strong> \u2013 Mit der Markteinf\u00fchrung von \u201eLas Moreras Fruit &amp; Veggies\u201c erweitert <a href=\"https:\/\/www.tmgrupoinmobiliario.com\/\"><strong>TM Grupo Inmobiliario<\/strong><\/a> aus Alicante seine T\u00e4tigkeit, die bisher ma\u00dfgeblich auf Wohntourismus, Bau und Entwicklung von Zweitwohnungen entlang der Mittelmeerk\u00fcste <strong>spezialisiert war.<\/strong><\/p>\n<p>Las Moreas Fruit &amp; Veggies ist 2009 aus der Landwirtschaftssparte der Gruppe entstanden und soll die landwirtschaftlichen Nutzfl\u00e4chen ihres Portfolios bewirtschaften.<\/p>\n<p>Das Gesch\u00e4ft der Firma wird so um eine Sparte erweitert, die auf Verpackung, Vermarktung und Export von Produkten spezialisiert ist, die unter der Eigenmarke, White Label oder \u00fcber Dritte angeboten werden. Der Verkauf erfolgt zudem online und direkt in einem Feinschmeckerladen. Damit soll der Wert der landwirtschaftlich genutzten Fincas gesteigert, regionale Produzenten Dienstleistungen und Unterst\u00fctzung angeboten und ein Beitrag zu einer nachhaltigen Entwicklung in der Segura-Tiefebene (Vega Baja del Segura) geleistet werden.<\/p>\n<p>Benannt ist die neue Marke nach <strong>Las Moreras<\/strong>, einer der bekanntesten Fincas der Gruppe, die zwischen Almorad\u00ed und Los Montesinos gelegen und schon seit dem 19. Jahrhundert Vorreiter in landwirtschaftlicher Betriebsf\u00fchrung ist.<\/p>\n<p>Mit dem Bau einer <strong>modernen<\/strong>, <strong>3000 m\u00b2 gro\u00dfen und erweiterbaren Halle sowie einer ersten Investition von 1,5 Mio. Euro wurden mit Las Moreras Fruit &amp; Veggies neue Impulse <\/strong>\u00a0gesetzt.Die energieeffizienten Anlagen sind mit modernsten Maschinen ausgestattet, <strong>um Zitrusfr\u00fcchte aus traditionellem sowie biologischem Obstbau zu vermarkten<\/strong>.<\/p>\n<p>Im Moment besitzt die Landwirtschaftssparte \u00fcber 150 Hektar Nutzfl\u00e4che, verteilt auf verschiedene Fincas in der Segura-Tiefebene. Dort werden Zitronen, Orangen, Mandarinen und verschiedene Arten von Limetten angebaut, aber auch Mandeln und diverse Gem\u00fcsesorten.<\/p>\n<p><strong>Nachhaltigkeit hat f\u00fcr Las Moreras Fruit &amp; Veggies Priorit\u00e4t. <\/strong>Die auf den Fincas angebauten Produkte werden nach der Ernte sofort verpackt und <strong>bleiben somit garantiert frisch,<\/strong> und<strong>die l\u00fcckenlose Kontrolle<\/strong> der Verarbeitung gew\u00e4hrleistet h\u00f6chste Qualit\u00e4t. Erw\u00e4hnenswert sind auch <strong>die nachhaltige Wassernutzung und der Einsatz erneuerbarer Energien <\/strong>dank modernster Photovoltaikplatten auf der Verdachung. \u00dcbrigens: Die Fincas verf\u00fcgen bereits \u00fcber ein <strong>Team vor Ort mit langj\u00e4hriger Erfahrung in diesem Sektor<\/strong>.<\/p>\n<p>Mit <strong>Pr\u00e4senz auf lokaler, regionaler und nationaler Ebene<\/strong><strong> wird nach Europa<\/strong> exportiert, unter anderem nach<strong> Polen, Italien, D\u00e4nemark, Frankreich, Malta und in die Niederlande<\/strong>. Im letzten Jahr begann zudem die sehr erfolgreiche <strong>Ausfuhr in au\u00dfereurop\u00e4ische L\u00e4nder<\/strong>, genauer gesagt <strong>nach<\/strong> <strong>Kolumbien<\/strong>. Auf kurze Sicht soll das Wachstum auf dem lokalen und nationalen Markt gefestigt sowie neue M\u00e4rkte wie <strong>Gro\u00dfbritannien und Deutschland<\/strong> erschlossen werden.<\/p>\n<p><strong>Jes\u00fas Serna, Generaldirektor f\u00fcr Diversifikation:<\/strong><em> \u201eDie Segura-Tiefebene ist fruchtbares Land und hat landesweit einen der besten B\u00f6den. Der Agrarsektor ist speziell f\u00fcr Zitrusfr\u00fcchte sehr entwickelt und dynamisch. Wir wissen, dass die Konkurrenz gro\u00df ist und dass es vor allem darum geht, R\u00fcckverfolgbarkeit, Frische und Gehalt der Produkte durch eine geeignete Infrastruktur zu garantieren. Au\u00dferdem wollen wir lokalen Landwirten mit ihren Produkten Zugang zum internationalen Markt erm\u00f6glichen.\u201c \u201eWir haben in diesen Anfangsmonaten nicht nur einen neuen Betrieb aufgebaut, sondern auch daran gearbeitet, neue Partner mit ins Boot zu holen, denn wir wollen Produktion und Vermarktung steigern und mehr strategische Partnerschaften eingehen.\u201c<\/em><\/p>\n","protected":false},"excerpt":{"rendered":"<p>&nbsp; Torrevieja, 13. September 2021 \u2013 Mit der Markteinf\u00fchrung von \u201eLas Moreras Fruit &amp; Veggies\u201c erweitert TM Grupo Inmobiliario aus Alicante seine T\u00e4tigkeit, die bisher ma\u00dfgeblich auf Wohntourismus, Bau und Entwicklung von Zweitwohnungen entlang der Mittelmeerk\u00fcste spezialisiert war. Las Moreas Fruit &amp; Veggies ist 2009 aus der Landwirtschaftssparte der Gruppe entstanden und soll die landwirtschaftlichen [&hellip;]<\/p>\n","protected":false},"author":11723,"featured_media":14608,"comment_status":"open","ping_status":"open","sticky":false,"template":"","format":"standard","meta":{"_jetpack_memberships_contains_paid_content":false,"footnotes":""},"categories":[19,66,72],"tags":[80,55],"class_list":["post-14598","post","type-post","status-publish","format-standard","has-post-thumbnail","hentry","category-aktuell-news","category-corporativo","category-notas-prensa","tag-tag-all","tag-tag-compromise","formato-comunicacion"],"better_featured_image":{"id":14608,"alt_text":"","caption":"","description":"","media_type":"image","media_details":{"width":1000,"height":666,"file":"2021\/09\/1000-x-666.jpg","sizes":{"medium":{"file":"1000-x-666-300x200.jpg","width":300,"height":200,"mime-type":"image\/jpeg","source_url":"https:\/\/blog.tmgrupoinmobiliario.com\/de\/wp-content\/uploads\/sites\/3\/2021\/09\/1000-x-666-300x200.jpg"},"thumbnail":{"file":"1000-x-666-150x150.jpg","width":150,"height":150,"mime-type":"image\/jpeg","source_url":"https:\/\/blog.tmgrupoinmobiliario.com\/de\/wp-content\/uploads\/sites\/3\/2021\/09\/1000-x-666-150x150.jpg"},"medium_large":{"file":"1000-x-666-768x511.jpg","width":768,"height":511,"mime-type":"image\/jpeg","source_url":"https:\/\/blog.tmgrupoinmobiliario.com\/de\/wp-content\/uploads\/sites\/3\/2021\/09\/1000-x-666-768x511.jpg"}},"image_meta":{"aperture":"0","credit":"","camera":"","caption":"","created_timestamp":"0","copyright":"","focal_length":"0","iso":"0","shutter_speed":"0","title":"","orientation":"1","keywords":[]}},"post":14598,"source_url":"https:\/\/blog.tmgrupoinmobiliario.com\/de\/wp-content\/uploads\/sites\/3\/2021\/09\/1000-x-666.jpg"},"acf":{"imagen_destacada_desktop":"https:\/\/blog.tmgrupoinmobiliario.com\/de\/wp-content\/uploads\/sites\/3\/2021\/09\/1920-x-870-1.jpg","imagen_destacada_mobile":"https:\/\/blog.tmgrupoinmobiliario.com\/de\/wp-content\/uploads\/sites\/3\/2021\/09\/540-x-540-1.jpg","formato":{"term_id":76,"name":"Comunicaci\u00f3n","slug":"comunicacion","term_group":0,"term_taxonomy_id":76,"taxonomy":"formato","description":"","parent":0,"count":127,"filter":"raw"},"entradilla":"\u2022\tF\u00fcr  Maschinerie und Energieeffizienz der neuen 3 000 m\u00b2 gro\u00dfen Anlage wurden 1,5 Millionen Euro in neuste Technologie investiert.\r\n\u2022\tLas Moreras verpackt, vermarktet und exportiert Produkte unter  Eigenmarke, White Label und durch externe Anbieter. Der Verkauf erfolgt zudem online und direkt in einem Feinschmeckerladen.\r\n","etiquetas":"","cabecera_escritorio":"https:\/\/blog.tmgrupoinmobiliario.com\/de\/wp-content\/uploads\/sites\/3\/2021\/09\/1200-x-300-1.jpg","cabecera_mobile":"https:\/\/blog.tmgrupoinmobiliario.com\/de\/wp-content\/uploads\/sites\/3\/2021\/09\/768-x-768-1.jpg","galeria":[{"ID":14604,"id":14604,"title":"1026 x 768 Enc","filename":"1026-x-768-Enc.jpg","filesize":836880,"url":"https:\/\/blog.tmgrupoinmobiliario.com\/de\/wp-content\/uploads\/sites\/3\/2021\/09\/1026-x-768-Enc.jpg","link":"https:\/\/blog.tmgrupoinmobiliario.com\/de\/2021\/09\/15\/mit-der-neuen-marke-las-moreras-fruit-veggies-entwickelt-tm-grupo-inmobiliario-sein-agrobusiness\/1026-x-768-enc\/","alt":"","author":"11723","description":"","caption":"","name":"1026-x-768-enc","status":"inherit","uploaded_to":14598,"date":"2021-09-15 09:28:31","modified":"2021-09-15 09:28:31","menu_order":0,"mime_type":"image\/jpeg","type":"image","subtype":"jpeg","icon":"https:\/\/blog.tmgrupoinmobiliario.com\/de\/wp-includes\/images\/media\/default.png","width":1026,"height":768,"sizes":{"thumbnail":"https:\/\/blog.tmgrupoinmobiliario.com\/de\/wp-content\/uploads\/sites\/3\/2021\/09\/1026-x-768-Enc-150x150.jpg","thumbnail-width":150,"thumbnail-height":150,"medium":"https:\/\/blog.tmgrupoinmobiliario.com\/de\/wp-content\/uploads\/sites\/3\/2021\/09\/1026-x-768-Enc-300x225.jpg","medium-width":300,"medium-height":225,"medium_large":"https:\/\/blog.tmgrupoinmobiliario.com\/de\/wp-content\/uploads\/sites\/3\/2021\/09\/1026-x-768-Enc-768x575.jpg","medium_large-width":768,"medium_large-height":575,"large":"https:\/\/blog.tmgrupoinmobiliario.com\/de\/wp-content\/uploads\/sites\/3\/2021\/09\/1026-x-768-Enc-1024x767.jpg","large-width":1024,"large-height":767,"1536x1536":"https:\/\/blog.tmgrupoinmobiliario.com\/de\/wp-content\/uploads\/sites\/3\/2021\/09\/1026-x-768-Enc.jpg","1536x1536-width":1026,"1536x1536-height":768,"2048x2048":"https:\/\/blog.tmgrupoinmobiliario.com\/de\/wp-content\/uploads\/sites\/3\/2021\/09\/1026-x-768-Enc.jpg","2048x2048-width":1026,"2048x2048-height":768}},{"ID":14605,"id":14605,"title":"Untitled-10","filename":"Untitled-10.jpg","filesize":1011876,"url":"https:\/\/blog.tmgrupoinmobiliario.com\/de\/wp-content\/uploads\/sites\/3\/2021\/09\/Untitled-10.jpg","link":"https:\/\/blog.tmgrupoinmobiliario.com\/de\/2021\/09\/15\/mit-der-neuen-marke-las-moreras-fruit-veggies-entwickelt-tm-grupo-inmobiliario-sein-agrobusiness\/untitled-10\/","alt":"","author":"11723","description":"","caption":"","name":"untitled-10","status":"inherit","uploaded_to":14598,"date":"2021-09-15 09:28:38","modified":"2021-09-15 09:28:38","menu_order":0,"mime_type":"image\/jpeg","type":"image","subtype":"jpeg","icon":"https:\/\/blog.tmgrupoinmobiliario.com\/de\/wp-includes\/images\/media\/default.png","width":1026,"height":768,"sizes":{"thumbnail":"https:\/\/blog.tmgrupoinmobiliario.com\/de\/wp-content\/uploads\/sites\/3\/2021\/09\/Untitled-10-150x150.jpg","thumbnail-width":150,"thumbnail-height":150,"medium":"https:\/\/blog.tmgrupoinmobiliario.com\/de\/wp-content\/uploads\/sites\/3\/2021\/09\/Untitled-10-300x225.jpg","medium-width":300,"medium-height":225,"medium_large":"https:\/\/blog.tmgrupoinmobiliario.com\/de\/wp-content\/uploads\/sites\/3\/2021\/09\/Untitled-10-768x575.jpg","medium_large-width":768,"medium_large-height":575,"large":"https:\/\/blog.tmgrupoinmobiliario.com\/de\/wp-content\/uploads\/sites\/3\/2021\/09\/Untitled-10-1024x767.jpg","large-width":1024,"large-height":767,"1536x1536":"https:\/\/blog.tmgrupoinmobiliario.com\/de\/wp-content\/uploads\/sites\/3\/2021\/09\/Untitled-10.jpg","1536x1536-width":1026,"1536x1536-height":768,"2048x2048":"https:\/\/blog.tmgrupoinmobiliario.com\/de\/wp-content\/uploads\/sites\/3\/2021\/09\/Untitled-10.jpg","2048x2048-width":1026,"2048x2048-height":768}},{"ID":14606,"id":14606,"title":"1026 x 768","filename":"1026-x-768.jpg","filesize":498894,"url":"https:\/\/blog.tmgrupoinmobiliario.com\/de\/wp-content\/uploads\/sites\/3\/2021\/09\/1026-x-768.jpg","link":"https:\/\/blog.tmgrupoinmobiliario.com\/de\/2021\/09\/15\/mit-der-neuen-marke-las-moreras-fruit-veggies-entwickelt-tm-grupo-inmobiliario-sein-agrobusiness\/1026-x-768\/","alt":"","author":"11723","description":"","caption":"","name":"1026-x-768","status":"inherit","uploaded_to":14598,"date":"2021-09-15 09:28:53","modified":"2021-09-15 09:28:53","menu_order":0,"mime_type":"image\/jpeg","type":"image","subtype":"jpeg","icon":"https:\/\/blog.tmgrupoinmobiliario.com\/de\/wp-includes\/images\/media\/default.png","width":1026,"height":768,"sizes":{"thumbnail":"https:\/\/blog.tmgrupoinmobiliario.com\/de\/wp-content\/uploads\/sites\/3\/2021\/09\/1026-x-768-150x150.jpg","thumbnail-width":150,"thumbnail-height":150,"medium":"https:\/\/blog.tmgrupoinmobiliario.com\/de\/wp-content\/uploads\/sites\/3\/2021\/09\/1026-x-768-300x225.jpg","medium-width":300,"medium-height":225,"medium_large":"https:\/\/blog.tmgrupoinmobiliario.com\/de\/wp-content\/uploads\/sites\/3\/2021\/09\/1026-x-768-768x575.jpg","medium_large-width":768,"medium_large-height":575,"large":"https:\/\/blog.tmgrupoinmobiliario.com\/de\/wp-content\/uploads\/sites\/3\/2021\/09\/1026-x-768-1024x767.jpg","large-width":1024,"large-height":767,"1536x1536":"https:\/\/blog.tmgrupoinmobiliario.com\/de\/wp-content\/uploads\/sites\/3\/2021\/09\/1026-x-768.jpg","1536x1536-width":1026,"1536x1536-height":768,"2048x2048":"https:\/\/blog.tmgrupoinmobiliario.com\/de\/wp-content\/uploads\/sites\/3\/2021\/09\/1026-x-768.jpg","2048x2048-width":1026,"2048x2048-height":768}},{"ID":14607,"id":14607,"title":"Untitled-12","filename":"Untitled-12.jpg","filesize":1161046,"url":"https:\/\/blog.tmgrupoinmobiliario.com\/de\/wp-content\/uploads\/sites\/3\/2021\/09\/Untitled-12.jpg","link":"https:\/\/blog.tmgrupoinmobiliario.com\/de\/2021\/09\/15\/mit-der-neuen-marke-las-moreras-fruit-veggies-entwickelt-tm-grupo-inmobiliario-sein-agrobusiness\/untitled-12\/","alt":"","author":"11723","description":"","caption":"","name":"untitled-12","status":"inherit","uploaded_to":14598,"date":"2021-09-15 09:29:05","modified":"2021-09-15 09:29:05","menu_order":0,"mime_type":"image\/jpeg","type":"image","subtype":"jpeg","icon":"https:\/\/blog.tmgrupoinmobiliario.com\/de\/wp-includes\/images\/media\/default.png","width":1026,"height":768,"sizes":{"thumbnail":"https:\/\/blog.tmgrupoinmobiliario.com\/de\/wp-content\/uploads\/sites\/3\/2021\/09\/Untitled-12-150x150.jpg","thumbnail-width":150,"thumbnail-height":150,"medium":"https:\/\/blog.tmgrupoinmobiliario.com\/de\/wp-content\/uploads\/sites\/3\/2021\/09\/Untitled-12-300x225.jpg","medium-width":300,"medium-height":225,"medium_large":"https:\/\/blog.tmgrupoinmobiliario.com\/de\/wp-content\/uploads\/sites\/3\/2021\/09\/Untitled-12-768x575.jpg","medium_large-width":768,"medium_large-height":575,"large":"https:\/\/blog.tmgrupoinmobiliario.com\/de\/wp-content\/uploads\/sites\/3\/2021\/09\/Untitled-12-1024x767.jpg","large-width":1024,"large-height":767,"1536x1536":"https:\/\/blog.tmgrupoinmobiliario.com\/de\/wp-content\/uploads\/sites\/3\/2021\/09\/Untitled-12.jpg","1536x1536-width":1026,"1536x1536-height":768,"2048x2048":"https:\/\/blog.tmgrupoinmobiliario.com\/de\/wp-content\/uploads\/sites\/3\/2021\/09\/Untitled-12.jpg","2048x2048-width":1026,"2048x2048-height":768}}]},"yoast_head":"<!-- This site is optimized with the Yoast SEO Premium plugin v23.6 (Yoast SEO v27.5) - https:\/\/yoast.com\/product\/yoast-seo-premium-wordpress\/ -->\n<title>Mit der neuen Marke \u201eLas Moreras Fruit &amp; Veggies\u201c entwickelt TM Grupo Inmobiliario sein Agrobusiness - Deutsche<\/title>\n<meta name=\"robots\" content=\"index, follow, max-snippet:-1, max-image-preview:large, max-video-preview:-1\" \/>\n<link rel=\"canonical\" href=\"https:\/\/blog.tmgrupoinmobiliario.com\/de\/2021\/09\/15\/mit-der-neuen-marke-las-moreras-fruit-veggies-entwickelt-tm-grupo-inmobiliario-sein-agrobusiness\/\" \/>\n<meta property=\"og:locale\" content=\"de_DE\" \/>\n<meta property=\"og:type\" content=\"article\" \/>\n<meta property=\"og:title\" content=\"Mit der neuen Marke \u201eLas Moreras Fruit &amp; Veggies\u201c entwickelt TM Grupo Inmobiliario sein Agrobusiness\" \/>\n<meta property=\"og:description\" content=\"&nbsp; Torrevieja, 13. September 2021 \u2013 Mit der Markteinf\u00fchrung von \u201eLas Moreras Fruit &amp; Veggies\u201c erweitert TM Grupo Inmobiliario aus Alicante seine T\u00e4tigkeit, die bisher ma\u00dfgeblich auf Wohntourismus, Bau und Entwicklung von Zweitwohnungen entlang der Mittelmeerk\u00fcste spezialisiert war. Las Moreas Fruit &amp; Veggies ist 2009 aus der Landwirtschaftssparte der Gruppe entstanden und soll die landwirtschaftlichen [&hellip;]\" \/>\n<meta property=\"og:url\" content=\"https:\/\/blog.tmgrupoinmobiliario.com\/de\/2021\/09\/15\/mit-der-neuen-marke-las-moreras-fruit-veggies-entwickelt-tm-grupo-inmobiliario-sein-agrobusiness\/\" \/>\n<meta property=\"og:site_name\" content=\"Deutsche\" \/>\n<meta property=\"article:published_time\" content=\"2021-09-15T09:30:53+00:00\" \/>\n<meta property=\"og:image\" content=\"https:\/\/blog.tmgrupoinmobiliario.com\/de\/wp-content\/uploads\/sites\/3\/2021\/09\/1000-x-666.jpg\" \/>\n\t<meta property=\"og:image:width\" content=\"1000\" \/>\n\t<meta property=\"og:image:height\" content=\"666\" \/>\n\t<meta property=\"og:image:type\" content=\"image\/jpeg\" \/>\n<meta name=\"author\" content=\"sabina\" \/>\n<meta name=\"twitter:card\" content=\"summary_large_image\" \/>\n<meta name=\"twitter:label1\" content=\"Geschrieben von\" \/>\n\t<meta name=\"twitter:data1\" content=\"sabina\" \/>\n\t<meta name=\"twitter:label2\" content=\"Gesch\u00e4tzte Lesezeit\" \/>\n\t<meta name=\"twitter:data2\" content=\"2\u00a0Minuten\" \/>\n<script type=\"application\/ld+json\" class=\"yoast-schema-graph\">{\"@context\":\"https:\\\/\\\/schema.org\",\"@graph\":[{\"@type\":\"Article\",\"@id\":\"https:\\\/\\\/blog.tmgrupoinmobiliario.com\\\/de\\\/2021\\\/09\\\/15\\\/mit-der-neuen-marke-las-moreras-fruit-veggies-entwickelt-tm-grupo-inmobiliario-sein-agrobusiness\\\/#article\",\"isPartOf\":{\"@id\":\"https:\\\/\\\/blog.tmgrupoinmobiliario.com\\\/de\\\/2021\\\/09\\\/15\\\/mit-der-neuen-marke-las-moreras-fruit-veggies-entwickelt-tm-grupo-inmobiliario-sein-agrobusiness\\\/\"},\"author\":{\"name\":\"sabina\",\"@id\":\"https:\\\/\\\/blog.tmgrupoinmobiliario.com\\\/de\\\/#\\\/schema\\\/person\\\/27af0dbfdce919d609baf4fed660de3b\"},\"headline\":\"Mit der neuen Marke \u201eLas Moreras Fruit &amp; Veggies\u201c entwickelt TM Grupo Inmobiliario sein Agrobusiness\",\"datePublished\":\"2021-09-15T09:30:53+00:00\",\"mainEntityOfPage\":{\"@id\":\"https:\\\/\\\/blog.tmgrupoinmobiliario.com\\\/de\\\/2021\\\/09\\\/15\\\/mit-der-neuen-marke-las-moreras-fruit-veggies-entwickelt-tm-grupo-inmobiliario-sein-agrobusiness\\\/\"},\"wordCount\":514,\"commentCount\":0,\"image\":{\"@id\":\"https:\\\/\\\/blog.tmgrupoinmobiliario.com\\\/de\\\/2021\\\/09\\\/15\\\/mit-der-neuen-marke-las-moreras-fruit-veggies-entwickelt-tm-grupo-inmobiliario-sein-agrobusiness\\\/#primaryimage\"},\"thumbnailUrl\":\"https:\\\/\\\/blog.tmgrupoinmobiliario.com\\\/de\\\/wp-content\\\/uploads\\\/sites\\\/3\\\/2021\\\/09\\\/1000-x-666.jpg\",\"keywords\":[\"tag-all\",\"tag-compromise\"],\"articleSection\":[\"Aktuell TM\",\"Corporativo\",\"Pressemitteilung\"],\"inLanguage\":\"de\",\"potentialAction\":[{\"@type\":\"CommentAction\",\"name\":\"Comment\",\"target\":[\"https:\\\/\\\/blog.tmgrupoinmobiliario.com\\\/de\\\/2021\\\/09\\\/15\\\/mit-der-neuen-marke-las-moreras-fruit-veggies-entwickelt-tm-grupo-inmobiliario-sein-agrobusiness\\\/#respond\"]}]},{\"@type\":\"WebPage\",\"@id\":\"https:\\\/\\\/blog.tmgrupoinmobiliario.com\\\/de\\\/2021\\\/09\\\/15\\\/mit-der-neuen-marke-las-moreras-fruit-veggies-entwickelt-tm-grupo-inmobiliario-sein-agrobusiness\\\/\",\"url\":\"https:\\\/\\\/blog.tmgrupoinmobiliario.com\\\/de\\\/2021\\\/09\\\/15\\\/mit-der-neuen-marke-las-moreras-fruit-veggies-entwickelt-tm-grupo-inmobiliario-sein-agrobusiness\\\/\",\"name\":\"Mit der neuen Marke \u201eLas Moreras Fruit &amp; Veggies\u201c entwickelt TM Grupo Inmobiliario sein Agrobusiness - Deutsche\",\"isPartOf\":{\"@id\":\"https:\\\/\\\/blog.tmgrupoinmobiliario.com\\\/de\\\/#website\"},\"primaryImageOfPage\":{\"@id\":\"https:\\\/\\\/blog.tmgrupoinmobiliario.com\\\/de\\\/2021\\\/09\\\/15\\\/mit-der-neuen-marke-las-moreras-fruit-veggies-entwickelt-tm-grupo-inmobiliario-sein-agrobusiness\\\/#primaryimage\"},\"image\":{\"@id\":\"https:\\\/\\\/blog.tmgrupoinmobiliario.com\\\/de\\\/2021\\\/09\\\/15\\\/mit-der-neuen-marke-las-moreras-fruit-veggies-entwickelt-tm-grupo-inmobiliario-sein-agrobusiness\\\/#primaryimage\"},\"thumbnailUrl\":\"https:\\\/\\\/blog.tmgrupoinmobiliario.com\\\/de\\\/wp-content\\\/uploads\\\/sites\\\/3\\\/2021\\\/09\\\/1000-x-666.jpg\",\"datePublished\":\"2021-09-15T09:30:53+00:00\",\"author\":{\"@id\":\"https:\\\/\\\/blog.tmgrupoinmobiliario.com\\\/de\\\/#\\\/schema\\\/person\\\/27af0dbfdce919d609baf4fed660de3b\"},\"breadcrumb\":{\"@id\":\"https:\\\/\\\/blog.tmgrupoinmobiliario.com\\\/de\\\/2021\\\/09\\\/15\\\/mit-der-neuen-marke-las-moreras-fruit-veggies-entwickelt-tm-grupo-inmobiliario-sein-agrobusiness\\\/#breadcrumb\"},\"inLanguage\":\"de\",\"potentialAction\":[{\"@type\":\"ReadAction\",\"target\":[\"https:\\\/\\\/blog.tmgrupoinmobiliario.com\\\/de\\\/2021\\\/09\\\/15\\\/mit-der-neuen-marke-las-moreras-fruit-veggies-entwickelt-tm-grupo-inmobiliario-sein-agrobusiness\\\/\"]}]},{\"@type\":\"ImageObject\",\"inLanguage\":\"de\",\"@id\":\"https:\\\/\\\/blog.tmgrupoinmobiliario.com\\\/de\\\/2021\\\/09\\\/15\\\/mit-der-neuen-marke-las-moreras-fruit-veggies-entwickelt-tm-grupo-inmobiliario-sein-agrobusiness\\\/#primaryimage\",\"url\":\"https:\\\/\\\/blog.tmgrupoinmobiliario.com\\\/de\\\/wp-content\\\/uploads\\\/sites\\\/3\\\/2021\\\/09\\\/1000-x-666.jpg\",\"contentUrl\":\"https:\\\/\\\/blog.tmgrupoinmobiliario.com\\\/de\\\/wp-content\\\/uploads\\\/sites\\\/3\\\/2021\\\/09\\\/1000-x-666.jpg\",\"width\":1000,\"height\":666},{\"@type\":\"BreadcrumbList\",\"@id\":\"https:\\\/\\\/blog.tmgrupoinmobiliario.com\\\/de\\\/2021\\\/09\\\/15\\\/mit-der-neuen-marke-las-moreras-fruit-veggies-entwickelt-tm-grupo-inmobiliario-sein-agrobusiness\\\/#breadcrumb\",\"itemListElement\":[{\"@type\":\"ListItem\",\"position\":1,\"name\":\"Portada\",\"item\":\"https:\\\/\\\/blog.tmgrupoinmobiliario.com\\\/de\\\/\"},{\"@type\":\"ListItem\",\"position\":2,\"name\":\"Mit der neuen Marke \u201eLas Moreras Fruit &amp; Veggies\u201c entwickelt TM Grupo Inmobiliario sein Agrobusiness\"}]},{\"@type\":\"WebSite\",\"@id\":\"https:\\\/\\\/blog.tmgrupoinmobiliario.com\\\/de\\\/#website\",\"url\":\"https:\\\/\\\/blog.tmgrupoinmobiliario.com\\\/de\\\/\",\"name\":\"Deutsche\",\"description\":\"Otro sitio m\u00e1s de Blog Desarrollo TM sitios\",\"potentialAction\":[{\"@type\":\"SearchAction\",\"target\":{\"@type\":\"EntryPoint\",\"urlTemplate\":\"https:\\\/\\\/blog.tmgrupoinmobiliario.com\\\/de\\\/?s={search_term_string}\"},\"query-input\":{\"@type\":\"PropertyValueSpecification\",\"valueRequired\":true,\"valueName\":\"search_term_string\"}}],\"inLanguage\":\"de\"},{\"@type\":\"Person\",\"@id\":\"https:\\\/\\\/blog.tmgrupoinmobiliario.com\\\/de\\\/#\\\/schema\\\/person\\\/27af0dbfdce919d609baf4fed660de3b\",\"name\":\"sabina\",\"image\":{\"@type\":\"ImageObject\",\"inLanguage\":\"de\",\"@id\":\"https:\\\/\\\/secure.gravatar.com\\\/avatar\\\/78951ea4de48b19a4896632042286f6ad92ec263906716df0a9c32c58b3cc837?s=96&d=mm&r=g\",\"url\":\"https:\\\/\\\/secure.gravatar.com\\\/avatar\\\/78951ea4de48b19a4896632042286f6ad92ec263906716df0a9c32c58b3cc837?s=96&d=mm&r=g\",\"contentUrl\":\"https:\\\/\\\/secure.gravatar.com\\\/avatar\\\/78951ea4de48b19a4896632042286f6ad92ec263906716df0a9c32c58b3cc837?s=96&d=mm&r=g\",\"caption\":\"sabina\"},\"url\":\"https:\\\/\\\/blog.tmgrupoinmobiliario.com\\\/de\\\/author\\\/sabina\\\/\"}]}<\/script>\n<!-- \/ Yoast SEO Premium plugin. -->","yoast_head_json":{"title":"Mit der neuen Marke \u201eLas Moreras Fruit &amp; Veggies\u201c entwickelt TM Grupo Inmobiliario sein Agrobusiness - Deutsche","robots":{"index":"index","follow":"follow","max-snippet":"max-snippet:-1","max-image-preview":"max-image-preview:large","max-video-preview":"max-video-preview:-1"},"canonical":"https:\/\/blog.tmgrupoinmobiliario.com\/de\/2021\/09\/15\/mit-der-neuen-marke-las-moreras-fruit-veggies-entwickelt-tm-grupo-inmobiliario-sein-agrobusiness\/","og_locale":"de_DE","og_type":"article","og_title":"Mit der neuen Marke \u201eLas Moreras Fruit &amp; Veggies\u201c entwickelt TM Grupo Inmobiliario sein Agrobusiness","og_description":"&nbsp; Torrevieja, 13. September 2021 \u2013 Mit der Markteinf\u00fchrung von \u201eLas Moreras Fruit &amp; Veggies\u201c erweitert TM Grupo Inmobiliario aus Alicante seine T\u00e4tigkeit, die bisher ma\u00dfgeblich auf Wohntourismus, Bau und Entwicklung von Zweitwohnungen entlang der Mittelmeerk\u00fcste spezialisiert war. Las Moreas Fruit &amp; Veggies ist 2009 aus der Landwirtschaftssparte der Gruppe entstanden und soll die landwirtschaftlichen [&hellip;]","og_url":"https:\/\/blog.tmgrupoinmobiliario.com\/de\/2021\/09\/15\/mit-der-neuen-marke-las-moreras-fruit-veggies-entwickelt-tm-grupo-inmobiliario-sein-agrobusiness\/","og_site_name":"Deutsche","article_published_time":"2021-09-15T09:30:53+00:00","og_image":[{"width":1000,"height":666,"url":"https:\/\/blog.tmgrupoinmobiliario.com\/de\/wp-content\/uploads\/sites\/3\/2021\/09\/1000-x-666.jpg","type":"image\/jpeg"}],"author":"sabina","twitter_card":"summary_large_image","twitter_misc":{"Geschrieben von":"sabina","Gesch\u00e4tzte Lesezeit":"2\u00a0Minuten"},"schema":{"@context":"https:\/\/schema.org","@graph":[{"@type":"Article","@id":"https:\/\/blog.tmgrupoinmobiliario.com\/de\/2021\/09\/15\/mit-der-neuen-marke-las-moreras-fruit-veggies-entwickelt-tm-grupo-inmobiliario-sein-agrobusiness\/#article","isPartOf":{"@id":"https:\/\/blog.tmgrupoinmobiliario.com\/de\/2021\/09\/15\/mit-der-neuen-marke-las-moreras-fruit-veggies-entwickelt-tm-grupo-inmobiliario-sein-agrobusiness\/"},"author":{"name":"sabina","@id":"https:\/\/blog.tmgrupoinmobiliario.com\/de\/#\/schema\/person\/27af0dbfdce919d609baf4fed660de3b"},"headline":"Mit der neuen Marke \u201eLas Moreras Fruit &amp; Veggies\u201c entwickelt TM Grupo Inmobiliario sein Agrobusiness","datePublished":"2021-09-15T09:30:53+00:00","mainEntityOfPage":{"@id":"https:\/\/blog.tmgrupoinmobiliario.com\/de\/2021\/09\/15\/mit-der-neuen-marke-las-moreras-fruit-veggies-entwickelt-tm-grupo-inmobiliario-sein-agrobusiness\/"},"wordCount":514,"commentCount":0,"image":{"@id":"https:\/\/blog.tmgrupoinmobiliario.com\/de\/2021\/09\/15\/mit-der-neuen-marke-las-moreras-fruit-veggies-entwickelt-tm-grupo-inmobiliario-sein-agrobusiness\/#primaryimage"},"thumbnailUrl":"https:\/\/blog.tmgrupoinmobiliario.com\/de\/wp-content\/uploads\/sites\/3\/2021\/09\/1000-x-666.jpg","keywords":["tag-all","tag-compromise"],"articleSection":["Aktuell TM","Corporativo","Pressemitteilung"],"inLanguage":"de","potentialAction":[{"@type":"CommentAction","name":"Comment","target":["https:\/\/blog.tmgrupoinmobiliario.com\/de\/2021\/09\/15\/mit-der-neuen-marke-las-moreras-fruit-veggies-entwickelt-tm-grupo-inmobiliario-sein-agrobusiness\/#respond"]}]},{"@type":"WebPage","@id":"https:\/\/blog.tmgrupoinmobiliario.com\/de\/2021\/09\/15\/mit-der-neuen-marke-las-moreras-fruit-veggies-entwickelt-tm-grupo-inmobiliario-sein-agrobusiness\/","url":"https:\/\/blog.tmgrupoinmobiliario.com\/de\/2021\/09\/15\/mit-der-neuen-marke-las-moreras-fruit-veggies-entwickelt-tm-grupo-inmobiliario-sein-agrobusiness\/","name":"Mit der neuen Marke \u201eLas Moreras Fruit &amp; Veggies\u201c entwickelt TM Grupo Inmobiliario sein Agrobusiness - Deutsche","isPartOf":{"@id":"https:\/\/blog.tmgrupoinmobiliario.com\/de\/#website"},"primaryImageOfPage":{"@id":"https:\/\/blog.tmgrupoinmobiliario.com\/de\/2021\/09\/15\/mit-der-neuen-marke-las-moreras-fruit-veggies-entwickelt-tm-grupo-inmobiliario-sein-agrobusiness\/#primaryimage"},"image":{"@id":"https:\/\/blog.tmgrupoinmobiliario.com\/de\/2021\/09\/15\/mit-der-neuen-marke-las-moreras-fruit-veggies-entwickelt-tm-grupo-inmobiliario-sein-agrobusiness\/#primaryimage"},"thumbnailUrl":"https:\/\/blog.tmgrupoinmobiliario.com\/de\/wp-content\/uploads\/sites\/3\/2021\/09\/1000-x-666.jpg","datePublished":"2021-09-15T09:30:53+00:00","author":{"@id":"https:\/\/blog.tmgrupoinmobiliario.com\/de\/#\/schema\/person\/27af0dbfdce919d609baf4fed660de3b"},"breadcrumb":{"@id":"https:\/\/blog.tmgrupoinmobiliario.com\/de\/2021\/09\/15\/mit-der-neuen-marke-las-moreras-fruit-veggies-entwickelt-tm-grupo-inmobiliario-sein-agrobusiness\/#breadcrumb"},"inLanguage":"de","potentialAction":[{"@type":"ReadAction","target":["https:\/\/blog.tmgrupoinmobiliario.com\/de\/2021\/09\/15\/mit-der-neuen-marke-las-moreras-fruit-veggies-entwickelt-tm-grupo-inmobiliario-sein-agrobusiness\/"]}]},{"@type":"ImageObject","inLanguage":"de","@id":"https:\/\/blog.tmgrupoinmobiliario.com\/de\/2021\/09\/15\/mit-der-neuen-marke-las-moreras-fruit-veggies-entwickelt-tm-grupo-inmobiliario-sein-agrobusiness\/#primaryimage","url":"https:\/\/blog.tmgrupoinmobiliario.com\/de\/wp-content\/uploads\/sites\/3\/2021\/09\/1000-x-666.jpg","contentUrl":"https:\/\/blog.tmgrupoinmobiliario.com\/de\/wp-content\/uploads\/sites\/3\/2021\/09\/1000-x-666.jpg","width":1000,"height":666},{"@type":"BreadcrumbList","@id":"https:\/\/blog.tmgrupoinmobiliario.com\/de\/2021\/09\/15\/mit-der-neuen-marke-las-moreras-fruit-veggies-entwickelt-tm-grupo-inmobiliario-sein-agrobusiness\/#breadcrumb","itemListElement":[{"@type":"ListItem","position":1,"name":"Portada","item":"https:\/\/blog.tmgrupoinmobiliario.com\/de\/"},{"@type":"ListItem","position":2,"name":"Mit der neuen Marke \u201eLas Moreras Fruit &amp; Veggies\u201c entwickelt TM Grupo Inmobiliario sein Agrobusiness"}]},{"@type":"WebSite","@id":"https:\/\/blog.tmgrupoinmobiliario.com\/de\/#website","url":"https:\/\/blog.tmgrupoinmobiliario.com\/de\/","name":"Deutsche","description":"Otro sitio m\u00e1s de Blog Desarrollo TM sitios","potentialAction":[{"@type":"SearchAction","target":{"@type":"EntryPoint","urlTemplate":"https:\/\/blog.tmgrupoinmobiliario.com\/de\/?s={search_term_string}"},"query-input":{"@type":"PropertyValueSpecification","valueRequired":true,"valueName":"search_term_string"}}],"inLanguage":"de"},{"@type":"Person","@id":"https:\/\/blog.tmgrupoinmobiliario.com\/de\/#\/schema\/person\/27af0dbfdce919d609baf4fed660de3b","name":"sabina","image":{"@type":"ImageObject","inLanguage":"de","@id":"https:\/\/secure.gravatar.com\/avatar\/78951ea4de48b19a4896632042286f6ad92ec263906716df0a9c32c58b3cc837?s=96&d=mm&r=g","url":"https:\/\/secure.gravatar.com\/avatar\/78951ea4de48b19a4896632042286f6ad92ec263906716df0a9c32c58b3cc837?s=96&d=mm&r=g","contentUrl":"https:\/\/secure.gravatar.com\/avatar\/78951ea4de48b19a4896632042286f6ad92ec263906716df0a9c32c58b3cc837?s=96&d=mm&r=g","caption":"sabina"},"url":"https:\/\/blog.tmgrupoinmobiliario.com\/de\/author\/sabina\/"}]}},"jetpack_featured_media_url":"https:\/\/blog.tmgrupoinmobiliario.com\/de\/wp-content\/uploads\/sites\/3\/2021\/09\/1000-x-666.jpg","jetpack_sharing_enabled":true,"_links":{"self":[{"href":"https:\/\/blog.tmgrupoinmobiliario.com\/de\/wp-json\/wp\/v2\/posts\/14598","targetHints":{"allow":["GET"]}}],"collection":[{"href":"https:\/\/blog.tmgrupoinmobiliario.com\/de\/wp-json\/wp\/v2\/posts"}],"about":[{"href":"https:\/\/blog.tmgrupoinmobiliario.com\/de\/wp-json\/wp\/v2\/types\/post"}],"author":[{"embeddable":true,"href":"https:\/\/blog.tmgrupoinmobiliario.com\/de\/wp-json\/wp\/v2\/users\/11723"}],"replies":[{"embeddable":true,"href":"https:\/\/blog.tmgrupoinmobiliario.com\/de\/wp-json\/wp\/v2\/comments?post=14598"}],"version-history":[{"count":2,"href":"https:\/\/blog.tmgrupoinmobiliario.com\/de\/wp-json\/wp\/v2\/posts\/14598\/revisions"}],"predecessor-version":[{"id":14609,"href":"https:\/\/blog.tmgrupoinmobiliario.com\/de\/wp-json\/wp\/v2\/posts\/14598\/revisions\/14609"}],"wp:featuredmedia":[{"embeddable":true,"href":"https:\/\/blog.tmgrupoinmobiliario.com\/de\/wp-json\/wp\/v2\/media\/14608"}],"wp:attachment":[{"href":"https:\/\/blog.tmgrupoinmobiliario.com\/de\/wp-json\/wp\/v2\/media?parent=14598"}],"wp:term":[{"taxonomy":"category","embeddable":true,"href":"https:\/\/blog.tmgrupoinmobiliario.com\/de\/wp-json\/wp\/v2\/categories?post=14598"},{"taxonomy":"post_tag","embeddable":true,"href":"https:\/\/blog.tmgrupoinmobiliario.com\/de\/wp-json\/wp\/v2\/tags?post=14598"}],"curies":[{"name":"wp","href":"https:\/\/api.w.org\/{rel}","templated":true}]}}