{"id":14287,"date":"2021-02-24T13:31:10","date_gmt":"2021-02-24T12:31:10","guid":{"rendered":"https:\/\/blog.tmgrupoinmobiliario.com\/de\/?p=14287"},"modified":"2021-03-30T18:47:15","modified_gmt":"2021-03-30T16:47:15","slug":"was-sie-brauchen-um-ihren-traum-vom-leben-am-meer-zu-verwirklichen","status":"publish","type":"post","link":"https:\/\/blog.tmgrupoinmobiliario.com\/de\/2021\/02\/24\/was-sie-brauchen-um-ihren-traum-vom-leben-am-meer-zu-verwirklichen\/","title":{"rendered":"Was Sie brauchen, um Ihren Traum vom Leben am Meer zu verwirklichen"},"content":{"rendered":"<p>&nbsp;<\/p>\n<p>Lernen Sie unsere Fr\u00fchjahrskampagne 2021 kennen: &#8220;Seminar Leben in Spanien&#8221;. Sie richtet sich an alle, die von einem Leben am Mittelmeer tr\u00e4umen und derzeit nach detaillierten Informationen suchen, um die notwendigen Schritte f\u00fcr die Verwirklichung ihres neuen Lebensprojekts in Spanien zu unternehmen.\u00a0 Sie besteht aus f\u00fcnf Konferenzen im Webinar-Format, bei denen die Teilnehmer aus der Hand von Experten wichtige Informationen erhalten, die relevant sind, um die Region des Mittelmeers zu ihrer neuen Heimat zu machen.<\/p>\n<p>Deshalb reisen wir virtuell nach Frankreich, Belgien, Deutschland, Polen und Schweden, um unsere Webinar-Serie &#8220;Leben in Spanien&#8221; in 4 Sprachen anzubieten:<\/p>\n<p><a href=\"https:\/\/landing.tmgrupoinmobiliario.com\/seminaire-vivre-en-espagne-fr\/\">S\u00e9minaire vivre en Espagne<\/a> | <a href=\"https:\/\/landing.tmgrupoinmobiliario.com\/monograph-leben-in-spanien-de\/\">Monograph leben in Spanien<\/a> | <a href=\"https:\/\/landing.tmgrupoinmobiliario.com\/zalety-zycia-w-hiszpanii-po\/\">Zalety \u017cycia w Hiszpanii<\/a> |<a href=\"https:\/\/landing.tmgrupoinmobiliario.com\/monografi-over-boende-i-spanien-se\/\">Monografi \u00f6ver boende i Spanien<\/a><\/p>\n<p>&nbsp;<\/p>\n<h4><strong>Der beste Weg, um voranzukommen und Schritte in Richtung Ihres neuen Lebens am Meer zu machen<\/strong><\/h4>\n<p>Die Referenten der verschiedenen Konferenzen von &#8220;Seminar Leben in Spanien&#8221; erl\u00e4utern einen \u00dcberblick von Themen, die f\u00fcr zuk\u00fcnftige K\u00e4ufer interessant sind. Sie besprechen unter anderem die Lage und die Vielfalt der Umgebung der einzelnen Wohnimmobilien der TM Grupo Inmobiliario, die nachhaltige Bauweise, die zur Verf\u00fcgung stehenden Investitionsm\u00f6glichkeiten, die rechtlichen Aspekte, die beim Kauf eines Eigenheimes in Spanien zu ber\u00fccksichtigen sind, sowie die Analyse und pers\u00f6nliche Untersuchung der Immobilie, die am besten zu den Vorlieben des Interessenten passt.<\/p>\n<p>&nbsp;<\/p>\n<h4><strong>Konferenzen des Seminar-Zyklus &#8220;Leben in Spanien&#8221;<\/strong><\/h4>\n<p>&nbsp;<\/p>\n<ul>\n<li><strong>Konferenz 1 &#8211; Investition (24 y 25 Februar): <\/strong>Wie man f\u00fcr Investitionen die besten Gebiete in Spanien entdeckt, welche Art von Immobilie daf\u00fcr in Frage kommt und alle Details, um die beste Rendite zu erzielen.<\/li>\n<\/ul>\n<p>&nbsp;<\/p>\n<ul>\n<li><strong>Konferenz 2 &#8211; Kaufabwicklung (2 y 3 M\u00e4rz): <\/strong>Eine Anwaltskanzlei, die auf Immobilienrecht spezialisiert ist, erkl\u00e4rt Ihnen alle Aspekte, die Sie beim Kauf einer Immobilie in Spanien beachten m\u00fcssen, und kl\u00e4rt alle Zweifel, die Sie als zuk\u00fcnftiger K\u00e4ufer eventuell haben.<\/li>\n<\/ul>\n<p>&nbsp;<\/p>\n<ul>\n<li><strong>Konferenz 3 &#8211; Nachhaltigkeit und Eigenheim (17 M\u00e4rz): <\/strong>Was sind die neuesten Trends der nachhaltigen Bauweise und wie TM seine Wohnobjekte daran anpasst.<\/li>\n<\/ul>\n<p>&nbsp;<\/p>\n<ul>\n<li><strong>Konferenz 4 &#8211; Umzug und Homeoffice (30 M\u00e4rz):<\/strong> In Spanien liegen einige von den Expats am meisten gesch\u00e4tzten St\u00e4dte der Welt. Wie man den perfekten Standort ausw\u00e4hlt, indem man seine Infrastruktur und Anpassung an die Arbeit im Homeoffice bewertet.<\/li>\n<\/ul>\n<p>&nbsp;<\/p>\n<ul>\n<li><strong>Konferenz 5 &#8211; Workshop spanische K\u00fcche (April):<\/strong> Wir bringen Ihnen die k\u00f6stliche spanische Gastronomie n\u00e4her und pr\u00e4sentieren den Teilnehmern einige der beliebtesten Rezepte.<\/li>\n<\/ul>\n<p>&nbsp;<\/p>\n<h4>Das klingt doch interessant, oder? Wenn Sie Familienangeh\u00f6rige und Freunde kennen, f\u00fcr die es n\u00fctzlich sein k\u00f6nnte, teilen Sie bitte diese Informationen und ermutigen Sie sie, sich f\u00fcr die neue Ausgabe zu registrieren.<\/h4>\n<p>&nbsp;<\/p>\n<div data-test='contact-form'\n\t\t\tid='contact-form-14287'\n\t\t\tclass='jetpack-contact-form-container '\n\t\t\tdata-wp-interactive='jetpack\/form' data-wp-context='{\"formId\":\"14287\",\"formHash\":\"3bd7c2d982a60467aa2a0bd8f2ae0ff4a6b3248b\",\"showErrors\":false,\"errors\":[],\"fields\":[],\"isMultiStep\":false,\"useAjax\":true,\"submissionData\":null,\"formattedSubmissionData\":[],\"submissionSuccess\":false,\"submissionError\":null,\"elementId\":\"jp-form-3bd7c2d982a60467aa2a0bd8f2ae0ff4a6b3248b\",\"isSingleInputForm\":false,\"isForcedHorizontal\":false}'\n\t\t\tdata-wp-watch--scroll-to-wrapper=\"callbacks.scrollToWrapper\"\n\t\t>\n<div class=\"contact-form-submission contact-form-ajax-submission\" data-wp-bind--aria-hidden=\"state.isSuccessMessageAriaHidden\" data-wp-class--submission-success=\"context.submissionSuccess\" id=\"contact-form-success-3bd7c2d982a60467aa2a0bd8f2ae0ff4a6b3248b\" tabindex=\"-1\" aria-labelledby=\"contact-form-success-header-3bd7c2d982a60467aa2a0bd8f2ae0ff4a6b3248b\"><p class=\"go-back-message\"><a class=\"link\" role=\"button\" tabindex=\"0\" data-wp-on--click=\"actions.goBack\" href=\"\/de\/wp-json\/wp\/v2\/posts\/14287\">\u2190 Zur\u00fcck<\/a><\/p><h4 data-wp-bind--aria-hidden=\"state.isSuccessMessageAriaHidden\" id=\"contact-form-success-header-3bd7c2d982a60467aa2a0bd8f2ae0ff4a6b3248b\">Vielen Dank f\u00fcr Ihre Antwort. \u2728<\/h4>\n\n<template data-wp-each--submission=\"context.formattedSubmissionData\">\n\t\t\t\t\t<div class=\"jetpack_forms_contact-form-success-summary\">\n\t\t\t\t\t\t<div class=\"field-name-wrapper\">\n\t\t\t\t\t\t\t<div class=\"field-type-icon\" data-wp-watch=\"callbacks.watchFieldTypeIcon\"><\/div>\n\t\t\t\t\t\t\t<div class=\"field-name\" data-wp-text=\"context.submission.label\" data-wp-bind--hidden=\"!context.submission.label\"><\/div>\n\t\t\t\t\t\t<\/div>\n\t\t\t\t\t\t<div class=\"field-value\" data-wp-text=\"context.submission.value\" data-wp-bind--hidden=\"!context.submission.showPlainValue\"><\/div>\n\t\t\t\t\t\t<a class=\"field-url\" data-wp-bind--href=\"context.submission.url\" data-wp-text=\"context.submission.value\" data-wp-bind--hidden=\"!context.submission.url\" target=\"_blank\" rel=\"noopener noreferrer\"><\/a>\n\t\t\t\t\t\t<div class=\"field-rating\" data-wp-bind--hidden=\"!context.submission.rating\" data-wp-watch=\"callbacks.watchRatingIcons\"><\/div>\n\t\t\t\t\t\t<div class=\"field-images\" data-wp-bind--hidden=\"!context.submission.images\">\n\t\t\t\t\t\t\t<template data-wp-each--image=\"context.submission.images\">\n\t\t\t\t\t\t\t\t<div class=\"field-image-option\" data-wp-class--is-empty=\"!context.image.src\">\n\t\t\t\t\t\t\t\t\t<figure class=\"field-image-option__image\" data-wp-class--is-empty=\"!context.image.src\">\n\t\t\t\t\t\t\t\t\t\t<img data-wp-bind--src=\"context.image.src\" data-wp-bind--hidden=\"!context.image.src\" \/>\n\t\t\t\t\t\t\t\t\t\t<img decoding=\"async\" src=\"data:image\/gif;base64,R0lGODlhAQABAAD\/ACwAAAAAAQABAAACADs=\" data-wp-bind--hidden=\"context.image.src\" \/>\n\t\t\t\t\t\t\t\t\t<\/figure>\n\t\t\t\t\t\t\t\t\t<div class=\"field-image-option__label-wrapper\">\n\t\t\t\t\t\t\t\t\t\t<span class=\"field-image-option__label-code\" data-wp-text=\"context.image.letterCode\"><\/span>\n\t\t\t\t\t\t\t\t\t\t<span class=\"field-image-option__label\" data-wp-text=\"context.image.label\" data-wp-bind--hidden=\"!context.image.label\"><\/span>\n\t\t\t\t\t\t\t\t\t<\/div>\n\t\t\t\t\t\t\t\t<\/div>\n\t\t\t\t\t\t\t<\/template>\n\t\t\t\t\t\t<\/div>\n\t\t\t\t\t\t<div class=\"field-files\" data-wp-bind--hidden=\"!context.submission.files\">\n\t\t\t\t\t\t\t<template data-wp-each--file=\"context.submission.files\">\n\t\t\t\t\t\t\t\t<div class=\"field-file\">\n\t\t\t\t\t\t\t\t\t<div class=\"field-file__thumbnail\" data-wp-style--background-image=\"context.file.previewUrl\" data-wp-style--mask-image=\"context.file.iconUrl\" data-wp-bind--hidden=\"!context.file.hasPreview\"><\/div>\n\t\t\t\t\t\t\t\t\t<svg class=\"field-file__icon\" data-wp-bind--hidden=\"context.file.hasPreview\" width=\"20\" height=\"20\" viewBox=\"0 0 24 24\" fill=\"none\" xmlns=\"http:\/\/www.w3.org\/2000\/svg\" aria-hidden=\"true\">\n\t\t\t\t\t\t\t\t\t\t<path d=\"M14 2H6C4.9 2 4 2.9 4 4V20C4 21.1 4.89 22 5.99 22H18C19.1 22 20 21.1 20 20V8L14 2ZM18 20H6V4H13V9H18V20Z\" fill=\"currentColor\"\/>\n\t\t\t\t\t\t\t\t\t<\/svg>\n\t\t\t\t\t\t\t\t\t<span class=\"field-file__name\" data-wp-text=\"context.file.name\"><\/span>\n\t\t\t\t\t\t\t\t\t<span class=\"field-file__size\" data-wp-text=\"context.file.size\"><\/span>\n\t\t\t\t\t\t\t\t<\/div>\n\t\t\t\t\t\t\t<\/template>\n\t\t\t\t\t\t<\/div>\n\t\t\t\t\t<\/div>\n\t\t\t\t<\/template><\/div><form action='https:\/\/blog.tmgrupoinmobiliario.com\/de\/2021\/02\/24\/was-sie-brauchen-um-ihren-traum-vom-leben-am-meer-zu-verwirklichen\/'\n\t\t\t\tid='jp-form-3bd7c2d982a60467aa2a0bd8f2ae0ff4a6b3248b'\n\t\t\t\tmethod='post'\n\t\t\t\tclass='contact-form commentsblock jetpack-contact-form__form has-no-jetpack-form-layout' aria-label=\"Was Sie brauchen, um Ihren Traum vom Leben am Meer zu verwirklichen\"\n\t\t\t\tdata-wp-on--submit=\"actions.onFormSubmit\"\n\t\t\t\tdata-wp-on--reset=\"actions.onFormReset\"\n\t\t\t\tdata-wp-class--submission-success=\"context.submissionSuccess\"\n\t\t\t\tdata-wp-class--is-first-step=\"state.isFirstStep\"\n\t\t\t\tdata-wp-class--is-last-step=\"state.isLastStep\"\n\t\t\t\tdata-wp-class--is-ajax-form=\"context.useAjax\"\n\t\t\t\tnovalidate >\n<input type='hidden' name='jetpack_contact_form_jwt' value='eyJ0eXAiOiJKV1QiLCJhbGciOiJIUzI1NiJ9.eyJlbmNyeXB0ZWRfYXR0cmlidXRlcyI6InBXdkVyL3NZNEYwMXlZY21MVFRjelNocEVNdnNxR2lraE0rU05EektLdWhjTkNmTXlHTklxbjlycHd1RUZwTHNJRHZvUGhrRmdPakVBdjQxL2F4ZjBMMXcvdFpaK1hNa01XdUYxWmdzMzhOWStwcGFjR1dkWjdPRWp6L2Rkd1VIYWRERGVHdTNKV0tsVnVoUHpST09SQVBwa1p3bWFkUUdtc1ZpWWNkMjV2Vkljc1FwTGF4dEdvTGZlNy9QSjlBS3F2ZTV4Sy93QzQvYlRSaVkxWnB4ZXFPbDlBL2FURUJaRXJuc3J0cGJLZHcxN25qMW9qSjNiMDhEZHFiRWh3YkJEWHd2Z3RQUklha0RWWms3bkNwaVUyQXkrZG4wcnArWTBpcHBoRjJyWk92RHBaa1YzM0MxREgyamVOSW0ySGw3Vkl2WFQ2V1VLSDNLM2RHUUpzaVBTR3lrRFVwNStSbXAzWjMvbWNiMGYrZlpmbE9YSmlRS3cwTlE5cW9oQ3habUNqVWpEb00yeXVobUsxWFR5L25RaDdSRlRhclMwTUtRVGZrMGxrS0NZRmhncTJ5VTVkRFptY0RndHloSnpHb2d4OHF2ZVg1NXlHa1piNkVWN0dSVVNuMEVvZHlrNzNQL3dIN2lJZGlMT05CNHlHejhKN2RBSUJPQkhYN2hxSXZHd25VczZBdWI2NWVadmgwdi92SGpvOHlkYWxGemZoanBrWlN3T3F2M2NJR1U2SzlQS3RubjZpakRoMkEveFBXRXZDMDVCRGdkTjM2OVJFNkFFaWF3a3dZWlBhaHVRbnExZWNQN0dlY2tuV2xUQkFGL3FiUC9KZHRPQXRJOHM2cUFadkNmbHlTQ1ZXQktYdnE5dWR3R2JueVVTSi9lK1d4YStkd1d0KzlpQTNSVDV4dlNmN3VlZ2hYL3pKT2xScDNWK1Q1aHp6L1VVTUo2YW9Bb3dDRjM5SjNHMUlIQ1lQKzZBZWFFSWZoOEhJRmNncWtNT2hIMFpwUTVDcHpBQko4aHEyeG5zOVBFRld1OFg1T1E0SjVQQ1V0WDdpZ0R6dVZCcjl6Y1JIb05hSlJGczNNVi9Mb0ZhSldTZHlCRGZMa2lqOXVybmxnU0pSUU9KenlCcWZpV1gyN2NDUWJtdmc0cktlN3Noam5GMDZNTTk0UzhVeXRhYlpUZnVRU00wdm1TczJBQy9GYmlOejM1K0VTRTZsTHg2dWFNMFV1LzBjRkdaaFB3MnBweFBIK1hTZW1VQnN3OFJ3aWYzL3NQcU5MZjA5VT0iLCJjb250ZW50IjoiW2NvbnRhY3QtZmllbGQgbGFiZWw9XCJJaHIgTmFtZVwiIHR5cGU9XCJuYW1lXCIgcmVxdWlyZWQ9XCIxXCJdW2NvbnRhY3QtZmllbGQgbGFiZWw9XCJJaHJlIEUtTWFpbC1BZHJlc3NlXCIgdHlwZT1cImVtYWlsXCIgcmVxdWlyZWQ9XCIxXCJdW2NvbnRhY3QtZmllbGQgbGFiZWw9XCJLb25mZXJlbnplbiBkZXMgU2VtaW5hci1aeWtsdXMgTGViZW4gaW4gU3BhbmllblwiIHR5cGU9XCJjaGVja2JveC1tdWx0aXBsZVwiIHJlcXVpcmVkPVwiMVwiIG9wdGlvbnM9XCJNb25vZ3JhcGggbGViZW4gaW4gU3BhbmllbiwgWmFsZXR5IFx1MDE3Y3ljaWEgdyBIaXN6cGFuaWksTW9ub2dyYWZpIFx1MDBmNnZlciBib2VuZGUgaSBTcGFuaWVuLFNcdTAwZTltaW5haXJlIHZpdnJlIGVuIEVzcGFnbmUgXCJdIiwiaGFzaCI6IjNiZDdjMmQ5ODJhNjA0NjdhYTJhMGJkOGYyYWUwZmY0YTZiMzI0OGIiLCJzb3VyY2UiOnsiZW50cnlfdGl0bGUiOiJXYXMgU2llIGJyYXVjaGVuLCB1bSBJaHJlbiBUcmF1bSB2b20gTGViZW4gYW0gTWVlciB6dSB2ZXJ3aXJrbGljaGVuIiwiZW50cnlfcGFnZSI6MSwic291cmNlX2lkIjoxNDI4Nywic291cmNlX3R5cGUiOiJzaW5nbGUiLCJyZXF1ZXN0X3VybCI6Imh0dHBzOi8vYmxvZy50bWdydXBvaW5tb2JpbGlhcmlvLmNvbS9kZS93cC1qc29uL3dwL3YyL3Bvc3RzLzE0Mjg3In0sInZlcnNpb24iOjIsImNpcGhlciI6ImFlcy0yNTYtZ2NtIn0.Yf_BgKQClUD2BIm0vu4nNvo8iXNjK1Rt-C2MHlHUFsw' \/>\n\n<div style=\"\"  data-wp-interactive=\"jetpack\/form\" data-wp-context='{\"fieldId\":\"g14287-ihrname\",\"fieldType\":\"name\",\"fieldLabel\":\"Ihr Name\",\"fieldValue\":\"\",\"fieldPlaceholder\":\"\",\"fieldIsRequired\":\"1\",\"fieldErrorMessage\":\"\",\"fieldExtra\":[],\"formHash\":\"3bd7c2d982a60467aa2a0bd8f2ae0ff4a6b3248b\"}'  class='grunion-field-name-wrap grunion-field-wrap'  data-wp-init='callbacks.initializeField' data-wp-on--jetpack-form-reset='callbacks.initializeField' >\n<label\n\t\t\t\tfor='g14287-ihrname' class=\"grunion-field-label name\" >Ihr Name<span class=\"grunion-label-required\" aria-hidden=\"true\">(erforderlich)<\/span><\/label>\n<input\n\t\t\t\t\ttype='text'\n\t\t\t\t\tname='g14287-ihrname'\n\t\t\t\t\tid='g14287-ihrname'\n\t\t\t\t\tvalue=''\n\n\t\t\t\t\tdata-wp-bind--aria-invalid='state.fieldAriaInvalid'\n\t\t\t\t\tdata-wp-bind--value='state.getFieldValue'\n\t\t\t\t\taria-describedby='g14287-ihrname-text-error-message'\n\t\t\t\t\tdata-wp-on--input='actions.onFieldChange'\n\t\t\t\t\tdata-wp-on--blur='actions.onFieldBlur'\n\t\t\t\t\tdata-wp-class--has-value='state.hasFieldValue'\n\n\t\t\t\t\tclass='name  grunion-field' \n\t\t\t\t\trequired='true' aria-required='true'  \/>\n \n\t\t\t<div id=\"g14287-ihrname-text-error\" class=\"contact-form__input-error\" data-wp-class--has-errors=\"state.fieldHasErrors\">\n\t\t\t\t<span class=\"contact-form__warning-icon\" aria-hidden=\"true\">\n\t\t\t\t\t<svg width=\"16\" height=\"16\" viewBox=\"0 0 16 16\" fill=\"none\" xmlns=\"http:\/\/www.w3.org\/2000\/svg\">\n\t\t\t\t\t\t<path d=\"M8.50015 11.6402H7.50015V10.6402H8.50015V11.6402Z\" \/>\n\t\t\t\t\t\t<path d=\"M7.50015 9.64018H8.50015V6.30684H7.50015V9.64018Z\" \/>\n\t\t\t\t\t\t<path fill-rule=\"evenodd\" clip-rule=\"evenodd\" d=\"M6.98331 3.0947C7.42933 2.30177 8.57096 2.30177 9.01698 3.09469L13.8771 11.7349C14.3145 12.5126 13.7525 13.4735 12.8602 13.4735H3.14004C2.24774 13.4735 1.68575 12.5126 2.12321 11.7349L6.98331 3.0947ZM8.14541 3.58496C8.08169 3.47168 7.9186 3.47168 7.85488 3.58496L2.99478 12.2251C2.93229 12.3362 3.01257 12.4735 3.14004 12.4735H12.8602C12.9877 12.4735 13.068 12.3362 13.0055 12.2251L8.14541 3.58496Z\" \/>\n\t\t\t\t\t<\/svg>\n\t\t\t\t<\/span>\n\t\t\t\t<span data-wp-text=\"state.errorMessage\" id=\"g14287-ihrname-text-error-message\"><\/span>\n\t\t\t<\/div> \n\t<\/div>\n\n<div style=\"\"  data-wp-interactive=\"jetpack\/form\" data-wp-context='{\"fieldId\":\"g14287-ihreemailadresse\",\"fieldType\":\"email\",\"fieldLabel\":\"Ihre E-Mail-Adresse\",\"fieldValue\":\"\",\"fieldPlaceholder\":\"\",\"fieldIsRequired\":\"1\",\"fieldErrorMessage\":\"\",\"fieldExtra\":[],\"formHash\":\"3bd7c2d982a60467aa2a0bd8f2ae0ff4a6b3248b\"}'  class='grunion-field-email-wrap grunion-field-wrap'  data-wp-init='callbacks.initializeField' data-wp-on--jetpack-form-reset='callbacks.initializeField' >\n<label\n\t\t\t\tfor='g14287-ihreemailadresse' class=\"grunion-field-label email\" >Ihre E-Mail-Adresse<span class=\"grunion-label-required\" aria-hidden=\"true\">(erforderlich)<\/span><\/label>\n<input\n\t\t\t\t\ttype='email'\n\t\t\t\t\tname='g14287-ihreemailadresse'\n\t\t\t\t\tid='g14287-ihreemailadresse'\n\t\t\t\t\tvalue=''\n\n\t\t\t\t\tdata-wp-bind--aria-invalid='state.fieldAriaInvalid'\n\t\t\t\t\tdata-wp-bind--value='state.getFieldValue'\n\t\t\t\t\taria-describedby='g14287-ihreemailadresse-email-error-message'\n\t\t\t\t\tdata-wp-on--input='actions.onFieldChange'\n\t\t\t\t\tdata-wp-on--blur='actions.onFieldBlur'\n\t\t\t\t\tdata-wp-class--has-value='state.hasFieldValue'\n\n\t\t\t\t\tclass='email  grunion-field' \n\t\t\t\t\trequired='true' aria-required='true'  \/>\n \n\t\t\t<div id=\"g14287-ihreemailadresse-email-error\" class=\"contact-form__input-error\" data-wp-class--has-errors=\"state.fieldHasErrors\">\n\t\t\t\t<span class=\"contact-form__warning-icon\" aria-hidden=\"true\">\n\t\t\t\t\t<svg width=\"16\" height=\"16\" viewBox=\"0 0 16 16\" fill=\"none\" xmlns=\"http:\/\/www.w3.org\/2000\/svg\">\n\t\t\t\t\t\t<path d=\"M8.50015 11.6402H7.50015V10.6402H8.50015V11.6402Z\" \/>\n\t\t\t\t\t\t<path d=\"M7.50015 9.64018H8.50015V6.30684H7.50015V9.64018Z\" \/>\n\t\t\t\t\t\t<path fill-rule=\"evenodd\" clip-rule=\"evenodd\" d=\"M6.98331 3.0947C7.42933 2.30177 8.57096 2.30177 9.01698 3.09469L13.8771 11.7349C14.3145 12.5126 13.7525 13.4735 12.8602 13.4735H3.14004C2.24774 13.4735 1.68575 12.5126 2.12321 11.7349L6.98331 3.0947ZM8.14541 3.58496C8.08169 3.47168 7.9186 3.47168 7.85488 3.58496L2.99478 12.2251C2.93229 12.3362 3.01257 12.4735 3.14004 12.4735H12.8602C12.9877 12.4735 13.068 12.3362 13.0055 12.2251L8.14541 3.58496Z\" \/>\n\t\t\t\t\t<\/svg>\n\t\t\t\t<\/span>\n\t\t\t\t<span data-wp-text=\"state.errorMessage\" id=\"g14287-ihreemailadresse-email-error-message\"><\/span>\n\t\t\t<\/div> \n\t<\/div>\n\n<div style=\"\"  data-wp-interactive=\"jetpack\/form\" data-wp-context='{\"fieldId\":\"g14287-konferenzendesseminarzykluslebeninspanien\",\"fieldType\":\"checkbox-multiple\",\"fieldLabel\":\"Konferenzen des Seminar-Zyklus Leben in Spanien\",\"fieldValue\":\"\",\"fieldPlaceholder\":\"\",\"fieldIsRequired\":\"1\",\"fieldErrorMessage\":\"\",\"fieldExtra\":[],\"formHash\":\"3bd7c2d982a60467aa2a0bd8f2ae0ff4a6b3248b\"}'  class='grunion-field-checkbox-multiple-wrap grunion-field-wrap'  data-wp-init='callbacks.initializeField' data-wp-on--jetpack-form-reset='callbacks.initializeField' >\n<fieldset id='g14287-konferenzendesseminarzykluslebeninspanien-label' class='jetpack-field-multiple__fieldset'data-required data-wp-bind--aria-invalid=\"state.fieldAriaInvalid\"><legend class=\"grunion-field-label\" ><span class=\"grunion-label-text\">Konferenzen des Seminar-Zyklus Leben in Spanien<\/span><span class=\"grunion-label-required\">(erforderlich)<\/span><\/legend>\n<div class='grunion-checkbox-multiple-options ' style='' ><label class='contact-form-field'><input\n\t\t\t\t\t\t\t\tid='g14287-konferenzendesseminarzykluslebeninspanien-MonographlebeninSpanien'\n\t\t\t\t\t\t\t\tdata-wp-on--change='actions.onMultipleFieldChange'\n\t\t\t\t\t\t\t\ttype='checkbox'\n\t\t\t\t\t\t\t\tname='g14287-konferenzendesseminarzykluslebeninspanien[]'\n\t\t\t\t\t\t\t\tvalue='Monograph leben in Spanien' class='checkbox-multiple  grunion-field'  \/> <span style=\"\" class='grunion-checkbox-multiple-label checkbox-multiple'><span class='grunion-field-text'>Monograph leben in Spanien<\/span><\/span><\/label><label class='contact-form-field'><input\n\t\t\t\t\t\t\t\tid='g14287-konferenzendesseminarzykluslebeninspanien-ZaletyyciawHiszpanii'\n\t\t\t\t\t\t\t\tdata-wp-on--change='actions.onMultipleFieldChange'\n\t\t\t\t\t\t\t\ttype='checkbox'\n\t\t\t\t\t\t\t\tname='g14287-konferenzendesseminarzykluslebeninspanien[]'\n\t\t\t\t\t\t\t\tvalue='Zalety \u017cycia w Hiszpanii' class='checkbox-multiple  grunion-field'  \/> <span style=\"\" class='grunion-checkbox-multiple-label checkbox-multiple'><span class='grunion-field-text'>Zalety \u017cycia w Hiszpanii<\/span><\/span><\/label><label class='contact-form-field'><input\n\t\t\t\t\t\t\t\tid='g14287-konferenzendesseminarzykluslebeninspanien-MonografiverboendeiSpanien'\n\t\t\t\t\t\t\t\tdata-wp-on--change='actions.onMultipleFieldChange'\n\t\t\t\t\t\t\t\ttype='checkbox'\n\t\t\t\t\t\t\t\tname='g14287-konferenzendesseminarzykluslebeninspanien[]'\n\t\t\t\t\t\t\t\tvalue='Monografi \u00f6ver boende i Spanien' class='checkbox-multiple  grunion-field'  \/> <span style=\"\" class='grunion-checkbox-multiple-label checkbox-multiple'><span class='grunion-field-text'>Monografi \u00f6ver boende i Spanien<\/span><\/span><\/label><label class='contact-form-field'><input\n\t\t\t\t\t\t\t\tid='g14287-konferenzendesseminarzykluslebeninspanien-SminairevivreenEspagne'\n\t\t\t\t\t\t\t\tdata-wp-on--change='actions.onMultipleFieldChange'\n\t\t\t\t\t\t\t\ttype='checkbox'\n\t\t\t\t\t\t\t\tname='g14287-konferenzendesseminarzykluslebeninspanien[]'\n\t\t\t\t\t\t\t\tvalue='S\u00e9minaire vivre en Espagne' class='checkbox-multiple  grunion-field'  \/> <span style=\"\" class='grunion-checkbox-multiple-label checkbox-multiple'><span class='grunion-field-text'>S\u00e9minaire vivre en Espagne<\/span><\/span><\/label><\/div>\n\t\t\t<div id=\"g14287-konferenzendesseminarzykluslebeninspanien-select-error\" class=\"contact-form__input-error\" data-wp-class--has-errors=\"state.fieldHasErrors\">\n\t\t\t\t<span class=\"contact-form__warning-icon\" aria-hidden=\"true\">\n\t\t\t\t\t<svg width=\"16\" height=\"16\" viewBox=\"0 0 16 16\" fill=\"none\" xmlns=\"http:\/\/www.w3.org\/2000\/svg\">\n\t\t\t\t\t\t<path d=\"M8.50015 11.6402H7.50015V10.6402H8.50015V11.6402Z\" \/>\n\t\t\t\t\t\t<path d=\"M7.50015 9.64018H8.50015V6.30684H7.50015V9.64018Z\" \/>\n\t\t\t\t\t\t<path fill-rule=\"evenodd\" clip-rule=\"evenodd\" d=\"M6.98331 3.0947C7.42933 2.30177 8.57096 2.30177 9.01698 3.09469L13.8771 11.7349C14.3145 12.5126 13.7525 13.4735 12.8602 13.4735H3.14004C2.24774 13.4735 1.68575 12.5126 2.12321 11.7349L6.98331 3.0947ZM8.14541 3.58496C8.08169 3.47168 7.9186 3.47168 7.85488 3.58496L2.99478 12.2251C2.93229 12.3362 3.01257 12.4735 3.14004 12.4735H12.8602C12.9877 12.4735 13.068 12.3362 13.0055 12.2251L8.14541 3.58496Z\" \/>\n\t\t\t\t\t<\/svg>\n\t\t\t\t<\/span>\n\t\t\t\t<span data-wp-text=\"state.errorMessage\" id=\"g14287-konferenzendesseminarzykluslebeninspanien-select-error-message\"><\/span>\n\t\t\t<\/div><\/fieldset>\t<\/div>\n\t<p class='contact-submit'>\n<div class=\"contact-form__error\" data-wp-class--show-errors=\"state.showFormErrors\"><span class=\"contact-form__warning-icon\" aria-hidden=\"true\"><i><\/i><\/span><span class=\"contact-form__error-message\" tabindex=\"-1\" data-wp-watch=\"callbacks.focusOnValidationError\" data-wp-text=\"state.getFormErrorMessage\"><\/span><ul aria-label=\"Formularfehler\">\n\t\t\t\t<template data-wp-each=\"state.getErrorList\" data-wp-key=\"context.item.id\">\n\t\t\t\t\t<li><a data-wp-bind--href=\"context.item.anchor\" data-wp-on--click=\"actions.scrollIntoView\" data-wp-text=\"context.item.label\"><\/a><\/li>\n\t\t\t\t<\/template>\n\t\t\t\t<\/ul><\/div><div class=\"contact-form__error\" data-wp-class--show-errors=\"state.showSubmissionError\" data-wp-text=\"context.submissionError\" tabindex=\"-1\" data-wp-watch=\"callbacks.focusOnSubmissionError\"><\/div>\t\t<button type='submit' class='pushbutton-wide'>Senden<\/button>\t\t<input type='hidden' name='contact-form-id' value='14287' \/>\n\t\t<input type='hidden' name='action' value='grunion-contact-form' \/>\n\t\t<input type='hidden' name='contact-form-hash' value='3bd7c2d982a60467aa2a0bd8f2ae0ff4a6b3248b' \/>\n\t<\/p>\n<p style=\"display: none !important;\" class=\"akismet-fields-container\" data-prefix=\"ak_\"><label>&#916;<textarea name=\"ak_hp_textarea\" cols=\"45\" rows=\"8\" maxlength=\"100\"><\/textarea><\/label><input type=\"hidden\" id=\"ak_js_1\" name=\"ak_js\" value=\"189\"\/><script type=\"text\/javascript\">\n\/* <![CDATA[ *\/\ndocument.getElementById( \"ak_js_1\" ).setAttribute( \"value\", ( new Date() ).getTime() );\n\/* ]]> *\/\n<\/script>\n<\/p><\/form>\n<\/div>\n","protected":false},"excerpt":{"rendered":"<p>&nbsp; Lernen Sie unsere Fr\u00fchjahrskampagne 2021 kennen: &#8220;Seminar Leben in Spanien&#8221;. Sie richtet sich an alle, die von einem Leben am Mittelmeer tr\u00e4umen und derzeit nach detaillierten Informationen suchen, um die notwendigen Schritte f\u00fcr die Verwirklichung ihres neuen Lebensprojekts in Spanien zu unternehmen.\u00a0 Sie besteht aus f\u00fcnf Konferenzen im Webinar-Format, bei denen die Teilnehmer aus [&hellip;]<\/p>\n","protected":false},"author":11710,"featured_media":14289,"comment_status":"open","ping_status":"open","sticky":false,"template":"","format":"standard","meta":{"_jetpack_memberships_contains_paid_content":false,"footnotes":""},"categories":[19],"tags":[57,59,60,61,62,63],"class_list":["post-14287","post","type-post","status-publish","format-standard","has-post-thumbnail","hentry","category-aktuell-news","tag-tag-promotions","tag-tag-promotions-costa-almeria","tag-tag-promotions-costa-blanca-norte","tag-tag-promotions-costa-blanca-sur","tag-tag-promotions-costa-del-sol","tag-tag-promotions-mallorca","formato-comunicacion"],"better_featured_image":{"id":14289,"alt_text":"","caption":"","description":"","media_type":"image","media_details":{"width":1000,"height":666,"file":"2021\/03\/image-2021-03-02T112715.499.jpg","sizes":{"medium":{"file":"image-2021-03-02T112715.499-300x200.jpg","width":300,"height":200,"mime-type":"image\/jpeg","source_url":"https:\/\/blog.tmgrupoinmobiliario.com\/de\/wp-content\/uploads\/sites\/3\/2021\/03\/image-2021-03-02T112715.499-300x200.jpg"},"thumbnail":{"file":"image-2021-03-02T112715.499-150x150.jpg","width":150,"height":150,"mime-type":"image\/jpeg","source_url":"https:\/\/blog.tmgrupoinmobiliario.com\/de\/wp-content\/uploads\/sites\/3\/2021\/03\/image-2021-03-02T112715.499-150x150.jpg"},"medium_large":{"file":"image-2021-03-02T112715.499-768x511.jpg","width":768,"height":511,"mime-type":"image\/jpeg","source_url":"https:\/\/blog.tmgrupoinmobiliario.com\/de\/wp-content\/uploads\/sites\/3\/2021\/03\/image-2021-03-02T112715.499-768x511.jpg"}},"image_meta":{"aperture":"0","credit":"","camera":"","caption":"","created_timestamp":"0","copyright":"","focal_length":"0","iso":"0","shutter_speed":"0","title":"","orientation":"0","keywords":[]}},"post":14287,"source_url":"https:\/\/blog.tmgrupoinmobiliario.com\/de\/wp-content\/uploads\/sites\/3\/2021\/03\/image-2021-03-02T112715.499.jpg"},"acf":{"imagen_destacada_desktop":"https:\/\/blog.tmgrupoinmobiliario.com\/de\/wp-content\/uploads\/sites\/3\/2021\/03\/00_1920x870_MONOGRAFICO_DE.jpg","imagen_destacada_mobile":"https:\/\/blog.tmgrupoinmobiliario.com\/de\/wp-content\/uploads\/sites\/3\/2021\/03\/image-2021-03-02T112835.606.jpg","formato":{"term_id":76,"name":"Comunicaci\u00f3n","slug":"comunicacion","term_group":0,"term_taxonomy_id":76,"taxonomy":"formato","description":"","parent":0,"count":127,"filter":"raw"},"entradilla":"","etiquetas":"","cabecera_escritorio":"https:\/\/blog.tmgrupoinmobiliario.com\/de\/wp-content\/uploads\/sites\/3\/2021\/03\/image-2021-03-02T112956.159.jpg","cabecera_mobile":"https:\/\/blog.tmgrupoinmobiliario.com\/de\/wp-content\/uploads\/sites\/3\/2021\/03\/image-2021-03-02T113007.587.jpg","galeria":[{"ID":14295,"id":14295,"title":"","filename":"1920x1080_LANDING_MONOGRAFICO_AL.jpg","filesize":1309521,"url":"https:\/\/blog.tmgrupoinmobiliario.com\/de\/wp-content\/uploads\/sites\/3\/2021\/02\/1920x1080_LANDING_MONOGRAFICO_AL.jpg","link":"https:\/\/blog.tmgrupoinmobiliario.com\/de\/2021\/02\/24\/was-sie-brauchen-um-ihren-traum-vom-leben-am-meer-zu-verwirklichen\/1920x1080_landing_monografico_al\/","alt":"","author":"11710","description":"","caption":"","name":"1920x1080_landing_monografico_al","status":"inherit","uploaded_to":14287,"date":"2021-03-02 10:34:50","modified":"2021-03-02 10:35:05","menu_order":0,"mime_type":"image\/jpeg","type":"image","subtype":"jpeg","icon":"https:\/\/blog.tmgrupoinmobiliario.com\/de\/wp-includes\/images\/media\/default.png","width":1920,"height":1080,"sizes":{"thumbnail":"https:\/\/blog.tmgrupoinmobiliario.com\/de\/wp-content\/uploads\/sites\/3\/2021\/02\/1920x1080_LANDING_MONOGRAFICO_AL-150x150.jpg","thumbnail-width":150,"thumbnail-height":150,"medium":"https:\/\/blog.tmgrupoinmobiliario.com\/de\/wp-content\/uploads\/sites\/3\/2021\/02\/1920x1080_LANDING_MONOGRAFICO_AL-300x169.jpg","medium-width":300,"medium-height":169,"medium_large":"https:\/\/blog.tmgrupoinmobiliario.com\/de\/wp-content\/uploads\/sites\/3\/2021\/02\/1920x1080_LANDING_MONOGRAFICO_AL-768x432.jpg","medium_large-width":768,"medium_large-height":432,"large":"https:\/\/blog.tmgrupoinmobiliario.com\/de\/wp-content\/uploads\/sites\/3\/2021\/02\/1920x1080_LANDING_MONOGRAFICO_AL-1024x576.jpg","large-width":1024,"large-height":576,"1536x1536":"https:\/\/blog.tmgrupoinmobiliario.com\/de\/wp-content\/uploads\/sites\/3\/2021\/02\/1920x1080_LANDING_MONOGRAFICO_AL-1536x864.jpg","1536x1536-width":1536,"1536x1536-height":864,"2048x2048":"https:\/\/blog.tmgrupoinmobiliario.com\/de\/wp-content\/uploads\/sites\/3\/2021\/02\/1920x1080_LANDING_MONOGRAFICO_AL.jpg","2048x2048-width":1920,"2048x2048-height":1080}},{"ID":14297,"id":14297,"title":"","filename":"1920x1080_LANDING_MONOGRAFICO_PO.jpg","filesize":1304360,"url":"https:\/\/blog.tmgrupoinmobiliario.com\/de\/wp-content\/uploads\/sites\/3\/2021\/02\/1920x1080_LANDING_MONOGRAFICO_PO.jpg","link":"https:\/\/blog.tmgrupoinmobiliario.com\/de\/2021\/02\/24\/was-sie-brauchen-um-ihren-traum-vom-leben-am-meer-zu-verwirklichen\/1920x1080_landing_monografico_po\/","alt":"","author":"11710","description":"","caption":"","name":"1920x1080_landing_monografico_po","status":"inherit","uploaded_to":14287,"date":"2021-03-02 10:34:56","modified":"2021-03-02 10:35:08","menu_order":0,"mime_type":"image\/jpeg","type":"image","subtype":"jpeg","icon":"https:\/\/blog.tmgrupoinmobiliario.com\/de\/wp-includes\/images\/media\/default.png","width":1920,"height":1080,"sizes":{"thumbnail":"https:\/\/blog.tmgrupoinmobiliario.com\/de\/wp-content\/uploads\/sites\/3\/2021\/02\/1920x1080_LANDING_MONOGRAFICO_PO-150x150.jpg","thumbnail-width":150,"thumbnail-height":150,"medium":"https:\/\/blog.tmgrupoinmobiliario.com\/de\/wp-content\/uploads\/sites\/3\/2021\/02\/1920x1080_LANDING_MONOGRAFICO_PO-300x169.jpg","medium-width":300,"medium-height":169,"medium_large":"https:\/\/blog.tmgrupoinmobiliario.com\/de\/wp-content\/uploads\/sites\/3\/2021\/02\/1920x1080_LANDING_MONOGRAFICO_PO-768x432.jpg","medium_large-width":768,"medium_large-height":432,"large":"https:\/\/blog.tmgrupoinmobiliario.com\/de\/wp-content\/uploads\/sites\/3\/2021\/02\/1920x1080_LANDING_MONOGRAFICO_PO-1024x576.jpg","large-width":1024,"large-height":576,"1536x1536":"https:\/\/blog.tmgrupoinmobiliario.com\/de\/wp-content\/uploads\/sites\/3\/2021\/02\/1920x1080_LANDING_MONOGRAFICO_PO-1536x864.jpg","1536x1536-width":1536,"1536x1536-height":864,"2048x2048":"https:\/\/blog.tmgrupoinmobiliario.com\/de\/wp-content\/uploads\/sites\/3\/2021\/02\/1920x1080_LANDING_MONOGRAFICO_PO.jpg","2048x2048-width":1920,"2048x2048-height":1080}},{"ID":14298,"id":14298,"title":"","filename":"1920x1080_LANDING_MONOGRAFICO_SV.jpg","filesize":1313569,"url":"https:\/\/blog.tmgrupoinmobiliario.com\/de\/wp-content\/uploads\/sites\/3\/2021\/02\/1920x1080_LANDING_MONOGRAFICO_SV.jpg","link":"https:\/\/blog.tmgrupoinmobiliario.com\/de\/2021\/02\/24\/was-sie-brauchen-um-ihren-traum-vom-leben-am-meer-zu-verwirklichen\/1920x1080_landing_monografico_sv\/","alt":"","author":"11710","description":"","caption":"","name":"1920x1080_landing_monografico_sv","status":"inherit","uploaded_to":14287,"date":"2021-03-02 10:34:59","modified":"2021-03-02 10:35:13","menu_order":0,"mime_type":"image\/jpeg","type":"image","subtype":"jpeg","icon":"https:\/\/blog.tmgrupoinmobiliario.com\/de\/wp-includes\/images\/media\/default.png","width":1920,"height":1080,"sizes":{"thumbnail":"https:\/\/blog.tmgrupoinmobiliario.com\/de\/wp-content\/uploads\/sites\/3\/2021\/02\/1920x1080_LANDING_MONOGRAFICO_SV-150x150.jpg","thumbnail-width":150,"thumbnail-height":150,"medium":"https:\/\/blog.tmgrupoinmobiliario.com\/de\/wp-content\/uploads\/sites\/3\/2021\/02\/1920x1080_LANDING_MONOGRAFICO_SV-300x169.jpg","medium-width":300,"medium-height":169,"medium_large":"https:\/\/blog.tmgrupoinmobiliario.com\/de\/wp-content\/uploads\/sites\/3\/2021\/02\/1920x1080_LANDING_MONOGRAFICO_SV-768x432.jpg","medium_large-width":768,"medium_large-height":432,"large":"https:\/\/blog.tmgrupoinmobiliario.com\/de\/wp-content\/uploads\/sites\/3\/2021\/02\/1920x1080_LANDING_MONOGRAFICO_SV-1024x576.jpg","large-width":1024,"large-height":576,"1536x1536":"https:\/\/blog.tmgrupoinmobiliario.com\/de\/wp-content\/uploads\/sites\/3\/2021\/02\/1920x1080_LANDING_MONOGRAFICO_SV-1536x864.jpg","1536x1536-width":1536,"1536x1536-height":864,"2048x2048":"https:\/\/blog.tmgrupoinmobiliario.com\/de\/wp-content\/uploads\/sites\/3\/2021\/02\/1920x1080_LANDING_MONOGRAFICO_SV.jpg","2048x2048-width":1920,"2048x2048-height":1080}},{"ID":14296,"id":14296,"title":"","filename":"1920x1080_LANDING_MONOGRAFICO_FR.jpg","filesize":1311986,"url":"https:\/\/blog.tmgrupoinmobiliario.com\/de\/wp-content\/uploads\/sites\/3\/2021\/02\/1920x1080_LANDING_MONOGRAFICO_FR.jpg","link":"https:\/\/blog.tmgrupoinmobiliario.com\/de\/2021\/02\/24\/was-sie-brauchen-um-ihren-traum-vom-leben-am-meer-zu-verwirklichen\/1920x1080_landing_monografico_fr\/","alt":"","author":"11710","description":"","caption":"","name":"1920x1080_landing_monografico_fr","status":"inherit","uploaded_to":14287,"date":"2021-03-02 10:34:53","modified":"2021-03-02 10:35:06","menu_order":0,"mime_type":"image\/jpeg","type":"image","subtype":"jpeg","icon":"https:\/\/blog.tmgrupoinmobiliario.com\/de\/wp-includes\/images\/media\/default.png","width":1920,"height":1080,"sizes":{"thumbnail":"https:\/\/blog.tmgrupoinmobiliario.com\/de\/wp-content\/uploads\/sites\/3\/2021\/02\/1920x1080_LANDING_MONOGRAFICO_FR-150x150.jpg","thumbnail-width":150,"thumbnail-height":150,"medium":"https:\/\/blog.tmgrupoinmobiliario.com\/de\/wp-content\/uploads\/sites\/3\/2021\/02\/1920x1080_LANDING_MONOGRAFICO_FR-300x169.jpg","medium-width":300,"medium-height":169,"medium_large":"https:\/\/blog.tmgrupoinmobiliario.com\/de\/wp-content\/uploads\/sites\/3\/2021\/02\/1920x1080_LANDING_MONOGRAFICO_FR-768x432.jpg","medium_large-width":768,"medium_large-height":432,"large":"https:\/\/blog.tmgrupoinmobiliario.com\/de\/wp-content\/uploads\/sites\/3\/2021\/02\/1920x1080_LANDING_MONOGRAFICO_FR-1024x576.jpg","large-width":1024,"large-height":576,"1536x1536":"https:\/\/blog.tmgrupoinmobiliario.com\/de\/wp-content\/uploads\/sites\/3\/2021\/02\/1920x1080_LANDING_MONOGRAFICO_FR-1536x864.jpg","1536x1536-width":1536,"1536x1536-height":864,"2048x2048":"https:\/\/blog.tmgrupoinmobiliario.com\/de\/wp-content\/uploads\/sites\/3\/2021\/02\/1920x1080_LANDING_MONOGRAFICO_FR.jpg","2048x2048-width":1920,"2048x2048-height":1080}}]},"yoast_head":"<!-- This site is optimized with the Yoast SEO Premium plugin v23.6 (Yoast SEO v27.5) - https:\/\/yoast.com\/product\/yoast-seo-premium-wordpress\/ -->\n<title>Was Sie brauchen, um Ihren Traum vom Leben am Meer zu verwirklichen - Deutsche<\/title>\n<meta name=\"robots\" content=\"index, follow, max-snippet:-1, max-image-preview:large, max-video-preview:-1\" \/>\n<link rel=\"canonical\" href=\"https:\/\/blog.tmgrupoinmobiliario.com\/de\/2021\/02\/24\/was-sie-brauchen-um-ihren-traum-vom-leben-am-meer-zu-verwirklichen\/\" \/>\n<meta property=\"og:locale\" content=\"de_DE\" \/>\n<meta property=\"og:type\" content=\"article\" \/>\n<meta property=\"og:title\" content=\"Was Sie brauchen, um Ihren Traum vom Leben am Meer zu verwirklichen\" \/>\n<meta property=\"og:description\" content=\"&nbsp; Lernen Sie unsere Fr\u00fchjahrskampagne 2021 kennen: &#8220;Seminar Leben in Spanien&#8221;. Sie richtet sich an alle, die von einem Leben am Mittelmeer tr\u00e4umen und derzeit nach detaillierten Informationen suchen, um die notwendigen Schritte f\u00fcr die Verwirklichung ihres neuen Lebensprojekts in Spanien zu unternehmen.\u00a0 Sie besteht aus f\u00fcnf Konferenzen im Webinar-Format, bei denen die Teilnehmer aus [&hellip;]\" \/>\n<meta property=\"og:url\" content=\"https:\/\/blog.tmgrupoinmobiliario.com\/de\/2021\/02\/24\/was-sie-brauchen-um-ihren-traum-vom-leben-am-meer-zu-verwirklichen\/\" \/>\n<meta property=\"og:site_name\" content=\"Deutsche\" \/>\n<meta property=\"article:published_time\" content=\"2021-02-24T12:31:10+00:00\" \/>\n<meta property=\"article:modified_time\" content=\"2021-03-30T16:47:15+00:00\" \/>\n<meta property=\"og:image\" content=\"https:\/\/blog.tmgrupoinmobiliario.com\/de\/wp-content\/uploads\/sites\/3\/2021\/03\/image-2021-03-02T112715.499.jpg\" \/>\n\t<meta property=\"og:image:width\" content=\"1000\" \/>\n\t<meta property=\"og:image:height\" content=\"666\" \/>\n\t<meta property=\"og:image:type\" content=\"image\/jpeg\" \/>\n<meta name=\"author\" content=\"alberto\" \/>\n<meta name=\"twitter:card\" content=\"summary_large_image\" \/>\n<meta name=\"twitter:label1\" content=\"Geschrieben von\" \/>\n\t<meta name=\"twitter:data1\" content=\"alberto\" \/>\n\t<meta name=\"twitter:label2\" content=\"Gesch\u00e4tzte Lesezeit\" \/>\n\t<meta name=\"twitter:data2\" content=\"2\u00a0Minuten\" \/>\n<script type=\"application\/ld+json\" class=\"yoast-schema-graph\">{\"@context\":\"https:\\\/\\\/schema.org\",\"@graph\":[{\"@type\":\"Article\",\"@id\":\"https:\\\/\\\/blog.tmgrupoinmobiliario.com\\\/de\\\/2021\\\/02\\\/24\\\/was-sie-brauchen-um-ihren-traum-vom-leben-am-meer-zu-verwirklichen\\\/#article\",\"isPartOf\":{\"@id\":\"https:\\\/\\\/blog.tmgrupoinmobiliario.com\\\/de\\\/2021\\\/02\\\/24\\\/was-sie-brauchen-um-ihren-traum-vom-leben-am-meer-zu-verwirklichen\\\/\"},\"author\":{\"name\":\"alberto\",\"@id\":\"https:\\\/\\\/blog.tmgrupoinmobiliario.com\\\/de\\\/#\\\/schema\\\/person\\\/4059e96ae5aca6723920ee59eef29527\"},\"headline\":\"Was Sie brauchen, um Ihren Traum vom Leben am Meer zu verwirklichen\",\"datePublished\":\"2021-02-24T12:31:10+00:00\",\"dateModified\":\"2021-03-30T16:47:15+00:00\",\"mainEntityOfPage\":{\"@id\":\"https:\\\/\\\/blog.tmgrupoinmobiliario.com\\\/de\\\/2021\\\/02\\\/24\\\/was-sie-brauchen-um-ihren-traum-vom-leben-am-meer-zu-verwirklichen\\\/\"},\"wordCount\":506,\"commentCount\":0,\"image\":{\"@id\":\"https:\\\/\\\/blog.tmgrupoinmobiliario.com\\\/de\\\/2021\\\/02\\\/24\\\/was-sie-brauchen-um-ihren-traum-vom-leben-am-meer-zu-verwirklichen\\\/#primaryimage\"},\"thumbnailUrl\":\"https:\\\/\\\/blog.tmgrupoinmobiliario.com\\\/de\\\/wp-content\\\/uploads\\\/sites\\\/3\\\/2021\\\/03\\\/image-2021-03-02T112715.499.jpg\",\"keywords\":[\"tag-promotions\",\"tag-promotions-costa-almeria\",\"tag-promotions-costa-blanca-norte\",\"tag-promotions-costa-blanca-sur\",\"tag-promotions-costa-del-sol\",\"tag-promotions-mallorca\"],\"articleSection\":[\"Aktuell TM\"],\"inLanguage\":\"de\",\"potentialAction\":[{\"@type\":\"CommentAction\",\"name\":\"Comment\",\"target\":[\"https:\\\/\\\/blog.tmgrupoinmobiliario.com\\\/de\\\/2021\\\/02\\\/24\\\/was-sie-brauchen-um-ihren-traum-vom-leben-am-meer-zu-verwirklichen\\\/#respond\"]}]},{\"@type\":\"WebPage\",\"@id\":\"https:\\\/\\\/blog.tmgrupoinmobiliario.com\\\/de\\\/2021\\\/02\\\/24\\\/was-sie-brauchen-um-ihren-traum-vom-leben-am-meer-zu-verwirklichen\\\/\",\"url\":\"https:\\\/\\\/blog.tmgrupoinmobiliario.com\\\/de\\\/2021\\\/02\\\/24\\\/was-sie-brauchen-um-ihren-traum-vom-leben-am-meer-zu-verwirklichen\\\/\",\"name\":\"Was Sie brauchen, um Ihren Traum vom Leben am Meer zu verwirklichen - Deutsche\",\"isPartOf\":{\"@id\":\"https:\\\/\\\/blog.tmgrupoinmobiliario.com\\\/de\\\/#website\"},\"primaryImageOfPage\":{\"@id\":\"https:\\\/\\\/blog.tmgrupoinmobiliario.com\\\/de\\\/2021\\\/02\\\/24\\\/was-sie-brauchen-um-ihren-traum-vom-leben-am-meer-zu-verwirklichen\\\/#primaryimage\"},\"image\":{\"@id\":\"https:\\\/\\\/blog.tmgrupoinmobiliario.com\\\/de\\\/2021\\\/02\\\/24\\\/was-sie-brauchen-um-ihren-traum-vom-leben-am-meer-zu-verwirklichen\\\/#primaryimage\"},\"thumbnailUrl\":\"https:\\\/\\\/blog.tmgrupoinmobiliario.com\\\/de\\\/wp-content\\\/uploads\\\/sites\\\/3\\\/2021\\\/03\\\/image-2021-03-02T112715.499.jpg\",\"datePublished\":\"2021-02-24T12:31:10+00:00\",\"dateModified\":\"2021-03-30T16:47:15+00:00\",\"author\":{\"@id\":\"https:\\\/\\\/blog.tmgrupoinmobiliario.com\\\/de\\\/#\\\/schema\\\/person\\\/4059e96ae5aca6723920ee59eef29527\"},\"breadcrumb\":{\"@id\":\"https:\\\/\\\/blog.tmgrupoinmobiliario.com\\\/de\\\/2021\\\/02\\\/24\\\/was-sie-brauchen-um-ihren-traum-vom-leben-am-meer-zu-verwirklichen\\\/#breadcrumb\"},\"inLanguage\":\"de\",\"potentialAction\":[{\"@type\":\"ReadAction\",\"target\":[\"https:\\\/\\\/blog.tmgrupoinmobiliario.com\\\/de\\\/2021\\\/02\\\/24\\\/was-sie-brauchen-um-ihren-traum-vom-leben-am-meer-zu-verwirklichen\\\/\"]}]},{\"@type\":\"ImageObject\",\"inLanguage\":\"de\",\"@id\":\"https:\\\/\\\/blog.tmgrupoinmobiliario.com\\\/de\\\/2021\\\/02\\\/24\\\/was-sie-brauchen-um-ihren-traum-vom-leben-am-meer-zu-verwirklichen\\\/#primaryimage\",\"url\":\"https:\\\/\\\/blog.tmgrupoinmobiliario.com\\\/de\\\/wp-content\\\/uploads\\\/sites\\\/3\\\/2021\\\/03\\\/image-2021-03-02T112715.499.jpg\",\"contentUrl\":\"https:\\\/\\\/blog.tmgrupoinmobiliario.com\\\/de\\\/wp-content\\\/uploads\\\/sites\\\/3\\\/2021\\\/03\\\/image-2021-03-02T112715.499.jpg\",\"width\":1000,\"height\":666},{\"@type\":\"BreadcrumbList\",\"@id\":\"https:\\\/\\\/blog.tmgrupoinmobiliario.com\\\/de\\\/2021\\\/02\\\/24\\\/was-sie-brauchen-um-ihren-traum-vom-leben-am-meer-zu-verwirklichen\\\/#breadcrumb\",\"itemListElement\":[{\"@type\":\"ListItem\",\"position\":1,\"name\":\"Portada\",\"item\":\"https:\\\/\\\/blog.tmgrupoinmobiliario.com\\\/de\\\/\"},{\"@type\":\"ListItem\",\"position\":2,\"name\":\"Was Sie brauchen, um Ihren Traum vom Leben am Meer zu verwirklichen\"}]},{\"@type\":\"WebSite\",\"@id\":\"https:\\\/\\\/blog.tmgrupoinmobiliario.com\\\/de\\\/#website\",\"url\":\"https:\\\/\\\/blog.tmgrupoinmobiliario.com\\\/de\\\/\",\"name\":\"Deutsche\",\"description\":\"Otro sitio m\u00e1s de Blog Desarrollo TM sitios\",\"potentialAction\":[{\"@type\":\"SearchAction\",\"target\":{\"@type\":\"EntryPoint\",\"urlTemplate\":\"https:\\\/\\\/blog.tmgrupoinmobiliario.com\\\/de\\\/?s={search_term_string}\"},\"query-input\":{\"@type\":\"PropertyValueSpecification\",\"valueRequired\":true,\"valueName\":\"search_term_string\"}}],\"inLanguage\":\"de\"},{\"@type\":\"Person\",\"@id\":\"https:\\\/\\\/blog.tmgrupoinmobiliario.com\\\/de\\\/#\\\/schema\\\/person\\\/4059e96ae5aca6723920ee59eef29527\",\"name\":\"alberto\",\"image\":{\"@type\":\"ImageObject\",\"inLanguage\":\"de\",\"@id\":\"https:\\\/\\\/secure.gravatar.com\\\/avatar\\\/06c6cde3178430a549915eadb7c401c2bc823ad9e7a52cee2719f7299538c934?s=96&d=mm&r=g\",\"url\":\"https:\\\/\\\/secure.gravatar.com\\\/avatar\\\/06c6cde3178430a549915eadb7c401c2bc823ad9e7a52cee2719f7299538c934?s=96&d=mm&r=g\",\"contentUrl\":\"https:\\\/\\\/secure.gravatar.com\\\/avatar\\\/06c6cde3178430a549915eadb7c401c2bc823ad9e7a52cee2719f7299538c934?s=96&d=mm&r=g\",\"caption\":\"alberto\"},\"url\":\"https:\\\/\\\/blog.tmgrupoinmobiliario.com\\\/de\\\/author\\\/alberto\\\/\"}]}<\/script>\n<!-- \/ Yoast SEO Premium plugin. -->","yoast_head_json":{"title":"Was Sie brauchen, um Ihren Traum vom Leben am Meer zu verwirklichen - Deutsche","robots":{"index":"index","follow":"follow","max-snippet":"max-snippet:-1","max-image-preview":"max-image-preview:large","max-video-preview":"max-video-preview:-1"},"canonical":"https:\/\/blog.tmgrupoinmobiliario.com\/de\/2021\/02\/24\/was-sie-brauchen-um-ihren-traum-vom-leben-am-meer-zu-verwirklichen\/","og_locale":"de_DE","og_type":"article","og_title":"Was Sie brauchen, um Ihren Traum vom Leben am Meer zu verwirklichen","og_description":"&nbsp; Lernen Sie unsere Fr\u00fchjahrskampagne 2021 kennen: &#8220;Seminar Leben in Spanien&#8221;. Sie richtet sich an alle, die von einem Leben am Mittelmeer tr\u00e4umen und derzeit nach detaillierten Informationen suchen, um die notwendigen Schritte f\u00fcr die Verwirklichung ihres neuen Lebensprojekts in Spanien zu unternehmen.\u00a0 Sie besteht aus f\u00fcnf Konferenzen im Webinar-Format, bei denen die Teilnehmer aus [&hellip;]","og_url":"https:\/\/blog.tmgrupoinmobiliario.com\/de\/2021\/02\/24\/was-sie-brauchen-um-ihren-traum-vom-leben-am-meer-zu-verwirklichen\/","og_site_name":"Deutsche","article_published_time":"2021-02-24T12:31:10+00:00","article_modified_time":"2021-03-30T16:47:15+00:00","og_image":[{"width":1000,"height":666,"url":"https:\/\/blog.tmgrupoinmobiliario.com\/de\/wp-content\/uploads\/sites\/3\/2021\/03\/image-2021-03-02T112715.499.jpg","type":"image\/jpeg"}],"author":"alberto","twitter_card":"summary_large_image","twitter_misc":{"Geschrieben von":"alberto","Gesch\u00e4tzte Lesezeit":"2\u00a0Minuten"},"schema":{"@context":"https:\/\/schema.org","@graph":[{"@type":"Article","@id":"https:\/\/blog.tmgrupoinmobiliario.com\/de\/2021\/02\/24\/was-sie-brauchen-um-ihren-traum-vom-leben-am-meer-zu-verwirklichen\/#article","isPartOf":{"@id":"https:\/\/blog.tmgrupoinmobiliario.com\/de\/2021\/02\/24\/was-sie-brauchen-um-ihren-traum-vom-leben-am-meer-zu-verwirklichen\/"},"author":{"name":"alberto","@id":"https:\/\/blog.tmgrupoinmobiliario.com\/de\/#\/schema\/person\/4059e96ae5aca6723920ee59eef29527"},"headline":"Was Sie brauchen, um Ihren Traum vom Leben am Meer zu verwirklichen","datePublished":"2021-02-24T12:31:10+00:00","dateModified":"2021-03-30T16:47:15+00:00","mainEntityOfPage":{"@id":"https:\/\/blog.tmgrupoinmobiliario.com\/de\/2021\/02\/24\/was-sie-brauchen-um-ihren-traum-vom-leben-am-meer-zu-verwirklichen\/"},"wordCount":506,"commentCount":0,"image":{"@id":"https:\/\/blog.tmgrupoinmobiliario.com\/de\/2021\/02\/24\/was-sie-brauchen-um-ihren-traum-vom-leben-am-meer-zu-verwirklichen\/#primaryimage"},"thumbnailUrl":"https:\/\/blog.tmgrupoinmobiliario.com\/de\/wp-content\/uploads\/sites\/3\/2021\/03\/image-2021-03-02T112715.499.jpg","keywords":["tag-promotions","tag-promotions-costa-almeria","tag-promotions-costa-blanca-norte","tag-promotions-costa-blanca-sur","tag-promotions-costa-del-sol","tag-promotions-mallorca"],"articleSection":["Aktuell TM"],"inLanguage":"de","potentialAction":[{"@type":"CommentAction","name":"Comment","target":["https:\/\/blog.tmgrupoinmobiliario.com\/de\/2021\/02\/24\/was-sie-brauchen-um-ihren-traum-vom-leben-am-meer-zu-verwirklichen\/#respond"]}]},{"@type":"WebPage","@id":"https:\/\/blog.tmgrupoinmobiliario.com\/de\/2021\/02\/24\/was-sie-brauchen-um-ihren-traum-vom-leben-am-meer-zu-verwirklichen\/","url":"https:\/\/blog.tmgrupoinmobiliario.com\/de\/2021\/02\/24\/was-sie-brauchen-um-ihren-traum-vom-leben-am-meer-zu-verwirklichen\/","name":"Was Sie brauchen, um Ihren Traum vom Leben am Meer zu verwirklichen - Deutsche","isPartOf":{"@id":"https:\/\/blog.tmgrupoinmobiliario.com\/de\/#website"},"primaryImageOfPage":{"@id":"https:\/\/blog.tmgrupoinmobiliario.com\/de\/2021\/02\/24\/was-sie-brauchen-um-ihren-traum-vom-leben-am-meer-zu-verwirklichen\/#primaryimage"},"image":{"@id":"https:\/\/blog.tmgrupoinmobiliario.com\/de\/2021\/02\/24\/was-sie-brauchen-um-ihren-traum-vom-leben-am-meer-zu-verwirklichen\/#primaryimage"},"thumbnailUrl":"https:\/\/blog.tmgrupoinmobiliario.com\/de\/wp-content\/uploads\/sites\/3\/2021\/03\/image-2021-03-02T112715.499.jpg","datePublished":"2021-02-24T12:31:10+00:00","dateModified":"2021-03-30T16:47:15+00:00","author":{"@id":"https:\/\/blog.tmgrupoinmobiliario.com\/de\/#\/schema\/person\/4059e96ae5aca6723920ee59eef29527"},"breadcrumb":{"@id":"https:\/\/blog.tmgrupoinmobiliario.com\/de\/2021\/02\/24\/was-sie-brauchen-um-ihren-traum-vom-leben-am-meer-zu-verwirklichen\/#breadcrumb"},"inLanguage":"de","potentialAction":[{"@type":"ReadAction","target":["https:\/\/blog.tmgrupoinmobiliario.com\/de\/2021\/02\/24\/was-sie-brauchen-um-ihren-traum-vom-leben-am-meer-zu-verwirklichen\/"]}]},{"@type":"ImageObject","inLanguage":"de","@id":"https:\/\/blog.tmgrupoinmobiliario.com\/de\/2021\/02\/24\/was-sie-brauchen-um-ihren-traum-vom-leben-am-meer-zu-verwirklichen\/#primaryimage","url":"https:\/\/blog.tmgrupoinmobiliario.com\/de\/wp-content\/uploads\/sites\/3\/2021\/03\/image-2021-03-02T112715.499.jpg","contentUrl":"https:\/\/blog.tmgrupoinmobiliario.com\/de\/wp-content\/uploads\/sites\/3\/2021\/03\/image-2021-03-02T112715.499.jpg","width":1000,"height":666},{"@type":"BreadcrumbList","@id":"https:\/\/blog.tmgrupoinmobiliario.com\/de\/2021\/02\/24\/was-sie-brauchen-um-ihren-traum-vom-leben-am-meer-zu-verwirklichen\/#breadcrumb","itemListElement":[{"@type":"ListItem","position":1,"name":"Portada","item":"https:\/\/blog.tmgrupoinmobiliario.com\/de\/"},{"@type":"ListItem","position":2,"name":"Was Sie brauchen, um Ihren Traum vom Leben am Meer zu verwirklichen"}]},{"@type":"WebSite","@id":"https:\/\/blog.tmgrupoinmobiliario.com\/de\/#website","url":"https:\/\/blog.tmgrupoinmobiliario.com\/de\/","name":"Deutsche","description":"Otro sitio m\u00e1s de Blog Desarrollo TM sitios","potentialAction":[{"@type":"SearchAction","target":{"@type":"EntryPoint","urlTemplate":"https:\/\/blog.tmgrupoinmobiliario.com\/de\/?s={search_term_string}"},"query-input":{"@type":"PropertyValueSpecification","valueRequired":true,"valueName":"search_term_string"}}],"inLanguage":"de"},{"@type":"Person","@id":"https:\/\/blog.tmgrupoinmobiliario.com\/de\/#\/schema\/person\/4059e96ae5aca6723920ee59eef29527","name":"alberto","image":{"@type":"ImageObject","inLanguage":"de","@id":"https:\/\/secure.gravatar.com\/avatar\/06c6cde3178430a549915eadb7c401c2bc823ad9e7a52cee2719f7299538c934?s=96&d=mm&r=g","url":"https:\/\/secure.gravatar.com\/avatar\/06c6cde3178430a549915eadb7c401c2bc823ad9e7a52cee2719f7299538c934?s=96&d=mm&r=g","contentUrl":"https:\/\/secure.gravatar.com\/avatar\/06c6cde3178430a549915eadb7c401c2bc823ad9e7a52cee2719f7299538c934?s=96&d=mm&r=g","caption":"alberto"},"url":"https:\/\/blog.tmgrupoinmobiliario.com\/de\/author\/alberto\/"}]}},"jetpack_featured_media_url":"https:\/\/blog.tmgrupoinmobiliario.com\/de\/wp-content\/uploads\/sites\/3\/2021\/03\/image-2021-03-02T112715.499.jpg","jetpack_sharing_enabled":true,"_links":{"self":[{"href":"https:\/\/blog.tmgrupoinmobiliario.com\/de\/wp-json\/wp\/v2\/posts\/14287","targetHints":{"allow":["GET"]}}],"collection":[{"href":"https:\/\/blog.tmgrupoinmobiliario.com\/de\/wp-json\/wp\/v2\/posts"}],"about":[{"href":"https:\/\/blog.tmgrupoinmobiliario.com\/de\/wp-json\/wp\/v2\/types\/post"}],"author":[{"embeddable":true,"href":"https:\/\/blog.tmgrupoinmobiliario.com\/de\/wp-json\/wp\/v2\/users\/11710"}],"replies":[{"embeddable":true,"href":"https:\/\/blog.tmgrupoinmobiliario.com\/de\/wp-json\/wp\/v2\/comments?post=14287"}],"version-history":[{"count":7,"href":"https:\/\/blog.tmgrupoinmobiliario.com\/de\/wp-json\/wp\/v2\/posts\/14287\/revisions"}],"predecessor-version":[{"id":14315,"href":"https:\/\/blog.tmgrupoinmobiliario.com\/de\/wp-json\/wp\/v2\/posts\/14287\/revisions\/14315"}],"wp:featuredmedia":[{"embeddable":true,"href":"https:\/\/blog.tmgrupoinmobiliario.com\/de\/wp-json\/wp\/v2\/media\/14289"}],"wp:attachment":[{"href":"https:\/\/blog.tmgrupoinmobiliario.com\/de\/wp-json\/wp\/v2\/media?parent=14287"}],"wp:term":[{"taxonomy":"category","embeddable":true,"href":"https:\/\/blog.tmgrupoinmobiliario.com\/de\/wp-json\/wp\/v2\/categories?post=14287"},{"taxonomy":"post_tag","embeddable":true,"href":"https:\/\/blog.tmgrupoinmobiliario.com\/de\/wp-json\/wp\/v2\/tags?post=14287"}],"curies":[{"name":"wp","href":"https:\/\/api.w.org\/{rel}","templated":true}]}}