{"id":14274,"date":"2021-02-24T17:37:25","date_gmt":"2021-02-24T16:37:25","guid":{"rendered":"https:\/\/blog.tmgrupoinmobiliario.com\/de\/?p=14274"},"modified":"2021-03-30T18:47:10","modified_gmt":"2021-03-30T16:47:10","slug":"alles-was-sie-wissen-muessen-um-ihr-eigenheim-im-jahr-2021-zu-dekorieren","status":"publish","type":"post","link":"https:\/\/blog.tmgrupoinmobiliario.com\/de\/2021\/02\/24\/alles-was-sie-wissen-muessen-um-ihr-eigenheim-im-jahr-2021-zu-dekorieren\/","title":{"rendered":"Alles, was Sie wissen m\u00fcssen, um Ihr Eigenheim im Jahr 2021 zu dekorieren"},"content":{"rendered":"<p>&nbsp;<\/p>\n<p>Wenn Sie einer der Gl\u00fccklichen sind, der in diesem Jahr ein neues Eigenheim von TM bezieht oder Sie planen, die Dekoration Ihres Zuhauses zu \u00e4ndern, ist dieser Beitrag f\u00fcr Sie von Interesse. Entdecken Sie die neuesten Trends in der Inneneinrichtung und finden Sie heraus, ob Ihre Vorlieben und Ihr Geschmack bei der Dekoration damit \u00fcbereinstimmen.<\/p>\n<h4><\/h4>\n<h4><strong>Multifunktionale R\u00e4ume<\/strong><\/h4>\n<p>Dies ist eine direkte Folge der Zeit, die wir zu Hause verbringen. Die Notwendigkeit, aus Schlafzimmern B\u00fcros zu machen, oder aus Wohnzimmern Fitnessstudios, hat dazu gef\u00fchrt, auf multifunktionale R\u00e4ume zu setzen. Wie k\u00f6nnen Sie das erreichen? Indem Sie Wandschirme oder Vorh\u00e4nge zu Ihren besten Verb\u00fcndeten machen.<\/p>\n<p>&nbsp;<\/p>\n<h4><strong>Nat\u00fcrliche Materialien<\/strong><\/h4>\n<p>Eine weitere Folge dessen, was wir im letzten Jahr erlebt haben, ist das Bed\u00fcrfnis, in nat\u00fcrlicheren R\u00e4umen zu leben, mit mehr neutralen Farben und nat\u00fcrlichen Materialien. Rattan, Bambus, Schilfrohr oder Holz sind in diesem Jahr ein Muss.<\/p>\n<p>&nbsp;<\/p>\n<h4><strong>Retro-Inspiration<\/strong><\/h4>\n<p>Im Jahr 2021 zur\u00fcck in die 1970er. Abgerundete Formen, runde Deckenlampen, gemusterte Stoffe und alles, was Sie an diese Zeit erinnert, ist in diesem Jahr in der Dekoration Ihres TM-Eigenheimes willkommen.<\/p>\n<p>&nbsp;<\/p>\n<h4><strong>Es gr\u00fcnt so gr\u00fcn<\/strong><\/h4>\n<p>In Anlehnung an die nat\u00fcrlichen Elemente wird Gr\u00fcn der Protagonist der Saison sein. Vor allem das Olivgr\u00fcn. Eine harmonische Farbe, die gut zu allen R\u00e4umen passt.<\/p>\n<p>&nbsp;<\/p>\n<h4><strong>Niedrige M\u00f6bel<\/strong><\/h4>\n<p>R\u00fcckenlehnen, die die H\u00f6he der Tische nicht \u00fcberragen, mit dem Ziel, visuell aufger\u00e4umte Umgebungen zu schaffen, die uns zu Zen-R\u00e4umen verhelfen.<\/p>\n<p>Jetzt m\u00fcssen Sie nur noch die Ecke Ihres TM-Eigenheimes ausw\u00e4hlen, der Sie unbedingt einen neuen Look verpassen m\u00f6chten. Auf geht&#8217;s!<\/p>\n","protected":false},"excerpt":{"rendered":"<p>&nbsp; Wenn Sie einer der Gl\u00fccklichen sind, der in diesem Jahr ein neues Eigenheim von TM bezieht oder Sie planen, die Dekoration Ihres Zuhauses zu \u00e4ndern, ist dieser Beitrag f\u00fcr Sie von Interesse. Entdecken Sie die neuesten Trends in der Inneneinrichtung und finden Sie heraus, ob Ihre Vorlieben und Ihr Geschmack bei der Dekoration damit [&hellip;]<\/p>\n","protected":false},"author":11710,"featured_media":14275,"comment_status":"open","ping_status":"open","sticky":false,"template":"","format":"standard","meta":{"_jetpack_memberships_contains_paid_content":false,"footnotes":""},"categories":[64],"tags":[],"class_list":["post-14274","post","type-post","status-publish","format-standard","has-post-thumbnail","hentry","category-life-style","formato-comunicacion"],"better_featured_image":{"id":14275,"alt_text":"","caption":"","description":"","media_type":"image","media_details":{"width":1000,"height":666,"file":"2021\/03\/1000x666_Moli1.jpg","sizes":{"medium":{"file":"1000x666_Moli1-300x200.jpg","width":300,"height":200,"mime-type":"image\/jpeg","source_url":"https:\/\/blog.tmgrupoinmobiliario.com\/de\/wp-content\/uploads\/sites\/3\/2021\/03\/1000x666_Moli1-300x200.jpg"},"thumbnail":{"file":"1000x666_Moli1-150x150.jpg","width":150,"height":150,"mime-type":"image\/jpeg","source_url":"https:\/\/blog.tmgrupoinmobiliario.com\/de\/wp-content\/uploads\/sites\/3\/2021\/03\/1000x666_Moli1-150x150.jpg"},"medium_large":{"file":"1000x666_Moli1-768x511.jpg","width":768,"height":511,"mime-type":"image\/jpeg","source_url":"https:\/\/blog.tmgrupoinmobiliario.com\/de\/wp-content\/uploads\/sites\/3\/2021\/03\/1000x666_Moli1-768x511.jpg"}},"image_meta":{"aperture":"0","credit":"","camera":"","caption":"","created_timestamp":"0","copyright":"","focal_length":"0","iso":"0","shutter_speed":"0","title":"","orientation":"1","keywords":[]}},"post":14274,"source_url":"https:\/\/blog.tmgrupoinmobiliario.com\/de\/wp-content\/uploads\/sites\/3\/2021\/03\/1000x666_Moli1.jpg"},"acf":{"imagen_destacada_desktop":"https:\/\/blog.tmgrupoinmobiliario.com\/de\/wp-content\/uploads\/sites\/3\/2021\/03\/1920x870_moli1.jpg","imagen_destacada_mobile":"https:\/\/blog.tmgrupoinmobiliario.com\/de\/wp-content\/uploads\/sites\/3\/2021\/03\/image-2021-03-01T120809.570.jpg","formato":{"term_id":76,"name":"Comunicaci\u00f3n","slug":"comunicacion","term_group":0,"term_taxonomy_id":76,"taxonomy":"formato","description":"","parent":0,"count":127,"filter":"raw"},"entradilla":"","etiquetas":"","cabecera_escritorio":"https:\/\/blog.tmgrupoinmobiliario.com\/de\/wp-content\/uploads\/sites\/3\/2021\/03\/image-2021-03-02T110434.684.jpg","cabecera_mobile":"https:\/\/blog.tmgrupoinmobiliario.com\/de\/wp-content\/uploads\/sites\/3\/2021\/03\/image-2021-03-02T110456.830.jpg","galeria":[{"ID":14285,"id":14285,"title":"","filename":"image-67.jpg","filesize":131516,"url":"https:\/\/blog.tmgrupoinmobiliario.com\/de\/wp-content\/uploads\/sites\/3\/2021\/03\/image-67.jpg","link":"https:\/\/blog.tmgrupoinmobiliario.com\/de\/2021\/02\/24\/alles-was-sie-wissen-muessen-um-ihr-eigenheim-im-jahr-2021-zu-dekorieren\/image-67\/","alt":"","author":"11710","description":"","caption":"","name":"image-67","status":"inherit","uploaded_to":14274,"date":"2021-03-02 10:07:15","modified":"2021-03-02 10:08:01","menu_order":0,"mime_type":"image\/jpeg","type":"image","subtype":"jpeg","icon":"https:\/\/blog.tmgrupoinmobiliario.com\/de\/wp-includes\/images\/media\/default.png","width":800,"height":600,"sizes":{"thumbnail":"https:\/\/blog.tmgrupoinmobiliario.com\/de\/wp-content\/uploads\/sites\/3\/2021\/03\/image-67-150x150.jpg","thumbnail-width":150,"thumbnail-height":150,"medium":"https:\/\/blog.tmgrupoinmobiliario.com\/de\/wp-content\/uploads\/sites\/3\/2021\/03\/image-67-300x225.jpg","medium-width":300,"medium-height":225,"medium_large":"https:\/\/blog.tmgrupoinmobiliario.com\/de\/wp-content\/uploads\/sites\/3\/2021\/03\/image-67-768x576.jpg","medium_large-width":768,"medium_large-height":576,"large":"https:\/\/blog.tmgrupoinmobiliario.com\/de\/wp-content\/uploads\/sites\/3\/2021\/03\/image-67.jpg","large-width":800,"large-height":600,"1536x1536":"https:\/\/blog.tmgrupoinmobiliario.com\/de\/wp-content\/uploads\/sites\/3\/2021\/03\/image-67.jpg","1536x1536-width":800,"1536x1536-height":600,"2048x2048":"https:\/\/blog.tmgrupoinmobiliario.com\/de\/wp-content\/uploads\/sites\/3\/2021\/03\/image-67.jpg","2048x2048-width":800,"2048x2048-height":600}},{"ID":14284,"id":14284,"title":"","filename":"image-59.jpg","filesize":637177,"url":"https:\/\/blog.tmgrupoinmobiliario.com\/de\/wp-content\/uploads\/sites\/3\/2021\/03\/image-59.jpg","link":"https:\/\/blog.tmgrupoinmobiliario.com\/de\/2021\/02\/24\/alles-was-sie-wissen-muessen-um-ihr-eigenheim-im-jahr-2021-zu-dekorieren\/image-59\/","alt":"","author":"11710","description":"","caption":"","name":"image-59","status":"inherit","uploaded_to":14274,"date":"2021-03-02 10:07:13","modified":"2021-03-02 10:08:12","menu_order":0,"mime_type":"image\/jpeg","type":"image","subtype":"jpeg","icon":"https:\/\/blog.tmgrupoinmobiliario.com\/de\/wp-includes\/images\/media\/default.png","width":1920,"height":1280,"sizes":{"thumbnail":"https:\/\/blog.tmgrupoinmobiliario.com\/de\/wp-content\/uploads\/sites\/3\/2021\/03\/image-59-150x150.jpg","thumbnail-width":150,"thumbnail-height":150,"medium":"https:\/\/blog.tmgrupoinmobiliario.com\/de\/wp-content\/uploads\/sites\/3\/2021\/03\/image-59-300x200.jpg","medium-width":300,"medium-height":200,"medium_large":"https:\/\/blog.tmgrupoinmobiliario.com\/de\/wp-content\/uploads\/sites\/3\/2021\/03\/image-59-768x512.jpg","medium_large-width":768,"medium_large-height":512,"large":"https:\/\/blog.tmgrupoinmobiliario.com\/de\/wp-content\/uploads\/sites\/3\/2021\/03\/image-59-1024x683.jpg","large-width":1024,"large-height":683,"1536x1536":"https:\/\/blog.tmgrupoinmobiliario.com\/de\/wp-content\/uploads\/sites\/3\/2021\/03\/image-59-1536x1024.jpg","1536x1536-width":1536,"1536x1536-height":1024,"2048x2048":"https:\/\/blog.tmgrupoinmobiliario.com\/de\/wp-content\/uploads\/sites\/3\/2021\/03\/image-59.jpg","2048x2048-width":1920,"2048x2048-height":1280}},{"ID":14283,"id":14283,"title":"","filename":"image-62.jpg","filesize":346142,"url":"https:\/\/blog.tmgrupoinmobiliario.com\/de\/wp-content\/uploads\/sites\/3\/2021\/03\/image-62.jpg","link":"https:\/\/blog.tmgrupoinmobiliario.com\/de\/2021\/02\/24\/alles-was-sie-wissen-muessen-um-ihr-eigenheim-im-jahr-2021-zu-dekorieren\/image-62-2\/","alt":"","author":"11710","description":"","caption":"","name":"image-62-2","status":"inherit","uploaded_to":14274,"date":"2021-03-02 10:07:11","modified":"2021-03-02 10:08:18","menu_order":0,"mime_type":"image\/jpeg","type":"image","subtype":"jpeg","icon":"https:\/\/blog.tmgrupoinmobiliario.com\/de\/wp-includes\/images\/media\/default.png","width":1920,"height":1280,"sizes":{"thumbnail":"https:\/\/blog.tmgrupoinmobiliario.com\/de\/wp-content\/uploads\/sites\/3\/2021\/03\/image-62-150x150.jpg","thumbnail-width":150,"thumbnail-height":150,"medium":"https:\/\/blog.tmgrupoinmobiliario.com\/de\/wp-content\/uploads\/sites\/3\/2021\/03\/image-62-300x200.jpg","medium-width":300,"medium-height":200,"medium_large":"https:\/\/blog.tmgrupoinmobiliario.com\/de\/wp-content\/uploads\/sites\/3\/2021\/03\/image-62-768x512.jpg","medium_large-width":768,"medium_large-height":512,"large":"https:\/\/blog.tmgrupoinmobiliario.com\/de\/wp-content\/uploads\/sites\/3\/2021\/03\/image-62-1024x683.jpg","large-width":1024,"large-height":683,"1536x1536":"https:\/\/blog.tmgrupoinmobiliario.com\/de\/wp-content\/uploads\/sites\/3\/2021\/03\/image-62-1536x1024.jpg","1536x1536-width":1536,"1536x1536-height":1024,"2048x2048":"https:\/\/blog.tmgrupoinmobiliario.com\/de\/wp-content\/uploads\/sites\/3\/2021\/03\/image-62.jpg","2048x2048-width":1920,"2048x2048-height":1280}},{"ID":14282,"id":14282,"title":"","filename":"image-60.jpg","filesize":638665,"url":"https:\/\/blog.tmgrupoinmobiliario.com\/de\/wp-content\/uploads\/sites\/3\/2021\/03\/image-60.jpg","link":"https:\/\/blog.tmgrupoinmobiliario.com\/de\/2021\/02\/24\/alles-was-sie-wissen-muessen-um-ihr-eigenheim-im-jahr-2021-zu-dekorieren\/image-60\/","alt":"","author":"11710","description":"","caption":"","name":"image-60","status":"inherit","uploaded_to":14274,"date":"2021-03-02 10:07:07","modified":"2021-03-02 10:08:23","menu_order":0,"mime_type":"image\/jpeg","type":"image","subtype":"jpeg","icon":"https:\/\/blog.tmgrupoinmobiliario.com\/de\/wp-includes\/images\/media\/default.png","width":1920,"height":1280,"sizes":{"thumbnail":"https:\/\/blog.tmgrupoinmobiliario.com\/de\/wp-content\/uploads\/sites\/3\/2021\/03\/image-60-150x150.jpg","thumbnail-width":150,"thumbnail-height":150,"medium":"https:\/\/blog.tmgrupoinmobiliario.com\/de\/wp-content\/uploads\/sites\/3\/2021\/03\/image-60-300x200.jpg","medium-width":300,"medium-height":200,"medium_large":"https:\/\/blog.tmgrupoinmobiliario.com\/de\/wp-content\/uploads\/sites\/3\/2021\/03\/image-60-768x512.jpg","medium_large-width":768,"medium_large-height":512,"large":"https:\/\/blog.tmgrupoinmobiliario.com\/de\/wp-content\/uploads\/sites\/3\/2021\/03\/image-60-1024x683.jpg","large-width":1024,"large-height":683,"1536x1536":"https:\/\/blog.tmgrupoinmobiliario.com\/de\/wp-content\/uploads\/sites\/3\/2021\/03\/image-60-1536x1024.jpg","1536x1536-width":1536,"1536x1536-height":1024,"2048x2048":"https:\/\/blog.tmgrupoinmobiliario.com\/de\/wp-content\/uploads\/sites\/3\/2021\/03\/image-60.jpg","2048x2048-width":1920,"2048x2048-height":1280}},{"ID":14281,"id":14281,"title":"","filename":"image-61.jpg","filesize":546080,"url":"https:\/\/blog.tmgrupoinmobiliario.com\/de\/wp-content\/uploads\/sites\/3\/2021\/03\/image-61.jpg","link":"https:\/\/blog.tmgrupoinmobiliario.com\/de\/2021\/02\/24\/alles-was-sie-wissen-muessen-um-ihr-eigenheim-im-jahr-2021-zu-dekorieren\/image-61\/","alt":"","author":"11710","description":"","caption":"","name":"image-61","status":"inherit","uploaded_to":14274,"date":"2021-03-02 10:07:02","modified":"2021-03-02 10:08:28","menu_order":0,"mime_type":"image\/jpeg","type":"image","subtype":"jpeg","icon":"https:\/\/blog.tmgrupoinmobiliario.com\/de\/wp-includes\/images\/media\/default.png","width":1920,"height":1280,"sizes":{"thumbnail":"https:\/\/blog.tmgrupoinmobiliario.com\/de\/wp-content\/uploads\/sites\/3\/2021\/03\/image-61-150x150.jpg","thumbnail-width":150,"thumbnail-height":150,"medium":"https:\/\/blog.tmgrupoinmobiliario.com\/de\/wp-content\/uploads\/sites\/3\/2021\/03\/image-61-300x200.jpg","medium-width":300,"medium-height":200,"medium_large":"https:\/\/blog.tmgrupoinmobiliario.com\/de\/wp-content\/uploads\/sites\/3\/2021\/03\/image-61-768x512.jpg","medium_large-width":768,"medium_large-height":512,"large":"https:\/\/blog.tmgrupoinmobiliario.com\/de\/wp-content\/uploads\/sites\/3\/2021\/03\/image-61-1024x683.jpg","large-width":1024,"large-height":683,"1536x1536":"https:\/\/blog.tmgrupoinmobiliario.com\/de\/wp-content\/uploads\/sites\/3\/2021\/03\/image-61-1536x1024.jpg","1536x1536-width":1536,"1536x1536-height":1024,"2048x2048":"https:\/\/blog.tmgrupoinmobiliario.com\/de\/wp-content\/uploads\/sites\/3\/2021\/03\/image-61.jpg","2048x2048-width":1920,"2048x2048-height":1280}}]},"yoast_head":"<!-- This site is optimized with the Yoast SEO Premium plugin v23.6 (Yoast SEO v27.5) - https:\/\/yoast.com\/product\/yoast-seo-premium-wordpress\/ -->\n<title>Alles, was Sie wissen m\u00fcssen, um Ihr Eigenheim im Jahr 2021 zu dekorieren - Deutsche<\/title>\n<meta name=\"robots\" content=\"index, follow, max-snippet:-1, max-image-preview:large, max-video-preview:-1\" \/>\n<link rel=\"canonical\" href=\"https:\/\/blog.tmgrupoinmobiliario.com\/de\/2021\/02\/24\/alles-was-sie-wissen-muessen-um-ihr-eigenheim-im-jahr-2021-zu-dekorieren\/\" \/>\n<meta property=\"og:locale\" content=\"de_DE\" \/>\n<meta property=\"og:type\" content=\"article\" \/>\n<meta property=\"og:title\" content=\"Alles, was Sie wissen m\u00fcssen, um Ihr Eigenheim im Jahr 2021 zu dekorieren\" \/>\n<meta property=\"og:description\" content=\"&nbsp; Wenn Sie einer der Gl\u00fccklichen sind, der in diesem Jahr ein neues Eigenheim von TM bezieht oder Sie planen, die Dekoration Ihres Zuhauses zu \u00e4ndern, ist dieser Beitrag f\u00fcr Sie von Interesse. Entdecken Sie die neuesten Trends in der Inneneinrichtung und finden Sie heraus, ob Ihre Vorlieben und Ihr Geschmack bei der Dekoration damit [&hellip;]\" \/>\n<meta property=\"og:url\" content=\"https:\/\/blog.tmgrupoinmobiliario.com\/de\/2021\/02\/24\/alles-was-sie-wissen-muessen-um-ihr-eigenheim-im-jahr-2021-zu-dekorieren\/\" \/>\n<meta property=\"og:site_name\" content=\"Deutsche\" \/>\n<meta property=\"article:published_time\" content=\"2021-02-24T16:37:25+00:00\" \/>\n<meta property=\"article:modified_time\" content=\"2021-03-30T16:47:10+00:00\" \/>\n<meta property=\"og:image\" content=\"https:\/\/blog.tmgrupoinmobiliario.com\/de\/wp-content\/uploads\/sites\/3\/2021\/03\/1000x666_Moli1.jpg\" \/>\n\t<meta property=\"og:image:width\" content=\"1000\" \/>\n\t<meta property=\"og:image:height\" content=\"666\" \/>\n\t<meta property=\"og:image:type\" content=\"image\/jpeg\" \/>\n<meta name=\"author\" content=\"alberto\" \/>\n<meta name=\"twitter:card\" content=\"summary_large_image\" \/>\n<meta name=\"twitter:label1\" content=\"Geschrieben von\" \/>\n\t<meta name=\"twitter:data1\" content=\"alberto\" \/>\n\t<meta name=\"twitter:label2\" content=\"Gesch\u00e4tzte Lesezeit\" \/>\n\t<meta name=\"twitter:data2\" content=\"2\u00a0Minuten\" \/>\n<script type=\"application\/ld+json\" class=\"yoast-schema-graph\">{\"@context\":\"https:\\\/\\\/schema.org\",\"@graph\":[{\"@type\":\"Article\",\"@id\":\"https:\\\/\\\/blog.tmgrupoinmobiliario.com\\\/de\\\/2021\\\/02\\\/24\\\/alles-was-sie-wissen-muessen-um-ihr-eigenheim-im-jahr-2021-zu-dekorieren\\\/#article\",\"isPartOf\":{\"@id\":\"https:\\\/\\\/blog.tmgrupoinmobiliario.com\\\/de\\\/2021\\\/02\\\/24\\\/alles-was-sie-wissen-muessen-um-ihr-eigenheim-im-jahr-2021-zu-dekorieren\\\/\"},\"author\":{\"name\":\"alberto\",\"@id\":\"https:\\\/\\\/blog.tmgrupoinmobiliario.com\\\/de\\\/#\\\/schema\\\/person\\\/4059e96ae5aca6723920ee59eef29527\"},\"headline\":\"Alles, was Sie wissen m\u00fcssen, um Ihr Eigenheim im Jahr 2021 zu dekorieren\",\"datePublished\":\"2021-02-24T16:37:25+00:00\",\"dateModified\":\"2021-03-30T16:47:10+00:00\",\"mainEntityOfPage\":{\"@id\":\"https:\\\/\\\/blog.tmgrupoinmobiliario.com\\\/de\\\/2021\\\/02\\\/24\\\/alles-was-sie-wissen-muessen-um-ihr-eigenheim-im-jahr-2021-zu-dekorieren\\\/\"},\"wordCount\":294,\"commentCount\":0,\"image\":{\"@id\":\"https:\\\/\\\/blog.tmgrupoinmobiliario.com\\\/de\\\/2021\\\/02\\\/24\\\/alles-was-sie-wissen-muessen-um-ihr-eigenheim-im-jahr-2021-zu-dekorieren\\\/#primaryimage\"},\"thumbnailUrl\":\"https:\\\/\\\/blog.tmgrupoinmobiliario.com\\\/de\\\/wp-content\\\/uploads\\\/sites\\\/3\\\/2021\\\/03\\\/1000x666_Moli1.jpg\",\"articleSection\":[\"LifeStyle\"],\"inLanguage\":\"de\",\"potentialAction\":[{\"@type\":\"CommentAction\",\"name\":\"Comment\",\"target\":[\"https:\\\/\\\/blog.tmgrupoinmobiliario.com\\\/de\\\/2021\\\/02\\\/24\\\/alles-was-sie-wissen-muessen-um-ihr-eigenheim-im-jahr-2021-zu-dekorieren\\\/#respond\"]}]},{\"@type\":\"WebPage\",\"@id\":\"https:\\\/\\\/blog.tmgrupoinmobiliario.com\\\/de\\\/2021\\\/02\\\/24\\\/alles-was-sie-wissen-muessen-um-ihr-eigenheim-im-jahr-2021-zu-dekorieren\\\/\",\"url\":\"https:\\\/\\\/blog.tmgrupoinmobiliario.com\\\/de\\\/2021\\\/02\\\/24\\\/alles-was-sie-wissen-muessen-um-ihr-eigenheim-im-jahr-2021-zu-dekorieren\\\/\",\"name\":\"Alles, was Sie wissen m\u00fcssen, um Ihr Eigenheim im Jahr 2021 zu dekorieren - Deutsche\",\"isPartOf\":{\"@id\":\"https:\\\/\\\/blog.tmgrupoinmobiliario.com\\\/de\\\/#website\"},\"primaryImageOfPage\":{\"@id\":\"https:\\\/\\\/blog.tmgrupoinmobiliario.com\\\/de\\\/2021\\\/02\\\/24\\\/alles-was-sie-wissen-muessen-um-ihr-eigenheim-im-jahr-2021-zu-dekorieren\\\/#primaryimage\"},\"image\":{\"@id\":\"https:\\\/\\\/blog.tmgrupoinmobiliario.com\\\/de\\\/2021\\\/02\\\/24\\\/alles-was-sie-wissen-muessen-um-ihr-eigenheim-im-jahr-2021-zu-dekorieren\\\/#primaryimage\"},\"thumbnailUrl\":\"https:\\\/\\\/blog.tmgrupoinmobiliario.com\\\/de\\\/wp-content\\\/uploads\\\/sites\\\/3\\\/2021\\\/03\\\/1000x666_Moli1.jpg\",\"datePublished\":\"2021-02-24T16:37:25+00:00\",\"dateModified\":\"2021-03-30T16:47:10+00:00\",\"author\":{\"@id\":\"https:\\\/\\\/blog.tmgrupoinmobiliario.com\\\/de\\\/#\\\/schema\\\/person\\\/4059e96ae5aca6723920ee59eef29527\"},\"breadcrumb\":{\"@id\":\"https:\\\/\\\/blog.tmgrupoinmobiliario.com\\\/de\\\/2021\\\/02\\\/24\\\/alles-was-sie-wissen-muessen-um-ihr-eigenheim-im-jahr-2021-zu-dekorieren\\\/#breadcrumb\"},\"inLanguage\":\"de\",\"potentialAction\":[{\"@type\":\"ReadAction\",\"target\":[\"https:\\\/\\\/blog.tmgrupoinmobiliario.com\\\/de\\\/2021\\\/02\\\/24\\\/alles-was-sie-wissen-muessen-um-ihr-eigenheim-im-jahr-2021-zu-dekorieren\\\/\"]}]},{\"@type\":\"ImageObject\",\"inLanguage\":\"de\",\"@id\":\"https:\\\/\\\/blog.tmgrupoinmobiliario.com\\\/de\\\/2021\\\/02\\\/24\\\/alles-was-sie-wissen-muessen-um-ihr-eigenheim-im-jahr-2021-zu-dekorieren\\\/#primaryimage\",\"url\":\"https:\\\/\\\/blog.tmgrupoinmobiliario.com\\\/de\\\/wp-content\\\/uploads\\\/sites\\\/3\\\/2021\\\/03\\\/1000x666_Moli1.jpg\",\"contentUrl\":\"https:\\\/\\\/blog.tmgrupoinmobiliario.com\\\/de\\\/wp-content\\\/uploads\\\/sites\\\/3\\\/2021\\\/03\\\/1000x666_Moli1.jpg\",\"width\":1000,\"height\":666},{\"@type\":\"BreadcrumbList\",\"@id\":\"https:\\\/\\\/blog.tmgrupoinmobiliario.com\\\/de\\\/2021\\\/02\\\/24\\\/alles-was-sie-wissen-muessen-um-ihr-eigenheim-im-jahr-2021-zu-dekorieren\\\/#breadcrumb\",\"itemListElement\":[{\"@type\":\"ListItem\",\"position\":1,\"name\":\"Portada\",\"item\":\"https:\\\/\\\/blog.tmgrupoinmobiliario.com\\\/de\\\/\"},{\"@type\":\"ListItem\",\"position\":2,\"name\":\"Alles, was Sie wissen m\u00fcssen, um Ihr Eigenheim im Jahr 2021 zu dekorieren\"}]},{\"@type\":\"WebSite\",\"@id\":\"https:\\\/\\\/blog.tmgrupoinmobiliario.com\\\/de\\\/#website\",\"url\":\"https:\\\/\\\/blog.tmgrupoinmobiliario.com\\\/de\\\/\",\"name\":\"Deutsche\",\"description\":\"Otro sitio m\u00e1s de Blog Desarrollo TM sitios\",\"potentialAction\":[{\"@type\":\"SearchAction\",\"target\":{\"@type\":\"EntryPoint\",\"urlTemplate\":\"https:\\\/\\\/blog.tmgrupoinmobiliario.com\\\/de\\\/?s={search_term_string}\"},\"query-input\":{\"@type\":\"PropertyValueSpecification\",\"valueRequired\":true,\"valueName\":\"search_term_string\"}}],\"inLanguage\":\"de\"},{\"@type\":\"Person\",\"@id\":\"https:\\\/\\\/blog.tmgrupoinmobiliario.com\\\/de\\\/#\\\/schema\\\/person\\\/4059e96ae5aca6723920ee59eef29527\",\"name\":\"alberto\",\"image\":{\"@type\":\"ImageObject\",\"inLanguage\":\"de\",\"@id\":\"https:\\\/\\\/secure.gravatar.com\\\/avatar\\\/06c6cde3178430a549915eadb7c401c2bc823ad9e7a52cee2719f7299538c934?s=96&d=mm&r=g\",\"url\":\"https:\\\/\\\/secure.gravatar.com\\\/avatar\\\/06c6cde3178430a549915eadb7c401c2bc823ad9e7a52cee2719f7299538c934?s=96&d=mm&r=g\",\"contentUrl\":\"https:\\\/\\\/secure.gravatar.com\\\/avatar\\\/06c6cde3178430a549915eadb7c401c2bc823ad9e7a52cee2719f7299538c934?s=96&d=mm&r=g\",\"caption\":\"alberto\"},\"url\":\"https:\\\/\\\/blog.tmgrupoinmobiliario.com\\\/de\\\/author\\\/alberto\\\/\"}]}<\/script>\n<!-- \/ Yoast SEO Premium plugin. -->","yoast_head_json":{"title":"Alles, was Sie wissen m\u00fcssen, um Ihr Eigenheim im Jahr 2021 zu dekorieren - Deutsche","robots":{"index":"index","follow":"follow","max-snippet":"max-snippet:-1","max-image-preview":"max-image-preview:large","max-video-preview":"max-video-preview:-1"},"canonical":"https:\/\/blog.tmgrupoinmobiliario.com\/de\/2021\/02\/24\/alles-was-sie-wissen-muessen-um-ihr-eigenheim-im-jahr-2021-zu-dekorieren\/","og_locale":"de_DE","og_type":"article","og_title":"Alles, was Sie wissen m\u00fcssen, um Ihr Eigenheim im Jahr 2021 zu dekorieren","og_description":"&nbsp; Wenn Sie einer der Gl\u00fccklichen sind, der in diesem Jahr ein neues Eigenheim von TM bezieht oder Sie planen, die Dekoration Ihres Zuhauses zu \u00e4ndern, ist dieser Beitrag f\u00fcr Sie von Interesse. Entdecken Sie die neuesten Trends in der Inneneinrichtung und finden Sie heraus, ob Ihre Vorlieben und Ihr Geschmack bei der Dekoration damit [&hellip;]","og_url":"https:\/\/blog.tmgrupoinmobiliario.com\/de\/2021\/02\/24\/alles-was-sie-wissen-muessen-um-ihr-eigenheim-im-jahr-2021-zu-dekorieren\/","og_site_name":"Deutsche","article_published_time":"2021-02-24T16:37:25+00:00","article_modified_time":"2021-03-30T16:47:10+00:00","og_image":[{"width":1000,"height":666,"url":"https:\/\/blog.tmgrupoinmobiliario.com\/de\/wp-content\/uploads\/sites\/3\/2021\/03\/1000x666_Moli1.jpg","type":"image\/jpeg"}],"author":"alberto","twitter_card":"summary_large_image","twitter_misc":{"Geschrieben von":"alberto","Gesch\u00e4tzte Lesezeit":"2\u00a0Minuten"},"schema":{"@context":"https:\/\/schema.org","@graph":[{"@type":"Article","@id":"https:\/\/blog.tmgrupoinmobiliario.com\/de\/2021\/02\/24\/alles-was-sie-wissen-muessen-um-ihr-eigenheim-im-jahr-2021-zu-dekorieren\/#article","isPartOf":{"@id":"https:\/\/blog.tmgrupoinmobiliario.com\/de\/2021\/02\/24\/alles-was-sie-wissen-muessen-um-ihr-eigenheim-im-jahr-2021-zu-dekorieren\/"},"author":{"name":"alberto","@id":"https:\/\/blog.tmgrupoinmobiliario.com\/de\/#\/schema\/person\/4059e96ae5aca6723920ee59eef29527"},"headline":"Alles, was Sie wissen m\u00fcssen, um Ihr Eigenheim im Jahr 2021 zu dekorieren","datePublished":"2021-02-24T16:37:25+00:00","dateModified":"2021-03-30T16:47:10+00:00","mainEntityOfPage":{"@id":"https:\/\/blog.tmgrupoinmobiliario.com\/de\/2021\/02\/24\/alles-was-sie-wissen-muessen-um-ihr-eigenheim-im-jahr-2021-zu-dekorieren\/"},"wordCount":294,"commentCount":0,"image":{"@id":"https:\/\/blog.tmgrupoinmobiliario.com\/de\/2021\/02\/24\/alles-was-sie-wissen-muessen-um-ihr-eigenheim-im-jahr-2021-zu-dekorieren\/#primaryimage"},"thumbnailUrl":"https:\/\/blog.tmgrupoinmobiliario.com\/de\/wp-content\/uploads\/sites\/3\/2021\/03\/1000x666_Moli1.jpg","articleSection":["LifeStyle"],"inLanguage":"de","potentialAction":[{"@type":"CommentAction","name":"Comment","target":["https:\/\/blog.tmgrupoinmobiliario.com\/de\/2021\/02\/24\/alles-was-sie-wissen-muessen-um-ihr-eigenheim-im-jahr-2021-zu-dekorieren\/#respond"]}]},{"@type":"WebPage","@id":"https:\/\/blog.tmgrupoinmobiliario.com\/de\/2021\/02\/24\/alles-was-sie-wissen-muessen-um-ihr-eigenheim-im-jahr-2021-zu-dekorieren\/","url":"https:\/\/blog.tmgrupoinmobiliario.com\/de\/2021\/02\/24\/alles-was-sie-wissen-muessen-um-ihr-eigenheim-im-jahr-2021-zu-dekorieren\/","name":"Alles, was Sie wissen m\u00fcssen, um Ihr Eigenheim im Jahr 2021 zu dekorieren - Deutsche","isPartOf":{"@id":"https:\/\/blog.tmgrupoinmobiliario.com\/de\/#website"},"primaryImageOfPage":{"@id":"https:\/\/blog.tmgrupoinmobiliario.com\/de\/2021\/02\/24\/alles-was-sie-wissen-muessen-um-ihr-eigenheim-im-jahr-2021-zu-dekorieren\/#primaryimage"},"image":{"@id":"https:\/\/blog.tmgrupoinmobiliario.com\/de\/2021\/02\/24\/alles-was-sie-wissen-muessen-um-ihr-eigenheim-im-jahr-2021-zu-dekorieren\/#primaryimage"},"thumbnailUrl":"https:\/\/blog.tmgrupoinmobiliario.com\/de\/wp-content\/uploads\/sites\/3\/2021\/03\/1000x666_Moli1.jpg","datePublished":"2021-02-24T16:37:25+00:00","dateModified":"2021-03-30T16:47:10+00:00","author":{"@id":"https:\/\/blog.tmgrupoinmobiliario.com\/de\/#\/schema\/person\/4059e96ae5aca6723920ee59eef29527"},"breadcrumb":{"@id":"https:\/\/blog.tmgrupoinmobiliario.com\/de\/2021\/02\/24\/alles-was-sie-wissen-muessen-um-ihr-eigenheim-im-jahr-2021-zu-dekorieren\/#breadcrumb"},"inLanguage":"de","potentialAction":[{"@type":"ReadAction","target":["https:\/\/blog.tmgrupoinmobiliario.com\/de\/2021\/02\/24\/alles-was-sie-wissen-muessen-um-ihr-eigenheim-im-jahr-2021-zu-dekorieren\/"]}]},{"@type":"ImageObject","inLanguage":"de","@id":"https:\/\/blog.tmgrupoinmobiliario.com\/de\/2021\/02\/24\/alles-was-sie-wissen-muessen-um-ihr-eigenheim-im-jahr-2021-zu-dekorieren\/#primaryimage","url":"https:\/\/blog.tmgrupoinmobiliario.com\/de\/wp-content\/uploads\/sites\/3\/2021\/03\/1000x666_Moli1.jpg","contentUrl":"https:\/\/blog.tmgrupoinmobiliario.com\/de\/wp-content\/uploads\/sites\/3\/2021\/03\/1000x666_Moli1.jpg","width":1000,"height":666},{"@type":"BreadcrumbList","@id":"https:\/\/blog.tmgrupoinmobiliario.com\/de\/2021\/02\/24\/alles-was-sie-wissen-muessen-um-ihr-eigenheim-im-jahr-2021-zu-dekorieren\/#breadcrumb","itemListElement":[{"@type":"ListItem","position":1,"name":"Portada","item":"https:\/\/blog.tmgrupoinmobiliario.com\/de\/"},{"@type":"ListItem","position":2,"name":"Alles, was Sie wissen m\u00fcssen, um Ihr Eigenheim im Jahr 2021 zu dekorieren"}]},{"@type":"WebSite","@id":"https:\/\/blog.tmgrupoinmobiliario.com\/de\/#website","url":"https:\/\/blog.tmgrupoinmobiliario.com\/de\/","name":"Deutsche","description":"Otro sitio m\u00e1s de Blog Desarrollo TM sitios","potentialAction":[{"@type":"SearchAction","target":{"@type":"EntryPoint","urlTemplate":"https:\/\/blog.tmgrupoinmobiliario.com\/de\/?s={search_term_string}"},"query-input":{"@type":"PropertyValueSpecification","valueRequired":true,"valueName":"search_term_string"}}],"inLanguage":"de"},{"@type":"Person","@id":"https:\/\/blog.tmgrupoinmobiliario.com\/de\/#\/schema\/person\/4059e96ae5aca6723920ee59eef29527","name":"alberto","image":{"@type":"ImageObject","inLanguage":"de","@id":"https:\/\/secure.gravatar.com\/avatar\/06c6cde3178430a549915eadb7c401c2bc823ad9e7a52cee2719f7299538c934?s=96&d=mm&r=g","url":"https:\/\/secure.gravatar.com\/avatar\/06c6cde3178430a549915eadb7c401c2bc823ad9e7a52cee2719f7299538c934?s=96&d=mm&r=g","contentUrl":"https:\/\/secure.gravatar.com\/avatar\/06c6cde3178430a549915eadb7c401c2bc823ad9e7a52cee2719f7299538c934?s=96&d=mm&r=g","caption":"alberto"},"url":"https:\/\/blog.tmgrupoinmobiliario.com\/de\/author\/alberto\/"}]}},"jetpack_featured_media_url":"https:\/\/blog.tmgrupoinmobiliario.com\/de\/wp-content\/uploads\/sites\/3\/2021\/03\/1000x666_Moli1.jpg","jetpack_sharing_enabled":true,"_links":{"self":[{"href":"https:\/\/blog.tmgrupoinmobiliario.com\/de\/wp-json\/wp\/v2\/posts\/14274","targetHints":{"allow":["GET"]}}],"collection":[{"href":"https:\/\/blog.tmgrupoinmobiliario.com\/de\/wp-json\/wp\/v2\/posts"}],"about":[{"href":"https:\/\/blog.tmgrupoinmobiliario.com\/de\/wp-json\/wp\/v2\/types\/post"}],"author":[{"embeddable":true,"href":"https:\/\/blog.tmgrupoinmobiliario.com\/de\/wp-json\/wp\/v2\/users\/11710"}],"replies":[{"embeddable":true,"href":"https:\/\/blog.tmgrupoinmobiliario.com\/de\/wp-json\/wp\/v2\/comments?post=14274"}],"version-history":[{"count":2,"href":"https:\/\/blog.tmgrupoinmobiliario.com\/de\/wp-json\/wp\/v2\/posts\/14274\/revisions"}],"predecessor-version":[{"id":14286,"href":"https:\/\/blog.tmgrupoinmobiliario.com\/de\/wp-json\/wp\/v2\/posts\/14274\/revisions\/14286"}],"wp:featuredmedia":[{"embeddable":true,"href":"https:\/\/blog.tmgrupoinmobiliario.com\/de\/wp-json\/wp\/v2\/media\/14275"}],"wp:attachment":[{"href":"https:\/\/blog.tmgrupoinmobiliario.com\/de\/wp-json\/wp\/v2\/media?parent=14274"}],"wp:term":[{"taxonomy":"category","embeddable":true,"href":"https:\/\/blog.tmgrupoinmobiliario.com\/de\/wp-json\/wp\/v2\/categories?post=14274"},{"taxonomy":"post_tag","embeddable":true,"href":"https:\/\/blog.tmgrupoinmobiliario.com\/de\/wp-json\/wp\/v2\/tags?post=14274"}],"curies":[{"name":"wp","href":"https:\/\/api.w.org\/{rel}","templated":true}]}}