{"id":13897,"date":"2020-08-25T13:54:52","date_gmt":"2020-08-25T11:54:52","guid":{"rendered":"https:\/\/blog.tmgrupoinmobiliario.com\/de\/?p=13897"},"modified":"2020-08-25T13:54:52","modified_gmt":"2020-08-25T11:54:52","slug":"tm-in-belgien","status":"publish","type":"post","link":"https:\/\/blog.tmgrupoinmobiliario.com\/de\/2020\/08\/25\/tm-in-belgien\/","title":{"rendered":"TM in Belgien"},"content":{"rendered":"<p>&nbsp;<\/p>\n<p>In den letzten f\u00fcnf Jahren haben sich stetig mehr Kunden aus Belgien und den Niederlanden der gro\u00dfen <strong>TM-Familie<\/strong> der Wohnungseigent\u00fcmer angeschlossen. Bereits jetzt stammen viele K\u00e4ufer eines <strong>TM-Hauses<\/strong> aus diesen L\u00e4ndern. Bei dieser Gelegenheit bedanken wir uns f\u00fcr ihr Vertrauen.<\/p>\n<p>&nbsp;<\/p>\n<p><strong>TM<\/strong> ist stets bestrebt, den Service zu verbessern. Zu diesem Zweck werden jedes Jahr Aktionen durchgef\u00fchrt, die eine gr\u00f6\u00dfere und st\u00e4rkere N\u00e4he zu den Kunden schaffen sollen, um ihre Erwartungen und Kauferfahrungen zu erkennen und gr\u00fcndlich zu verstehen.<\/p>\n<p>&nbsp;<\/p>\n<p>In diesem Zusammenhang geht es um eine der j\u00fcngsten Initiativen in diese Richtung: die Er\u00f6ffnung eines neuen <strong>TM-B\u00fcros<\/strong> in Br\u00fcssel. Dort werden den ganzen Sommer \u00fcber w\u00f6chentliche Produktpr\u00e4sentationen in Belgien durchgef\u00fchrt. Dies ist eine Form, unseren belgischen Kunden und Interessenten, die sich derzeit in diesem Land aufhalten, n\u00e4her zu kommen. F\u00fcr Menschen, die ein Haus an einem spanischen Strand suchen, sicherlich eine interessante M\u00f6glichkeit, wenn eine zeitnahe Besichtigung der Wohnanlage nicht m\u00f6glich ist. Ab jetzt stehen ihnen Vertriebsberater, die Franz\u00f6sisch, Niederl\u00e4ndisch und Englisch sprechen, zur Verf\u00fcgung. Sie bieten ihnen personalisierte Informationen aus erster Hand \u00fcber diejenigen Wohnungsprojekte, die ihren W\u00fcnschen optimal entsprechen.<\/p>\n<p>&nbsp;<\/p>\n","protected":false},"excerpt":{"rendered":"<p>&nbsp; In den letzten f\u00fcnf Jahren haben sich stetig mehr Kunden aus Belgien und den Niederlanden der gro\u00dfen TM-Familie der Wohnungseigent\u00fcmer angeschlossen. Bereits jetzt stammen viele K\u00e4ufer eines TM-Hauses aus diesen L\u00e4ndern. Bei dieser Gelegenheit bedanken wir uns f\u00fcr ihr Vertrauen. &nbsp; TM ist stets bestrebt, den Service zu verbessern. Zu diesem Zweck werden jedes [&hellip;]<\/p>\n","protected":false},"author":11710,"featured_media":13900,"comment_status":"open","ping_status":"open","sticky":false,"template":"","format":"standard","meta":{"_jetpack_memberships_contains_paid_content":false,"footnotes":""},"categories":[73],"tags":[57,59,60,61,62,63],"class_list":["post-13897","post","type-post","status-publish","format-standard","has-post-thumbnail","hentry","category-actualidad-tm","tag-tag-promotions","tag-tag-promotions-costa-almeria","tag-tag-promotions-costa-blanca-norte","tag-tag-promotions-costa-blanca-sur","tag-tag-promotions-costa-del-sol","tag-tag-promotions-mallorca","formato-comunicacion"],"better_featured_image":{"id":13900,"alt_text":"","caption":"","description":"","media_type":"image","media_details":{"width":1000,"height":666,"file":"2020\/08\/image-2020-08-25T101550.196.jpg","sizes":{"medium":{"file":"image-2020-08-25T101550.196-300x200.jpg","width":300,"height":200,"mime-type":"image\/jpeg","source_url":"https:\/\/blog.tmgrupoinmobiliario.com\/de\/wp-content\/uploads\/sites\/3\/2020\/08\/image-2020-08-25T101550.196-300x200.jpg"},"thumbnail":{"file":"image-2020-08-25T101550.196-150x150.jpg","width":150,"height":150,"mime-type":"image\/jpeg","source_url":"https:\/\/blog.tmgrupoinmobiliario.com\/de\/wp-content\/uploads\/sites\/3\/2020\/08\/image-2020-08-25T101550.196-150x150.jpg"},"medium_large":{"file":"image-2020-08-25T101550.196-768x511.jpg","width":768,"height":511,"mime-type":"image\/jpeg","source_url":"https:\/\/blog.tmgrupoinmobiliario.com\/de\/wp-content\/uploads\/sites\/3\/2020\/08\/image-2020-08-25T101550.196-768x511.jpg"}},"image_meta":{"aperture":"0","credit":"","camera":"","caption":"","created_timestamp":"0","copyright":"","focal_length":"0","iso":"0","shutter_speed":"0","title":"","orientation":"0","keywords":[]}},"post":13897,"source_url":"https:\/\/blog.tmgrupoinmobiliario.com\/de\/wp-content\/uploads\/sites\/3\/2020\/08\/image-2020-08-25T101550.196.jpg"},"acf":{"imagen_destacada_desktop":"https:\/\/blog.tmgrupoinmobiliario.com\/de\/wp-content\/uploads\/sites\/3\/2020\/08\/image-2020-08-25T101529.062.jpg","imagen_destacada_mobile":"https:\/\/blog.tmgrupoinmobiliario.com\/de\/wp-content\/uploads\/sites\/3\/2020\/08\/image-2020-08-25T101541.127.jpg","formato":{"term_id":76,"name":"Comunicaci\u00f3n","slug":"comunicacion","term_group":0,"term_taxonomy_id":76,"taxonomy":"formato","description":"","parent":0,"count":127,"filter":"raw"},"entradilla":"","etiquetas":"","cabecera_escritorio":"https:\/\/blog.tmgrupoinmobiliario.com\/de\/wp-content\/uploads\/sites\/3\/2020\/08\/image-2020-08-25T101738.580.jpg","cabecera_mobile":"https:\/\/blog.tmgrupoinmobiliario.com\/de\/wp-content\/uploads\/sites\/3\/2020\/08\/image-2020-08-25T101805.716.jpg","galeria":false},"yoast_head":"<!-- This site is optimized with the Yoast SEO Premium plugin v23.6 (Yoast SEO v27.5) - https:\/\/yoast.com\/product\/yoast-seo-premium-wordpress\/ -->\n<title>TM in Belgien - Deutsche<\/title>\n<meta name=\"robots\" content=\"index, follow, max-snippet:-1, max-image-preview:large, max-video-preview:-1\" \/>\n<link rel=\"canonical\" href=\"https:\/\/blog.tmgrupoinmobiliario.com\/de\/2020\/08\/25\/tm-in-belgien\/\" \/>\n<meta property=\"og:locale\" content=\"de_DE\" \/>\n<meta property=\"og:type\" content=\"article\" \/>\n<meta property=\"og:title\" content=\"TM in Belgien\" \/>\n<meta property=\"og:description\" content=\"&nbsp; In den letzten f\u00fcnf Jahren haben sich stetig mehr Kunden aus Belgien und den Niederlanden der gro\u00dfen TM-Familie der Wohnungseigent\u00fcmer angeschlossen. Bereits jetzt stammen viele K\u00e4ufer eines TM-Hauses aus diesen L\u00e4ndern. Bei dieser Gelegenheit bedanken wir uns f\u00fcr ihr Vertrauen. &nbsp; TM ist stets bestrebt, den Service zu verbessern. Zu diesem Zweck werden jedes [&hellip;]\" \/>\n<meta property=\"og:url\" content=\"https:\/\/blog.tmgrupoinmobiliario.com\/de\/2020\/08\/25\/tm-in-belgien\/\" \/>\n<meta property=\"og:site_name\" content=\"Deutsche\" \/>\n<meta property=\"article:published_time\" content=\"2020-08-25T11:54:52+00:00\" \/>\n<meta property=\"og:image\" content=\"https:\/\/blog.tmgrupoinmobiliario.com\/de\/wp-content\/uploads\/sites\/3\/2020\/08\/image-2020-08-25T101550.196.jpg\" \/>\n\t<meta property=\"og:image:width\" content=\"1000\" \/>\n\t<meta property=\"og:image:height\" content=\"666\" \/>\n\t<meta property=\"og:image:type\" content=\"image\/jpeg\" \/>\n<meta name=\"author\" content=\"alberto\" \/>\n<meta name=\"twitter:card\" content=\"summary_large_image\" \/>\n<meta name=\"twitter:label1\" content=\"Geschrieben von\" \/>\n\t<meta name=\"twitter:data1\" content=\"alberto\" \/>\n\t<meta name=\"twitter:label2\" content=\"Gesch\u00e4tzte Lesezeit\" \/>\n\t<meta name=\"twitter:data2\" content=\"1\u00a0Minute\" \/>\n<script type=\"application\/ld+json\" class=\"yoast-schema-graph\">{\"@context\":\"https:\\\/\\\/schema.org\",\"@graph\":[{\"@type\":\"Article\",\"@id\":\"https:\\\/\\\/blog.tmgrupoinmobiliario.com\\\/de\\\/2020\\\/08\\\/25\\\/tm-in-belgien\\\/#article\",\"isPartOf\":{\"@id\":\"https:\\\/\\\/blog.tmgrupoinmobiliario.com\\\/de\\\/2020\\\/08\\\/25\\\/tm-in-belgien\\\/\"},\"author\":{\"name\":\"alberto\",\"@id\":\"https:\\\/\\\/blog.tmgrupoinmobiliario.com\\\/de\\\/#\\\/schema\\\/person\\\/4059e96ae5aca6723920ee59eef29527\"},\"headline\":\"TM in Belgien\",\"datePublished\":\"2020-08-25T11:54:52+00:00\",\"mainEntityOfPage\":{\"@id\":\"https:\\\/\\\/blog.tmgrupoinmobiliario.com\\\/de\\\/2020\\\/08\\\/25\\\/tm-in-belgien\\\/\"},\"wordCount\":213,\"commentCount\":0,\"image\":{\"@id\":\"https:\\\/\\\/blog.tmgrupoinmobiliario.com\\\/de\\\/2020\\\/08\\\/25\\\/tm-in-belgien\\\/#primaryimage\"},\"thumbnailUrl\":\"https:\\\/\\\/blog.tmgrupoinmobiliario.com\\\/de\\\/wp-content\\\/uploads\\\/sites\\\/3\\\/2020\\\/08\\\/image-2020-08-25T101550.196.jpg\",\"keywords\":[\"tag-promotions\",\"tag-promotions-costa-almeria\",\"tag-promotions-costa-blanca-norte\",\"tag-promotions-costa-blanca-sur\",\"tag-promotions-costa-del-sol\",\"tag-promotions-mallorca\"],\"articleSection\":[\"TM Aktuell\"],\"inLanguage\":\"de\",\"potentialAction\":[{\"@type\":\"CommentAction\",\"name\":\"Comment\",\"target\":[\"https:\\\/\\\/blog.tmgrupoinmobiliario.com\\\/de\\\/2020\\\/08\\\/25\\\/tm-in-belgien\\\/#respond\"]}]},{\"@type\":\"WebPage\",\"@id\":\"https:\\\/\\\/blog.tmgrupoinmobiliario.com\\\/de\\\/2020\\\/08\\\/25\\\/tm-in-belgien\\\/\",\"url\":\"https:\\\/\\\/blog.tmgrupoinmobiliario.com\\\/de\\\/2020\\\/08\\\/25\\\/tm-in-belgien\\\/\",\"name\":\"TM in Belgien - Deutsche\",\"isPartOf\":{\"@id\":\"https:\\\/\\\/blog.tmgrupoinmobiliario.com\\\/de\\\/#website\"},\"primaryImageOfPage\":{\"@id\":\"https:\\\/\\\/blog.tmgrupoinmobiliario.com\\\/de\\\/2020\\\/08\\\/25\\\/tm-in-belgien\\\/#primaryimage\"},\"image\":{\"@id\":\"https:\\\/\\\/blog.tmgrupoinmobiliario.com\\\/de\\\/2020\\\/08\\\/25\\\/tm-in-belgien\\\/#primaryimage\"},\"thumbnailUrl\":\"https:\\\/\\\/blog.tmgrupoinmobiliario.com\\\/de\\\/wp-content\\\/uploads\\\/sites\\\/3\\\/2020\\\/08\\\/image-2020-08-25T101550.196.jpg\",\"datePublished\":\"2020-08-25T11:54:52+00:00\",\"author\":{\"@id\":\"https:\\\/\\\/blog.tmgrupoinmobiliario.com\\\/de\\\/#\\\/schema\\\/person\\\/4059e96ae5aca6723920ee59eef29527\"},\"breadcrumb\":{\"@id\":\"https:\\\/\\\/blog.tmgrupoinmobiliario.com\\\/de\\\/2020\\\/08\\\/25\\\/tm-in-belgien\\\/#breadcrumb\"},\"inLanguage\":\"de\",\"potentialAction\":[{\"@type\":\"ReadAction\",\"target\":[\"https:\\\/\\\/blog.tmgrupoinmobiliario.com\\\/de\\\/2020\\\/08\\\/25\\\/tm-in-belgien\\\/\"]}]},{\"@type\":\"ImageObject\",\"inLanguage\":\"de\",\"@id\":\"https:\\\/\\\/blog.tmgrupoinmobiliario.com\\\/de\\\/2020\\\/08\\\/25\\\/tm-in-belgien\\\/#primaryimage\",\"url\":\"https:\\\/\\\/blog.tmgrupoinmobiliario.com\\\/de\\\/wp-content\\\/uploads\\\/sites\\\/3\\\/2020\\\/08\\\/image-2020-08-25T101550.196.jpg\",\"contentUrl\":\"https:\\\/\\\/blog.tmgrupoinmobiliario.com\\\/de\\\/wp-content\\\/uploads\\\/sites\\\/3\\\/2020\\\/08\\\/image-2020-08-25T101550.196.jpg\",\"width\":1000,\"height\":666},{\"@type\":\"BreadcrumbList\",\"@id\":\"https:\\\/\\\/blog.tmgrupoinmobiliario.com\\\/de\\\/2020\\\/08\\\/25\\\/tm-in-belgien\\\/#breadcrumb\",\"itemListElement\":[{\"@type\":\"ListItem\",\"position\":1,\"name\":\"Portada\",\"item\":\"https:\\\/\\\/blog.tmgrupoinmobiliario.com\\\/de\\\/\"},{\"@type\":\"ListItem\",\"position\":2,\"name\":\"TM in Belgien\"}]},{\"@type\":\"WebSite\",\"@id\":\"https:\\\/\\\/blog.tmgrupoinmobiliario.com\\\/de\\\/#website\",\"url\":\"https:\\\/\\\/blog.tmgrupoinmobiliario.com\\\/de\\\/\",\"name\":\"Deutsche\",\"description\":\"Otro sitio m\u00e1s de Blog Desarrollo TM sitios\",\"potentialAction\":[{\"@type\":\"SearchAction\",\"target\":{\"@type\":\"EntryPoint\",\"urlTemplate\":\"https:\\\/\\\/blog.tmgrupoinmobiliario.com\\\/de\\\/?s={search_term_string}\"},\"query-input\":{\"@type\":\"PropertyValueSpecification\",\"valueRequired\":true,\"valueName\":\"search_term_string\"}}],\"inLanguage\":\"de\"},{\"@type\":\"Person\",\"@id\":\"https:\\\/\\\/blog.tmgrupoinmobiliario.com\\\/de\\\/#\\\/schema\\\/person\\\/4059e96ae5aca6723920ee59eef29527\",\"name\":\"alberto\",\"image\":{\"@type\":\"ImageObject\",\"inLanguage\":\"de\",\"@id\":\"https:\\\/\\\/secure.gravatar.com\\\/avatar\\\/06c6cde3178430a549915eadb7c401c2bc823ad9e7a52cee2719f7299538c934?s=96&d=mm&r=g\",\"url\":\"https:\\\/\\\/secure.gravatar.com\\\/avatar\\\/06c6cde3178430a549915eadb7c401c2bc823ad9e7a52cee2719f7299538c934?s=96&d=mm&r=g\",\"contentUrl\":\"https:\\\/\\\/secure.gravatar.com\\\/avatar\\\/06c6cde3178430a549915eadb7c401c2bc823ad9e7a52cee2719f7299538c934?s=96&d=mm&r=g\",\"caption\":\"alberto\"},\"url\":\"https:\\\/\\\/blog.tmgrupoinmobiliario.com\\\/de\\\/author\\\/alberto\\\/\"}]}<\/script>\n<!-- \/ Yoast SEO Premium plugin. -->","yoast_head_json":{"title":"TM in Belgien - Deutsche","robots":{"index":"index","follow":"follow","max-snippet":"max-snippet:-1","max-image-preview":"max-image-preview:large","max-video-preview":"max-video-preview:-1"},"canonical":"https:\/\/blog.tmgrupoinmobiliario.com\/de\/2020\/08\/25\/tm-in-belgien\/","og_locale":"de_DE","og_type":"article","og_title":"TM in Belgien","og_description":"&nbsp; In den letzten f\u00fcnf Jahren haben sich stetig mehr Kunden aus Belgien und den Niederlanden der gro\u00dfen TM-Familie der Wohnungseigent\u00fcmer angeschlossen. Bereits jetzt stammen viele K\u00e4ufer eines TM-Hauses aus diesen L\u00e4ndern. Bei dieser Gelegenheit bedanken wir uns f\u00fcr ihr Vertrauen. &nbsp; TM ist stets bestrebt, den Service zu verbessern. Zu diesem Zweck werden jedes [&hellip;]","og_url":"https:\/\/blog.tmgrupoinmobiliario.com\/de\/2020\/08\/25\/tm-in-belgien\/","og_site_name":"Deutsche","article_published_time":"2020-08-25T11:54:52+00:00","og_image":[{"width":1000,"height":666,"url":"https:\/\/blog.tmgrupoinmobiliario.com\/de\/wp-content\/uploads\/sites\/3\/2020\/08\/image-2020-08-25T101550.196.jpg","type":"image\/jpeg"}],"author":"alberto","twitter_card":"summary_large_image","twitter_misc":{"Geschrieben von":"alberto","Gesch\u00e4tzte Lesezeit":"1\u00a0Minute"},"schema":{"@context":"https:\/\/schema.org","@graph":[{"@type":"Article","@id":"https:\/\/blog.tmgrupoinmobiliario.com\/de\/2020\/08\/25\/tm-in-belgien\/#article","isPartOf":{"@id":"https:\/\/blog.tmgrupoinmobiliario.com\/de\/2020\/08\/25\/tm-in-belgien\/"},"author":{"name":"alberto","@id":"https:\/\/blog.tmgrupoinmobiliario.com\/de\/#\/schema\/person\/4059e96ae5aca6723920ee59eef29527"},"headline":"TM in Belgien","datePublished":"2020-08-25T11:54:52+00:00","mainEntityOfPage":{"@id":"https:\/\/blog.tmgrupoinmobiliario.com\/de\/2020\/08\/25\/tm-in-belgien\/"},"wordCount":213,"commentCount":0,"image":{"@id":"https:\/\/blog.tmgrupoinmobiliario.com\/de\/2020\/08\/25\/tm-in-belgien\/#primaryimage"},"thumbnailUrl":"https:\/\/blog.tmgrupoinmobiliario.com\/de\/wp-content\/uploads\/sites\/3\/2020\/08\/image-2020-08-25T101550.196.jpg","keywords":["tag-promotions","tag-promotions-costa-almeria","tag-promotions-costa-blanca-norte","tag-promotions-costa-blanca-sur","tag-promotions-costa-del-sol","tag-promotions-mallorca"],"articleSection":["TM Aktuell"],"inLanguage":"de","potentialAction":[{"@type":"CommentAction","name":"Comment","target":["https:\/\/blog.tmgrupoinmobiliario.com\/de\/2020\/08\/25\/tm-in-belgien\/#respond"]}]},{"@type":"WebPage","@id":"https:\/\/blog.tmgrupoinmobiliario.com\/de\/2020\/08\/25\/tm-in-belgien\/","url":"https:\/\/blog.tmgrupoinmobiliario.com\/de\/2020\/08\/25\/tm-in-belgien\/","name":"TM in Belgien - Deutsche","isPartOf":{"@id":"https:\/\/blog.tmgrupoinmobiliario.com\/de\/#website"},"primaryImageOfPage":{"@id":"https:\/\/blog.tmgrupoinmobiliario.com\/de\/2020\/08\/25\/tm-in-belgien\/#primaryimage"},"image":{"@id":"https:\/\/blog.tmgrupoinmobiliario.com\/de\/2020\/08\/25\/tm-in-belgien\/#primaryimage"},"thumbnailUrl":"https:\/\/blog.tmgrupoinmobiliario.com\/de\/wp-content\/uploads\/sites\/3\/2020\/08\/image-2020-08-25T101550.196.jpg","datePublished":"2020-08-25T11:54:52+00:00","author":{"@id":"https:\/\/blog.tmgrupoinmobiliario.com\/de\/#\/schema\/person\/4059e96ae5aca6723920ee59eef29527"},"breadcrumb":{"@id":"https:\/\/blog.tmgrupoinmobiliario.com\/de\/2020\/08\/25\/tm-in-belgien\/#breadcrumb"},"inLanguage":"de","potentialAction":[{"@type":"ReadAction","target":["https:\/\/blog.tmgrupoinmobiliario.com\/de\/2020\/08\/25\/tm-in-belgien\/"]}]},{"@type":"ImageObject","inLanguage":"de","@id":"https:\/\/blog.tmgrupoinmobiliario.com\/de\/2020\/08\/25\/tm-in-belgien\/#primaryimage","url":"https:\/\/blog.tmgrupoinmobiliario.com\/de\/wp-content\/uploads\/sites\/3\/2020\/08\/image-2020-08-25T101550.196.jpg","contentUrl":"https:\/\/blog.tmgrupoinmobiliario.com\/de\/wp-content\/uploads\/sites\/3\/2020\/08\/image-2020-08-25T101550.196.jpg","width":1000,"height":666},{"@type":"BreadcrumbList","@id":"https:\/\/blog.tmgrupoinmobiliario.com\/de\/2020\/08\/25\/tm-in-belgien\/#breadcrumb","itemListElement":[{"@type":"ListItem","position":1,"name":"Portada","item":"https:\/\/blog.tmgrupoinmobiliario.com\/de\/"},{"@type":"ListItem","position":2,"name":"TM in Belgien"}]},{"@type":"WebSite","@id":"https:\/\/blog.tmgrupoinmobiliario.com\/de\/#website","url":"https:\/\/blog.tmgrupoinmobiliario.com\/de\/","name":"Deutsche","description":"Otro sitio m\u00e1s de Blog Desarrollo TM sitios","potentialAction":[{"@type":"SearchAction","target":{"@type":"EntryPoint","urlTemplate":"https:\/\/blog.tmgrupoinmobiliario.com\/de\/?s={search_term_string}"},"query-input":{"@type":"PropertyValueSpecification","valueRequired":true,"valueName":"search_term_string"}}],"inLanguage":"de"},{"@type":"Person","@id":"https:\/\/blog.tmgrupoinmobiliario.com\/de\/#\/schema\/person\/4059e96ae5aca6723920ee59eef29527","name":"alberto","image":{"@type":"ImageObject","inLanguage":"de","@id":"https:\/\/secure.gravatar.com\/avatar\/06c6cde3178430a549915eadb7c401c2bc823ad9e7a52cee2719f7299538c934?s=96&d=mm&r=g","url":"https:\/\/secure.gravatar.com\/avatar\/06c6cde3178430a549915eadb7c401c2bc823ad9e7a52cee2719f7299538c934?s=96&d=mm&r=g","contentUrl":"https:\/\/secure.gravatar.com\/avatar\/06c6cde3178430a549915eadb7c401c2bc823ad9e7a52cee2719f7299538c934?s=96&d=mm&r=g","caption":"alberto"},"url":"https:\/\/blog.tmgrupoinmobiliario.com\/de\/author\/alberto\/"}]}},"jetpack_featured_media_url":"https:\/\/blog.tmgrupoinmobiliario.com\/de\/wp-content\/uploads\/sites\/3\/2020\/08\/image-2020-08-25T101550.196.jpg","jetpack_sharing_enabled":true,"_links":{"self":[{"href":"https:\/\/blog.tmgrupoinmobiliario.com\/de\/wp-json\/wp\/v2\/posts\/13897","targetHints":{"allow":["GET"]}}],"collection":[{"href":"https:\/\/blog.tmgrupoinmobiliario.com\/de\/wp-json\/wp\/v2\/posts"}],"about":[{"href":"https:\/\/blog.tmgrupoinmobiliario.com\/de\/wp-json\/wp\/v2\/types\/post"}],"author":[{"embeddable":true,"href":"https:\/\/blog.tmgrupoinmobiliario.com\/de\/wp-json\/wp\/v2\/users\/11710"}],"replies":[{"embeddable":true,"href":"https:\/\/blog.tmgrupoinmobiliario.com\/de\/wp-json\/wp\/v2\/comments?post=13897"}],"version-history":[{"count":1,"href":"https:\/\/blog.tmgrupoinmobiliario.com\/de\/wp-json\/wp\/v2\/posts\/13897\/revisions"}],"predecessor-version":[{"id":13903,"href":"https:\/\/blog.tmgrupoinmobiliario.com\/de\/wp-json\/wp\/v2\/posts\/13897\/revisions\/13903"}],"wp:featuredmedia":[{"embeddable":true,"href":"https:\/\/blog.tmgrupoinmobiliario.com\/de\/wp-json\/wp\/v2\/media\/13900"}],"wp:attachment":[{"href":"https:\/\/blog.tmgrupoinmobiliario.com\/de\/wp-json\/wp\/v2\/media?parent=13897"}],"wp:term":[{"taxonomy":"category","embeddable":true,"href":"https:\/\/blog.tmgrupoinmobiliario.com\/de\/wp-json\/wp\/v2\/categories?post=13897"},{"taxonomy":"post_tag","embeddable":true,"href":"https:\/\/blog.tmgrupoinmobiliario.com\/de\/wp-json\/wp\/v2\/tags?post=13897"}],"curies":[{"name":"wp","href":"https:\/\/api.w.org\/{rel}","templated":true}]}}