{"id":13698,"date":"2020-04-09T16:15:34","date_gmt":"2020-04-09T14:15:34","guid":{"rendered":"https:\/\/blog.tmgrupoinmobiliario.com\/de\/?p=13698"},"modified":"2020-11-11T16:14:48","modified_gmt":"2020-11-11T15:14:48","slug":"tm-grupo-inmobiliario-startet-kampagne-zur-unterstuetzung-und-zuversicht-in-der-covid-19-krise","status":"publish","type":"post","link":"https:\/\/blog.tmgrupoinmobiliario.com\/de\/2020\/04\/09\/tm-grupo-inmobiliario-startet-kampagne-zur-unterstuetzung-und-zuversicht-in-der-covid-19-krise\/","title":{"rendered":"TM Grupo Inmobiliario startet Kampagne zur Unterst\u00fctzung und Zuversicht in der Covid-19-Krise"},"content":{"rendered":"<p>09.04.2020 I TM Real Estate Group<\/p>\n<p><strong>\u201eDie Zukunft bauen wir\u201c lautet das Motto der spanischen Immobiliengruppe f\u00fcr diese Initiative. Sie soll alle Menschen wertsch\u00e4tzen, die dazu beitragen, eine bessere Zukunft zu errichten. Au\u00dferdem soll sie Optimismus verbreiten.<\/strong><\/p>\n<p><strong>Um alle ihre Zielgruppen zu unterst\u00fctzen, hat TM mehrere Initiativen gestartet. Unter anderem zahlt die Gruppe 8 Millionen Euro an ihre Lieferanten als Liquidit\u00e4tsspritze, unterst\u00fctzt Seniorenheime in Torrevieja mit Spenden oder er\u00f6ffnet zwei Gemeinschaftskantinen f\u00fcr das Personal ihrer Hotels in Mexiko und dessen Angeh\u00f6rige.<\/strong><\/p>\n<p>&nbsp;<\/p>\n<p><strong>8. April 2020 <\/strong>\u2013\u00a0<a href=\"https:\/\/www.tmgrupoinmobiliario.com\/\"><strong>TM Grupo Inmobiliario<\/strong><\/a>,\u00a0das renommierte Unternehmen aus Alicante in den Sektoren Ferienwohnungen, das auf den Bau und die Projektierung von Zweitwohnungen an der Mittelmeerk\u00fcste spezialisiert ist und auch in der mexikanischen Karibik pr\u00e4sent ist, hat die Kampagne <strong>\u201eDie Zukunft bauen wir\u201c gestartet. Sie soll all diejenigen Menschen wertsch\u00e4tzen, die in ihren jeweiligen Bereichen dazu beitragen, eine L\u00f6sung f\u00fcr die Covid-19-Pandemie bauen. Au\u00dferdem soll sie Optimismus in der Gesellschaft verbreiten.<\/strong><\/p>\n<p>&nbsp;<\/p>\n<p>&nbsp;<\/p>\n<figure id=\"attachment_13699\" aria-describedby=\"caption-attachment-13699\" style=\"width: 661px\" class=\"wp-caption aligncenter\"><img loading=\"lazy\" decoding=\"async\" class=\"wp-image-13699\" src=\"https:\/\/www.tmgrupoinmobiliario.com\/blog\/de\/wp-content\/uploads\/sites\/3\/2020\/04\/Cabecera-Web-TM_ingle\u0301s-300x200.png\" alt=\"\" width=\"661\" height=\"440\" srcset=\"https:\/\/blog.tmgrupoinmobiliario.com\/de\/wp-content\/uploads\/sites\/3\/2020\/04\/Cabecera-Web-TM_ingle\u0301s-300x200.png 300w, https:\/\/blog.tmgrupoinmobiliario.com\/de\/wp-content\/uploads\/sites\/3\/2020\/04\/Cabecera-Web-TM_ingle\u0301s-768x511.png 768w, https:\/\/blog.tmgrupoinmobiliario.com\/de\/wp-content\/uploads\/sites\/3\/2020\/04\/Cabecera-Web-TM_ingle\u0301s.png 1000w\" sizes=\"auto, (max-width: 661px) 100vw, 661px\" \/><figcaption id=\"caption-attachment-13699\" class=\"wp-caption-text\">Foto der Kampagne<\/figcaption><\/figure>\n<p>&nbsp;<\/p>\n<p>Anl\u00e4sslich der schwierigen Lage, in der sich alle befinden, hat die Gruppe ihre Kampagne gestartet. Sie soll sichtbar und deutlich machen, wie alle Menschen durch Einsatz, neue Gewohnheiten und kollektive Verantwortung die Grundlagen f\u00fcr eine L\u00f6sung angesichts dieser Gesundheitskrise legen k\u00f6nnen.\u00a0Mit dieser Kampagne zeigt die Gruppe, dass durch die Zusammenarbeit aller an einem gemeinsamen Ziel die Zukunft gestaltet wird.<\/p>\n<p>Diese Kampagne wird durch ein bewegendes Video unterst\u00fctzt. Es zeigt, wie die Ma\u00dfnahmen von heute einen unmittelbaren Einfluss auf das haben, was uns morgen erwartet: die R\u00fcckkehr zum normalen Leben mit seinen Unternehmungen und Freuden.<\/p>\n<p>Im Mittelpunkt dieser Kampagne stehen alle, die sich dieser Herausforderung stellen: das Personal im Gesundheitswesen, die staatlichen Sicherheitskr\u00e4fte und abertausende Menschen in anderen Wirtschaftszweigen. Und nat\u00fcrlich all jene, die tagt\u00e4glich ihren Beitrag leisten, indem sie zuhause bleiben und sich an die Vorschriften halten.<\/p>\n<p><em>Die Immobiliengruppe aus Alicante hat <strong>verschiedene Aktionen gestartet, die sich an ihre Stakeholder wenden<\/strong>: Personal, Lieferanten, Kunden und die Gesellschaft im Allgemeinen.\u00a0Unter anderem <strong>zahlt sie 8 Millionen Euro an ihre Lieferanten als Liquidit\u00e4tsspritze und Bonit\u00e4tshilfe<\/strong>, richtet zwei Gemeinschaftskantinen f\u00fcr das Personal der Gruppe in Mexiko und seine Angeh\u00f6rigen ein und <strong>unterst\u00fctzt Seniorenheime in Torrevieja<\/strong> an der spanischen Costa Blanca mit verschiedenen Spenden.<\/em><\/p>\n<p>&nbsp;<\/p>\n<p>&nbsp;<\/p>\n<div class=\"jetpack-video-wrapper\"><span class=\"embed-youtube\" style=\"text-align:center; display: block;\"><iframe loading=\"lazy\" class=\"youtube-player\" width=\"640\" height=\"360\" src=\"https:\/\/www.youtube.com\/embed\/jtweoLEz248?version=3&#038;rel=1&#038;showsearch=0&#038;showinfo=1&#038;iv_load_policy=1&#038;fs=1&#038;hl=de-DE-formal&#038;autohide=2&#038;wmode=transparent\" allowfullscreen=\"true\" style=\"border:0;\" sandbox=\"allow-scripts allow-same-origin allow-popups allow-presentation allow-popups-to-escape-sandbox\"><\/iframe><\/span><\/div>\n","protected":false},"excerpt":{"rendered":"<p>09.04.2020 I TM Real Estate Group \u201eDie Zukunft bauen wir\u201c lautet das Motto der spanischen Immobiliengruppe f\u00fcr diese Initiative. Sie soll alle Menschen wertsch\u00e4tzen, die dazu beitragen, eine bessere Zukunft zu errichten. Au\u00dferdem soll sie Optimismus verbreiten. Um alle ihre Zielgruppen zu unterst\u00fctzen, hat TM mehrere Initiativen gestartet. Unter anderem zahlt die Gruppe 8 Millionen [&hellip;]<\/p>\n","protected":false},"author":11723,"featured_media":13701,"comment_status":"open","ping_status":"open","sticky":false,"template":"","format":"standard","meta":{"_jetpack_memberships_contains_paid_content":false,"footnotes":""},"categories":[66],"tags":[48,51,54,50,52,53,49,56],"class_list":["post-13698","post","type-post","status-publish","format-standard","has-post-thumbnail","hentry","category-corporativo","tag-tag-about-tm","tag-tag-business","tag-tag-business-agro","tag-tag-business-hotels-mex","tag-tag-business-promo-mex","tag-tag-business-promo-spain","tag-tag-home","tag-tag-people"],"better_featured_image":{"id":13701,"alt_text":"Foto der Kampagne","caption":"","description":"Foto der Kampagne ","media_type":"image","media_details":{"width":1000,"height":666,"file":"2020\/04\/Cabecera-Web-TM_ingle\u0301s-1.png","sizes":{"medium":{"file":"Cabecera-Web-TM_ingle\u0301s-1-300x200.png","width":300,"height":200,"mime-type":"image\/png","source_url":"https:\/\/blog.tmgrupoinmobiliario.com\/de\/wp-content\/uploads\/sites\/3\/2020\/04\/Cabecera-Web-TM_ingle\u0301s-1-300x200.png"},"thumbnail":{"file":"Cabecera-Web-TM_ingle\u0301s-1-150x150.png","width":150,"height":150,"mime-type":"image\/png","source_url":"https:\/\/blog.tmgrupoinmobiliario.com\/de\/wp-content\/uploads\/sites\/3\/2020\/04\/Cabecera-Web-TM_ingle\u0301s-1-150x150.png"},"medium_large":{"file":"Cabecera-Web-TM_ingle\u0301s-1-768x511.png","width":768,"height":511,"mime-type":"image\/png","source_url":"https:\/\/blog.tmgrupoinmobiliario.com\/de\/wp-content\/uploads\/sites\/3\/2020\/04\/Cabecera-Web-TM_ingle\u0301s-1-768x511.png"}},"image_meta":{"aperture":"0","credit":"","camera":"","caption":"","created_timestamp":"0","copyright":"","focal_length":"0","iso":"0","shutter_speed":"0","title":"","orientation":"0","keywords":[]}},"post":13698,"source_url":"https:\/\/blog.tmgrupoinmobiliario.com\/de\/wp-content\/uploads\/sites\/3\/2020\/04\/Cabecera-Web-TM_ingle\u0301s-1.png"},"acf":{"imagen_destacada_desktop":null,"imagen_destacada_mobile":null,"formato":null,"entradilla":null,"etiquetas":null,"cabecera_escritorio":null,"cabecera_mobile":null,"galeria":null},"yoast_head":"<!-- This site is optimized with the Yoast SEO Premium plugin v23.6 (Yoast SEO v27.4) - https:\/\/yoast.com\/product\/yoast-seo-premium-wordpress\/ -->\n<title>TM Grupo Inmobiliario startet Kampagne zur Unterst\u00fctzung und Zuversicht in der Covid-19-Krise - Deutsche<\/title>\n<meta name=\"robots\" content=\"index, follow, max-snippet:-1, max-image-preview:large, max-video-preview:-1\" \/>\n<link rel=\"canonical\" href=\"https:\/\/blog.tmgrupoinmobiliario.com\/de\/2020\/04\/09\/tm-grupo-inmobiliario-startet-kampagne-zur-unterstuetzung-und-zuversicht-in-der-covid-19-krise\/\" \/>\n<meta property=\"og:locale\" content=\"de_DE\" \/>\n<meta property=\"og:type\" content=\"article\" \/>\n<meta property=\"og:title\" content=\"TM Grupo Inmobiliario startet Kampagne zur Unterst\u00fctzung und Zuversicht in der Covid-19-Krise\" \/>\n<meta property=\"og:description\" content=\"09.04.2020 I TM Real Estate Group \u201eDie Zukunft bauen wir\u201c lautet das Motto der spanischen Immobiliengruppe f\u00fcr diese Initiative. Sie soll alle Menschen wertsch\u00e4tzen, die dazu beitragen, eine bessere Zukunft zu errichten. Au\u00dferdem soll sie Optimismus verbreiten. Um alle ihre Zielgruppen zu unterst\u00fctzen, hat TM mehrere Initiativen gestartet. Unter anderem zahlt die Gruppe 8 Millionen [&hellip;]\" \/>\n<meta property=\"og:url\" content=\"https:\/\/blog.tmgrupoinmobiliario.com\/de\/2020\/04\/09\/tm-grupo-inmobiliario-startet-kampagne-zur-unterstuetzung-und-zuversicht-in-der-covid-19-krise\/\" \/>\n<meta property=\"og:site_name\" content=\"Deutsche\" \/>\n<meta property=\"article:published_time\" content=\"2020-04-09T14:15:34+00:00\" \/>\n<meta property=\"article:modified_time\" content=\"2020-11-11T15:14:48+00:00\" \/>\n<meta property=\"og:image\" content=\"https:\/\/blog.tmgrupoinmobiliario.com\/de\/wp-content\/uploads\/sites\/3\/2020\/04\/Cabecera-Web-TM_ingle\u0301s-1.png\" \/>\n\t<meta property=\"og:image:width\" content=\"1000\" \/>\n\t<meta property=\"og:image:height\" content=\"666\" \/>\n\t<meta property=\"og:image:type\" content=\"image\/png\" \/>\n<meta name=\"author\" content=\"sabina\" \/>\n<meta name=\"twitter:card\" content=\"summary_large_image\" \/>\n<meta name=\"twitter:label1\" content=\"Geschrieben von\" \/>\n\t<meta name=\"twitter:data1\" content=\"sabina\" \/>\n\t<meta name=\"twitter:label2\" content=\"Gesch\u00e4tzte Lesezeit\" \/>\n\t<meta name=\"twitter:data2\" content=\"2\u00a0Minuten\" \/>\n<script type=\"application\/ld+json\" class=\"yoast-schema-graph\">{\"@context\":\"https:\\\/\\\/schema.org\",\"@graph\":[{\"@type\":\"Article\",\"@id\":\"https:\\\/\\\/blog.tmgrupoinmobiliario.com\\\/de\\\/2020\\\/04\\\/09\\\/tm-grupo-inmobiliario-startet-kampagne-zur-unterstuetzung-und-zuversicht-in-der-covid-19-krise\\\/#article\",\"isPartOf\":{\"@id\":\"https:\\\/\\\/blog.tmgrupoinmobiliario.com\\\/de\\\/2020\\\/04\\\/09\\\/tm-grupo-inmobiliario-startet-kampagne-zur-unterstuetzung-und-zuversicht-in-der-covid-19-krise\\\/\"},\"author\":{\"name\":\"sabina\",\"@id\":\"https:\\\/\\\/blog.tmgrupoinmobiliario.com\\\/de\\\/#\\\/schema\\\/person\\\/27af0dbfdce919d609baf4fed660de3b\"},\"headline\":\"TM Grupo Inmobiliario startet Kampagne zur Unterst\u00fctzung und Zuversicht in der Covid-19-Krise\",\"datePublished\":\"2020-04-09T14:15:34+00:00\",\"dateModified\":\"2020-11-11T15:14:48+00:00\",\"mainEntityOfPage\":{\"@id\":\"https:\\\/\\\/blog.tmgrupoinmobiliario.com\\\/de\\\/2020\\\/04\\\/09\\\/tm-grupo-inmobiliario-startet-kampagne-zur-unterstuetzung-und-zuversicht-in-der-covid-19-krise\\\/\"},\"wordCount\":419,\"commentCount\":0,\"image\":{\"@id\":\"https:\\\/\\\/blog.tmgrupoinmobiliario.com\\\/de\\\/2020\\\/04\\\/09\\\/tm-grupo-inmobiliario-startet-kampagne-zur-unterstuetzung-und-zuversicht-in-der-covid-19-krise\\\/#primaryimage\"},\"thumbnailUrl\":\"https:\\\/\\\/blog.tmgrupoinmobiliario.com\\\/de\\\/wp-content\\\/uploads\\\/sites\\\/3\\\/2020\\\/04\\\/Cabecera-Web-TM_ingle\u0301s-1.png\",\"keywords\":[\"tag-about-tm\",\"tag-business\",\"tag-business-agro\",\"tag-business-hotels-mex\",\"tag-business-promo-mex\",\"tag-business-promo-spain\",\"tag-home\",\"tag-people\"],\"articleSection\":[\"Corporativo\"],\"inLanguage\":\"de\",\"potentialAction\":[{\"@type\":\"CommentAction\",\"name\":\"Comment\",\"target\":[\"https:\\\/\\\/blog.tmgrupoinmobiliario.com\\\/de\\\/2020\\\/04\\\/09\\\/tm-grupo-inmobiliario-startet-kampagne-zur-unterstuetzung-und-zuversicht-in-der-covid-19-krise\\\/#respond\"]}]},{\"@type\":\"WebPage\",\"@id\":\"https:\\\/\\\/blog.tmgrupoinmobiliario.com\\\/de\\\/2020\\\/04\\\/09\\\/tm-grupo-inmobiliario-startet-kampagne-zur-unterstuetzung-und-zuversicht-in-der-covid-19-krise\\\/\",\"url\":\"https:\\\/\\\/blog.tmgrupoinmobiliario.com\\\/de\\\/2020\\\/04\\\/09\\\/tm-grupo-inmobiliario-startet-kampagne-zur-unterstuetzung-und-zuversicht-in-der-covid-19-krise\\\/\",\"name\":\"TM Grupo Inmobiliario startet Kampagne zur Unterst\u00fctzung und Zuversicht in der Covid-19-Krise - Deutsche\",\"isPartOf\":{\"@id\":\"https:\\\/\\\/blog.tmgrupoinmobiliario.com\\\/de\\\/#website\"},\"primaryImageOfPage\":{\"@id\":\"https:\\\/\\\/blog.tmgrupoinmobiliario.com\\\/de\\\/2020\\\/04\\\/09\\\/tm-grupo-inmobiliario-startet-kampagne-zur-unterstuetzung-und-zuversicht-in-der-covid-19-krise\\\/#primaryimage\"},\"image\":{\"@id\":\"https:\\\/\\\/blog.tmgrupoinmobiliario.com\\\/de\\\/2020\\\/04\\\/09\\\/tm-grupo-inmobiliario-startet-kampagne-zur-unterstuetzung-und-zuversicht-in-der-covid-19-krise\\\/#primaryimage\"},\"thumbnailUrl\":\"https:\\\/\\\/blog.tmgrupoinmobiliario.com\\\/de\\\/wp-content\\\/uploads\\\/sites\\\/3\\\/2020\\\/04\\\/Cabecera-Web-TM_ingle\u0301s-1.png\",\"datePublished\":\"2020-04-09T14:15:34+00:00\",\"dateModified\":\"2020-11-11T15:14:48+00:00\",\"author\":{\"@id\":\"https:\\\/\\\/blog.tmgrupoinmobiliario.com\\\/de\\\/#\\\/schema\\\/person\\\/27af0dbfdce919d609baf4fed660de3b\"},\"breadcrumb\":{\"@id\":\"https:\\\/\\\/blog.tmgrupoinmobiliario.com\\\/de\\\/2020\\\/04\\\/09\\\/tm-grupo-inmobiliario-startet-kampagne-zur-unterstuetzung-und-zuversicht-in-der-covid-19-krise\\\/#breadcrumb\"},\"inLanguage\":\"de\",\"potentialAction\":[{\"@type\":\"ReadAction\",\"target\":[\"https:\\\/\\\/blog.tmgrupoinmobiliario.com\\\/de\\\/2020\\\/04\\\/09\\\/tm-grupo-inmobiliario-startet-kampagne-zur-unterstuetzung-und-zuversicht-in-der-covid-19-krise\\\/\"]}]},{\"@type\":\"ImageObject\",\"inLanguage\":\"de\",\"@id\":\"https:\\\/\\\/blog.tmgrupoinmobiliario.com\\\/de\\\/2020\\\/04\\\/09\\\/tm-grupo-inmobiliario-startet-kampagne-zur-unterstuetzung-und-zuversicht-in-der-covid-19-krise\\\/#primaryimage\",\"url\":\"https:\\\/\\\/blog.tmgrupoinmobiliario.com\\\/de\\\/wp-content\\\/uploads\\\/sites\\\/3\\\/2020\\\/04\\\/Cabecera-Web-TM_ingle\u0301s-1.png\",\"contentUrl\":\"https:\\\/\\\/blog.tmgrupoinmobiliario.com\\\/de\\\/wp-content\\\/uploads\\\/sites\\\/3\\\/2020\\\/04\\\/Cabecera-Web-TM_ingle\u0301s-1.png\",\"width\":1000,\"height\":666,\"caption\":\"Foto der Kampagne\"},{\"@type\":\"BreadcrumbList\",\"@id\":\"https:\\\/\\\/blog.tmgrupoinmobiliario.com\\\/de\\\/2020\\\/04\\\/09\\\/tm-grupo-inmobiliario-startet-kampagne-zur-unterstuetzung-und-zuversicht-in-der-covid-19-krise\\\/#breadcrumb\",\"itemListElement\":[{\"@type\":\"ListItem\",\"position\":1,\"name\":\"Portada\",\"item\":\"https:\\\/\\\/blog.tmgrupoinmobiliario.com\\\/de\\\/\"},{\"@type\":\"ListItem\",\"position\":2,\"name\":\"TM Grupo Inmobiliario startet Kampagne zur Unterst\u00fctzung und Zuversicht in der Covid-19-Krise\"}]},{\"@type\":\"WebSite\",\"@id\":\"https:\\\/\\\/blog.tmgrupoinmobiliario.com\\\/de\\\/#website\",\"url\":\"https:\\\/\\\/blog.tmgrupoinmobiliario.com\\\/de\\\/\",\"name\":\"Deutsche\",\"description\":\"Otro sitio m\u00e1s de Blog Desarrollo TM sitios\",\"potentialAction\":[{\"@type\":\"SearchAction\",\"target\":{\"@type\":\"EntryPoint\",\"urlTemplate\":\"https:\\\/\\\/blog.tmgrupoinmobiliario.com\\\/de\\\/?s={search_term_string}\"},\"query-input\":{\"@type\":\"PropertyValueSpecification\",\"valueRequired\":true,\"valueName\":\"search_term_string\"}}],\"inLanguage\":\"de\"},{\"@type\":\"Person\",\"@id\":\"https:\\\/\\\/blog.tmgrupoinmobiliario.com\\\/de\\\/#\\\/schema\\\/person\\\/27af0dbfdce919d609baf4fed660de3b\",\"name\":\"sabina\",\"image\":{\"@type\":\"ImageObject\",\"inLanguage\":\"de\",\"@id\":\"https:\\\/\\\/secure.gravatar.com\\\/avatar\\\/78951ea4de48b19a4896632042286f6ad92ec263906716df0a9c32c58b3cc837?s=96&d=mm&r=g\",\"url\":\"https:\\\/\\\/secure.gravatar.com\\\/avatar\\\/78951ea4de48b19a4896632042286f6ad92ec263906716df0a9c32c58b3cc837?s=96&d=mm&r=g\",\"contentUrl\":\"https:\\\/\\\/secure.gravatar.com\\\/avatar\\\/78951ea4de48b19a4896632042286f6ad92ec263906716df0a9c32c58b3cc837?s=96&d=mm&r=g\",\"caption\":\"sabina\"},\"url\":\"https:\\\/\\\/blog.tmgrupoinmobiliario.com\\\/de\\\/author\\\/sabina\\\/\"}]}<\/script>\n<!-- \/ Yoast SEO Premium plugin. -->","yoast_head_json":{"title":"TM Grupo Inmobiliario startet Kampagne zur Unterst\u00fctzung und Zuversicht in der Covid-19-Krise - Deutsche","robots":{"index":"index","follow":"follow","max-snippet":"max-snippet:-1","max-image-preview":"max-image-preview:large","max-video-preview":"max-video-preview:-1"},"canonical":"https:\/\/blog.tmgrupoinmobiliario.com\/de\/2020\/04\/09\/tm-grupo-inmobiliario-startet-kampagne-zur-unterstuetzung-und-zuversicht-in-der-covid-19-krise\/","og_locale":"de_DE","og_type":"article","og_title":"TM Grupo Inmobiliario startet Kampagne zur Unterst\u00fctzung und Zuversicht in der Covid-19-Krise","og_description":"09.04.2020 I TM Real Estate Group \u201eDie Zukunft bauen wir\u201c lautet das Motto der spanischen Immobiliengruppe f\u00fcr diese Initiative. Sie soll alle Menschen wertsch\u00e4tzen, die dazu beitragen, eine bessere Zukunft zu errichten. Au\u00dferdem soll sie Optimismus verbreiten. Um alle ihre Zielgruppen zu unterst\u00fctzen, hat TM mehrere Initiativen gestartet. Unter anderem zahlt die Gruppe 8 Millionen [&hellip;]","og_url":"https:\/\/blog.tmgrupoinmobiliario.com\/de\/2020\/04\/09\/tm-grupo-inmobiliario-startet-kampagne-zur-unterstuetzung-und-zuversicht-in-der-covid-19-krise\/","og_site_name":"Deutsche","article_published_time":"2020-04-09T14:15:34+00:00","article_modified_time":"2020-11-11T15:14:48+00:00","og_image":[{"width":1000,"height":666,"url":"https:\/\/blog.tmgrupoinmobiliario.com\/de\/wp-content\/uploads\/sites\/3\/2020\/04\/Cabecera-Web-TM_ingle\u0301s-1.png","type":"image\/png"}],"author":"sabina","twitter_card":"summary_large_image","twitter_misc":{"Geschrieben von":"sabina","Gesch\u00e4tzte Lesezeit":"2\u00a0Minuten"},"schema":{"@context":"https:\/\/schema.org","@graph":[{"@type":"Article","@id":"https:\/\/blog.tmgrupoinmobiliario.com\/de\/2020\/04\/09\/tm-grupo-inmobiliario-startet-kampagne-zur-unterstuetzung-und-zuversicht-in-der-covid-19-krise\/#article","isPartOf":{"@id":"https:\/\/blog.tmgrupoinmobiliario.com\/de\/2020\/04\/09\/tm-grupo-inmobiliario-startet-kampagne-zur-unterstuetzung-und-zuversicht-in-der-covid-19-krise\/"},"author":{"name":"sabina","@id":"https:\/\/blog.tmgrupoinmobiliario.com\/de\/#\/schema\/person\/27af0dbfdce919d609baf4fed660de3b"},"headline":"TM Grupo Inmobiliario startet Kampagne zur Unterst\u00fctzung und Zuversicht in der Covid-19-Krise","datePublished":"2020-04-09T14:15:34+00:00","dateModified":"2020-11-11T15:14:48+00:00","mainEntityOfPage":{"@id":"https:\/\/blog.tmgrupoinmobiliario.com\/de\/2020\/04\/09\/tm-grupo-inmobiliario-startet-kampagne-zur-unterstuetzung-und-zuversicht-in-der-covid-19-krise\/"},"wordCount":419,"commentCount":0,"image":{"@id":"https:\/\/blog.tmgrupoinmobiliario.com\/de\/2020\/04\/09\/tm-grupo-inmobiliario-startet-kampagne-zur-unterstuetzung-und-zuversicht-in-der-covid-19-krise\/#primaryimage"},"thumbnailUrl":"https:\/\/blog.tmgrupoinmobiliario.com\/de\/wp-content\/uploads\/sites\/3\/2020\/04\/Cabecera-Web-TM_ingle\u0301s-1.png","keywords":["tag-about-tm","tag-business","tag-business-agro","tag-business-hotels-mex","tag-business-promo-mex","tag-business-promo-spain","tag-home","tag-people"],"articleSection":["Corporativo"],"inLanguage":"de","potentialAction":[{"@type":"CommentAction","name":"Comment","target":["https:\/\/blog.tmgrupoinmobiliario.com\/de\/2020\/04\/09\/tm-grupo-inmobiliario-startet-kampagne-zur-unterstuetzung-und-zuversicht-in-der-covid-19-krise\/#respond"]}]},{"@type":"WebPage","@id":"https:\/\/blog.tmgrupoinmobiliario.com\/de\/2020\/04\/09\/tm-grupo-inmobiliario-startet-kampagne-zur-unterstuetzung-und-zuversicht-in-der-covid-19-krise\/","url":"https:\/\/blog.tmgrupoinmobiliario.com\/de\/2020\/04\/09\/tm-grupo-inmobiliario-startet-kampagne-zur-unterstuetzung-und-zuversicht-in-der-covid-19-krise\/","name":"TM Grupo Inmobiliario startet Kampagne zur Unterst\u00fctzung und Zuversicht in der Covid-19-Krise - Deutsche","isPartOf":{"@id":"https:\/\/blog.tmgrupoinmobiliario.com\/de\/#website"},"primaryImageOfPage":{"@id":"https:\/\/blog.tmgrupoinmobiliario.com\/de\/2020\/04\/09\/tm-grupo-inmobiliario-startet-kampagne-zur-unterstuetzung-und-zuversicht-in-der-covid-19-krise\/#primaryimage"},"image":{"@id":"https:\/\/blog.tmgrupoinmobiliario.com\/de\/2020\/04\/09\/tm-grupo-inmobiliario-startet-kampagne-zur-unterstuetzung-und-zuversicht-in-der-covid-19-krise\/#primaryimage"},"thumbnailUrl":"https:\/\/blog.tmgrupoinmobiliario.com\/de\/wp-content\/uploads\/sites\/3\/2020\/04\/Cabecera-Web-TM_ingle\u0301s-1.png","datePublished":"2020-04-09T14:15:34+00:00","dateModified":"2020-11-11T15:14:48+00:00","author":{"@id":"https:\/\/blog.tmgrupoinmobiliario.com\/de\/#\/schema\/person\/27af0dbfdce919d609baf4fed660de3b"},"breadcrumb":{"@id":"https:\/\/blog.tmgrupoinmobiliario.com\/de\/2020\/04\/09\/tm-grupo-inmobiliario-startet-kampagne-zur-unterstuetzung-und-zuversicht-in-der-covid-19-krise\/#breadcrumb"},"inLanguage":"de","potentialAction":[{"@type":"ReadAction","target":["https:\/\/blog.tmgrupoinmobiliario.com\/de\/2020\/04\/09\/tm-grupo-inmobiliario-startet-kampagne-zur-unterstuetzung-und-zuversicht-in-der-covid-19-krise\/"]}]},{"@type":"ImageObject","inLanguage":"de","@id":"https:\/\/blog.tmgrupoinmobiliario.com\/de\/2020\/04\/09\/tm-grupo-inmobiliario-startet-kampagne-zur-unterstuetzung-und-zuversicht-in-der-covid-19-krise\/#primaryimage","url":"https:\/\/blog.tmgrupoinmobiliario.com\/de\/wp-content\/uploads\/sites\/3\/2020\/04\/Cabecera-Web-TM_ingle\u0301s-1.png","contentUrl":"https:\/\/blog.tmgrupoinmobiliario.com\/de\/wp-content\/uploads\/sites\/3\/2020\/04\/Cabecera-Web-TM_ingle\u0301s-1.png","width":1000,"height":666,"caption":"Foto der Kampagne"},{"@type":"BreadcrumbList","@id":"https:\/\/blog.tmgrupoinmobiliario.com\/de\/2020\/04\/09\/tm-grupo-inmobiliario-startet-kampagne-zur-unterstuetzung-und-zuversicht-in-der-covid-19-krise\/#breadcrumb","itemListElement":[{"@type":"ListItem","position":1,"name":"Portada","item":"https:\/\/blog.tmgrupoinmobiliario.com\/de\/"},{"@type":"ListItem","position":2,"name":"TM Grupo Inmobiliario startet Kampagne zur Unterst\u00fctzung und Zuversicht in der Covid-19-Krise"}]},{"@type":"WebSite","@id":"https:\/\/blog.tmgrupoinmobiliario.com\/de\/#website","url":"https:\/\/blog.tmgrupoinmobiliario.com\/de\/","name":"Deutsche","description":"Otro sitio m\u00e1s de Blog Desarrollo TM sitios","potentialAction":[{"@type":"SearchAction","target":{"@type":"EntryPoint","urlTemplate":"https:\/\/blog.tmgrupoinmobiliario.com\/de\/?s={search_term_string}"},"query-input":{"@type":"PropertyValueSpecification","valueRequired":true,"valueName":"search_term_string"}}],"inLanguage":"de"},{"@type":"Person","@id":"https:\/\/blog.tmgrupoinmobiliario.com\/de\/#\/schema\/person\/27af0dbfdce919d609baf4fed660de3b","name":"sabina","image":{"@type":"ImageObject","inLanguage":"de","@id":"https:\/\/secure.gravatar.com\/avatar\/78951ea4de48b19a4896632042286f6ad92ec263906716df0a9c32c58b3cc837?s=96&d=mm&r=g","url":"https:\/\/secure.gravatar.com\/avatar\/78951ea4de48b19a4896632042286f6ad92ec263906716df0a9c32c58b3cc837?s=96&d=mm&r=g","contentUrl":"https:\/\/secure.gravatar.com\/avatar\/78951ea4de48b19a4896632042286f6ad92ec263906716df0a9c32c58b3cc837?s=96&d=mm&r=g","caption":"sabina"},"url":"https:\/\/blog.tmgrupoinmobiliario.com\/de\/author\/sabina\/"}]}},"jetpack_featured_media_url":"https:\/\/blog.tmgrupoinmobiliario.com\/de\/wp-content\/uploads\/sites\/3\/2020\/04\/Cabecera-Web-TM_ingle\u0301s-1.png","jetpack_sharing_enabled":true,"_links":{"self":[{"href":"https:\/\/blog.tmgrupoinmobiliario.com\/de\/wp-json\/wp\/v2\/posts\/13698","targetHints":{"allow":["GET"]}}],"collection":[{"href":"https:\/\/blog.tmgrupoinmobiliario.com\/de\/wp-json\/wp\/v2\/posts"}],"about":[{"href":"https:\/\/blog.tmgrupoinmobiliario.com\/de\/wp-json\/wp\/v2\/types\/post"}],"author":[{"embeddable":true,"href":"https:\/\/blog.tmgrupoinmobiliario.com\/de\/wp-json\/wp\/v2\/users\/11723"}],"replies":[{"embeddable":true,"href":"https:\/\/blog.tmgrupoinmobiliario.com\/de\/wp-json\/wp\/v2\/comments?post=13698"}],"version-history":[{"count":2,"href":"https:\/\/blog.tmgrupoinmobiliario.com\/de\/wp-json\/wp\/v2\/posts\/13698\/revisions"}],"predecessor-version":[{"id":13702,"href":"https:\/\/blog.tmgrupoinmobiliario.com\/de\/wp-json\/wp\/v2\/posts\/13698\/revisions\/13702"}],"wp:featuredmedia":[{"embeddable":true,"href":"https:\/\/blog.tmgrupoinmobiliario.com\/de\/wp-json\/wp\/v2\/media\/13701"}],"wp:attachment":[{"href":"https:\/\/blog.tmgrupoinmobiliario.com\/de\/wp-json\/wp\/v2\/media?parent=13698"}],"wp:term":[{"taxonomy":"category","embeddable":true,"href":"https:\/\/blog.tmgrupoinmobiliario.com\/de\/wp-json\/wp\/v2\/categories?post=13698"},{"taxonomy":"post_tag","embeddable":true,"href":"https:\/\/blog.tmgrupoinmobiliario.com\/de\/wp-json\/wp\/v2\/tags?post=13698"}],"curies":[{"name":"wp","href":"https:\/\/api.w.org\/{rel}","templated":true}]}}