{"id":13507,"date":"2019-10-29T10:51:02","date_gmt":"2019-10-29T09:51:02","guid":{"rendered":"https:\/\/blog.tmgrupoinmobiliario.com\/de\/?p=13507"},"modified":"2019-10-29T10:51:02","modified_gmt":"2019-10-29T09:51:02","slug":"tm-grupo-inmobiliario-preis-fuer-unternehmenskarriere-von-der-zeitschrift-revista-economia-3","status":"publish","type":"post","link":"https:\/\/blog.tmgrupoinmobiliario.com\/de\/2019\/10\/29\/tm-grupo-inmobiliario-preis-fuer-unternehmenskarriere-von-der-zeitschrift-revista-economia-3\/","title":{"rendered":"TM Grupo Inmobiliario, Preis f\u00fcr Unternehmenskarriere von der Zeitschrift Revista  Econom\u00eda 3"},"content":{"rendered":"<p>02.10.2019 I TM Grupo Inmobiliario<\/p>\n<p>TM Grupo Inmobiliario wurde von der Zeitschrift Revista Econom\u00eda 3, dem f\u00fchrenden Herausgeber von Wirtschaftsinformationen in der Region Valencia, mit dem Premio a la Trayectoria Empresarial 2019, dem Preis f\u00fcr Unternehmenskarriere, ausgezeichnet.<\/p>\n<p>Die Pr\u00e4sidentin, \u00c1ngeles Serna, der CEO Pablo Serna, und der Vizepr\u00e4sident, Abel Garc\u00eda, nahmen die Auszeichnung entgegen, die von Jos\u00e9 Victor Guill\u00e9n, Generaldirektor von Caja Rural Central \u00fcbergeben wurde.<\/p>\n<p>&nbsp;<\/p>\n<p><img loading=\"lazy\" decoding=\"async\" class=\"aligncenter wp-image-13527 size-full\" src=\"https:\/\/www.tmgrupoinmobiliario.com\/blog\/de\/wp-content\/uploads\/sites\/3\/2019\/10\/Premios-1.jpg\" alt=\"\" width=\"946\" height=\"633\" srcset=\"https:\/\/blog.tmgrupoinmobiliario.com\/de\/wp-content\/uploads\/sites\/3\/2019\/10\/Premios-1.jpg 946w, https:\/\/blog.tmgrupoinmobiliario.com\/de\/wp-content\/uploads\/sites\/3\/2019\/10\/Premios-1-300x201.jpg 300w, https:\/\/blog.tmgrupoinmobiliario.com\/de\/wp-content\/uploads\/sites\/3\/2019\/10\/Premios-1-768x514.jpg 768w\" sizes=\"auto, (max-width: 946px) 100vw, 946px\" \/><\/p>\n<p>Diese Anerkennung legt Wert auf die Gesch\u00e4ftsentwicklung und die Arbeit, die in den 50 Jahren der Geschichte der Gruppe geleistet wurde, sowie ihr Engagement f\u00fcr die Provinz Alicante, f\u00fcr die Internationalisierung und ihren Beitrag zur Dynamik und der wirtschaftlichen Entwicklung der Provinz.<\/p>\n<p>Die Veranstaltung fand im Arch\u00e4ologischen Museum von Alicante statt, bei der sich zahlreiche G\u00e4ste, Gesch\u00e4ftsleute und Vertreter valencianischer Institutionen trafen.<\/p>\n<p>Das Unternehmen schlie\u00dft sich somit anderen Unternehmen und Institutionen an, die in dieser dritten Ausgabe ausgezeichnet wurden wie Quinton Laboratories in der Kategorie Forschung, die Valencianische Vereinigung der Schuhunternehmer in der Kategorie Unternehmensvereinigung, Distrito Digital der Valencianischen Gemeinschaft als herausragende \u00f6ffentliche Einrichtung, Forest Chemical in der Kategorie Innovation und Unternehmertum, Suma Innova in Digital Transformation, Actiu f\u00fcr seine Internationalisierung, Jesus Navarro, Generaldirektor von Carmencita, f\u00fcr seine Unternehmensf\u00fchrung und der Pr\u00e4sident von Caja Rural Central, der den Sonderpreis der Jury erhielt.<\/p>\n<p>&nbsp;<\/p>\n<p><img loading=\"lazy\" decoding=\"async\" class=\"wp-image-13531 size-full aligncenter\" src=\"https:\/\/www.tmgrupoinmobiliario.com\/blog\/de\/wp-content\/uploads\/sites\/3\/2019\/10\/2-premios.jpg\" alt=\"\" width=\"948\" height=\"633\" srcset=\"https:\/\/blog.tmgrupoinmobiliario.com\/de\/wp-content\/uploads\/sites\/3\/2019\/10\/2-premios.jpg 948w, https:\/\/blog.tmgrupoinmobiliario.com\/de\/wp-content\/uploads\/sites\/3\/2019\/10\/2-premios-300x200.jpg 300w, https:\/\/blog.tmgrupoinmobiliario.com\/de\/wp-content\/uploads\/sites\/3\/2019\/10\/2-premios-768x513.jpg 768w\" sizes=\"auto, (max-width: 948px) 100vw, 948px\" \/><\/p>\n<p>&nbsp;<\/p>\n<p><img loading=\"lazy\" decoding=\"async\" class=\"wp-image-13532 size-full aligncenter\" src=\"https:\/\/www.tmgrupoinmobiliario.com\/blog\/de\/wp-content\/uploads\/sites\/3\/2019\/10\/3-premios.jpg\" alt=\"\" width=\"946\" height=\"633\" srcset=\"https:\/\/blog.tmgrupoinmobiliario.com\/de\/wp-content\/uploads\/sites\/3\/2019\/10\/3-premios.jpg 946w, https:\/\/blog.tmgrupoinmobiliario.com\/de\/wp-content\/uploads\/sites\/3\/2019\/10\/3-premios-300x201.jpg 300w, https:\/\/blog.tmgrupoinmobiliario.com\/de\/wp-content\/uploads\/sites\/3\/2019\/10\/3-premios-768x514.jpg 768w\" sizes=\"auto, (max-width: 946px) 100vw, 946px\" \/><\/p>\n<p>&nbsp;<\/p>\n<p>&nbsp;<\/p>\n<p>&nbsp;<\/p>\n","protected":false},"excerpt":{"rendered":"<p>02.10.2019 I TM Grupo Inmobiliario TM Grupo Inmobiliario wurde von der Zeitschrift Revista Econom\u00eda 3, dem f\u00fchrenden Herausgeber von Wirtschaftsinformationen in der Region Valencia, mit dem Premio a la Trayectoria Empresarial 2019, dem Preis f\u00fcr Unternehmenskarriere, ausgezeichnet. Die Pr\u00e4sidentin, \u00c1ngeles Serna, der CEO Pablo Serna, und der Vizepr\u00e4sident, Abel Garc\u00eda, nahmen die Auszeichnung entgegen, die [&hellip;]<\/p>\n","protected":false},"author":11711,"featured_media":13546,"comment_status":"open","ping_status":"open","sticky":false,"template":"","format":"standard","meta":{"_jetpack_memberships_contains_paid_content":false,"footnotes":""},"categories":[1],"tags":[],"class_list":["post-13507","post","type-post","status-publish","format-standard","has-post-thumbnail","hentry","category-sin-categoria"],"better_featured_image":{"id":13546,"alt_text":"","caption":"","description":"","media_type":"image","media_details":{"width":1000,"height":666,"file":"2019\/10\/PREMIOS.jpg","sizes":{"thumbnail":{"file":"PREMIOS-150x150.jpg","width":150,"height":150,"mime-type":"image\/jpeg","source_url":"https:\/\/blog.tmgrupoinmobiliario.com\/de\/wp-content\/uploads\/sites\/3\/2019\/10\/PREMIOS-150x150.jpg"},"medium":{"file":"PREMIOS-300x200.jpg","width":300,"height":200,"mime-type":"image\/jpeg","source_url":"https:\/\/blog.tmgrupoinmobiliario.com\/de\/wp-content\/uploads\/sites\/3\/2019\/10\/PREMIOS-300x200.jpg"},"medium_large":{"file":"PREMIOS-768x511.jpg","width":768,"height":511,"mime-type":"image\/jpeg","source_url":"https:\/\/blog.tmgrupoinmobiliario.com\/de\/wp-content\/uploads\/sites\/3\/2019\/10\/PREMIOS-768x511.jpg"}},"image_meta":{"aperture":"0","credit":"","camera":"","caption":"","created_timestamp":"0","copyright":"","focal_length":"0","iso":"0","shutter_speed":"0","title":"","orientation":"1","keywords":[]}},"post":13507,"source_url":"https:\/\/blog.tmgrupoinmobiliario.com\/de\/wp-content\/uploads\/sites\/3\/2019\/10\/PREMIOS.jpg"},"acf":{"imagen_destacada_desktop":null,"imagen_destacada_mobile":null,"formato":null,"entradilla":null,"etiquetas":null,"cabecera_escritorio":null,"cabecera_mobile":null,"galeria":null},"yoast_head":"<!-- This site is optimized with the Yoast SEO Premium plugin v23.6 (Yoast SEO v27.5) - https:\/\/yoast.com\/product\/yoast-seo-premium-wordpress\/ -->\n<title>TM Grupo Inmobiliario, Preis f\u00fcr Unternehmenskarriere von der Zeitschrift Revista Econom\u00eda 3 - Deutsche<\/title>\n<meta name=\"robots\" content=\"index, follow, max-snippet:-1, max-image-preview:large, max-video-preview:-1\" \/>\n<link rel=\"canonical\" href=\"https:\/\/blog.tmgrupoinmobiliario.com\/de\/2019\/10\/29\/tm-grupo-inmobiliario-preis-fuer-unternehmenskarriere-von-der-zeitschrift-revista-economia-3\/\" \/>\n<meta property=\"og:locale\" content=\"de_DE\" \/>\n<meta property=\"og:type\" content=\"article\" \/>\n<meta property=\"og:title\" content=\"TM Grupo Inmobiliario, Preis f\u00fcr Unternehmenskarriere von der Zeitschrift Revista Econom\u00eda 3\" \/>\n<meta property=\"og:description\" content=\"02.10.2019 I TM Grupo Inmobiliario TM Grupo Inmobiliario wurde von der Zeitschrift Revista Econom\u00eda 3, dem f\u00fchrenden Herausgeber von Wirtschaftsinformationen in der Region Valencia, mit dem Premio a la Trayectoria Empresarial 2019, dem Preis f\u00fcr Unternehmenskarriere, ausgezeichnet. Die Pr\u00e4sidentin, \u00c1ngeles Serna, der CEO Pablo Serna, und der Vizepr\u00e4sident, Abel Garc\u00eda, nahmen die Auszeichnung entgegen, die [&hellip;]\" \/>\n<meta property=\"og:url\" content=\"https:\/\/blog.tmgrupoinmobiliario.com\/de\/2019\/10\/29\/tm-grupo-inmobiliario-preis-fuer-unternehmenskarriere-von-der-zeitschrift-revista-economia-3\/\" \/>\n<meta property=\"og:site_name\" content=\"Deutsche\" \/>\n<meta property=\"article:published_time\" content=\"2019-10-29T09:51:02+00:00\" \/>\n<meta property=\"og:image\" content=\"https:\/\/blog.tmgrupoinmobiliario.com\/de\/wp-content\/uploads\/sites\/3\/2019\/10\/PREMIOS.jpg\" \/>\n\t<meta property=\"og:image:width\" content=\"1000\" \/>\n\t<meta property=\"og:image:height\" content=\"666\" \/>\n\t<meta property=\"og:image:type\" content=\"image\/jpeg\" \/>\n<meta name=\"author\" content=\"fara\" \/>\n<meta name=\"twitter:card\" content=\"summary_large_image\" \/>\n<meta name=\"twitter:label1\" content=\"Geschrieben von\" \/>\n\t<meta name=\"twitter:data1\" content=\"fara\" \/>\n\t<meta name=\"twitter:label2\" content=\"Gesch\u00e4tzte Lesezeit\" \/>\n\t<meta name=\"twitter:data2\" content=\"1\u00a0Minute\" \/>\n<script type=\"application\/ld+json\" class=\"yoast-schema-graph\">{\"@context\":\"https:\\\/\\\/schema.org\",\"@graph\":[{\"@type\":\"Article\",\"@id\":\"https:\\\/\\\/blog.tmgrupoinmobiliario.com\\\/de\\\/2019\\\/10\\\/29\\\/tm-grupo-inmobiliario-preis-fuer-unternehmenskarriere-von-der-zeitschrift-revista-economia-3\\\/#article\",\"isPartOf\":{\"@id\":\"https:\\\/\\\/blog.tmgrupoinmobiliario.com\\\/de\\\/2019\\\/10\\\/29\\\/tm-grupo-inmobiliario-preis-fuer-unternehmenskarriere-von-der-zeitschrift-revista-economia-3\\\/\"},\"author\":{\"name\":\"fara\",\"@id\":\"https:\\\/\\\/blog.tmgrupoinmobiliario.com\\\/de\\\/#\\\/schema\\\/person\\\/a84aec2e78e08c84b83b6c2e603485d4\"},\"headline\":\"TM Grupo Inmobiliario, Preis f\u00fcr Unternehmenskarriere von der Zeitschrift Revista Econom\u00eda 3\",\"datePublished\":\"2019-10-29T09:51:02+00:00\",\"mainEntityOfPage\":{\"@id\":\"https:\\\/\\\/blog.tmgrupoinmobiliario.com\\\/de\\\/2019\\\/10\\\/29\\\/tm-grupo-inmobiliario-preis-fuer-unternehmenskarriere-von-der-zeitschrift-revista-economia-3\\\/\"},\"wordCount\":241,\"commentCount\":0,\"image\":{\"@id\":\"https:\\\/\\\/blog.tmgrupoinmobiliario.com\\\/de\\\/2019\\\/10\\\/29\\\/tm-grupo-inmobiliario-preis-fuer-unternehmenskarriere-von-der-zeitschrift-revista-economia-3\\\/#primaryimage\"},\"thumbnailUrl\":\"https:\\\/\\\/blog.tmgrupoinmobiliario.com\\\/de\\\/wp-content\\\/uploads\\\/sites\\\/3\\\/2019\\\/10\\\/PREMIOS.jpg\",\"articleSection\":[\"Sin categor\u00eda\"],\"inLanguage\":\"de\",\"potentialAction\":[{\"@type\":\"CommentAction\",\"name\":\"Comment\",\"target\":[\"https:\\\/\\\/blog.tmgrupoinmobiliario.com\\\/de\\\/2019\\\/10\\\/29\\\/tm-grupo-inmobiliario-preis-fuer-unternehmenskarriere-von-der-zeitschrift-revista-economia-3\\\/#respond\"]}]},{\"@type\":\"WebPage\",\"@id\":\"https:\\\/\\\/blog.tmgrupoinmobiliario.com\\\/de\\\/2019\\\/10\\\/29\\\/tm-grupo-inmobiliario-preis-fuer-unternehmenskarriere-von-der-zeitschrift-revista-economia-3\\\/\",\"url\":\"https:\\\/\\\/blog.tmgrupoinmobiliario.com\\\/de\\\/2019\\\/10\\\/29\\\/tm-grupo-inmobiliario-preis-fuer-unternehmenskarriere-von-der-zeitschrift-revista-economia-3\\\/\",\"name\":\"TM Grupo Inmobiliario, Preis f\u00fcr Unternehmenskarriere von der Zeitschrift Revista Econom\u00eda 3 - Deutsche\",\"isPartOf\":{\"@id\":\"https:\\\/\\\/blog.tmgrupoinmobiliario.com\\\/de\\\/#website\"},\"primaryImageOfPage\":{\"@id\":\"https:\\\/\\\/blog.tmgrupoinmobiliario.com\\\/de\\\/2019\\\/10\\\/29\\\/tm-grupo-inmobiliario-preis-fuer-unternehmenskarriere-von-der-zeitschrift-revista-economia-3\\\/#primaryimage\"},\"image\":{\"@id\":\"https:\\\/\\\/blog.tmgrupoinmobiliario.com\\\/de\\\/2019\\\/10\\\/29\\\/tm-grupo-inmobiliario-preis-fuer-unternehmenskarriere-von-der-zeitschrift-revista-economia-3\\\/#primaryimage\"},\"thumbnailUrl\":\"https:\\\/\\\/blog.tmgrupoinmobiliario.com\\\/de\\\/wp-content\\\/uploads\\\/sites\\\/3\\\/2019\\\/10\\\/PREMIOS.jpg\",\"datePublished\":\"2019-10-29T09:51:02+00:00\",\"author\":{\"@id\":\"https:\\\/\\\/blog.tmgrupoinmobiliario.com\\\/de\\\/#\\\/schema\\\/person\\\/a84aec2e78e08c84b83b6c2e603485d4\"},\"breadcrumb\":{\"@id\":\"https:\\\/\\\/blog.tmgrupoinmobiliario.com\\\/de\\\/2019\\\/10\\\/29\\\/tm-grupo-inmobiliario-preis-fuer-unternehmenskarriere-von-der-zeitschrift-revista-economia-3\\\/#breadcrumb\"},\"inLanguage\":\"de\",\"potentialAction\":[{\"@type\":\"ReadAction\",\"target\":[\"https:\\\/\\\/blog.tmgrupoinmobiliario.com\\\/de\\\/2019\\\/10\\\/29\\\/tm-grupo-inmobiliario-preis-fuer-unternehmenskarriere-von-der-zeitschrift-revista-economia-3\\\/\"]}]},{\"@type\":\"ImageObject\",\"inLanguage\":\"de\",\"@id\":\"https:\\\/\\\/blog.tmgrupoinmobiliario.com\\\/de\\\/2019\\\/10\\\/29\\\/tm-grupo-inmobiliario-preis-fuer-unternehmenskarriere-von-der-zeitschrift-revista-economia-3\\\/#primaryimage\",\"url\":\"https:\\\/\\\/blog.tmgrupoinmobiliario.com\\\/de\\\/wp-content\\\/uploads\\\/sites\\\/3\\\/2019\\\/10\\\/PREMIOS.jpg\",\"contentUrl\":\"https:\\\/\\\/blog.tmgrupoinmobiliario.com\\\/de\\\/wp-content\\\/uploads\\\/sites\\\/3\\\/2019\\\/10\\\/PREMIOS.jpg\",\"width\":1000,\"height\":666},{\"@type\":\"BreadcrumbList\",\"@id\":\"https:\\\/\\\/blog.tmgrupoinmobiliario.com\\\/de\\\/2019\\\/10\\\/29\\\/tm-grupo-inmobiliario-preis-fuer-unternehmenskarriere-von-der-zeitschrift-revista-economia-3\\\/#breadcrumb\",\"itemListElement\":[{\"@type\":\"ListItem\",\"position\":1,\"name\":\"Portada\",\"item\":\"https:\\\/\\\/blog.tmgrupoinmobiliario.com\\\/de\\\/\"},{\"@type\":\"ListItem\",\"position\":2,\"name\":\"TM Grupo Inmobiliario, Preis f\u00fcr Unternehmenskarriere von der Zeitschrift Revista Econom\u00eda 3\"}]},{\"@type\":\"WebSite\",\"@id\":\"https:\\\/\\\/blog.tmgrupoinmobiliario.com\\\/de\\\/#website\",\"url\":\"https:\\\/\\\/blog.tmgrupoinmobiliario.com\\\/de\\\/\",\"name\":\"Deutsche\",\"description\":\"Otro sitio m\u00e1s de Blog Desarrollo TM sitios\",\"potentialAction\":[{\"@type\":\"SearchAction\",\"target\":{\"@type\":\"EntryPoint\",\"urlTemplate\":\"https:\\\/\\\/blog.tmgrupoinmobiliario.com\\\/de\\\/?s={search_term_string}\"},\"query-input\":{\"@type\":\"PropertyValueSpecification\",\"valueRequired\":true,\"valueName\":\"search_term_string\"}}],\"inLanguage\":\"de\"},{\"@type\":\"Person\",\"@id\":\"https:\\\/\\\/blog.tmgrupoinmobiliario.com\\\/de\\\/#\\\/schema\\\/person\\\/a84aec2e78e08c84b83b6c2e603485d4\",\"name\":\"fara\",\"image\":{\"@type\":\"ImageObject\",\"inLanguage\":\"de\",\"@id\":\"https:\\\/\\\/secure.gravatar.com\\\/avatar\\\/7f220746227c0519c6c04da143303cd82cc8dcb5a6e36ab83c4d34194b752687?s=96&d=mm&r=g\",\"url\":\"https:\\\/\\\/secure.gravatar.com\\\/avatar\\\/7f220746227c0519c6c04da143303cd82cc8dcb5a6e36ab83c4d34194b752687?s=96&d=mm&r=g\",\"contentUrl\":\"https:\\\/\\\/secure.gravatar.com\\\/avatar\\\/7f220746227c0519c6c04da143303cd82cc8dcb5a6e36ab83c4d34194b752687?s=96&d=mm&r=g\",\"caption\":\"fara\"},\"url\":\"https:\\\/\\\/blog.tmgrupoinmobiliario.com\\\/de\\\/author\\\/fara\\\/\"}]}<\/script>\n<!-- \/ Yoast SEO Premium plugin. -->","yoast_head_json":{"title":"TM Grupo Inmobiliario, Preis f\u00fcr Unternehmenskarriere von der Zeitschrift Revista Econom\u00eda 3 - Deutsche","robots":{"index":"index","follow":"follow","max-snippet":"max-snippet:-1","max-image-preview":"max-image-preview:large","max-video-preview":"max-video-preview:-1"},"canonical":"https:\/\/blog.tmgrupoinmobiliario.com\/de\/2019\/10\/29\/tm-grupo-inmobiliario-preis-fuer-unternehmenskarriere-von-der-zeitschrift-revista-economia-3\/","og_locale":"de_DE","og_type":"article","og_title":"TM Grupo Inmobiliario, Preis f\u00fcr Unternehmenskarriere von der Zeitschrift Revista Econom\u00eda 3","og_description":"02.10.2019 I TM Grupo Inmobiliario TM Grupo Inmobiliario wurde von der Zeitschrift Revista Econom\u00eda 3, dem f\u00fchrenden Herausgeber von Wirtschaftsinformationen in der Region Valencia, mit dem Premio a la Trayectoria Empresarial 2019, dem Preis f\u00fcr Unternehmenskarriere, ausgezeichnet. Die Pr\u00e4sidentin, \u00c1ngeles Serna, der CEO Pablo Serna, und der Vizepr\u00e4sident, Abel Garc\u00eda, nahmen die Auszeichnung entgegen, die [&hellip;]","og_url":"https:\/\/blog.tmgrupoinmobiliario.com\/de\/2019\/10\/29\/tm-grupo-inmobiliario-preis-fuer-unternehmenskarriere-von-der-zeitschrift-revista-economia-3\/","og_site_name":"Deutsche","article_published_time":"2019-10-29T09:51:02+00:00","og_image":[{"width":1000,"height":666,"url":"https:\/\/blog.tmgrupoinmobiliario.com\/de\/wp-content\/uploads\/sites\/3\/2019\/10\/PREMIOS.jpg","type":"image\/jpeg"}],"author":"fara","twitter_card":"summary_large_image","twitter_misc":{"Geschrieben von":"fara","Gesch\u00e4tzte Lesezeit":"1\u00a0Minute"},"schema":{"@context":"https:\/\/schema.org","@graph":[{"@type":"Article","@id":"https:\/\/blog.tmgrupoinmobiliario.com\/de\/2019\/10\/29\/tm-grupo-inmobiliario-preis-fuer-unternehmenskarriere-von-der-zeitschrift-revista-economia-3\/#article","isPartOf":{"@id":"https:\/\/blog.tmgrupoinmobiliario.com\/de\/2019\/10\/29\/tm-grupo-inmobiliario-preis-fuer-unternehmenskarriere-von-der-zeitschrift-revista-economia-3\/"},"author":{"name":"fara","@id":"https:\/\/blog.tmgrupoinmobiliario.com\/de\/#\/schema\/person\/a84aec2e78e08c84b83b6c2e603485d4"},"headline":"TM Grupo Inmobiliario, Preis f\u00fcr Unternehmenskarriere von der Zeitschrift Revista Econom\u00eda 3","datePublished":"2019-10-29T09:51:02+00:00","mainEntityOfPage":{"@id":"https:\/\/blog.tmgrupoinmobiliario.com\/de\/2019\/10\/29\/tm-grupo-inmobiliario-preis-fuer-unternehmenskarriere-von-der-zeitschrift-revista-economia-3\/"},"wordCount":241,"commentCount":0,"image":{"@id":"https:\/\/blog.tmgrupoinmobiliario.com\/de\/2019\/10\/29\/tm-grupo-inmobiliario-preis-fuer-unternehmenskarriere-von-der-zeitschrift-revista-economia-3\/#primaryimage"},"thumbnailUrl":"https:\/\/blog.tmgrupoinmobiliario.com\/de\/wp-content\/uploads\/sites\/3\/2019\/10\/PREMIOS.jpg","articleSection":["Sin categor\u00eda"],"inLanguage":"de","potentialAction":[{"@type":"CommentAction","name":"Comment","target":["https:\/\/blog.tmgrupoinmobiliario.com\/de\/2019\/10\/29\/tm-grupo-inmobiliario-preis-fuer-unternehmenskarriere-von-der-zeitschrift-revista-economia-3\/#respond"]}]},{"@type":"WebPage","@id":"https:\/\/blog.tmgrupoinmobiliario.com\/de\/2019\/10\/29\/tm-grupo-inmobiliario-preis-fuer-unternehmenskarriere-von-der-zeitschrift-revista-economia-3\/","url":"https:\/\/blog.tmgrupoinmobiliario.com\/de\/2019\/10\/29\/tm-grupo-inmobiliario-preis-fuer-unternehmenskarriere-von-der-zeitschrift-revista-economia-3\/","name":"TM Grupo Inmobiliario, Preis f\u00fcr Unternehmenskarriere von der Zeitschrift Revista Econom\u00eda 3 - Deutsche","isPartOf":{"@id":"https:\/\/blog.tmgrupoinmobiliario.com\/de\/#website"},"primaryImageOfPage":{"@id":"https:\/\/blog.tmgrupoinmobiliario.com\/de\/2019\/10\/29\/tm-grupo-inmobiliario-preis-fuer-unternehmenskarriere-von-der-zeitschrift-revista-economia-3\/#primaryimage"},"image":{"@id":"https:\/\/blog.tmgrupoinmobiliario.com\/de\/2019\/10\/29\/tm-grupo-inmobiliario-preis-fuer-unternehmenskarriere-von-der-zeitschrift-revista-economia-3\/#primaryimage"},"thumbnailUrl":"https:\/\/blog.tmgrupoinmobiliario.com\/de\/wp-content\/uploads\/sites\/3\/2019\/10\/PREMIOS.jpg","datePublished":"2019-10-29T09:51:02+00:00","author":{"@id":"https:\/\/blog.tmgrupoinmobiliario.com\/de\/#\/schema\/person\/a84aec2e78e08c84b83b6c2e603485d4"},"breadcrumb":{"@id":"https:\/\/blog.tmgrupoinmobiliario.com\/de\/2019\/10\/29\/tm-grupo-inmobiliario-preis-fuer-unternehmenskarriere-von-der-zeitschrift-revista-economia-3\/#breadcrumb"},"inLanguage":"de","potentialAction":[{"@type":"ReadAction","target":["https:\/\/blog.tmgrupoinmobiliario.com\/de\/2019\/10\/29\/tm-grupo-inmobiliario-preis-fuer-unternehmenskarriere-von-der-zeitschrift-revista-economia-3\/"]}]},{"@type":"ImageObject","inLanguage":"de","@id":"https:\/\/blog.tmgrupoinmobiliario.com\/de\/2019\/10\/29\/tm-grupo-inmobiliario-preis-fuer-unternehmenskarriere-von-der-zeitschrift-revista-economia-3\/#primaryimage","url":"https:\/\/blog.tmgrupoinmobiliario.com\/de\/wp-content\/uploads\/sites\/3\/2019\/10\/PREMIOS.jpg","contentUrl":"https:\/\/blog.tmgrupoinmobiliario.com\/de\/wp-content\/uploads\/sites\/3\/2019\/10\/PREMIOS.jpg","width":1000,"height":666},{"@type":"BreadcrumbList","@id":"https:\/\/blog.tmgrupoinmobiliario.com\/de\/2019\/10\/29\/tm-grupo-inmobiliario-preis-fuer-unternehmenskarriere-von-der-zeitschrift-revista-economia-3\/#breadcrumb","itemListElement":[{"@type":"ListItem","position":1,"name":"Portada","item":"https:\/\/blog.tmgrupoinmobiliario.com\/de\/"},{"@type":"ListItem","position":2,"name":"TM Grupo Inmobiliario, Preis f\u00fcr Unternehmenskarriere von der Zeitschrift Revista Econom\u00eda 3"}]},{"@type":"WebSite","@id":"https:\/\/blog.tmgrupoinmobiliario.com\/de\/#website","url":"https:\/\/blog.tmgrupoinmobiliario.com\/de\/","name":"Deutsche","description":"Otro sitio m\u00e1s de Blog Desarrollo TM sitios","potentialAction":[{"@type":"SearchAction","target":{"@type":"EntryPoint","urlTemplate":"https:\/\/blog.tmgrupoinmobiliario.com\/de\/?s={search_term_string}"},"query-input":{"@type":"PropertyValueSpecification","valueRequired":true,"valueName":"search_term_string"}}],"inLanguage":"de"},{"@type":"Person","@id":"https:\/\/blog.tmgrupoinmobiliario.com\/de\/#\/schema\/person\/a84aec2e78e08c84b83b6c2e603485d4","name":"fara","image":{"@type":"ImageObject","inLanguage":"de","@id":"https:\/\/secure.gravatar.com\/avatar\/7f220746227c0519c6c04da143303cd82cc8dcb5a6e36ab83c4d34194b752687?s=96&d=mm&r=g","url":"https:\/\/secure.gravatar.com\/avatar\/7f220746227c0519c6c04da143303cd82cc8dcb5a6e36ab83c4d34194b752687?s=96&d=mm&r=g","contentUrl":"https:\/\/secure.gravatar.com\/avatar\/7f220746227c0519c6c04da143303cd82cc8dcb5a6e36ab83c4d34194b752687?s=96&d=mm&r=g","caption":"fara"},"url":"https:\/\/blog.tmgrupoinmobiliario.com\/de\/author\/fara\/"}]}},"jetpack_featured_media_url":"https:\/\/blog.tmgrupoinmobiliario.com\/de\/wp-content\/uploads\/sites\/3\/2019\/10\/PREMIOS.jpg","jetpack_sharing_enabled":true,"_links":{"self":[{"href":"https:\/\/blog.tmgrupoinmobiliario.com\/de\/wp-json\/wp\/v2\/posts\/13507","targetHints":{"allow":["GET"]}}],"collection":[{"href":"https:\/\/blog.tmgrupoinmobiliario.com\/de\/wp-json\/wp\/v2\/posts"}],"about":[{"href":"https:\/\/blog.tmgrupoinmobiliario.com\/de\/wp-json\/wp\/v2\/types\/post"}],"author":[{"embeddable":true,"href":"https:\/\/blog.tmgrupoinmobiliario.com\/de\/wp-json\/wp\/v2\/users\/11711"}],"replies":[{"embeddable":true,"href":"https:\/\/blog.tmgrupoinmobiliario.com\/de\/wp-json\/wp\/v2\/comments?post=13507"}],"version-history":[{"count":3,"href":"https:\/\/blog.tmgrupoinmobiliario.com\/de\/wp-json\/wp\/v2\/posts\/13507\/revisions"}],"predecessor-version":[{"id":13533,"href":"https:\/\/blog.tmgrupoinmobiliario.com\/de\/wp-json\/wp\/v2\/posts\/13507\/revisions\/13533"}],"wp:featuredmedia":[{"embeddable":true,"href":"https:\/\/blog.tmgrupoinmobiliario.com\/de\/wp-json\/wp\/v2\/media\/13546"}],"wp:attachment":[{"href":"https:\/\/blog.tmgrupoinmobiliario.com\/de\/wp-json\/wp\/v2\/media?parent=13507"}],"wp:term":[{"taxonomy":"category","embeddable":true,"href":"https:\/\/blog.tmgrupoinmobiliario.com\/de\/wp-json\/wp\/v2\/categories?post=13507"},{"taxonomy":"post_tag","embeddable":true,"href":"https:\/\/blog.tmgrupoinmobiliario.com\/de\/wp-json\/wp\/v2\/tags?post=13507"}],"curies":[{"name":"wp","href":"https:\/\/api.w.org\/{rel}","templated":true}]}}