{"id":13425,"date":"2019-05-08T17:07:54","date_gmt":"2019-05-08T17:07:54","guid":{"rendered":"https:\/\/blog.tmgrupoinmobiliario.com\/de\/?p=13425"},"modified":"2019-06-28T17:05:33","modified_gmt":"2019-06-28T15:05:33","slug":"neue-projekte-am-horizont-playa-de-la-cola","status":"publish","type":"post","link":"https:\/\/blog.tmgrupoinmobiliario.com\/de\/2019\/05\/08\/neue-projekte-am-horizont-playa-de-la-cola\/","title":{"rendered":"Neue projekte am horizont: Playa de la Cola"},"content":{"rendered":"<p>Wie unser Slogan zum<strong> 50-j\u00e4hrigen Jubil\u00e4um <\/strong>zusammenfasst, erweitert TM Grupo Inmobiliario immer mehr den Horizont. Ein Beispiel? Unser gro\u00dfes Projekt &#8216;Playa de La Cola&#8217;, in \u00c1guilas (Murcia).<\/p>\n<h2><u>Das erste Ziel: nachhaltiger St\u00e4dtebau<\/u><\/h2>\n<p><strong>Playa de La Cola<\/strong> ist ein Stadtplan, der mit einem sehr starken Identit\u00e4tsmerkmal beginnt: Das Projekt ist ein echtes Beispiel f\u00fcr nachhaltige Entwicklung. Ein Zeugnis daf\u00fcr sind die<strong> 270.000 m2 <\/strong><em>\u00f6ffentlicher Gr\u00fcnfl\u00e4chen<\/em>, die mehr als<strong> sieben Kilometer malerische Strecke durch Naturpfade <\/strong>beinhalten, die mit <strong>Aussichtsterrassen und Picknickpl\u00e4tzen ausgestattet sind.<\/strong> Au\u00dferdem gibt es <strong>130.000 m2 \u00f6ffentliche Parkanlagen und G\u00e4rten<\/strong>, <strong>2,5 Kilometer Fahrradwege<\/strong> und mehr als 400.000 Meter Freifl\u00e4che.<\/p>\n<p><img loading=\"lazy\" decoding=\"async\" class=\"wp-image-13427 size-full aligncenter\" src=\"https:\/\/www.tmgrupoinmobiliario.com\/blog\/de\/wp-content\/uploads\/sites\/3\/2019\/05\/2.jpg\" alt=\"\" width=\"768\" height=\"432\" srcset=\"https:\/\/blog.tmgrupoinmobiliario.com\/de\/wp-content\/uploads\/sites\/3\/2019\/05\/2.jpg 768w, https:\/\/blog.tmgrupoinmobiliario.com\/de\/wp-content\/uploads\/sites\/3\/2019\/05\/2-300x169.jpg 300w\" sizes=\"auto, (max-width: 768px) 100vw, 768px\" \/><\/p>\n<h2><u>Schaffung von Arbeitspl\u00e4tzen<\/u><\/h2>\n<p>Der gr\u00f6\u00dfte Teil des Projekts ist jedoch die Schaffung eines <strong>K\u00fcstenparks mit Sport- und Freizeitgebieten<\/strong>, der durch ein Grundst\u00fcck f\u00fcr die Hotelnutzung und die<strong> Entwicklung von mehr als 2.000 Ferienh\u00e4usern <\/strong>erg\u00e4nzt wird, was \u00c1guilas zu einem saisonunbh\u00e4ngigen Ziel und zu einem Generator von Besch\u00e4ftigung und Wohlstand machen wird. Nicht umsonst wird dieser Plan j\u00e4hrlich <strong>mehr als 500 Arbeitspl\u00e4tze schaffen.\u00a0<\/strong><\/p>\n<p><img loading=\"lazy\" decoding=\"async\" class=\"wp-image-13428 size-full aligncenter\" src=\"https:\/\/www.tmgrupoinmobiliario.com\/blog\/de\/wp-content\/uploads\/sites\/3\/2019\/05\/3.jpg\" alt=\"\" width=\"768\" height=\"432\" srcset=\"https:\/\/blog.tmgrupoinmobiliario.com\/de\/wp-content\/uploads\/sites\/3\/2019\/05\/3.jpg 768w, https:\/\/blog.tmgrupoinmobiliario.com\/de\/wp-content\/uploads\/sites\/3\/2019\/05\/3-300x169.jpg 300w\" sizes=\"auto, (max-width: 768px) 100vw, 768px\" \/><\/p>\n<p>Schlie\u00dflich ist zu erw\u00e4hnen, dass der Plan auch einen Parkplatz <strong>am Strand mit insgesamt 3.484 Stellpl\u00e4tzen <\/strong>sowie einen zweispurigen Boulevard in jede Richtung mit <strong>direktem Zugang ins Stadtzentrum Calabardina <\/strong>beinhaltet.<\/p>\n<h2><u>Z\u00e4hlen der Tage bis 2020<\/u><\/h2>\n<p>Wir freuen uns auf das n\u00e4chste Jahr, wenn die Arbeit an einer Initiative beginnen wird, die jederzeit gro\u00dfen Wert auf die Bereiche <strong>Gesundheit, Umwelt und nachhaltige Entwicklung legt.<\/strong><\/p>\n<p><img loading=\"lazy\" decoding=\"async\" class=\"wp-image-13429 size-full aligncenter\" src=\"https:\/\/www.tmgrupoinmobiliario.com\/blog\/de\/wp-content\/uploads\/sites\/3\/2019\/05\/4.jpg\" alt=\"\" width=\"768\" height=\"432\" srcset=\"https:\/\/blog.tmgrupoinmobiliario.com\/de\/wp-content\/uploads\/sites\/3\/2019\/05\/4.jpg 768w, https:\/\/blog.tmgrupoinmobiliario.com\/de\/wp-content\/uploads\/sites\/3\/2019\/05\/4-300x169.jpg 300w\" sizes=\"auto, (max-width: 768px) 100vw, 768px\" \/><\/p>\n","protected":false},"excerpt":{"rendered":"<p>Wie unser Slogan zum 50-j\u00e4hrigen Jubil\u00e4um zusammenfasst, erweitert TM Grupo Inmobiliario immer mehr den Horizont. Ein Beispiel? Unser gro\u00dfes Projekt &#8216;Playa de La Cola&#8217;, in \u00c1guilas (Murcia). Das erste Ziel: nachhaltiger St\u00e4dtebau Playa de La Cola ist ein Stadtplan, der mit einem sehr starken Identit\u00e4tsmerkmal beginnt: Das Projekt ist ein echtes Beispiel f\u00fcr nachhaltige Entwicklung. [&hellip;]<\/p>\n","protected":false},"author":11711,"featured_media":13426,"comment_status":"open","ping_status":"open","sticky":false,"template":"","format":"standard","meta":{"_jetpack_memberships_contains_paid_content":false,"footnotes":""},"categories":[19],"tags":[48,51,53,49,57],"class_list":["post-13425","post","type-post","status-publish","format-standard","has-post-thumbnail","hentry","category-aktuell-news","tag-tag-about-tm","tag-tag-business","tag-tag-business-promo-spain","tag-tag-home","tag-tag-promotions"],"better_featured_image":{"id":13426,"alt_text":"","caption":"","description":"","media_type":"image","media_details":{"width":1000,"height":666,"file":"2019\/05\/Disen\u0303o-sin-ti\u0301tulo-1.png","sizes":{"thumbnail":{"file":"Disen\u0303o-sin-ti\u0301tulo-1-150x150.png","width":150,"height":150,"mime-type":"image\/png","source_url":"https:\/\/blog.tmgrupoinmobiliario.com\/de\/wp-content\/uploads\/sites\/3\/2019\/05\/Disen\u0303o-sin-ti\u0301tulo-1-150x150.png"},"medium":{"file":"Disen\u0303o-sin-ti\u0301tulo-1-300x200.png","width":300,"height":200,"mime-type":"image\/png","source_url":"https:\/\/blog.tmgrupoinmobiliario.com\/de\/wp-content\/uploads\/sites\/3\/2019\/05\/Disen\u0303o-sin-ti\u0301tulo-1-300x200.png"},"medium_large":{"file":"Disen\u0303o-sin-ti\u0301tulo-1-768x511.png","width":768,"height":511,"mime-type":"image\/png","source_url":"https:\/\/blog.tmgrupoinmobiliario.com\/de\/wp-content\/uploads\/sites\/3\/2019\/05\/Disen\u0303o-sin-ti\u0301tulo-1-768x511.png"},"blog-large":{"file":"Disen\u0303o-sin-ti\u0301tulo-1-669x272.png","width":669,"height":272,"mime-type":"image\/png","source_url":"https:\/\/blog.tmgrupoinmobiliario.com\/de\/wp-content\/uploads\/sites\/3\/2019\/05\/Disen\u0303o-sin-ti\u0301tulo-1-669x272.png"},"blog-medium":{"file":"Disen\u0303o-sin-ti\u0301tulo-1-320x202.png","width":320,"height":202,"mime-type":"image\/png","source_url":"https:\/\/blog.tmgrupoinmobiliario.com\/de\/wp-content\/uploads\/sites\/3\/2019\/05\/Disen\u0303o-sin-ti\u0301tulo-1-320x202.png"},"tabs-img":{"file":"Disen\u0303o-sin-ti\u0301tulo-1-52x50.png","width":52,"height":50,"mime-type":"image\/png","source_url":"https:\/\/blog.tmgrupoinmobiliario.com\/de\/wp-content\/uploads\/sites\/3\/2019\/05\/Disen\u0303o-sin-ti\u0301tulo-1-52x50.png"},"related-img":{"file":"Disen\u0303o-sin-ti\u0301tulo-1-180x138.png","width":180,"height":138,"mime-type":"image\/png","source_url":"https:\/\/blog.tmgrupoinmobiliario.com\/de\/wp-content\/uploads\/sites\/3\/2019\/05\/Disen\u0303o-sin-ti\u0301tulo-1-180x138.png"},"portfolio-full":{"file":"Disen\u0303o-sin-ti\u0301tulo-1-940x400.png","width":940,"height":400,"mime-type":"image\/png","source_url":"https:\/\/blog.tmgrupoinmobiliario.com\/de\/wp-content\/uploads\/sites\/3\/2019\/05\/Disen\u0303o-sin-ti\u0301tulo-1-940x400.png"},"portfolio-one":{"file":"Disen\u0303o-sin-ti\u0301tulo-1-540x272.png","width":540,"height":272,"mime-type":"image\/png","source_url":"https:\/\/blog.tmgrupoinmobiliario.com\/de\/wp-content\/uploads\/sites\/3\/2019\/05\/Disen\u0303o-sin-ti\u0301tulo-1-540x272.png"},"portfolio-two":{"file":"Disen\u0303o-sin-ti\u0301tulo-1-460x295.png","width":460,"height":295,"mime-type":"image\/png","source_url":"https:\/\/blog.tmgrupoinmobiliario.com\/de\/wp-content\/uploads\/sites\/3\/2019\/05\/Disen\u0303o-sin-ti\u0301tulo-1-460x295.png"},"portfolio-three":{"file":"Disen\u0303o-sin-ti\u0301tulo-1-300x214.png","width":300,"height":214,"mime-type":"image\/png","source_url":"https:\/\/blog.tmgrupoinmobiliario.com\/de\/wp-content\/uploads\/sites\/3\/2019\/05\/Disen\u0303o-sin-ti\u0301tulo-1-300x214.png"},"portfolio-four":{"file":"Disen\u0303o-sin-ti\u0301tulo-1-220x161.png","width":220,"height":161,"mime-type":"image\/png","source_url":"https:\/\/blog.tmgrupoinmobiliario.com\/de\/wp-content\/uploads\/sites\/3\/2019\/05\/Disen\u0303o-sin-ti\u0301tulo-1-220x161.png"},"portfolio-five":{"file":"Disen\u0303o-sin-ti\u0301tulo-1-177x142.png","width":177,"height":142,"mime-type":"image\/png","source_url":"https:\/\/blog.tmgrupoinmobiliario.com\/de\/wp-content\/uploads\/sites\/3\/2019\/05\/Disen\u0303o-sin-ti\u0301tulo-1-177x142.png"},"portfolio-six":{"file":"Disen\u0303o-sin-ti\u0301tulo-1-147x118.png","width":147,"height":118,"mime-type":"image\/png","source_url":"https:\/\/blog.tmgrupoinmobiliario.com\/de\/wp-content\/uploads\/sites\/3\/2019\/05\/Disen\u0303o-sin-ti\u0301tulo-1-147x118.png"},"recent-posts":{"file":"Disen\u0303o-sin-ti\u0301tulo-1-700x441.png","width":700,"height":441,"mime-type":"image\/png","source_url":"https:\/\/blog.tmgrupoinmobiliario.com\/de\/wp-content\/uploads\/sites\/3\/2019\/05\/Disen\u0303o-sin-ti\u0301tulo-1-700x441.png"},"recent-works-thumbnail":{"file":"Disen\u0303o-sin-ti\u0301tulo-1-66x66.png","width":66,"height":66,"mime-type":"image\/png","source_url":"https:\/\/blog.tmgrupoinmobiliario.com\/de\/wp-content\/uploads\/sites\/3\/2019\/05\/Disen\u0303o-sin-ti\u0301tulo-1-66x66.png"}},"image_meta":{"aperture":"0","credit":"","camera":"","caption":"","created_timestamp":"0","copyright":"","focal_length":"0","iso":"0","shutter_speed":"0","title":"","orientation":"0","keywords":[]}},"post":13425,"source_url":"https:\/\/blog.tmgrupoinmobiliario.com\/de\/wp-content\/uploads\/sites\/3\/2019\/05\/Disen\u0303o-sin-ti\u0301tulo-1.png"},"acf":{"imagen_destacada_desktop":null,"imagen_destacada_mobile":null,"formato":null,"entradilla":null,"etiquetas":null,"cabecera_escritorio":null,"cabecera_mobile":null,"galeria":null},"yoast_head":"<!-- This site is optimized with the Yoast SEO Premium plugin v23.6 (Yoast SEO v27.5) - https:\/\/yoast.com\/product\/yoast-seo-premium-wordpress\/ -->\n<title>Neue projekte am horizont: Playa de la Cola - Deutsche<\/title>\n<meta name=\"robots\" content=\"index, follow, max-snippet:-1, max-image-preview:large, max-video-preview:-1\" \/>\n<link rel=\"canonical\" href=\"https:\/\/blog.tmgrupoinmobiliario.com\/de\/2019\/05\/08\/neue-projekte-am-horizont-playa-de-la-cola\/\" \/>\n<meta property=\"og:locale\" content=\"de_DE\" \/>\n<meta property=\"og:type\" content=\"article\" \/>\n<meta property=\"og:title\" content=\"Neue projekte am horizont: Playa de la Cola\" \/>\n<meta property=\"og:description\" content=\"Wie unser Slogan zum 50-j\u00e4hrigen Jubil\u00e4um zusammenfasst, erweitert TM Grupo Inmobiliario immer mehr den Horizont. Ein Beispiel? Unser gro\u00dfes Projekt &#8216;Playa de La Cola&#8217;, in \u00c1guilas (Murcia). Das erste Ziel: nachhaltiger St\u00e4dtebau Playa de La Cola ist ein Stadtplan, der mit einem sehr starken Identit\u00e4tsmerkmal beginnt: Das Projekt ist ein echtes Beispiel f\u00fcr nachhaltige Entwicklung. [&hellip;]\" \/>\n<meta property=\"og:url\" content=\"https:\/\/blog.tmgrupoinmobiliario.com\/de\/2019\/05\/08\/neue-projekte-am-horizont-playa-de-la-cola\/\" \/>\n<meta property=\"og:site_name\" content=\"Deutsche\" \/>\n<meta property=\"article:published_time\" content=\"2019-05-08T17:07:54+00:00\" \/>\n<meta property=\"article:modified_time\" content=\"2019-06-28T15:05:33+00:00\" \/>\n<meta property=\"og:image\" content=\"https:\/\/blog.tmgrupoinmobiliario.com\/de\/wp-content\/uploads\/sites\/3\/2019\/05\/Disen\u0303o-sin-ti\u0301tulo-1.png\" \/>\n\t<meta property=\"og:image:width\" content=\"1000\" \/>\n\t<meta property=\"og:image:height\" content=\"666\" \/>\n\t<meta property=\"og:image:type\" content=\"image\/png\" \/>\n<meta name=\"author\" content=\"fara\" \/>\n<meta name=\"twitter:card\" content=\"summary_large_image\" \/>\n<meta name=\"twitter:label1\" content=\"Geschrieben von\" \/>\n\t<meta name=\"twitter:data1\" content=\"fara\" \/>\n\t<meta name=\"twitter:label2\" content=\"Gesch\u00e4tzte Lesezeit\" \/>\n\t<meta name=\"twitter:data2\" content=\"1\u00a0Minute\" \/>\n<script type=\"application\/ld+json\" class=\"yoast-schema-graph\">{\"@context\":\"https:\\\/\\\/schema.org\",\"@graph\":[{\"@type\":\"Article\",\"@id\":\"https:\\\/\\\/blog.tmgrupoinmobiliario.com\\\/de\\\/2019\\\/05\\\/08\\\/neue-projekte-am-horizont-playa-de-la-cola\\\/#article\",\"isPartOf\":{\"@id\":\"https:\\\/\\\/blog.tmgrupoinmobiliario.com\\\/de\\\/2019\\\/05\\\/08\\\/neue-projekte-am-horizont-playa-de-la-cola\\\/\"},\"author\":{\"name\":\"fara\",\"@id\":\"https:\\\/\\\/blog.tmgrupoinmobiliario.com\\\/de\\\/#\\\/schema\\\/person\\\/a84aec2e78e08c84b83b6c2e603485d4\"},\"headline\":\"Neue projekte am horizont: Playa de la Cola\",\"datePublished\":\"2019-05-08T17:07:54+00:00\",\"dateModified\":\"2019-06-28T15:05:33+00:00\",\"mainEntityOfPage\":{\"@id\":\"https:\\\/\\\/blog.tmgrupoinmobiliario.com\\\/de\\\/2019\\\/05\\\/08\\\/neue-projekte-am-horizont-playa-de-la-cola\\\/\"},\"wordCount\":254,\"commentCount\":0,\"image\":{\"@id\":\"https:\\\/\\\/blog.tmgrupoinmobiliario.com\\\/de\\\/2019\\\/05\\\/08\\\/neue-projekte-am-horizont-playa-de-la-cola\\\/#primaryimage\"},\"thumbnailUrl\":\"https:\\\/\\\/blog.tmgrupoinmobiliario.com\\\/de\\\/wp-content\\\/uploads\\\/sites\\\/3\\\/2019\\\/05\\\/Disen\u0303o-sin-ti\u0301tulo-1.png\",\"keywords\":[\"tag-about-tm\",\"tag-business\",\"tag-business-promo-spain\",\"tag-home\",\"tag-promotions\"],\"articleSection\":[\"Aktuell TM\"],\"inLanguage\":\"de\",\"potentialAction\":[{\"@type\":\"CommentAction\",\"name\":\"Comment\",\"target\":[\"https:\\\/\\\/blog.tmgrupoinmobiliario.com\\\/de\\\/2019\\\/05\\\/08\\\/neue-projekte-am-horizont-playa-de-la-cola\\\/#respond\"]}]},{\"@type\":\"WebPage\",\"@id\":\"https:\\\/\\\/blog.tmgrupoinmobiliario.com\\\/de\\\/2019\\\/05\\\/08\\\/neue-projekte-am-horizont-playa-de-la-cola\\\/\",\"url\":\"https:\\\/\\\/blog.tmgrupoinmobiliario.com\\\/de\\\/2019\\\/05\\\/08\\\/neue-projekte-am-horizont-playa-de-la-cola\\\/\",\"name\":\"Neue projekte am horizont: Playa de la Cola - Deutsche\",\"isPartOf\":{\"@id\":\"https:\\\/\\\/blog.tmgrupoinmobiliario.com\\\/de\\\/#website\"},\"primaryImageOfPage\":{\"@id\":\"https:\\\/\\\/blog.tmgrupoinmobiliario.com\\\/de\\\/2019\\\/05\\\/08\\\/neue-projekte-am-horizont-playa-de-la-cola\\\/#primaryimage\"},\"image\":{\"@id\":\"https:\\\/\\\/blog.tmgrupoinmobiliario.com\\\/de\\\/2019\\\/05\\\/08\\\/neue-projekte-am-horizont-playa-de-la-cola\\\/#primaryimage\"},\"thumbnailUrl\":\"https:\\\/\\\/blog.tmgrupoinmobiliario.com\\\/de\\\/wp-content\\\/uploads\\\/sites\\\/3\\\/2019\\\/05\\\/Disen\u0303o-sin-ti\u0301tulo-1.png\",\"datePublished\":\"2019-05-08T17:07:54+00:00\",\"dateModified\":\"2019-06-28T15:05:33+00:00\",\"author\":{\"@id\":\"https:\\\/\\\/blog.tmgrupoinmobiliario.com\\\/de\\\/#\\\/schema\\\/person\\\/a84aec2e78e08c84b83b6c2e603485d4\"},\"breadcrumb\":{\"@id\":\"https:\\\/\\\/blog.tmgrupoinmobiliario.com\\\/de\\\/2019\\\/05\\\/08\\\/neue-projekte-am-horizont-playa-de-la-cola\\\/#breadcrumb\"},\"inLanguage\":\"de\",\"potentialAction\":[{\"@type\":\"ReadAction\",\"target\":[\"https:\\\/\\\/blog.tmgrupoinmobiliario.com\\\/de\\\/2019\\\/05\\\/08\\\/neue-projekte-am-horizont-playa-de-la-cola\\\/\"]}]},{\"@type\":\"ImageObject\",\"inLanguage\":\"de\",\"@id\":\"https:\\\/\\\/blog.tmgrupoinmobiliario.com\\\/de\\\/2019\\\/05\\\/08\\\/neue-projekte-am-horizont-playa-de-la-cola\\\/#primaryimage\",\"url\":\"https:\\\/\\\/blog.tmgrupoinmobiliario.com\\\/de\\\/wp-content\\\/uploads\\\/sites\\\/3\\\/2019\\\/05\\\/Disen\u0303o-sin-ti\u0301tulo-1.png\",\"contentUrl\":\"https:\\\/\\\/blog.tmgrupoinmobiliario.com\\\/de\\\/wp-content\\\/uploads\\\/sites\\\/3\\\/2019\\\/05\\\/Disen\u0303o-sin-ti\u0301tulo-1.png\",\"width\":1000,\"height\":666},{\"@type\":\"BreadcrumbList\",\"@id\":\"https:\\\/\\\/blog.tmgrupoinmobiliario.com\\\/de\\\/2019\\\/05\\\/08\\\/neue-projekte-am-horizont-playa-de-la-cola\\\/#breadcrumb\",\"itemListElement\":[{\"@type\":\"ListItem\",\"position\":1,\"name\":\"Portada\",\"item\":\"https:\\\/\\\/blog.tmgrupoinmobiliario.com\\\/de\\\/\"},{\"@type\":\"ListItem\",\"position\":2,\"name\":\"Neue projekte am horizont: Playa de la Cola\"}]},{\"@type\":\"WebSite\",\"@id\":\"https:\\\/\\\/blog.tmgrupoinmobiliario.com\\\/de\\\/#website\",\"url\":\"https:\\\/\\\/blog.tmgrupoinmobiliario.com\\\/de\\\/\",\"name\":\"Deutsche\",\"description\":\"Otro sitio m\u00e1s de Blog Desarrollo TM sitios\",\"potentialAction\":[{\"@type\":\"SearchAction\",\"target\":{\"@type\":\"EntryPoint\",\"urlTemplate\":\"https:\\\/\\\/blog.tmgrupoinmobiliario.com\\\/de\\\/?s={search_term_string}\"},\"query-input\":{\"@type\":\"PropertyValueSpecification\",\"valueRequired\":true,\"valueName\":\"search_term_string\"}}],\"inLanguage\":\"de\"},{\"@type\":\"Person\",\"@id\":\"https:\\\/\\\/blog.tmgrupoinmobiliario.com\\\/de\\\/#\\\/schema\\\/person\\\/a84aec2e78e08c84b83b6c2e603485d4\",\"name\":\"fara\",\"image\":{\"@type\":\"ImageObject\",\"inLanguage\":\"de\",\"@id\":\"https:\\\/\\\/secure.gravatar.com\\\/avatar\\\/7f220746227c0519c6c04da143303cd82cc8dcb5a6e36ab83c4d34194b752687?s=96&d=mm&r=g\",\"url\":\"https:\\\/\\\/secure.gravatar.com\\\/avatar\\\/7f220746227c0519c6c04da143303cd82cc8dcb5a6e36ab83c4d34194b752687?s=96&d=mm&r=g\",\"contentUrl\":\"https:\\\/\\\/secure.gravatar.com\\\/avatar\\\/7f220746227c0519c6c04da143303cd82cc8dcb5a6e36ab83c4d34194b752687?s=96&d=mm&r=g\",\"caption\":\"fara\"},\"url\":\"https:\\\/\\\/blog.tmgrupoinmobiliario.com\\\/de\\\/author\\\/fara\\\/\"}]}<\/script>\n<!-- \/ Yoast SEO Premium plugin. -->","yoast_head_json":{"title":"Neue projekte am horizont: Playa de la Cola - Deutsche","robots":{"index":"index","follow":"follow","max-snippet":"max-snippet:-1","max-image-preview":"max-image-preview:large","max-video-preview":"max-video-preview:-1"},"canonical":"https:\/\/blog.tmgrupoinmobiliario.com\/de\/2019\/05\/08\/neue-projekte-am-horizont-playa-de-la-cola\/","og_locale":"de_DE","og_type":"article","og_title":"Neue projekte am horizont: Playa de la Cola","og_description":"Wie unser Slogan zum 50-j\u00e4hrigen Jubil\u00e4um zusammenfasst, erweitert TM Grupo Inmobiliario immer mehr den Horizont. Ein Beispiel? Unser gro\u00dfes Projekt &#8216;Playa de La Cola&#8217;, in \u00c1guilas (Murcia). Das erste Ziel: nachhaltiger St\u00e4dtebau Playa de La Cola ist ein Stadtplan, der mit einem sehr starken Identit\u00e4tsmerkmal beginnt: Das Projekt ist ein echtes Beispiel f\u00fcr nachhaltige Entwicklung. [&hellip;]","og_url":"https:\/\/blog.tmgrupoinmobiliario.com\/de\/2019\/05\/08\/neue-projekte-am-horizont-playa-de-la-cola\/","og_site_name":"Deutsche","article_published_time":"2019-05-08T17:07:54+00:00","article_modified_time":"2019-06-28T15:05:33+00:00","og_image":[{"width":1000,"height":666,"url":"https:\/\/blog.tmgrupoinmobiliario.com\/de\/wp-content\/uploads\/sites\/3\/2019\/05\/Disen\u0303o-sin-ti\u0301tulo-1.png","type":"image\/png"}],"author":"fara","twitter_card":"summary_large_image","twitter_misc":{"Geschrieben von":"fara","Gesch\u00e4tzte Lesezeit":"1\u00a0Minute"},"schema":{"@context":"https:\/\/schema.org","@graph":[{"@type":"Article","@id":"https:\/\/blog.tmgrupoinmobiliario.com\/de\/2019\/05\/08\/neue-projekte-am-horizont-playa-de-la-cola\/#article","isPartOf":{"@id":"https:\/\/blog.tmgrupoinmobiliario.com\/de\/2019\/05\/08\/neue-projekte-am-horizont-playa-de-la-cola\/"},"author":{"name":"fara","@id":"https:\/\/blog.tmgrupoinmobiliario.com\/de\/#\/schema\/person\/a84aec2e78e08c84b83b6c2e603485d4"},"headline":"Neue projekte am horizont: Playa de la Cola","datePublished":"2019-05-08T17:07:54+00:00","dateModified":"2019-06-28T15:05:33+00:00","mainEntityOfPage":{"@id":"https:\/\/blog.tmgrupoinmobiliario.com\/de\/2019\/05\/08\/neue-projekte-am-horizont-playa-de-la-cola\/"},"wordCount":254,"commentCount":0,"image":{"@id":"https:\/\/blog.tmgrupoinmobiliario.com\/de\/2019\/05\/08\/neue-projekte-am-horizont-playa-de-la-cola\/#primaryimage"},"thumbnailUrl":"https:\/\/blog.tmgrupoinmobiliario.com\/de\/wp-content\/uploads\/sites\/3\/2019\/05\/Disen\u0303o-sin-ti\u0301tulo-1.png","keywords":["tag-about-tm","tag-business","tag-business-promo-spain","tag-home","tag-promotions"],"articleSection":["Aktuell TM"],"inLanguage":"de","potentialAction":[{"@type":"CommentAction","name":"Comment","target":["https:\/\/blog.tmgrupoinmobiliario.com\/de\/2019\/05\/08\/neue-projekte-am-horizont-playa-de-la-cola\/#respond"]}]},{"@type":"WebPage","@id":"https:\/\/blog.tmgrupoinmobiliario.com\/de\/2019\/05\/08\/neue-projekte-am-horizont-playa-de-la-cola\/","url":"https:\/\/blog.tmgrupoinmobiliario.com\/de\/2019\/05\/08\/neue-projekte-am-horizont-playa-de-la-cola\/","name":"Neue projekte am horizont: Playa de la Cola - Deutsche","isPartOf":{"@id":"https:\/\/blog.tmgrupoinmobiliario.com\/de\/#website"},"primaryImageOfPage":{"@id":"https:\/\/blog.tmgrupoinmobiliario.com\/de\/2019\/05\/08\/neue-projekte-am-horizont-playa-de-la-cola\/#primaryimage"},"image":{"@id":"https:\/\/blog.tmgrupoinmobiliario.com\/de\/2019\/05\/08\/neue-projekte-am-horizont-playa-de-la-cola\/#primaryimage"},"thumbnailUrl":"https:\/\/blog.tmgrupoinmobiliario.com\/de\/wp-content\/uploads\/sites\/3\/2019\/05\/Disen\u0303o-sin-ti\u0301tulo-1.png","datePublished":"2019-05-08T17:07:54+00:00","dateModified":"2019-06-28T15:05:33+00:00","author":{"@id":"https:\/\/blog.tmgrupoinmobiliario.com\/de\/#\/schema\/person\/a84aec2e78e08c84b83b6c2e603485d4"},"breadcrumb":{"@id":"https:\/\/blog.tmgrupoinmobiliario.com\/de\/2019\/05\/08\/neue-projekte-am-horizont-playa-de-la-cola\/#breadcrumb"},"inLanguage":"de","potentialAction":[{"@type":"ReadAction","target":["https:\/\/blog.tmgrupoinmobiliario.com\/de\/2019\/05\/08\/neue-projekte-am-horizont-playa-de-la-cola\/"]}]},{"@type":"ImageObject","inLanguage":"de","@id":"https:\/\/blog.tmgrupoinmobiliario.com\/de\/2019\/05\/08\/neue-projekte-am-horizont-playa-de-la-cola\/#primaryimage","url":"https:\/\/blog.tmgrupoinmobiliario.com\/de\/wp-content\/uploads\/sites\/3\/2019\/05\/Disen\u0303o-sin-ti\u0301tulo-1.png","contentUrl":"https:\/\/blog.tmgrupoinmobiliario.com\/de\/wp-content\/uploads\/sites\/3\/2019\/05\/Disen\u0303o-sin-ti\u0301tulo-1.png","width":1000,"height":666},{"@type":"BreadcrumbList","@id":"https:\/\/blog.tmgrupoinmobiliario.com\/de\/2019\/05\/08\/neue-projekte-am-horizont-playa-de-la-cola\/#breadcrumb","itemListElement":[{"@type":"ListItem","position":1,"name":"Portada","item":"https:\/\/blog.tmgrupoinmobiliario.com\/de\/"},{"@type":"ListItem","position":2,"name":"Neue projekte am horizont: Playa de la Cola"}]},{"@type":"WebSite","@id":"https:\/\/blog.tmgrupoinmobiliario.com\/de\/#website","url":"https:\/\/blog.tmgrupoinmobiliario.com\/de\/","name":"Deutsche","description":"Otro sitio m\u00e1s de Blog Desarrollo TM sitios","potentialAction":[{"@type":"SearchAction","target":{"@type":"EntryPoint","urlTemplate":"https:\/\/blog.tmgrupoinmobiliario.com\/de\/?s={search_term_string}"},"query-input":{"@type":"PropertyValueSpecification","valueRequired":true,"valueName":"search_term_string"}}],"inLanguage":"de"},{"@type":"Person","@id":"https:\/\/blog.tmgrupoinmobiliario.com\/de\/#\/schema\/person\/a84aec2e78e08c84b83b6c2e603485d4","name":"fara","image":{"@type":"ImageObject","inLanguage":"de","@id":"https:\/\/secure.gravatar.com\/avatar\/7f220746227c0519c6c04da143303cd82cc8dcb5a6e36ab83c4d34194b752687?s=96&d=mm&r=g","url":"https:\/\/secure.gravatar.com\/avatar\/7f220746227c0519c6c04da143303cd82cc8dcb5a6e36ab83c4d34194b752687?s=96&d=mm&r=g","contentUrl":"https:\/\/secure.gravatar.com\/avatar\/7f220746227c0519c6c04da143303cd82cc8dcb5a6e36ab83c4d34194b752687?s=96&d=mm&r=g","caption":"fara"},"url":"https:\/\/blog.tmgrupoinmobiliario.com\/de\/author\/fara\/"}]}},"jetpack_featured_media_url":"https:\/\/blog.tmgrupoinmobiliario.com\/de\/wp-content\/uploads\/sites\/3\/2019\/05\/Disen\u0303o-sin-ti\u0301tulo-1.png","jetpack_sharing_enabled":true,"_links":{"self":[{"href":"https:\/\/blog.tmgrupoinmobiliario.com\/de\/wp-json\/wp\/v2\/posts\/13425","targetHints":{"allow":["GET"]}}],"collection":[{"href":"https:\/\/blog.tmgrupoinmobiliario.com\/de\/wp-json\/wp\/v2\/posts"}],"about":[{"href":"https:\/\/blog.tmgrupoinmobiliario.com\/de\/wp-json\/wp\/v2\/types\/post"}],"author":[{"embeddable":true,"href":"https:\/\/blog.tmgrupoinmobiliario.com\/de\/wp-json\/wp\/v2\/users\/11711"}],"replies":[{"embeddable":true,"href":"https:\/\/blog.tmgrupoinmobiliario.com\/de\/wp-json\/wp\/v2\/comments?post=13425"}],"version-history":[{"count":2,"href":"https:\/\/blog.tmgrupoinmobiliario.com\/de\/wp-json\/wp\/v2\/posts\/13425\/revisions"}],"predecessor-version":[{"id":13465,"href":"https:\/\/blog.tmgrupoinmobiliario.com\/de\/wp-json\/wp\/v2\/posts\/13425\/revisions\/13465"}],"wp:featuredmedia":[{"embeddable":true,"href":"https:\/\/blog.tmgrupoinmobiliario.com\/de\/wp-json\/wp\/v2\/media\/13426"}],"wp:attachment":[{"href":"https:\/\/blog.tmgrupoinmobiliario.com\/de\/wp-json\/wp\/v2\/media?parent=13425"}],"wp:term":[{"taxonomy":"category","embeddable":true,"href":"https:\/\/blog.tmgrupoinmobiliario.com\/de\/wp-json\/wp\/v2\/categories?post=13425"},{"taxonomy":"post_tag","embeddable":true,"href":"https:\/\/blog.tmgrupoinmobiliario.com\/de\/wp-json\/wp\/v2\/tags?post=13425"}],"curies":[{"name":"wp","href":"https:\/\/api.w.org\/{rel}","templated":true}]}}