{"id":13418,"date":"2019-05-06T10:14:41","date_gmt":"2019-05-06T10:14:41","guid":{"rendered":"https:\/\/blog.tmgrupoinmobiliario.com\/de\/?p=13418"},"modified":"2019-06-28T17:05:45","modified_gmt":"2019-06-28T15:05:45","slug":"lernen-sie-unsere-neuen-musterwohnungen-kennen-sie-werden-begeistert-sein","status":"publish","type":"post","link":"https:\/\/blog.tmgrupoinmobiliario.com\/de\/2019\/05\/06\/lernen-sie-unsere-neuen-musterwohnungen-kennen-sie-werden-begeistert-sein\/","title":{"rendered":"Lernen Sie unsere neuen Musterwohnungen kennen, Sie werden begeistert sein!"},"content":{"rendered":"<p>Vor kurzem <strong>haben wir die Musterwohnungen unserer<\/strong> Residenzen Gala and Flamenca Village in Orihuela Costa, Es Mol\u00ed d&#8217;Es Trenc auf Mallorca und die Phase 6 von Mar de Pulp\u00ed an der Costa de Almer\u00eda er\u00f6ffnet.<\/p>\n<p>Wenn Sie sie noch nicht gesehen haben, <strong>ist es Zeit f\u00fcr eine Abstecher, um sie zu kennenzulernen<\/strong>. Und wenn Sie zu den Gl\u00fccklichen geh\u00f6ren, die in einem dieser Wohngebiete ein Haus gekauft haben, haben Sie jetzt die M\u00f6glichkeit zu sehen, wie der Bau Ihres neuen Hauses voranschreitet.<\/p>\n<p><img loading=\"lazy\" decoding=\"async\" class=\"wp-image-13419 size-full aligncenter\" src=\"https:\/\/www.tmgrupoinmobiliario.com\/blog\/de\/wp-content\/uploads\/sites\/3\/2019\/05\/Gala-Piloto-1-8.jpg\" alt=\"\" width=\"1000\" height=\"667\" srcset=\"https:\/\/blog.tmgrupoinmobiliario.com\/de\/wp-content\/uploads\/sites\/3\/2019\/05\/Gala-Piloto-1-8.jpg 1000w, https:\/\/blog.tmgrupoinmobiliario.com\/de\/wp-content\/uploads\/sites\/3\/2019\/05\/Gala-Piloto-1-8-300x200.jpg 300w, https:\/\/blog.tmgrupoinmobiliario.com\/de\/wp-content\/uploads\/sites\/3\/2019\/05\/Gala-Piloto-1-8-768x512.jpg 768w\" sizes=\"auto, (max-width: 1000px) 100vw, 1000px\" \/><\/p>\n<h2><strong>Residencial Gala<\/strong><\/h2>\n<p>In Villamart\u00edn gelegen, verf\u00fcgt die <strong>Residenz Gala \u00fcber 2- und 3-Zimmer-Wohneinheiten mit Terrasse<\/strong>, Garten oder Solarium und eigenem Parkplatz.\u00a0 Die Terrassen der Wohnh\u00e4user bieten einen sch\u00f6nen, freien Blick auf die gro\u00dfen Gemeinschaftsfl\u00e4chen.\u00a0 Das Projekt wird Ihnen mit einem sehr kompletten Paket an j\u00e4hrlichen Dienstleistungen zur Verf\u00fcgung gestellt, so dass Sie sich nur noch um das Sonnenbaden k\u00fcmmern und den Strand genie\u00dfen k\u00f6nnen. <a href=\"https:\/\/www.tmgrupoinmobiliario.com\/blog\/de\/2018\/08\/29\/residencial-gala-ihr-tm-haus-mit-allen-leistungen-inbegriffen\/\" target=\"_blank\" rel=\"noopener noreferrer\">Entdecken Sie mehr Details \u00fcber diese Wohnanlage und alle darin enthaltenen Dienstleistungen<\/a>. Kommen Sie und schauen es sich an, es wird Ihnen gefallen.<\/p>\n<h2><strong>Es Mol\u00ed d\u2019Es Trenc<\/strong><\/h2>\n<p>Dies ist ein exklusives Projekt, <strong>bei dem Privatsph\u00e4re und Komfort im Vordergrund stehen<\/strong>. Zu den herausragenden Eigenschaften geh\u00f6ren die gro\u00dfz\u00fcgige Terrasse, das gro\u00dfe Solarium im zweiten Stock, das moderne Design und die Installation einer Fu\u00dfbodenheizung im gesamten Haus. Jetzt, da Sie das Musterdorf besuchen k\u00f6nnen, m\u00f6chten wir Sie ermutigen, einer der Ersten zu sein, der seine attraktive Verteilung, seine Qualit\u00e4ten und, kurz gesagt, die Gr\u00fcnde kennt, die es zur perfekten Werbung f\u00fcr das ausgezeichnete mallorquinische Klima machen. <a href=\"https:\/\/www.tmgrupoinmobiliario.com\/de\/properties\/U66-01_kauf-villen-strand-mallorca-spanien-sa-rapita-moli-de-es-trenc-phase1\" target=\"_blank\" rel=\"noopener noreferrer\">Klicken Sie hier, um mehr \u00fcber die Wohnanlage Es Mol\u00ed d&#8217;Es Trenc zu erfahren.<\/a><\/p>\n<p><img loading=\"lazy\" decoding=\"async\" class=\"wp-image-13420 size-full aligncenter\" src=\"https:\/\/www.tmgrupoinmobiliario.com\/blog\/de\/wp-content\/uploads\/sites\/3\/2019\/05\/Flamenca-Piloto-1-18.jpg\" alt=\"\" width=\"1000\" height=\"667\" srcset=\"https:\/\/blog.tmgrupoinmobiliario.com\/de\/wp-content\/uploads\/sites\/3\/2019\/05\/Flamenca-Piloto-1-18.jpg 1000w, https:\/\/blog.tmgrupoinmobiliario.com\/de\/wp-content\/uploads\/sites\/3\/2019\/05\/Flamenca-Piloto-1-18-300x200.jpg 300w, https:\/\/blog.tmgrupoinmobiliario.com\/de\/wp-content\/uploads\/sites\/3\/2019\/05\/Flamenca-Piloto-1-18-768x512.jpg 768w\" sizes=\"auto, (max-width: 1000px) 100vw, 1000px\" \/><\/p>\n<h2><strong>Flamenca Village<\/strong><\/h2>\n<p>Diese Wohnanlage in Orihuela Costa,<strong> 500 Meter von Playa Flamenca entfernt<\/strong>, gilt als ein \u00f6kologisch nachhaltiges Projekt. Die beeindruckenden und weitl\u00e4ufigen Gemeinschaftsbereiche bestehen aus beheizten Swimmingpools f\u00fcr Erwachsene und Kinder, Whirlpools, Chill-Out-Bereich, Panoramahalle, G\u00e4rten, Kinderspielplatz, Seen und Springbrunnen. Eine Erfahrung des sensorischen Lebens in einer konsolidierten Zone, was die Dienstleistungen betrifft.<\/p>\n<p><a href=\"https:\/\/www.tmgrupoinmobiliario.com\/blog\/de\/2018\/09\/03\/playa-flamenca-mit-sechs-sinnen-leben\/\" target=\"_blank\" rel=\"noopener noreferrer\">Lernen Sie die Musterwohnung kennen und entdecken Sie im Flamenca Village, wie man mit allen sechs Sinnen lebt<\/a>.<\/p>\n<h2><strong>Mar de Pulp\u00ed Fase 6<\/strong><\/h2>\n<p>Die neue Phase des <strong>Mar de Pulp\u00ed namens &#8220;Linara&#8221; befindet sich in erster Linie am Strand, in einer privilegierten Enklave dieses wunderbaren mediterranen Dorfes<\/strong>. Die Wohnungen verf\u00fcgen \u00fcber 2 und 3 Schlafzimmer mit Terrasse, Garten oder Solarium und eigenem Parkplatz. Sie werden sich in das sch\u00f6ne wei\u00dfe Design verlieben, das so sehr an ein andalusisches Dorf erinnert. <a href=\"https:\/\/www.tmgrupoinmobiliario.com\/de\/properties\/U17-06_appartement-erste-meereslinie-spanien-kuste-von-almeria-mar-de-pulpi-phase6-linara\" target=\"_blank\" rel=\"noopener noreferrer\">Wir sind sicher, dass die Musterwohnung Sie begeistern wird<\/a>.<\/p>\n","protected":false},"excerpt":{"rendered":"<p>Vor kurzem haben wir die Musterwohnungen unserer Residenzen Gala and Flamenca Village in Orihuela Costa, Es Mol\u00ed d&#8217;Es Trenc auf Mallorca und die Phase 6 von Mar de Pulp\u00ed an der Costa de Almer\u00eda er\u00f6ffnet. Wenn Sie sie noch nicht gesehen haben, ist es Zeit f\u00fcr eine Abstecher, um sie zu kennenzulernen. Und wenn Sie [&hellip;]<\/p>\n","protected":false},"author":11711,"featured_media":13421,"comment_status":"open","ping_status":"open","sticky":false,"template":"","format":"standard","meta":{"_jetpack_memberships_contains_paid_content":false,"footnotes":""},"categories":[1],"tags":[48,53,49,57,59,61,63],"class_list":["post-13418","post","type-post","status-publish","format-standard","has-post-thumbnail","hentry","category-sin-categoria","tag-tag-about-tm","tag-tag-business-promo-spain","tag-tag-home","tag-tag-promotions","tag-tag-promotions-costa-almeria","tag-tag-promotions-costa-blanca-sur","tag-tag-promotions-mallorca"],"better_featured_image":{"id":13421,"alt_text":"","caption":"","description":"","media_type":"image","media_details":{"width":1000,"height":666,"file":"2019\/05\/17-TM-9T2A7225.jpg","sizes":{"thumbnail":{"file":"17-TM-9T2A7225-150x150.jpg","width":150,"height":150,"mime-type":"image\/jpeg","source_url":"https:\/\/blog.tmgrupoinmobiliario.com\/de\/wp-content\/uploads\/sites\/3\/2019\/05\/17-TM-9T2A7225-150x150.jpg"},"medium":{"file":"17-TM-9T2A7225-300x200.jpg","width":300,"height":200,"mime-type":"image\/jpeg","source_url":"https:\/\/blog.tmgrupoinmobiliario.com\/de\/wp-content\/uploads\/sites\/3\/2019\/05\/17-TM-9T2A7225-300x200.jpg"},"medium_large":{"file":"17-TM-9T2A7225-768x511.jpg","width":768,"height":511,"mime-type":"image\/jpeg","source_url":"https:\/\/blog.tmgrupoinmobiliario.com\/de\/wp-content\/uploads\/sites\/3\/2019\/05\/17-TM-9T2A7225-768x511.jpg"},"blog-large":{"file":"17-TM-9T2A7225-669x272.jpg","width":669,"height":272,"mime-type":"image\/jpeg","source_url":"https:\/\/blog.tmgrupoinmobiliario.com\/de\/wp-content\/uploads\/sites\/3\/2019\/05\/17-TM-9T2A7225-669x272.jpg"},"blog-medium":{"file":"17-TM-9T2A7225-320x202.jpg","width":320,"height":202,"mime-type":"image\/jpeg","source_url":"https:\/\/blog.tmgrupoinmobiliario.com\/de\/wp-content\/uploads\/sites\/3\/2019\/05\/17-TM-9T2A7225-320x202.jpg"},"tabs-img":{"file":"17-TM-9T2A7225-52x50.jpg","width":52,"height":50,"mime-type":"image\/jpeg","source_url":"https:\/\/blog.tmgrupoinmobiliario.com\/de\/wp-content\/uploads\/sites\/3\/2019\/05\/17-TM-9T2A7225-52x50.jpg"},"related-img":{"file":"17-TM-9T2A7225-180x138.jpg","width":180,"height":138,"mime-type":"image\/jpeg","source_url":"https:\/\/blog.tmgrupoinmobiliario.com\/de\/wp-content\/uploads\/sites\/3\/2019\/05\/17-TM-9T2A7225-180x138.jpg"},"portfolio-full":{"file":"17-TM-9T2A7225-940x400.jpg","width":940,"height":400,"mime-type":"image\/jpeg","source_url":"https:\/\/blog.tmgrupoinmobiliario.com\/de\/wp-content\/uploads\/sites\/3\/2019\/05\/17-TM-9T2A7225-940x400.jpg"},"portfolio-one":{"file":"17-TM-9T2A7225-540x272.jpg","width":540,"height":272,"mime-type":"image\/jpeg","source_url":"https:\/\/blog.tmgrupoinmobiliario.com\/de\/wp-content\/uploads\/sites\/3\/2019\/05\/17-TM-9T2A7225-540x272.jpg"},"portfolio-two":{"file":"17-TM-9T2A7225-460x295.jpg","width":460,"height":295,"mime-type":"image\/jpeg","source_url":"https:\/\/blog.tmgrupoinmobiliario.com\/de\/wp-content\/uploads\/sites\/3\/2019\/05\/17-TM-9T2A7225-460x295.jpg"},"portfolio-three":{"file":"17-TM-9T2A7225-300x214.jpg","width":300,"height":214,"mime-type":"image\/jpeg","source_url":"https:\/\/blog.tmgrupoinmobiliario.com\/de\/wp-content\/uploads\/sites\/3\/2019\/05\/17-TM-9T2A7225-300x214.jpg"},"portfolio-four":{"file":"17-TM-9T2A7225-220x161.jpg","width":220,"height":161,"mime-type":"image\/jpeg","source_url":"https:\/\/blog.tmgrupoinmobiliario.com\/de\/wp-content\/uploads\/sites\/3\/2019\/05\/17-TM-9T2A7225-220x161.jpg"},"portfolio-five":{"file":"17-TM-9T2A7225-177x142.jpg","width":177,"height":142,"mime-type":"image\/jpeg","source_url":"https:\/\/blog.tmgrupoinmobiliario.com\/de\/wp-content\/uploads\/sites\/3\/2019\/05\/17-TM-9T2A7225-177x142.jpg"},"portfolio-six":{"file":"17-TM-9T2A7225-147x118.jpg","width":147,"height":118,"mime-type":"image\/jpeg","source_url":"https:\/\/blog.tmgrupoinmobiliario.com\/de\/wp-content\/uploads\/sites\/3\/2019\/05\/17-TM-9T2A7225-147x118.jpg"},"recent-posts":{"file":"17-TM-9T2A7225-700x441.jpg","width":700,"height":441,"mime-type":"image\/jpeg","source_url":"https:\/\/blog.tmgrupoinmobiliario.com\/de\/wp-content\/uploads\/sites\/3\/2019\/05\/17-TM-9T2A7225-700x441.jpg"},"recent-works-thumbnail":{"file":"17-TM-9T2A7225-66x66.jpg","width":66,"height":66,"mime-type":"image\/jpeg","source_url":"https:\/\/blog.tmgrupoinmobiliario.com\/de\/wp-content\/uploads\/sites\/3\/2019\/05\/17-TM-9T2A7225-66x66.jpg"}},"image_meta":{"aperture":"13","credit":"Miquel Torres Mateu\ntorresmateu.com","camera":"Canon EOS R","caption":"","created_timestamp":"1552057571","copyright":"","focal_length":"17","iso":"160","shutter_speed":"0.033333333333333","title":"","orientation":"1","keywords":[]}},"post":13418,"source_url":"https:\/\/blog.tmgrupoinmobiliario.com\/de\/wp-content\/uploads\/sites\/3\/2019\/05\/17-TM-9T2A7225.jpg"},"acf":{"imagen_destacada_desktop":null,"imagen_destacada_mobile":null,"formato":null,"entradilla":null,"etiquetas":null,"cabecera_escritorio":null,"cabecera_mobile":null,"galeria":null},"yoast_head":"<!-- This site is optimized with the Yoast SEO Premium plugin v23.6 (Yoast SEO v27.5) - https:\/\/yoast.com\/product\/yoast-seo-premium-wordpress\/ -->\n<title>Lernen Sie unsere neuen Musterwohnungen kennen, Sie werden begeistert sein! - Deutsche<\/title>\n<meta name=\"robots\" content=\"index, follow, max-snippet:-1, max-image-preview:large, max-video-preview:-1\" \/>\n<link rel=\"canonical\" href=\"https:\/\/blog.tmgrupoinmobiliario.com\/de\/2019\/05\/06\/lernen-sie-unsere-neuen-musterwohnungen-kennen-sie-werden-begeistert-sein\/\" \/>\n<meta property=\"og:locale\" content=\"de_DE\" \/>\n<meta property=\"og:type\" content=\"article\" \/>\n<meta property=\"og:title\" content=\"Lernen Sie unsere neuen Musterwohnungen kennen, Sie werden begeistert sein!\" \/>\n<meta property=\"og:description\" content=\"Vor kurzem haben wir die Musterwohnungen unserer Residenzen Gala and Flamenca Village in Orihuela Costa, Es Mol\u00ed d&#8217;Es Trenc auf Mallorca und die Phase 6 von Mar de Pulp\u00ed an der Costa de Almer\u00eda er\u00f6ffnet. Wenn Sie sie noch nicht gesehen haben, ist es Zeit f\u00fcr eine Abstecher, um sie zu kennenzulernen. Und wenn Sie [&hellip;]\" \/>\n<meta property=\"og:url\" content=\"https:\/\/blog.tmgrupoinmobiliario.com\/de\/2019\/05\/06\/lernen-sie-unsere-neuen-musterwohnungen-kennen-sie-werden-begeistert-sein\/\" \/>\n<meta property=\"og:site_name\" content=\"Deutsche\" \/>\n<meta property=\"article:published_time\" content=\"2019-05-06T10:14:41+00:00\" \/>\n<meta property=\"article:modified_time\" content=\"2019-06-28T15:05:45+00:00\" \/>\n<meta property=\"og:image\" content=\"https:\/\/blog.tmgrupoinmobiliario.com\/de\/wp-content\/uploads\/sites\/3\/2019\/05\/17-TM-9T2A7225.jpg\" \/>\n\t<meta property=\"og:image:width\" content=\"1000\" \/>\n\t<meta property=\"og:image:height\" content=\"666\" \/>\n\t<meta property=\"og:image:type\" content=\"image\/jpeg\" \/>\n<meta name=\"author\" content=\"fara\" \/>\n<meta name=\"twitter:card\" content=\"summary_large_image\" \/>\n<meta name=\"twitter:label1\" content=\"Geschrieben von\" \/>\n\t<meta name=\"twitter:data1\" content=\"fara\" \/>\n\t<meta name=\"twitter:label2\" content=\"Gesch\u00e4tzte Lesezeit\" \/>\n\t<meta name=\"twitter:data2\" content=\"2\u00a0Minuten\" \/>\n<script type=\"application\/ld+json\" class=\"yoast-schema-graph\">{\"@context\":\"https:\\\/\\\/schema.org\",\"@graph\":[{\"@type\":\"Article\",\"@id\":\"https:\\\/\\\/blog.tmgrupoinmobiliario.com\\\/de\\\/2019\\\/05\\\/06\\\/lernen-sie-unsere-neuen-musterwohnungen-kennen-sie-werden-begeistert-sein\\\/#article\",\"isPartOf\":{\"@id\":\"https:\\\/\\\/blog.tmgrupoinmobiliario.com\\\/de\\\/2019\\\/05\\\/06\\\/lernen-sie-unsere-neuen-musterwohnungen-kennen-sie-werden-begeistert-sein\\\/\"},\"author\":{\"name\":\"fara\",\"@id\":\"https:\\\/\\\/blog.tmgrupoinmobiliario.com\\\/de\\\/#\\\/schema\\\/person\\\/a84aec2e78e08c84b83b6c2e603485d4\"},\"headline\":\"Lernen Sie unsere neuen Musterwohnungen kennen, Sie werden begeistert sein!\",\"datePublished\":\"2019-05-06T10:14:41+00:00\",\"dateModified\":\"2019-06-28T15:05:45+00:00\",\"mainEntityOfPage\":{\"@id\":\"https:\\\/\\\/blog.tmgrupoinmobiliario.com\\\/de\\\/2019\\\/05\\\/06\\\/lernen-sie-unsere-neuen-musterwohnungen-kennen-sie-werden-begeistert-sein\\\/\"},\"wordCount\":448,\"commentCount\":0,\"image\":{\"@id\":\"https:\\\/\\\/blog.tmgrupoinmobiliario.com\\\/de\\\/2019\\\/05\\\/06\\\/lernen-sie-unsere-neuen-musterwohnungen-kennen-sie-werden-begeistert-sein\\\/#primaryimage\"},\"thumbnailUrl\":\"https:\\\/\\\/blog.tmgrupoinmobiliario.com\\\/de\\\/wp-content\\\/uploads\\\/sites\\\/3\\\/2019\\\/05\\\/17-TM-9T2A7225.jpg\",\"keywords\":[\"tag-about-tm\",\"tag-business-promo-spain\",\"tag-home\",\"tag-promotions\",\"tag-promotions-costa-almeria\",\"tag-promotions-costa-blanca-sur\",\"tag-promotions-mallorca\"],\"articleSection\":[\"Sin categor\u00eda\"],\"inLanguage\":\"de\",\"potentialAction\":[{\"@type\":\"CommentAction\",\"name\":\"Comment\",\"target\":[\"https:\\\/\\\/blog.tmgrupoinmobiliario.com\\\/de\\\/2019\\\/05\\\/06\\\/lernen-sie-unsere-neuen-musterwohnungen-kennen-sie-werden-begeistert-sein\\\/#respond\"]}]},{\"@type\":\"WebPage\",\"@id\":\"https:\\\/\\\/blog.tmgrupoinmobiliario.com\\\/de\\\/2019\\\/05\\\/06\\\/lernen-sie-unsere-neuen-musterwohnungen-kennen-sie-werden-begeistert-sein\\\/\",\"url\":\"https:\\\/\\\/blog.tmgrupoinmobiliario.com\\\/de\\\/2019\\\/05\\\/06\\\/lernen-sie-unsere-neuen-musterwohnungen-kennen-sie-werden-begeistert-sein\\\/\",\"name\":\"Lernen Sie unsere neuen Musterwohnungen kennen, Sie werden begeistert sein! - Deutsche\",\"isPartOf\":{\"@id\":\"https:\\\/\\\/blog.tmgrupoinmobiliario.com\\\/de\\\/#website\"},\"primaryImageOfPage\":{\"@id\":\"https:\\\/\\\/blog.tmgrupoinmobiliario.com\\\/de\\\/2019\\\/05\\\/06\\\/lernen-sie-unsere-neuen-musterwohnungen-kennen-sie-werden-begeistert-sein\\\/#primaryimage\"},\"image\":{\"@id\":\"https:\\\/\\\/blog.tmgrupoinmobiliario.com\\\/de\\\/2019\\\/05\\\/06\\\/lernen-sie-unsere-neuen-musterwohnungen-kennen-sie-werden-begeistert-sein\\\/#primaryimage\"},\"thumbnailUrl\":\"https:\\\/\\\/blog.tmgrupoinmobiliario.com\\\/de\\\/wp-content\\\/uploads\\\/sites\\\/3\\\/2019\\\/05\\\/17-TM-9T2A7225.jpg\",\"datePublished\":\"2019-05-06T10:14:41+00:00\",\"dateModified\":\"2019-06-28T15:05:45+00:00\",\"author\":{\"@id\":\"https:\\\/\\\/blog.tmgrupoinmobiliario.com\\\/de\\\/#\\\/schema\\\/person\\\/a84aec2e78e08c84b83b6c2e603485d4\"},\"breadcrumb\":{\"@id\":\"https:\\\/\\\/blog.tmgrupoinmobiliario.com\\\/de\\\/2019\\\/05\\\/06\\\/lernen-sie-unsere-neuen-musterwohnungen-kennen-sie-werden-begeistert-sein\\\/#breadcrumb\"},\"inLanguage\":\"de\",\"potentialAction\":[{\"@type\":\"ReadAction\",\"target\":[\"https:\\\/\\\/blog.tmgrupoinmobiliario.com\\\/de\\\/2019\\\/05\\\/06\\\/lernen-sie-unsere-neuen-musterwohnungen-kennen-sie-werden-begeistert-sein\\\/\"]}]},{\"@type\":\"ImageObject\",\"inLanguage\":\"de\",\"@id\":\"https:\\\/\\\/blog.tmgrupoinmobiliario.com\\\/de\\\/2019\\\/05\\\/06\\\/lernen-sie-unsere-neuen-musterwohnungen-kennen-sie-werden-begeistert-sein\\\/#primaryimage\",\"url\":\"https:\\\/\\\/blog.tmgrupoinmobiliario.com\\\/de\\\/wp-content\\\/uploads\\\/sites\\\/3\\\/2019\\\/05\\\/17-TM-9T2A7225.jpg\",\"contentUrl\":\"https:\\\/\\\/blog.tmgrupoinmobiliario.com\\\/de\\\/wp-content\\\/uploads\\\/sites\\\/3\\\/2019\\\/05\\\/17-TM-9T2A7225.jpg\",\"width\":1000,\"height\":666},{\"@type\":\"BreadcrumbList\",\"@id\":\"https:\\\/\\\/blog.tmgrupoinmobiliario.com\\\/de\\\/2019\\\/05\\\/06\\\/lernen-sie-unsere-neuen-musterwohnungen-kennen-sie-werden-begeistert-sein\\\/#breadcrumb\",\"itemListElement\":[{\"@type\":\"ListItem\",\"position\":1,\"name\":\"Portada\",\"item\":\"https:\\\/\\\/blog.tmgrupoinmobiliario.com\\\/de\\\/\"},{\"@type\":\"ListItem\",\"position\":2,\"name\":\"Lernen Sie unsere neuen Musterwohnungen kennen, Sie werden begeistert sein!\"}]},{\"@type\":\"WebSite\",\"@id\":\"https:\\\/\\\/blog.tmgrupoinmobiliario.com\\\/de\\\/#website\",\"url\":\"https:\\\/\\\/blog.tmgrupoinmobiliario.com\\\/de\\\/\",\"name\":\"Deutsche\",\"description\":\"Otro sitio m\u00e1s de Blog Desarrollo TM sitios\",\"potentialAction\":[{\"@type\":\"SearchAction\",\"target\":{\"@type\":\"EntryPoint\",\"urlTemplate\":\"https:\\\/\\\/blog.tmgrupoinmobiliario.com\\\/de\\\/?s={search_term_string}\"},\"query-input\":{\"@type\":\"PropertyValueSpecification\",\"valueRequired\":true,\"valueName\":\"search_term_string\"}}],\"inLanguage\":\"de\"},{\"@type\":\"Person\",\"@id\":\"https:\\\/\\\/blog.tmgrupoinmobiliario.com\\\/de\\\/#\\\/schema\\\/person\\\/a84aec2e78e08c84b83b6c2e603485d4\",\"name\":\"fara\",\"image\":{\"@type\":\"ImageObject\",\"inLanguage\":\"de\",\"@id\":\"https:\\\/\\\/secure.gravatar.com\\\/avatar\\\/7f220746227c0519c6c04da143303cd82cc8dcb5a6e36ab83c4d34194b752687?s=96&d=mm&r=g\",\"url\":\"https:\\\/\\\/secure.gravatar.com\\\/avatar\\\/7f220746227c0519c6c04da143303cd82cc8dcb5a6e36ab83c4d34194b752687?s=96&d=mm&r=g\",\"contentUrl\":\"https:\\\/\\\/secure.gravatar.com\\\/avatar\\\/7f220746227c0519c6c04da143303cd82cc8dcb5a6e36ab83c4d34194b752687?s=96&d=mm&r=g\",\"caption\":\"fara\"},\"url\":\"https:\\\/\\\/blog.tmgrupoinmobiliario.com\\\/de\\\/author\\\/fara\\\/\"}]}<\/script>\n<!-- \/ Yoast SEO Premium plugin. -->","yoast_head_json":{"title":"Lernen Sie unsere neuen Musterwohnungen kennen, Sie werden begeistert sein! - Deutsche","robots":{"index":"index","follow":"follow","max-snippet":"max-snippet:-1","max-image-preview":"max-image-preview:large","max-video-preview":"max-video-preview:-1"},"canonical":"https:\/\/blog.tmgrupoinmobiliario.com\/de\/2019\/05\/06\/lernen-sie-unsere-neuen-musterwohnungen-kennen-sie-werden-begeistert-sein\/","og_locale":"de_DE","og_type":"article","og_title":"Lernen Sie unsere neuen Musterwohnungen kennen, Sie werden begeistert sein!","og_description":"Vor kurzem haben wir die Musterwohnungen unserer Residenzen Gala and Flamenca Village in Orihuela Costa, Es Mol\u00ed d&#8217;Es Trenc auf Mallorca und die Phase 6 von Mar de Pulp\u00ed an der Costa de Almer\u00eda er\u00f6ffnet. Wenn Sie sie noch nicht gesehen haben, ist es Zeit f\u00fcr eine Abstecher, um sie zu kennenzulernen. Und wenn Sie [&hellip;]","og_url":"https:\/\/blog.tmgrupoinmobiliario.com\/de\/2019\/05\/06\/lernen-sie-unsere-neuen-musterwohnungen-kennen-sie-werden-begeistert-sein\/","og_site_name":"Deutsche","article_published_time":"2019-05-06T10:14:41+00:00","article_modified_time":"2019-06-28T15:05:45+00:00","og_image":[{"width":1000,"height":666,"url":"https:\/\/blog.tmgrupoinmobiliario.com\/de\/wp-content\/uploads\/sites\/3\/2019\/05\/17-TM-9T2A7225.jpg","type":"image\/jpeg"}],"author":"fara","twitter_card":"summary_large_image","twitter_misc":{"Geschrieben von":"fara","Gesch\u00e4tzte Lesezeit":"2\u00a0Minuten"},"schema":{"@context":"https:\/\/schema.org","@graph":[{"@type":"Article","@id":"https:\/\/blog.tmgrupoinmobiliario.com\/de\/2019\/05\/06\/lernen-sie-unsere-neuen-musterwohnungen-kennen-sie-werden-begeistert-sein\/#article","isPartOf":{"@id":"https:\/\/blog.tmgrupoinmobiliario.com\/de\/2019\/05\/06\/lernen-sie-unsere-neuen-musterwohnungen-kennen-sie-werden-begeistert-sein\/"},"author":{"name":"fara","@id":"https:\/\/blog.tmgrupoinmobiliario.com\/de\/#\/schema\/person\/a84aec2e78e08c84b83b6c2e603485d4"},"headline":"Lernen Sie unsere neuen Musterwohnungen kennen, Sie werden begeistert sein!","datePublished":"2019-05-06T10:14:41+00:00","dateModified":"2019-06-28T15:05:45+00:00","mainEntityOfPage":{"@id":"https:\/\/blog.tmgrupoinmobiliario.com\/de\/2019\/05\/06\/lernen-sie-unsere-neuen-musterwohnungen-kennen-sie-werden-begeistert-sein\/"},"wordCount":448,"commentCount":0,"image":{"@id":"https:\/\/blog.tmgrupoinmobiliario.com\/de\/2019\/05\/06\/lernen-sie-unsere-neuen-musterwohnungen-kennen-sie-werden-begeistert-sein\/#primaryimage"},"thumbnailUrl":"https:\/\/blog.tmgrupoinmobiliario.com\/de\/wp-content\/uploads\/sites\/3\/2019\/05\/17-TM-9T2A7225.jpg","keywords":["tag-about-tm","tag-business-promo-spain","tag-home","tag-promotions","tag-promotions-costa-almeria","tag-promotions-costa-blanca-sur","tag-promotions-mallorca"],"articleSection":["Sin categor\u00eda"],"inLanguage":"de","potentialAction":[{"@type":"CommentAction","name":"Comment","target":["https:\/\/blog.tmgrupoinmobiliario.com\/de\/2019\/05\/06\/lernen-sie-unsere-neuen-musterwohnungen-kennen-sie-werden-begeistert-sein\/#respond"]}]},{"@type":"WebPage","@id":"https:\/\/blog.tmgrupoinmobiliario.com\/de\/2019\/05\/06\/lernen-sie-unsere-neuen-musterwohnungen-kennen-sie-werden-begeistert-sein\/","url":"https:\/\/blog.tmgrupoinmobiliario.com\/de\/2019\/05\/06\/lernen-sie-unsere-neuen-musterwohnungen-kennen-sie-werden-begeistert-sein\/","name":"Lernen Sie unsere neuen Musterwohnungen kennen, Sie werden begeistert sein! - Deutsche","isPartOf":{"@id":"https:\/\/blog.tmgrupoinmobiliario.com\/de\/#website"},"primaryImageOfPage":{"@id":"https:\/\/blog.tmgrupoinmobiliario.com\/de\/2019\/05\/06\/lernen-sie-unsere-neuen-musterwohnungen-kennen-sie-werden-begeistert-sein\/#primaryimage"},"image":{"@id":"https:\/\/blog.tmgrupoinmobiliario.com\/de\/2019\/05\/06\/lernen-sie-unsere-neuen-musterwohnungen-kennen-sie-werden-begeistert-sein\/#primaryimage"},"thumbnailUrl":"https:\/\/blog.tmgrupoinmobiliario.com\/de\/wp-content\/uploads\/sites\/3\/2019\/05\/17-TM-9T2A7225.jpg","datePublished":"2019-05-06T10:14:41+00:00","dateModified":"2019-06-28T15:05:45+00:00","author":{"@id":"https:\/\/blog.tmgrupoinmobiliario.com\/de\/#\/schema\/person\/a84aec2e78e08c84b83b6c2e603485d4"},"breadcrumb":{"@id":"https:\/\/blog.tmgrupoinmobiliario.com\/de\/2019\/05\/06\/lernen-sie-unsere-neuen-musterwohnungen-kennen-sie-werden-begeistert-sein\/#breadcrumb"},"inLanguage":"de","potentialAction":[{"@type":"ReadAction","target":["https:\/\/blog.tmgrupoinmobiliario.com\/de\/2019\/05\/06\/lernen-sie-unsere-neuen-musterwohnungen-kennen-sie-werden-begeistert-sein\/"]}]},{"@type":"ImageObject","inLanguage":"de","@id":"https:\/\/blog.tmgrupoinmobiliario.com\/de\/2019\/05\/06\/lernen-sie-unsere-neuen-musterwohnungen-kennen-sie-werden-begeistert-sein\/#primaryimage","url":"https:\/\/blog.tmgrupoinmobiliario.com\/de\/wp-content\/uploads\/sites\/3\/2019\/05\/17-TM-9T2A7225.jpg","contentUrl":"https:\/\/blog.tmgrupoinmobiliario.com\/de\/wp-content\/uploads\/sites\/3\/2019\/05\/17-TM-9T2A7225.jpg","width":1000,"height":666},{"@type":"BreadcrumbList","@id":"https:\/\/blog.tmgrupoinmobiliario.com\/de\/2019\/05\/06\/lernen-sie-unsere-neuen-musterwohnungen-kennen-sie-werden-begeistert-sein\/#breadcrumb","itemListElement":[{"@type":"ListItem","position":1,"name":"Portada","item":"https:\/\/blog.tmgrupoinmobiliario.com\/de\/"},{"@type":"ListItem","position":2,"name":"Lernen Sie unsere neuen Musterwohnungen kennen, Sie werden begeistert sein!"}]},{"@type":"WebSite","@id":"https:\/\/blog.tmgrupoinmobiliario.com\/de\/#website","url":"https:\/\/blog.tmgrupoinmobiliario.com\/de\/","name":"Deutsche","description":"Otro sitio m\u00e1s de Blog Desarrollo TM sitios","potentialAction":[{"@type":"SearchAction","target":{"@type":"EntryPoint","urlTemplate":"https:\/\/blog.tmgrupoinmobiliario.com\/de\/?s={search_term_string}"},"query-input":{"@type":"PropertyValueSpecification","valueRequired":true,"valueName":"search_term_string"}}],"inLanguage":"de"},{"@type":"Person","@id":"https:\/\/blog.tmgrupoinmobiliario.com\/de\/#\/schema\/person\/a84aec2e78e08c84b83b6c2e603485d4","name":"fara","image":{"@type":"ImageObject","inLanguage":"de","@id":"https:\/\/secure.gravatar.com\/avatar\/7f220746227c0519c6c04da143303cd82cc8dcb5a6e36ab83c4d34194b752687?s=96&d=mm&r=g","url":"https:\/\/secure.gravatar.com\/avatar\/7f220746227c0519c6c04da143303cd82cc8dcb5a6e36ab83c4d34194b752687?s=96&d=mm&r=g","contentUrl":"https:\/\/secure.gravatar.com\/avatar\/7f220746227c0519c6c04da143303cd82cc8dcb5a6e36ab83c4d34194b752687?s=96&d=mm&r=g","caption":"fara"},"url":"https:\/\/blog.tmgrupoinmobiliario.com\/de\/author\/fara\/"}]}},"jetpack_featured_media_url":"https:\/\/blog.tmgrupoinmobiliario.com\/de\/wp-content\/uploads\/sites\/3\/2019\/05\/17-TM-9T2A7225.jpg","jetpack_sharing_enabled":true,"_links":{"self":[{"href":"https:\/\/blog.tmgrupoinmobiliario.com\/de\/wp-json\/wp\/v2\/posts\/13418","targetHints":{"allow":["GET"]}}],"collection":[{"href":"https:\/\/blog.tmgrupoinmobiliario.com\/de\/wp-json\/wp\/v2\/posts"}],"about":[{"href":"https:\/\/blog.tmgrupoinmobiliario.com\/de\/wp-json\/wp\/v2\/types\/post"}],"author":[{"embeddable":true,"href":"https:\/\/blog.tmgrupoinmobiliario.com\/de\/wp-json\/wp\/v2\/users\/11711"}],"replies":[{"embeddable":true,"href":"https:\/\/blog.tmgrupoinmobiliario.com\/de\/wp-json\/wp\/v2\/comments?post=13418"}],"version-history":[{"count":2,"href":"https:\/\/blog.tmgrupoinmobiliario.com\/de\/wp-json\/wp\/v2\/posts\/13418\/revisions"}],"predecessor-version":[{"id":13466,"href":"https:\/\/blog.tmgrupoinmobiliario.com\/de\/wp-json\/wp\/v2\/posts\/13418\/revisions\/13466"}],"wp:featuredmedia":[{"embeddable":true,"href":"https:\/\/blog.tmgrupoinmobiliario.com\/de\/wp-json\/wp\/v2\/media\/13421"}],"wp:attachment":[{"href":"https:\/\/blog.tmgrupoinmobiliario.com\/de\/wp-json\/wp\/v2\/media?parent=13418"}],"wp:term":[{"taxonomy":"category","embeddable":true,"href":"https:\/\/blog.tmgrupoinmobiliario.com\/de\/wp-json\/wp\/v2\/categories?post=13418"},{"taxonomy":"post_tag","embeddable":true,"href":"https:\/\/blog.tmgrupoinmobiliario.com\/de\/wp-json\/wp\/v2\/tags?post=13418"}],"curies":[{"name":"wp","href":"https:\/\/api.w.org\/{rel}","templated":true}]}}