{"id":13405,"date":"2019-04-08T15:46:51","date_gmt":"2019-04-08T15:46:51","guid":{"rendered":"https:\/\/blog.tmgrupoinmobiliario.com\/de\/?p=13405"},"modified":"2019-04-08T15:47:02","modified_gmt":"2019-04-08T15:47:02","slug":"tm-grupo-inmobiliario-besucht-anantapur","status":"publish","type":"post","link":"https:\/\/blog.tmgrupoinmobiliario.com\/de\/2019\/04\/08\/tm-grupo-inmobiliario-besucht-anantapur\/","title":{"rendered":"TM Grupo Inmobiliario besucht Anantapur"},"content":{"rendered":"<p>26.03.2019 I TM Grupo Inmobiliario<\/p>\n<p>Eine Delegation der TM Grupo Inmobiliario unter der Leitung ihrer Pr\u00e4sidentin \u00c1ngeles Serna besuchte vor einigen Wochen Anantapur und die Einrichtungen des Vicente Ferrer Campus, um sich aus erster Hand \u00fcber den Fortschritt des mit der Stiftung gemeinsamen und von dem Unternehmen finanzierten Projekt, dem Dorf Jos\u00e9 Luis Serna Village &#8211; Mouthikapuram, zu informieren, dessen Fertigstellung f\u00fcr September dieses Jahres geplant ist.<\/p>\n<p>W\u00e4hrend ihres Aufenthalts in Indien hatte die Gruppe die Gelegenheit, Moncho Ferrer, den Sohn von Vicente Ferrer, den Gr\u00fcnder der NGO, zu treffen, der ihnen die verschiedenen Programme erl\u00e4uterte, die derzeit in dieser Region, einer der \u00e4rmsten in Indien, entwickelt werden.<\/p>\n<p>W\u00e4hrend des 4-t\u00e4gigen Besuchs konnte die Delegation auch die Familien treffen, die von den 64 H\u00e4usern im Dorf profitieren, das den Namen des Gr\u00fcnders der Unternehmensgruppe tragen wird, mit dem sie ein herzliches Treffen voller Gesten der Zuneigung und Dankbarkeit hatten.<\/p>\n<p><img loading=\"lazy\" decoding=\"async\" class=\"aligncenter wp-image-13406 size-full\" src=\"https:\/\/www.tmgrupoinmobiliario.com\/blog\/de\/wp-content\/uploads\/sites\/3\/2019\/04\/01_1000x666.jpg\" alt=\"\" width=\"1000\" height=\"666\" srcset=\"https:\/\/blog.tmgrupoinmobiliario.com\/de\/wp-content\/uploads\/sites\/3\/2019\/04\/01_1000x666.jpg 1000w, https:\/\/blog.tmgrupoinmobiliario.com\/de\/wp-content\/uploads\/sites\/3\/2019\/04\/01_1000x666-300x200.jpg 300w, https:\/\/blog.tmgrupoinmobiliario.com\/de\/wp-content\/uploads\/sites\/3\/2019\/04\/01_1000x666-768x511.jpg 768w\" sizes=\"auto, (max-width: 1000px) 100vw, 1000px\" \/><\/p>\n<p>Sie besuchten auch verschiedene Projekte wie das Bathalapalli Kinderkrankenhaus, das sich zu einem Referenzzentrum f\u00fcr Material f\u00fcr P\u00e4diatrie und Neonatologie entwickelt hat, eine kleine Fabrik f\u00fcr Gesundheitsmaterial, in der derzeit rund 20 Frauen besch\u00e4ftigt sind, und die Einrichtungen einer der 5 inklusiven Schulen f\u00fcr Sch\u00fcler mit unterschiedlichen K\u00f6rper-, H\u00f6r- und Sehbehinderungen, die die Stiftung eingerichtet hat.\u00a0 Dort hatte die Gruppe auch die M\u00f6glichkeit, das Grab von Vicente Ferrer zu besuchen.<\/p>\n<p>Mit den Worten der Pr\u00e4sidentin der TM Grupo Inmobiliario: &#8220;Der Besuch in Anantapur war eine einzigartige Erfahrung, um die enorme soziale Ver\u00e4nderung zu w\u00fcrdigen, die durch die Arbeit der Stiftung bewirkt wird und wie sie das Leben von Tausenden von Menschen ver\u00e4ndert&#8221;.<\/p>\n<p><img loading=\"lazy\" decoding=\"async\" class=\"aligncenter wp-image-13407 size-full\" src=\"https:\/\/www.tmgrupoinmobiliario.com\/blog\/de\/wp-content\/uploads\/sites\/3\/2019\/04\/02_1000x666.jpg\" alt=\"\" width=\"1000\" height=\"666\" srcset=\"https:\/\/blog.tmgrupoinmobiliario.com\/de\/wp-content\/uploads\/sites\/3\/2019\/04\/02_1000x666.jpg 1000w, https:\/\/blog.tmgrupoinmobiliario.com\/de\/wp-content\/uploads\/sites\/3\/2019\/04\/02_1000x666-300x200.jpg 300w, https:\/\/blog.tmgrupoinmobiliario.com\/de\/wp-content\/uploads\/sites\/3\/2019\/04\/02_1000x666-768x511.jpg 768w\" sizes=\"auto, (max-width: 1000px) 100vw, 1000px\" \/><\/p>\n<p>&nbsp;<\/p>\n<p><a href=\"https:\/\/www.youtube.com\/watch?v=-rz-qVeidso&amp;feature=youtu.be\">https:\/\/www.youtube.com\/watch?v=-rz-qVeidso&amp;feature=youtu.be<\/a><\/p>\n","protected":false},"excerpt":{"rendered":"<p>26.03.2019 I TM Grupo Inmobiliario Eine Delegation der TM Grupo Inmobiliario unter der Leitung ihrer Pr\u00e4sidentin \u00c1ngeles Serna besuchte vor einigen Wochen Anantapur und die Einrichtungen des Vicente Ferrer Campus, um sich aus erster Hand \u00fcber den Fortschritt des mit der Stiftung gemeinsamen und von dem Unternehmen finanzierten Projekt, dem Dorf Jos\u00e9 Luis Serna Village [&hellip;]<\/p>\n","protected":false},"author":11723,"featured_media":13408,"comment_status":"open","ping_status":"open","sticky":false,"template":"","format":"standard","meta":{"_jetpack_memberships_contains_paid_content":false,"footnotes":""},"categories":[1],"tags":[55],"class_list":["post-13405","post","type-post","status-publish","format-standard","has-post-thumbnail","hentry","category-sin-categoria","tag-tag-compromise"],"better_featured_image":{"id":13408,"alt_text":"","caption":"","description":"","media_type":"image","media_details":{"width":1000,"height":666,"file":"2019\/04\/03_1000x666.jpg","sizes":{"thumbnail":{"file":"03_1000x666-150x150.jpg","width":150,"height":150,"mime-type":"image\/jpeg","source_url":"https:\/\/blog.tmgrupoinmobiliario.com\/de\/wp-content\/uploads\/sites\/3\/2019\/04\/03_1000x666-150x150.jpg"},"medium":{"file":"03_1000x666-300x200.jpg","width":300,"height":200,"mime-type":"image\/jpeg","source_url":"https:\/\/blog.tmgrupoinmobiliario.com\/de\/wp-content\/uploads\/sites\/3\/2019\/04\/03_1000x666-300x200.jpg"},"medium_large":{"file":"03_1000x666-768x511.jpg","width":768,"height":511,"mime-type":"image\/jpeg","source_url":"https:\/\/blog.tmgrupoinmobiliario.com\/de\/wp-content\/uploads\/sites\/3\/2019\/04\/03_1000x666-768x511.jpg"},"blog-large":{"file":"03_1000x666-669x272.jpg","width":669,"height":272,"mime-type":"image\/jpeg","source_url":"https:\/\/blog.tmgrupoinmobiliario.com\/de\/wp-content\/uploads\/sites\/3\/2019\/04\/03_1000x666-669x272.jpg"},"blog-medium":{"file":"03_1000x666-320x202.jpg","width":320,"height":202,"mime-type":"image\/jpeg","source_url":"https:\/\/blog.tmgrupoinmobiliario.com\/de\/wp-content\/uploads\/sites\/3\/2019\/04\/03_1000x666-320x202.jpg"},"tabs-img":{"file":"03_1000x666-52x50.jpg","width":52,"height":50,"mime-type":"image\/jpeg","source_url":"https:\/\/blog.tmgrupoinmobiliario.com\/de\/wp-content\/uploads\/sites\/3\/2019\/04\/03_1000x666-52x50.jpg"},"related-img":{"file":"03_1000x666-180x138.jpg","width":180,"height":138,"mime-type":"image\/jpeg","source_url":"https:\/\/blog.tmgrupoinmobiliario.com\/de\/wp-content\/uploads\/sites\/3\/2019\/04\/03_1000x666-180x138.jpg"},"portfolio-full":{"file":"03_1000x666-940x400.jpg","width":940,"height":400,"mime-type":"image\/jpeg","source_url":"https:\/\/blog.tmgrupoinmobiliario.com\/de\/wp-content\/uploads\/sites\/3\/2019\/04\/03_1000x666-940x400.jpg"},"portfolio-one":{"file":"03_1000x666-540x272.jpg","width":540,"height":272,"mime-type":"image\/jpeg","source_url":"https:\/\/blog.tmgrupoinmobiliario.com\/de\/wp-content\/uploads\/sites\/3\/2019\/04\/03_1000x666-540x272.jpg"},"portfolio-two":{"file":"03_1000x666-460x295.jpg","width":460,"height":295,"mime-type":"image\/jpeg","source_url":"https:\/\/blog.tmgrupoinmobiliario.com\/de\/wp-content\/uploads\/sites\/3\/2019\/04\/03_1000x666-460x295.jpg"},"portfolio-three":{"file":"03_1000x666-300x214.jpg","width":300,"height":214,"mime-type":"image\/jpeg","source_url":"https:\/\/blog.tmgrupoinmobiliario.com\/de\/wp-content\/uploads\/sites\/3\/2019\/04\/03_1000x666-300x214.jpg"},"portfolio-four":{"file":"03_1000x666-220x161.jpg","width":220,"height":161,"mime-type":"image\/jpeg","source_url":"https:\/\/blog.tmgrupoinmobiliario.com\/de\/wp-content\/uploads\/sites\/3\/2019\/04\/03_1000x666-220x161.jpg"},"portfolio-five":{"file":"03_1000x666-177x142.jpg","width":177,"height":142,"mime-type":"image\/jpeg","source_url":"https:\/\/blog.tmgrupoinmobiliario.com\/de\/wp-content\/uploads\/sites\/3\/2019\/04\/03_1000x666-177x142.jpg"},"portfolio-six":{"file":"03_1000x666-147x118.jpg","width":147,"height":118,"mime-type":"image\/jpeg","source_url":"https:\/\/blog.tmgrupoinmobiliario.com\/de\/wp-content\/uploads\/sites\/3\/2019\/04\/03_1000x666-147x118.jpg"},"recent-posts":{"file":"03_1000x666-700x441.jpg","width":700,"height":441,"mime-type":"image\/jpeg","source_url":"https:\/\/blog.tmgrupoinmobiliario.com\/de\/wp-content\/uploads\/sites\/3\/2019\/04\/03_1000x666-700x441.jpg"},"recent-works-thumbnail":{"file":"03_1000x666-66x66.jpg","width":66,"height":66,"mime-type":"image\/jpeg","source_url":"https:\/\/blog.tmgrupoinmobiliario.com\/de\/wp-content\/uploads\/sites\/3\/2019\/04\/03_1000x666-66x66.jpg"}},"image_meta":{"aperture":"0","credit":"","camera":"","caption":"","created_timestamp":"0","copyright":"","focal_length":"0","iso":"0","shutter_speed":"0","title":"","orientation":"1","keywords":[]}},"post":13405,"source_url":"https:\/\/blog.tmgrupoinmobiliario.com\/de\/wp-content\/uploads\/sites\/3\/2019\/04\/03_1000x666.jpg"},"acf":{"imagen_destacada_desktop":null,"imagen_destacada_mobile":null,"formato":null,"entradilla":null,"etiquetas":null,"cabecera_escritorio":null,"cabecera_mobile":null,"galeria":null},"yoast_head":"<!-- This site is optimized with the Yoast SEO Premium plugin v23.6 (Yoast SEO v27.5) - https:\/\/yoast.com\/product\/yoast-seo-premium-wordpress\/ -->\n<title>TM Grupo Inmobiliario besucht Anantapur - Deutsche<\/title>\n<meta name=\"robots\" content=\"index, follow, max-snippet:-1, max-image-preview:large, max-video-preview:-1\" \/>\n<link rel=\"canonical\" href=\"https:\/\/blog.tmgrupoinmobiliario.com\/de\/2019\/04\/08\/tm-grupo-inmobiliario-besucht-anantapur\/\" \/>\n<meta property=\"og:locale\" content=\"de_DE\" \/>\n<meta property=\"og:type\" content=\"article\" \/>\n<meta property=\"og:title\" content=\"TM Grupo Inmobiliario besucht Anantapur\" \/>\n<meta property=\"og:description\" content=\"26.03.2019 I TM Grupo Inmobiliario Eine Delegation der TM Grupo Inmobiliario unter der Leitung ihrer Pr\u00e4sidentin \u00c1ngeles Serna besuchte vor einigen Wochen Anantapur und die Einrichtungen des Vicente Ferrer Campus, um sich aus erster Hand \u00fcber den Fortschritt des mit der Stiftung gemeinsamen und von dem Unternehmen finanzierten Projekt, dem Dorf Jos\u00e9 Luis Serna Village [&hellip;]\" \/>\n<meta property=\"og:url\" content=\"https:\/\/blog.tmgrupoinmobiliario.com\/de\/2019\/04\/08\/tm-grupo-inmobiliario-besucht-anantapur\/\" \/>\n<meta property=\"og:site_name\" content=\"Deutsche\" \/>\n<meta property=\"article:published_time\" content=\"2019-04-08T15:46:51+00:00\" \/>\n<meta property=\"article:modified_time\" content=\"2019-04-08T15:47:02+00:00\" \/>\n<meta property=\"og:image\" content=\"https:\/\/blog.tmgrupoinmobiliario.com\/de\/wp-content\/uploads\/sites\/3\/2019\/04\/03_1000x666.jpg\" \/>\n\t<meta property=\"og:image:width\" content=\"1000\" \/>\n\t<meta property=\"og:image:height\" content=\"666\" \/>\n\t<meta property=\"og:image:type\" content=\"image\/jpeg\" \/>\n<meta name=\"author\" content=\"sabina\" \/>\n<meta name=\"twitter:card\" content=\"summary_large_image\" \/>\n<meta name=\"twitter:label1\" content=\"Geschrieben von\" \/>\n\t<meta name=\"twitter:data1\" content=\"sabina\" \/>\n\t<meta name=\"twitter:label2\" content=\"Gesch\u00e4tzte Lesezeit\" \/>\n\t<meta name=\"twitter:data2\" content=\"1\u00a0Minute\" \/>\n<script type=\"application\/ld+json\" class=\"yoast-schema-graph\">{\"@context\":\"https:\\\/\\\/schema.org\",\"@graph\":[{\"@type\":\"Article\",\"@id\":\"https:\\\/\\\/blog.tmgrupoinmobiliario.com\\\/de\\\/2019\\\/04\\\/08\\\/tm-grupo-inmobiliario-besucht-anantapur\\\/#article\",\"isPartOf\":{\"@id\":\"https:\\\/\\\/blog.tmgrupoinmobiliario.com\\\/de\\\/2019\\\/04\\\/08\\\/tm-grupo-inmobiliario-besucht-anantapur\\\/\"},\"author\":{\"name\":\"sabina\",\"@id\":\"https:\\\/\\\/blog.tmgrupoinmobiliario.com\\\/de\\\/#\\\/schema\\\/person\\\/27af0dbfdce919d609baf4fed660de3b\"},\"headline\":\"TM Grupo Inmobiliario besucht Anantapur\",\"datePublished\":\"2019-04-08T15:46:51+00:00\",\"dateModified\":\"2019-04-08T15:47:02+00:00\",\"mainEntityOfPage\":{\"@id\":\"https:\\\/\\\/blog.tmgrupoinmobiliario.com\\\/de\\\/2019\\\/04\\\/08\\\/tm-grupo-inmobiliario-besucht-anantapur\\\/\"},\"wordCount\":297,\"commentCount\":0,\"image\":{\"@id\":\"https:\\\/\\\/blog.tmgrupoinmobiliario.com\\\/de\\\/2019\\\/04\\\/08\\\/tm-grupo-inmobiliario-besucht-anantapur\\\/#primaryimage\"},\"thumbnailUrl\":\"https:\\\/\\\/blog.tmgrupoinmobiliario.com\\\/de\\\/wp-content\\\/uploads\\\/sites\\\/3\\\/2019\\\/04\\\/03_1000x666.jpg\",\"keywords\":[\"tag-compromise\"],\"articleSection\":[\"Sin categor\u00eda\"],\"inLanguage\":\"de\",\"potentialAction\":[{\"@type\":\"CommentAction\",\"name\":\"Comment\",\"target\":[\"https:\\\/\\\/blog.tmgrupoinmobiliario.com\\\/de\\\/2019\\\/04\\\/08\\\/tm-grupo-inmobiliario-besucht-anantapur\\\/#respond\"]}]},{\"@type\":\"WebPage\",\"@id\":\"https:\\\/\\\/blog.tmgrupoinmobiliario.com\\\/de\\\/2019\\\/04\\\/08\\\/tm-grupo-inmobiliario-besucht-anantapur\\\/\",\"url\":\"https:\\\/\\\/blog.tmgrupoinmobiliario.com\\\/de\\\/2019\\\/04\\\/08\\\/tm-grupo-inmobiliario-besucht-anantapur\\\/\",\"name\":\"TM Grupo Inmobiliario besucht Anantapur - Deutsche\",\"isPartOf\":{\"@id\":\"https:\\\/\\\/blog.tmgrupoinmobiliario.com\\\/de\\\/#website\"},\"primaryImageOfPage\":{\"@id\":\"https:\\\/\\\/blog.tmgrupoinmobiliario.com\\\/de\\\/2019\\\/04\\\/08\\\/tm-grupo-inmobiliario-besucht-anantapur\\\/#primaryimage\"},\"image\":{\"@id\":\"https:\\\/\\\/blog.tmgrupoinmobiliario.com\\\/de\\\/2019\\\/04\\\/08\\\/tm-grupo-inmobiliario-besucht-anantapur\\\/#primaryimage\"},\"thumbnailUrl\":\"https:\\\/\\\/blog.tmgrupoinmobiliario.com\\\/de\\\/wp-content\\\/uploads\\\/sites\\\/3\\\/2019\\\/04\\\/03_1000x666.jpg\",\"datePublished\":\"2019-04-08T15:46:51+00:00\",\"dateModified\":\"2019-04-08T15:47:02+00:00\",\"author\":{\"@id\":\"https:\\\/\\\/blog.tmgrupoinmobiliario.com\\\/de\\\/#\\\/schema\\\/person\\\/27af0dbfdce919d609baf4fed660de3b\"},\"breadcrumb\":{\"@id\":\"https:\\\/\\\/blog.tmgrupoinmobiliario.com\\\/de\\\/2019\\\/04\\\/08\\\/tm-grupo-inmobiliario-besucht-anantapur\\\/#breadcrumb\"},\"inLanguage\":\"de\",\"potentialAction\":[{\"@type\":\"ReadAction\",\"target\":[\"https:\\\/\\\/blog.tmgrupoinmobiliario.com\\\/de\\\/2019\\\/04\\\/08\\\/tm-grupo-inmobiliario-besucht-anantapur\\\/\"]}]},{\"@type\":\"ImageObject\",\"inLanguage\":\"de\",\"@id\":\"https:\\\/\\\/blog.tmgrupoinmobiliario.com\\\/de\\\/2019\\\/04\\\/08\\\/tm-grupo-inmobiliario-besucht-anantapur\\\/#primaryimage\",\"url\":\"https:\\\/\\\/blog.tmgrupoinmobiliario.com\\\/de\\\/wp-content\\\/uploads\\\/sites\\\/3\\\/2019\\\/04\\\/03_1000x666.jpg\",\"contentUrl\":\"https:\\\/\\\/blog.tmgrupoinmobiliario.com\\\/de\\\/wp-content\\\/uploads\\\/sites\\\/3\\\/2019\\\/04\\\/03_1000x666.jpg\",\"width\":1000,\"height\":666},{\"@type\":\"BreadcrumbList\",\"@id\":\"https:\\\/\\\/blog.tmgrupoinmobiliario.com\\\/de\\\/2019\\\/04\\\/08\\\/tm-grupo-inmobiliario-besucht-anantapur\\\/#breadcrumb\",\"itemListElement\":[{\"@type\":\"ListItem\",\"position\":1,\"name\":\"Portada\",\"item\":\"https:\\\/\\\/blog.tmgrupoinmobiliario.com\\\/de\\\/\"},{\"@type\":\"ListItem\",\"position\":2,\"name\":\"TM Grupo Inmobiliario besucht Anantapur\"}]},{\"@type\":\"WebSite\",\"@id\":\"https:\\\/\\\/blog.tmgrupoinmobiliario.com\\\/de\\\/#website\",\"url\":\"https:\\\/\\\/blog.tmgrupoinmobiliario.com\\\/de\\\/\",\"name\":\"Deutsche\",\"description\":\"Otro sitio m\u00e1s de Blog Desarrollo TM sitios\",\"potentialAction\":[{\"@type\":\"SearchAction\",\"target\":{\"@type\":\"EntryPoint\",\"urlTemplate\":\"https:\\\/\\\/blog.tmgrupoinmobiliario.com\\\/de\\\/?s={search_term_string}\"},\"query-input\":{\"@type\":\"PropertyValueSpecification\",\"valueRequired\":true,\"valueName\":\"search_term_string\"}}],\"inLanguage\":\"de\"},{\"@type\":\"Person\",\"@id\":\"https:\\\/\\\/blog.tmgrupoinmobiliario.com\\\/de\\\/#\\\/schema\\\/person\\\/27af0dbfdce919d609baf4fed660de3b\",\"name\":\"sabina\",\"image\":{\"@type\":\"ImageObject\",\"inLanguage\":\"de\",\"@id\":\"https:\\\/\\\/secure.gravatar.com\\\/avatar\\\/78951ea4de48b19a4896632042286f6ad92ec263906716df0a9c32c58b3cc837?s=96&d=mm&r=g\",\"url\":\"https:\\\/\\\/secure.gravatar.com\\\/avatar\\\/78951ea4de48b19a4896632042286f6ad92ec263906716df0a9c32c58b3cc837?s=96&d=mm&r=g\",\"contentUrl\":\"https:\\\/\\\/secure.gravatar.com\\\/avatar\\\/78951ea4de48b19a4896632042286f6ad92ec263906716df0a9c32c58b3cc837?s=96&d=mm&r=g\",\"caption\":\"sabina\"},\"url\":\"https:\\\/\\\/blog.tmgrupoinmobiliario.com\\\/de\\\/author\\\/sabina\\\/\"}]}<\/script>\n<!-- \/ Yoast SEO Premium plugin. -->","yoast_head_json":{"title":"TM Grupo Inmobiliario besucht Anantapur - Deutsche","robots":{"index":"index","follow":"follow","max-snippet":"max-snippet:-1","max-image-preview":"max-image-preview:large","max-video-preview":"max-video-preview:-1"},"canonical":"https:\/\/blog.tmgrupoinmobiliario.com\/de\/2019\/04\/08\/tm-grupo-inmobiliario-besucht-anantapur\/","og_locale":"de_DE","og_type":"article","og_title":"TM Grupo Inmobiliario besucht Anantapur","og_description":"26.03.2019 I TM Grupo Inmobiliario Eine Delegation der TM Grupo Inmobiliario unter der Leitung ihrer Pr\u00e4sidentin \u00c1ngeles Serna besuchte vor einigen Wochen Anantapur und die Einrichtungen des Vicente Ferrer Campus, um sich aus erster Hand \u00fcber den Fortschritt des mit der Stiftung gemeinsamen und von dem Unternehmen finanzierten Projekt, dem Dorf Jos\u00e9 Luis Serna Village [&hellip;]","og_url":"https:\/\/blog.tmgrupoinmobiliario.com\/de\/2019\/04\/08\/tm-grupo-inmobiliario-besucht-anantapur\/","og_site_name":"Deutsche","article_published_time":"2019-04-08T15:46:51+00:00","article_modified_time":"2019-04-08T15:47:02+00:00","og_image":[{"width":1000,"height":666,"url":"https:\/\/blog.tmgrupoinmobiliario.com\/de\/wp-content\/uploads\/sites\/3\/2019\/04\/03_1000x666.jpg","type":"image\/jpeg"}],"author":"sabina","twitter_card":"summary_large_image","twitter_misc":{"Geschrieben von":"sabina","Gesch\u00e4tzte Lesezeit":"1\u00a0Minute"},"schema":{"@context":"https:\/\/schema.org","@graph":[{"@type":"Article","@id":"https:\/\/blog.tmgrupoinmobiliario.com\/de\/2019\/04\/08\/tm-grupo-inmobiliario-besucht-anantapur\/#article","isPartOf":{"@id":"https:\/\/blog.tmgrupoinmobiliario.com\/de\/2019\/04\/08\/tm-grupo-inmobiliario-besucht-anantapur\/"},"author":{"name":"sabina","@id":"https:\/\/blog.tmgrupoinmobiliario.com\/de\/#\/schema\/person\/27af0dbfdce919d609baf4fed660de3b"},"headline":"TM Grupo Inmobiliario besucht Anantapur","datePublished":"2019-04-08T15:46:51+00:00","dateModified":"2019-04-08T15:47:02+00:00","mainEntityOfPage":{"@id":"https:\/\/blog.tmgrupoinmobiliario.com\/de\/2019\/04\/08\/tm-grupo-inmobiliario-besucht-anantapur\/"},"wordCount":297,"commentCount":0,"image":{"@id":"https:\/\/blog.tmgrupoinmobiliario.com\/de\/2019\/04\/08\/tm-grupo-inmobiliario-besucht-anantapur\/#primaryimage"},"thumbnailUrl":"https:\/\/blog.tmgrupoinmobiliario.com\/de\/wp-content\/uploads\/sites\/3\/2019\/04\/03_1000x666.jpg","keywords":["tag-compromise"],"articleSection":["Sin categor\u00eda"],"inLanguage":"de","potentialAction":[{"@type":"CommentAction","name":"Comment","target":["https:\/\/blog.tmgrupoinmobiliario.com\/de\/2019\/04\/08\/tm-grupo-inmobiliario-besucht-anantapur\/#respond"]}]},{"@type":"WebPage","@id":"https:\/\/blog.tmgrupoinmobiliario.com\/de\/2019\/04\/08\/tm-grupo-inmobiliario-besucht-anantapur\/","url":"https:\/\/blog.tmgrupoinmobiliario.com\/de\/2019\/04\/08\/tm-grupo-inmobiliario-besucht-anantapur\/","name":"TM Grupo Inmobiliario besucht Anantapur - Deutsche","isPartOf":{"@id":"https:\/\/blog.tmgrupoinmobiliario.com\/de\/#website"},"primaryImageOfPage":{"@id":"https:\/\/blog.tmgrupoinmobiliario.com\/de\/2019\/04\/08\/tm-grupo-inmobiliario-besucht-anantapur\/#primaryimage"},"image":{"@id":"https:\/\/blog.tmgrupoinmobiliario.com\/de\/2019\/04\/08\/tm-grupo-inmobiliario-besucht-anantapur\/#primaryimage"},"thumbnailUrl":"https:\/\/blog.tmgrupoinmobiliario.com\/de\/wp-content\/uploads\/sites\/3\/2019\/04\/03_1000x666.jpg","datePublished":"2019-04-08T15:46:51+00:00","dateModified":"2019-04-08T15:47:02+00:00","author":{"@id":"https:\/\/blog.tmgrupoinmobiliario.com\/de\/#\/schema\/person\/27af0dbfdce919d609baf4fed660de3b"},"breadcrumb":{"@id":"https:\/\/blog.tmgrupoinmobiliario.com\/de\/2019\/04\/08\/tm-grupo-inmobiliario-besucht-anantapur\/#breadcrumb"},"inLanguage":"de","potentialAction":[{"@type":"ReadAction","target":["https:\/\/blog.tmgrupoinmobiliario.com\/de\/2019\/04\/08\/tm-grupo-inmobiliario-besucht-anantapur\/"]}]},{"@type":"ImageObject","inLanguage":"de","@id":"https:\/\/blog.tmgrupoinmobiliario.com\/de\/2019\/04\/08\/tm-grupo-inmobiliario-besucht-anantapur\/#primaryimage","url":"https:\/\/blog.tmgrupoinmobiliario.com\/de\/wp-content\/uploads\/sites\/3\/2019\/04\/03_1000x666.jpg","contentUrl":"https:\/\/blog.tmgrupoinmobiliario.com\/de\/wp-content\/uploads\/sites\/3\/2019\/04\/03_1000x666.jpg","width":1000,"height":666},{"@type":"BreadcrumbList","@id":"https:\/\/blog.tmgrupoinmobiliario.com\/de\/2019\/04\/08\/tm-grupo-inmobiliario-besucht-anantapur\/#breadcrumb","itemListElement":[{"@type":"ListItem","position":1,"name":"Portada","item":"https:\/\/blog.tmgrupoinmobiliario.com\/de\/"},{"@type":"ListItem","position":2,"name":"TM Grupo Inmobiliario besucht Anantapur"}]},{"@type":"WebSite","@id":"https:\/\/blog.tmgrupoinmobiliario.com\/de\/#website","url":"https:\/\/blog.tmgrupoinmobiliario.com\/de\/","name":"Deutsche","description":"Otro sitio m\u00e1s de Blog Desarrollo TM sitios","potentialAction":[{"@type":"SearchAction","target":{"@type":"EntryPoint","urlTemplate":"https:\/\/blog.tmgrupoinmobiliario.com\/de\/?s={search_term_string}"},"query-input":{"@type":"PropertyValueSpecification","valueRequired":true,"valueName":"search_term_string"}}],"inLanguage":"de"},{"@type":"Person","@id":"https:\/\/blog.tmgrupoinmobiliario.com\/de\/#\/schema\/person\/27af0dbfdce919d609baf4fed660de3b","name":"sabina","image":{"@type":"ImageObject","inLanguage":"de","@id":"https:\/\/secure.gravatar.com\/avatar\/78951ea4de48b19a4896632042286f6ad92ec263906716df0a9c32c58b3cc837?s=96&d=mm&r=g","url":"https:\/\/secure.gravatar.com\/avatar\/78951ea4de48b19a4896632042286f6ad92ec263906716df0a9c32c58b3cc837?s=96&d=mm&r=g","contentUrl":"https:\/\/secure.gravatar.com\/avatar\/78951ea4de48b19a4896632042286f6ad92ec263906716df0a9c32c58b3cc837?s=96&d=mm&r=g","caption":"sabina"},"url":"https:\/\/blog.tmgrupoinmobiliario.com\/de\/author\/sabina\/"}]}},"jetpack_featured_media_url":"https:\/\/blog.tmgrupoinmobiliario.com\/de\/wp-content\/uploads\/sites\/3\/2019\/04\/03_1000x666.jpg","jetpack_sharing_enabled":true,"_links":{"self":[{"href":"https:\/\/blog.tmgrupoinmobiliario.com\/de\/wp-json\/wp\/v2\/posts\/13405","targetHints":{"allow":["GET"]}}],"collection":[{"href":"https:\/\/blog.tmgrupoinmobiliario.com\/de\/wp-json\/wp\/v2\/posts"}],"about":[{"href":"https:\/\/blog.tmgrupoinmobiliario.com\/de\/wp-json\/wp\/v2\/types\/post"}],"author":[{"embeddable":true,"href":"https:\/\/blog.tmgrupoinmobiliario.com\/de\/wp-json\/wp\/v2\/users\/11723"}],"replies":[{"embeddable":true,"href":"https:\/\/blog.tmgrupoinmobiliario.com\/de\/wp-json\/wp\/v2\/comments?post=13405"}],"version-history":[{"count":2,"href":"https:\/\/blog.tmgrupoinmobiliario.com\/de\/wp-json\/wp\/v2\/posts\/13405\/revisions"}],"predecessor-version":[{"id":13410,"href":"https:\/\/blog.tmgrupoinmobiliario.com\/de\/wp-json\/wp\/v2\/posts\/13405\/revisions\/13410"}],"wp:featuredmedia":[{"embeddable":true,"href":"https:\/\/blog.tmgrupoinmobiliario.com\/de\/wp-json\/wp\/v2\/media\/13408"}],"wp:attachment":[{"href":"https:\/\/blog.tmgrupoinmobiliario.com\/de\/wp-json\/wp\/v2\/media?parent=13405"}],"wp:term":[{"taxonomy":"category","embeddable":true,"href":"https:\/\/blog.tmgrupoinmobiliario.com\/de\/wp-json\/wp\/v2\/categories?post=13405"},{"taxonomy":"post_tag","embeddable":true,"href":"https:\/\/blog.tmgrupoinmobiliario.com\/de\/wp-json\/wp\/v2\/tags?post=13405"}],"curies":[{"name":"wp","href":"https:\/\/api.w.org\/{rel}","templated":true}]}}