{"id":13278,"date":"2019-03-22T17:28:48","date_gmt":"2019-03-22T17:28:48","guid":{"rendered":"https:\/\/blog.tmgrupoinmobiliario.com\/de\/?p=13278"},"modified":"2019-06-28T17:06:16","modified_gmt":"2019-06-28T15:06:16","slug":"sant-pere-collection-unser-neues-wohnhaus-auf-mallorca","status":"publish","type":"post","link":"https:\/\/blog.tmgrupoinmobiliario.com\/de\/2019\/03\/22\/sant-pere-collection-unser-neues-wohnhaus-auf-mallorca\/","title":{"rendered":"Sant Pere Collection, unser neues Wohnhaus auf Mallorca"},"content":{"rendered":"<p>Wir m\u00f6chten Ihnen die neue Wohnanlage von TM Grupo Inmobiliario vorstellen, <strong>die in Col\u00f2nia de Sant Pere im Nordosten Mallorcas<\/strong> \u2013 im \u00f6stlichen Teil der Bucht von Alc\u00fadia \u2013 gelegen ist. Die au\u00dfergew\u00f6hnlich sch\u00f6ne Gegend besticht durch die Klippen der Sierra de Art\u00e0. Sa Col\u00f2nia, wie das Gebiet oft genannt wird, geh\u00f6rt zu den wenigen K\u00fcstenorten, die ihren authentischen Charme bis heute bewahrt haben, mit einer besonderen Ruhe aufwarten und <strong>gleichzeitig einen ganz eigenen Charakter ausstrahlen<\/strong>.<\/p>\n<p>Die Wohnanlage wird auch anspruchsvollste Kunden begeistern, die sich f\u00fcr ihr neues Zuhause am Strand eine erlesene Lage w\u00fcnschen. Die mittelgro\u00dfe Anlage umfasst<strong>\u00a0separate Wohneinheiten unterschiedlicher<\/strong> Gr\u00f6\u00dfe. \u00a0Es stehen Immobilien mit 2, 3 bzw. 4 Schlafzimmern und 2 bzw. 3 B\u00e4dern zur Auswahl, die mit einer erstklassigen Ausstattung versehen werden. Jede Wohneinheit verf\u00fcgt \u00fcber einen eigenen Swimmingpool, der erfrischendes Badevergn\u00fcgen und umfassende Privatsph\u00e4re garantiert. Die Immobilien erstrecken sich auf das Erdgeschoss sowie auf <strong>ein Obergeschoss mit gro\u00dfz\u00fcgiger Sonnenterrasse<\/strong>, die zum Entspannen einl\u00e4dt.<\/p>\n<p><img loading=\"lazy\" decoding=\"async\" class=\"wp-image-13280 size-full aligncenter\" src=\"https:\/\/www.tmgrupoinmobiliario.com\/blog\/de\/wp-content\/uploads\/sites\/3\/2019\/01\/B_01.jpg\" alt=\"\" width=\"846\" height=\"490\" srcset=\"https:\/\/blog.tmgrupoinmobiliario.com\/de\/wp-content\/uploads\/sites\/3\/2019\/01\/B_01.jpg 846w, https:\/\/blog.tmgrupoinmobiliario.com\/de\/wp-content\/uploads\/sites\/3\/2019\/01\/B_01-300x174.jpg 300w, https:\/\/blog.tmgrupoinmobiliario.com\/de\/wp-content\/uploads\/sites\/3\/2019\/01\/B_01-768x445.jpg 768w\" sizes=\"auto, (max-width: 846px) 100vw, 846px\" \/><\/p>\n<p>Die bis ins Detail durchdachte Gestaltung besticht durch Merkmale wie z.\u00a0B. Vorinstallation f\u00fcr Whirlpool und Kamin sowie K\u00fcchen mit Quarz-Arbeitsplatte. Au\u00dferdem wurden beim Entwurf der Wohnanlage auch innovative Aspekte wie die Energieeffizienz bedacht (beispielsweise ist im Keller ein Regenwassersammeltank untergebracht).<\/p>\n<p>Wassersportfans und Meeres-Liebhabern stehen in der Umgebung ein Yachthafen und wundersch\u00f6ne Str\u00e4nde zur Verf\u00fcgung. Hinzu kommen <strong>zahlreiche Serviceleistungen in Col\u00f2nia de Sant Pere<\/strong>, die diese idyllische Gegend zu einem perfekten Wohnort f\u00fcr das ganze Jahr machen.<\/p>\n<p>Tr\u00e4umen auch Sie von einem Zuhause in einmaliger Lage und mit allen Annehmlichkeiten? In der neuen Wohnanlage von TM kann dies Wirklichkeit werden!<\/p>\n","protected":false},"excerpt":{"rendered":"<p>Wir m\u00f6chten Ihnen die neue Wohnanlage von TM Grupo Inmobiliario vorstellen, die in Col\u00f2nia de Sant Pere im Nordosten Mallorcas \u2013 im \u00f6stlichen Teil der Bucht von Alc\u00fadia \u2013 gelegen ist. Die au\u00dfergew\u00f6hnlich sch\u00f6ne Gegend besticht durch die Klippen der Sierra de Art\u00e0. Sa Col\u00f2nia, wie das Gebiet oft genannt wird, geh\u00f6rt zu den wenigen [&hellip;]<\/p>\n","protected":false},"author":11711,"featured_media":13279,"comment_status":"open","ping_status":"open","sticky":false,"template":"","format":"standard","meta":{"_jetpack_memberships_contains_paid_content":false,"footnotes":""},"categories":[1],"tags":[48,53,49,57,63],"class_list":["post-13278","post","type-post","status-publish","format-standard","has-post-thumbnail","hentry","category-sin-categoria","tag-tag-about-tm","tag-tag-business-promo-spain","tag-tag-home","tag-tag-promotions","tag-tag-promotions-mallorca"],"better_featured_image":{"id":13279,"alt_text":"","caption":"","description":"","media_type":"image","media_details":{"width":1000,"height":666,"file":"2019\/01\/11_28_C_03.jpg","sizes":{"thumbnail":{"file":"11_28_C_03-150x150.jpg","width":150,"height":150,"mime-type":"image\/jpeg","source_url":"https:\/\/blog.tmgrupoinmobiliario.com\/de\/wp-content\/uploads\/sites\/3\/2019\/01\/11_28_C_03-150x150.jpg"},"medium":{"file":"11_28_C_03-300x200.jpg","width":300,"height":200,"mime-type":"image\/jpeg","source_url":"https:\/\/blog.tmgrupoinmobiliario.com\/de\/wp-content\/uploads\/sites\/3\/2019\/01\/11_28_C_03-300x200.jpg"},"medium_large":{"file":"11_28_C_03-768x511.jpg","width":768,"height":511,"mime-type":"image\/jpeg","source_url":"https:\/\/blog.tmgrupoinmobiliario.com\/de\/wp-content\/uploads\/sites\/3\/2019\/01\/11_28_C_03-768x511.jpg"},"blog-large":{"file":"11_28_C_03-669x272.jpg","width":669,"height":272,"mime-type":"image\/jpeg","source_url":"https:\/\/blog.tmgrupoinmobiliario.com\/de\/wp-content\/uploads\/sites\/3\/2019\/01\/11_28_C_03-669x272.jpg"},"blog-medium":{"file":"11_28_C_03-320x202.jpg","width":320,"height":202,"mime-type":"image\/jpeg","source_url":"https:\/\/blog.tmgrupoinmobiliario.com\/de\/wp-content\/uploads\/sites\/3\/2019\/01\/11_28_C_03-320x202.jpg"},"tabs-img":{"file":"11_28_C_03-52x50.jpg","width":52,"height":50,"mime-type":"image\/jpeg","source_url":"https:\/\/blog.tmgrupoinmobiliario.com\/de\/wp-content\/uploads\/sites\/3\/2019\/01\/11_28_C_03-52x50.jpg"},"related-img":{"file":"11_28_C_03-180x138.jpg","width":180,"height":138,"mime-type":"image\/jpeg","source_url":"https:\/\/blog.tmgrupoinmobiliario.com\/de\/wp-content\/uploads\/sites\/3\/2019\/01\/11_28_C_03-180x138.jpg"},"portfolio-full":{"file":"11_28_C_03-940x400.jpg","width":940,"height":400,"mime-type":"image\/jpeg","source_url":"https:\/\/blog.tmgrupoinmobiliario.com\/de\/wp-content\/uploads\/sites\/3\/2019\/01\/11_28_C_03-940x400.jpg"},"portfolio-one":{"file":"11_28_C_03-540x272.jpg","width":540,"height":272,"mime-type":"image\/jpeg","source_url":"https:\/\/blog.tmgrupoinmobiliario.com\/de\/wp-content\/uploads\/sites\/3\/2019\/01\/11_28_C_03-540x272.jpg"},"portfolio-two":{"file":"11_28_C_03-460x295.jpg","width":460,"height":295,"mime-type":"image\/jpeg","source_url":"https:\/\/blog.tmgrupoinmobiliario.com\/de\/wp-content\/uploads\/sites\/3\/2019\/01\/11_28_C_03-460x295.jpg"},"portfolio-three":{"file":"11_28_C_03-300x214.jpg","width":300,"height":214,"mime-type":"image\/jpeg","source_url":"https:\/\/blog.tmgrupoinmobiliario.com\/de\/wp-content\/uploads\/sites\/3\/2019\/01\/11_28_C_03-300x214.jpg"},"portfolio-four":{"file":"11_28_C_03-220x161.jpg","width":220,"height":161,"mime-type":"image\/jpeg","source_url":"https:\/\/blog.tmgrupoinmobiliario.com\/de\/wp-content\/uploads\/sites\/3\/2019\/01\/11_28_C_03-220x161.jpg"},"portfolio-five":{"file":"11_28_C_03-177x142.jpg","width":177,"height":142,"mime-type":"image\/jpeg","source_url":"https:\/\/blog.tmgrupoinmobiliario.com\/de\/wp-content\/uploads\/sites\/3\/2019\/01\/11_28_C_03-177x142.jpg"},"portfolio-six":{"file":"11_28_C_03-147x118.jpg","width":147,"height":118,"mime-type":"image\/jpeg","source_url":"https:\/\/blog.tmgrupoinmobiliario.com\/de\/wp-content\/uploads\/sites\/3\/2019\/01\/11_28_C_03-147x118.jpg"},"recent-posts":{"file":"11_28_C_03-700x441.jpg","width":700,"height":441,"mime-type":"image\/jpeg","source_url":"https:\/\/blog.tmgrupoinmobiliario.com\/de\/wp-content\/uploads\/sites\/3\/2019\/01\/11_28_C_03-700x441.jpg"},"recent-works-thumbnail":{"file":"11_28_C_03-66x66.jpg","width":66,"height":66,"mime-type":"image\/jpeg","source_url":"https:\/\/blog.tmgrupoinmobiliario.com\/de\/wp-content\/uploads\/sites\/3\/2019\/01\/11_28_C_03-66x66.jpg"}},"image_meta":{"aperture":"0","credit":"","camera":"","caption":"","created_timestamp":"1534169476","copyright":"","focal_length":"0","iso":"0","shutter_speed":"0","title":"","orientation":"1","keywords":[]}},"post":13278,"source_url":"https:\/\/blog.tmgrupoinmobiliario.com\/de\/wp-content\/uploads\/sites\/3\/2019\/01\/11_28_C_03.jpg"},"acf":{"imagen_destacada_desktop":null,"imagen_destacada_mobile":null,"formato":null,"entradilla":null,"etiquetas":null,"cabecera_escritorio":null,"cabecera_mobile":null,"galeria":null},"yoast_head":"<!-- This site is optimized with the Yoast SEO Premium plugin v23.6 (Yoast SEO v27.5) - https:\/\/yoast.com\/product\/yoast-seo-premium-wordpress\/ -->\n<title>Sant Pere Collection, unser neues Wohnhaus auf Mallorca - Deutsche<\/title>\n<meta name=\"robots\" content=\"index, follow, max-snippet:-1, max-image-preview:large, max-video-preview:-1\" \/>\n<link rel=\"canonical\" href=\"https:\/\/blog.tmgrupoinmobiliario.com\/de\/2019\/03\/22\/sant-pere-collection-unser-neues-wohnhaus-auf-mallorca\/\" \/>\n<meta property=\"og:locale\" content=\"de_DE\" \/>\n<meta property=\"og:type\" content=\"article\" \/>\n<meta property=\"og:title\" content=\"Sant Pere Collection, unser neues Wohnhaus auf Mallorca\" \/>\n<meta property=\"og:description\" content=\"Wir m\u00f6chten Ihnen die neue Wohnanlage von TM Grupo Inmobiliario vorstellen, die in Col\u00f2nia de Sant Pere im Nordosten Mallorcas \u2013 im \u00f6stlichen Teil der Bucht von Alc\u00fadia \u2013 gelegen ist. Die au\u00dfergew\u00f6hnlich sch\u00f6ne Gegend besticht durch die Klippen der Sierra de Art\u00e0. Sa Col\u00f2nia, wie das Gebiet oft genannt wird, geh\u00f6rt zu den wenigen [&hellip;]\" \/>\n<meta property=\"og:url\" content=\"https:\/\/blog.tmgrupoinmobiliario.com\/de\/2019\/03\/22\/sant-pere-collection-unser-neues-wohnhaus-auf-mallorca\/\" \/>\n<meta property=\"og:site_name\" content=\"Deutsche\" \/>\n<meta property=\"article:published_time\" content=\"2019-03-22T17:28:48+00:00\" \/>\n<meta property=\"article:modified_time\" content=\"2019-06-28T15:06:16+00:00\" \/>\n<meta property=\"og:image\" content=\"https:\/\/blog.tmgrupoinmobiliario.com\/de\/wp-content\/uploads\/sites\/3\/2019\/01\/11_28_C_03.jpg\" \/>\n\t<meta property=\"og:image:width\" content=\"1000\" \/>\n\t<meta property=\"og:image:height\" content=\"666\" \/>\n\t<meta property=\"og:image:type\" content=\"image\/jpeg\" \/>\n<meta name=\"author\" content=\"fara\" \/>\n<meta name=\"twitter:card\" content=\"summary_large_image\" \/>\n<meta name=\"twitter:label1\" content=\"Geschrieben von\" \/>\n\t<meta name=\"twitter:data1\" content=\"fara\" \/>\n\t<meta name=\"twitter:label2\" content=\"Gesch\u00e4tzte Lesezeit\" \/>\n\t<meta name=\"twitter:data2\" content=\"1\u00a0Minute\" \/>\n<script type=\"application\/ld+json\" class=\"yoast-schema-graph\">{\"@context\":\"https:\\\/\\\/schema.org\",\"@graph\":[{\"@type\":\"Article\",\"@id\":\"https:\\\/\\\/blog.tmgrupoinmobiliario.com\\\/de\\\/2019\\\/03\\\/22\\\/sant-pere-collection-unser-neues-wohnhaus-auf-mallorca\\\/#article\",\"isPartOf\":{\"@id\":\"https:\\\/\\\/blog.tmgrupoinmobiliario.com\\\/de\\\/2019\\\/03\\\/22\\\/sant-pere-collection-unser-neues-wohnhaus-auf-mallorca\\\/\"},\"author\":{\"name\":\"fara\",\"@id\":\"https:\\\/\\\/blog.tmgrupoinmobiliario.com\\\/de\\\/#\\\/schema\\\/person\\\/a84aec2e78e08c84b83b6c2e603485d4\"},\"headline\":\"Sant Pere Collection, unser neues Wohnhaus auf Mallorca\",\"datePublished\":\"2019-03-22T17:28:48+00:00\",\"dateModified\":\"2019-06-28T15:06:16+00:00\",\"mainEntityOfPage\":{\"@id\":\"https:\\\/\\\/blog.tmgrupoinmobiliario.com\\\/de\\\/2019\\\/03\\\/22\\\/sant-pere-collection-unser-neues-wohnhaus-auf-mallorca\\\/\"},\"wordCount\":288,\"commentCount\":0,\"image\":{\"@id\":\"https:\\\/\\\/blog.tmgrupoinmobiliario.com\\\/de\\\/2019\\\/03\\\/22\\\/sant-pere-collection-unser-neues-wohnhaus-auf-mallorca\\\/#primaryimage\"},\"thumbnailUrl\":\"https:\\\/\\\/blog.tmgrupoinmobiliario.com\\\/de\\\/wp-content\\\/uploads\\\/sites\\\/3\\\/2019\\\/01\\\/11_28_C_03.jpg\",\"keywords\":[\"tag-about-tm\",\"tag-business-promo-spain\",\"tag-home\",\"tag-promotions\",\"tag-promotions-mallorca\"],\"articleSection\":[\"Sin categor\u00eda\"],\"inLanguage\":\"de\",\"potentialAction\":[{\"@type\":\"CommentAction\",\"name\":\"Comment\",\"target\":[\"https:\\\/\\\/blog.tmgrupoinmobiliario.com\\\/de\\\/2019\\\/03\\\/22\\\/sant-pere-collection-unser-neues-wohnhaus-auf-mallorca\\\/#respond\"]}]},{\"@type\":\"WebPage\",\"@id\":\"https:\\\/\\\/blog.tmgrupoinmobiliario.com\\\/de\\\/2019\\\/03\\\/22\\\/sant-pere-collection-unser-neues-wohnhaus-auf-mallorca\\\/\",\"url\":\"https:\\\/\\\/blog.tmgrupoinmobiliario.com\\\/de\\\/2019\\\/03\\\/22\\\/sant-pere-collection-unser-neues-wohnhaus-auf-mallorca\\\/\",\"name\":\"Sant Pere Collection, unser neues Wohnhaus auf Mallorca - Deutsche\",\"isPartOf\":{\"@id\":\"https:\\\/\\\/blog.tmgrupoinmobiliario.com\\\/de\\\/#website\"},\"primaryImageOfPage\":{\"@id\":\"https:\\\/\\\/blog.tmgrupoinmobiliario.com\\\/de\\\/2019\\\/03\\\/22\\\/sant-pere-collection-unser-neues-wohnhaus-auf-mallorca\\\/#primaryimage\"},\"image\":{\"@id\":\"https:\\\/\\\/blog.tmgrupoinmobiliario.com\\\/de\\\/2019\\\/03\\\/22\\\/sant-pere-collection-unser-neues-wohnhaus-auf-mallorca\\\/#primaryimage\"},\"thumbnailUrl\":\"https:\\\/\\\/blog.tmgrupoinmobiliario.com\\\/de\\\/wp-content\\\/uploads\\\/sites\\\/3\\\/2019\\\/01\\\/11_28_C_03.jpg\",\"datePublished\":\"2019-03-22T17:28:48+00:00\",\"dateModified\":\"2019-06-28T15:06:16+00:00\",\"author\":{\"@id\":\"https:\\\/\\\/blog.tmgrupoinmobiliario.com\\\/de\\\/#\\\/schema\\\/person\\\/a84aec2e78e08c84b83b6c2e603485d4\"},\"breadcrumb\":{\"@id\":\"https:\\\/\\\/blog.tmgrupoinmobiliario.com\\\/de\\\/2019\\\/03\\\/22\\\/sant-pere-collection-unser-neues-wohnhaus-auf-mallorca\\\/#breadcrumb\"},\"inLanguage\":\"de\",\"potentialAction\":[{\"@type\":\"ReadAction\",\"target\":[\"https:\\\/\\\/blog.tmgrupoinmobiliario.com\\\/de\\\/2019\\\/03\\\/22\\\/sant-pere-collection-unser-neues-wohnhaus-auf-mallorca\\\/\"]}]},{\"@type\":\"ImageObject\",\"inLanguage\":\"de\",\"@id\":\"https:\\\/\\\/blog.tmgrupoinmobiliario.com\\\/de\\\/2019\\\/03\\\/22\\\/sant-pere-collection-unser-neues-wohnhaus-auf-mallorca\\\/#primaryimage\",\"url\":\"https:\\\/\\\/blog.tmgrupoinmobiliario.com\\\/de\\\/wp-content\\\/uploads\\\/sites\\\/3\\\/2019\\\/01\\\/11_28_C_03.jpg\",\"contentUrl\":\"https:\\\/\\\/blog.tmgrupoinmobiliario.com\\\/de\\\/wp-content\\\/uploads\\\/sites\\\/3\\\/2019\\\/01\\\/11_28_C_03.jpg\",\"width\":1000,\"height\":666},{\"@type\":\"BreadcrumbList\",\"@id\":\"https:\\\/\\\/blog.tmgrupoinmobiliario.com\\\/de\\\/2019\\\/03\\\/22\\\/sant-pere-collection-unser-neues-wohnhaus-auf-mallorca\\\/#breadcrumb\",\"itemListElement\":[{\"@type\":\"ListItem\",\"position\":1,\"name\":\"Portada\",\"item\":\"https:\\\/\\\/blog.tmgrupoinmobiliario.com\\\/de\\\/\"},{\"@type\":\"ListItem\",\"position\":2,\"name\":\"Sant Pere Collection, unser neues Wohnhaus auf Mallorca\"}]},{\"@type\":\"WebSite\",\"@id\":\"https:\\\/\\\/blog.tmgrupoinmobiliario.com\\\/de\\\/#website\",\"url\":\"https:\\\/\\\/blog.tmgrupoinmobiliario.com\\\/de\\\/\",\"name\":\"Deutsche\",\"description\":\"Otro sitio m\u00e1s de Blog Desarrollo TM sitios\",\"potentialAction\":[{\"@type\":\"SearchAction\",\"target\":{\"@type\":\"EntryPoint\",\"urlTemplate\":\"https:\\\/\\\/blog.tmgrupoinmobiliario.com\\\/de\\\/?s={search_term_string}\"},\"query-input\":{\"@type\":\"PropertyValueSpecification\",\"valueRequired\":true,\"valueName\":\"search_term_string\"}}],\"inLanguage\":\"de\"},{\"@type\":\"Person\",\"@id\":\"https:\\\/\\\/blog.tmgrupoinmobiliario.com\\\/de\\\/#\\\/schema\\\/person\\\/a84aec2e78e08c84b83b6c2e603485d4\",\"name\":\"fara\",\"image\":{\"@type\":\"ImageObject\",\"inLanguage\":\"de\",\"@id\":\"https:\\\/\\\/secure.gravatar.com\\\/avatar\\\/7f220746227c0519c6c04da143303cd82cc8dcb5a6e36ab83c4d34194b752687?s=96&d=mm&r=g\",\"url\":\"https:\\\/\\\/secure.gravatar.com\\\/avatar\\\/7f220746227c0519c6c04da143303cd82cc8dcb5a6e36ab83c4d34194b752687?s=96&d=mm&r=g\",\"contentUrl\":\"https:\\\/\\\/secure.gravatar.com\\\/avatar\\\/7f220746227c0519c6c04da143303cd82cc8dcb5a6e36ab83c4d34194b752687?s=96&d=mm&r=g\",\"caption\":\"fara\"},\"url\":\"https:\\\/\\\/blog.tmgrupoinmobiliario.com\\\/de\\\/author\\\/fara\\\/\"}]}<\/script>\n<!-- \/ Yoast SEO Premium plugin. -->","yoast_head_json":{"title":"Sant Pere Collection, unser neues Wohnhaus auf Mallorca - Deutsche","robots":{"index":"index","follow":"follow","max-snippet":"max-snippet:-1","max-image-preview":"max-image-preview:large","max-video-preview":"max-video-preview:-1"},"canonical":"https:\/\/blog.tmgrupoinmobiliario.com\/de\/2019\/03\/22\/sant-pere-collection-unser-neues-wohnhaus-auf-mallorca\/","og_locale":"de_DE","og_type":"article","og_title":"Sant Pere Collection, unser neues Wohnhaus auf Mallorca","og_description":"Wir m\u00f6chten Ihnen die neue Wohnanlage von TM Grupo Inmobiliario vorstellen, die in Col\u00f2nia de Sant Pere im Nordosten Mallorcas \u2013 im \u00f6stlichen Teil der Bucht von Alc\u00fadia \u2013 gelegen ist. Die au\u00dfergew\u00f6hnlich sch\u00f6ne Gegend besticht durch die Klippen der Sierra de Art\u00e0. Sa Col\u00f2nia, wie das Gebiet oft genannt wird, geh\u00f6rt zu den wenigen [&hellip;]","og_url":"https:\/\/blog.tmgrupoinmobiliario.com\/de\/2019\/03\/22\/sant-pere-collection-unser-neues-wohnhaus-auf-mallorca\/","og_site_name":"Deutsche","article_published_time":"2019-03-22T17:28:48+00:00","article_modified_time":"2019-06-28T15:06:16+00:00","og_image":[{"width":1000,"height":666,"url":"https:\/\/blog.tmgrupoinmobiliario.com\/de\/wp-content\/uploads\/sites\/3\/2019\/01\/11_28_C_03.jpg","type":"image\/jpeg"}],"author":"fara","twitter_card":"summary_large_image","twitter_misc":{"Geschrieben von":"fara","Gesch\u00e4tzte Lesezeit":"1\u00a0Minute"},"schema":{"@context":"https:\/\/schema.org","@graph":[{"@type":"Article","@id":"https:\/\/blog.tmgrupoinmobiliario.com\/de\/2019\/03\/22\/sant-pere-collection-unser-neues-wohnhaus-auf-mallorca\/#article","isPartOf":{"@id":"https:\/\/blog.tmgrupoinmobiliario.com\/de\/2019\/03\/22\/sant-pere-collection-unser-neues-wohnhaus-auf-mallorca\/"},"author":{"name":"fara","@id":"https:\/\/blog.tmgrupoinmobiliario.com\/de\/#\/schema\/person\/a84aec2e78e08c84b83b6c2e603485d4"},"headline":"Sant Pere Collection, unser neues Wohnhaus auf Mallorca","datePublished":"2019-03-22T17:28:48+00:00","dateModified":"2019-06-28T15:06:16+00:00","mainEntityOfPage":{"@id":"https:\/\/blog.tmgrupoinmobiliario.com\/de\/2019\/03\/22\/sant-pere-collection-unser-neues-wohnhaus-auf-mallorca\/"},"wordCount":288,"commentCount":0,"image":{"@id":"https:\/\/blog.tmgrupoinmobiliario.com\/de\/2019\/03\/22\/sant-pere-collection-unser-neues-wohnhaus-auf-mallorca\/#primaryimage"},"thumbnailUrl":"https:\/\/blog.tmgrupoinmobiliario.com\/de\/wp-content\/uploads\/sites\/3\/2019\/01\/11_28_C_03.jpg","keywords":["tag-about-tm","tag-business-promo-spain","tag-home","tag-promotions","tag-promotions-mallorca"],"articleSection":["Sin categor\u00eda"],"inLanguage":"de","potentialAction":[{"@type":"CommentAction","name":"Comment","target":["https:\/\/blog.tmgrupoinmobiliario.com\/de\/2019\/03\/22\/sant-pere-collection-unser-neues-wohnhaus-auf-mallorca\/#respond"]}]},{"@type":"WebPage","@id":"https:\/\/blog.tmgrupoinmobiliario.com\/de\/2019\/03\/22\/sant-pere-collection-unser-neues-wohnhaus-auf-mallorca\/","url":"https:\/\/blog.tmgrupoinmobiliario.com\/de\/2019\/03\/22\/sant-pere-collection-unser-neues-wohnhaus-auf-mallorca\/","name":"Sant Pere Collection, unser neues Wohnhaus auf Mallorca - Deutsche","isPartOf":{"@id":"https:\/\/blog.tmgrupoinmobiliario.com\/de\/#website"},"primaryImageOfPage":{"@id":"https:\/\/blog.tmgrupoinmobiliario.com\/de\/2019\/03\/22\/sant-pere-collection-unser-neues-wohnhaus-auf-mallorca\/#primaryimage"},"image":{"@id":"https:\/\/blog.tmgrupoinmobiliario.com\/de\/2019\/03\/22\/sant-pere-collection-unser-neues-wohnhaus-auf-mallorca\/#primaryimage"},"thumbnailUrl":"https:\/\/blog.tmgrupoinmobiliario.com\/de\/wp-content\/uploads\/sites\/3\/2019\/01\/11_28_C_03.jpg","datePublished":"2019-03-22T17:28:48+00:00","dateModified":"2019-06-28T15:06:16+00:00","author":{"@id":"https:\/\/blog.tmgrupoinmobiliario.com\/de\/#\/schema\/person\/a84aec2e78e08c84b83b6c2e603485d4"},"breadcrumb":{"@id":"https:\/\/blog.tmgrupoinmobiliario.com\/de\/2019\/03\/22\/sant-pere-collection-unser-neues-wohnhaus-auf-mallorca\/#breadcrumb"},"inLanguage":"de","potentialAction":[{"@type":"ReadAction","target":["https:\/\/blog.tmgrupoinmobiliario.com\/de\/2019\/03\/22\/sant-pere-collection-unser-neues-wohnhaus-auf-mallorca\/"]}]},{"@type":"ImageObject","inLanguage":"de","@id":"https:\/\/blog.tmgrupoinmobiliario.com\/de\/2019\/03\/22\/sant-pere-collection-unser-neues-wohnhaus-auf-mallorca\/#primaryimage","url":"https:\/\/blog.tmgrupoinmobiliario.com\/de\/wp-content\/uploads\/sites\/3\/2019\/01\/11_28_C_03.jpg","contentUrl":"https:\/\/blog.tmgrupoinmobiliario.com\/de\/wp-content\/uploads\/sites\/3\/2019\/01\/11_28_C_03.jpg","width":1000,"height":666},{"@type":"BreadcrumbList","@id":"https:\/\/blog.tmgrupoinmobiliario.com\/de\/2019\/03\/22\/sant-pere-collection-unser-neues-wohnhaus-auf-mallorca\/#breadcrumb","itemListElement":[{"@type":"ListItem","position":1,"name":"Portada","item":"https:\/\/blog.tmgrupoinmobiliario.com\/de\/"},{"@type":"ListItem","position":2,"name":"Sant Pere Collection, unser neues Wohnhaus auf Mallorca"}]},{"@type":"WebSite","@id":"https:\/\/blog.tmgrupoinmobiliario.com\/de\/#website","url":"https:\/\/blog.tmgrupoinmobiliario.com\/de\/","name":"Deutsche","description":"Otro sitio m\u00e1s de Blog Desarrollo TM sitios","potentialAction":[{"@type":"SearchAction","target":{"@type":"EntryPoint","urlTemplate":"https:\/\/blog.tmgrupoinmobiliario.com\/de\/?s={search_term_string}"},"query-input":{"@type":"PropertyValueSpecification","valueRequired":true,"valueName":"search_term_string"}}],"inLanguage":"de"},{"@type":"Person","@id":"https:\/\/blog.tmgrupoinmobiliario.com\/de\/#\/schema\/person\/a84aec2e78e08c84b83b6c2e603485d4","name":"fara","image":{"@type":"ImageObject","inLanguage":"de","@id":"https:\/\/secure.gravatar.com\/avatar\/7f220746227c0519c6c04da143303cd82cc8dcb5a6e36ab83c4d34194b752687?s=96&d=mm&r=g","url":"https:\/\/secure.gravatar.com\/avatar\/7f220746227c0519c6c04da143303cd82cc8dcb5a6e36ab83c4d34194b752687?s=96&d=mm&r=g","contentUrl":"https:\/\/secure.gravatar.com\/avatar\/7f220746227c0519c6c04da143303cd82cc8dcb5a6e36ab83c4d34194b752687?s=96&d=mm&r=g","caption":"fara"},"url":"https:\/\/blog.tmgrupoinmobiliario.com\/de\/author\/fara\/"}]}},"jetpack_featured_media_url":"https:\/\/blog.tmgrupoinmobiliario.com\/de\/wp-content\/uploads\/sites\/3\/2019\/01\/11_28_C_03.jpg","jetpack_sharing_enabled":true,"_links":{"self":[{"href":"https:\/\/blog.tmgrupoinmobiliario.com\/de\/wp-json\/wp\/v2\/posts\/13278","targetHints":{"allow":["GET"]}}],"collection":[{"href":"https:\/\/blog.tmgrupoinmobiliario.com\/de\/wp-json\/wp\/v2\/posts"}],"about":[{"href":"https:\/\/blog.tmgrupoinmobiliario.com\/de\/wp-json\/wp\/v2\/types\/post"}],"author":[{"embeddable":true,"href":"https:\/\/blog.tmgrupoinmobiliario.com\/de\/wp-json\/wp\/v2\/users\/11711"}],"replies":[{"embeddable":true,"href":"https:\/\/blog.tmgrupoinmobiliario.com\/de\/wp-json\/wp\/v2\/comments?post=13278"}],"version-history":[{"count":3,"href":"https:\/\/blog.tmgrupoinmobiliario.com\/de\/wp-json\/wp\/v2\/posts\/13278\/revisions"}],"predecessor-version":[{"id":13468,"href":"https:\/\/blog.tmgrupoinmobiliario.com\/de\/wp-json\/wp\/v2\/posts\/13278\/revisions\/13468"}],"wp:featuredmedia":[{"embeddable":true,"href":"https:\/\/blog.tmgrupoinmobiliario.com\/de\/wp-json\/wp\/v2\/media\/13279"}],"wp:attachment":[{"href":"https:\/\/blog.tmgrupoinmobiliario.com\/de\/wp-json\/wp\/v2\/media?parent=13278"}],"wp:term":[{"taxonomy":"category","embeddable":true,"href":"https:\/\/blog.tmgrupoinmobiliario.com\/de\/wp-json\/wp\/v2\/categories?post=13278"},{"taxonomy":"post_tag","embeddable":true,"href":"https:\/\/blog.tmgrupoinmobiliario.com\/de\/wp-json\/wp\/v2\/tags?post=13278"}],"curies":[{"name":"wp","href":"https:\/\/api.w.org\/{rel}","templated":true}]}}