{"id":13258,"date":"2018-12-27T16:59:36","date_gmt":"2018-12-27T16:59:36","guid":{"rendered":"https:\/\/blog.tmgrupoinmobiliario.com\/de\/?p=13258"},"modified":"2018-12-27T16:59:36","modified_gmt":"2018-12-27T16:59:36","slug":"ein-jahr-der-anerkennung","status":"publish","type":"post","link":"https:\/\/blog.tmgrupoinmobiliario.com\/de\/2018\/12\/27\/ein-jahr-der-anerkennung\/","title":{"rendered":"Ein Jahr Der Anerkennung"},"content":{"rendered":"<p>Erst Anerkennung und Wertsch\u00e4tzung von au\u00dfen sind die Best\u00e4tigung, dass sich Arbeit, M\u00fche und Begeisterung <strong>eines Unternehmens auch ausgezahlt haben<\/strong>. Dieses Jahr wurde TM Grupo Inmobiliario mit verschiedenen, sehr wichtigen Pr\u00e4mien und Auszeichnungen der Firmen- und Immobilienbranche bedacht. Von diesen m\u00f6chten wir besonders zwei erw\u00e4hnen, auf die wir besonders stolz sind.<\/p>\n<p>Anfang Oktober hat unsere Firma in der III. Ausgabe der Firmenauszeichnungen In4Bankia, <strong>die Pr\u00e4mie f\u00fcr die \u201eBester beruflicher Werdegang\u201c<\/strong> (span. Bez. \u201eMejor Trayectoria Profesional\u201d), bekommen. Diese Preisverleihung wurde von der Verlagsgruppe Prensa Alicantina und der spanischen Bank Bankia organisiert. Das Ziel dabei war, die Menschen der Provinz Alicante durch eine Anerkennung der dort f\u00fchrenden Unternehmen zu unterst\u00fctzen. Die Kategorie, in der wir eine Auszeichnung erhalten haben, zeichnet jene Firmen aus, die eine Laufbahn von mehr als 15 Jahren nachweisen und sich durch das Streben nach Exzellenz in den Bereichen Arbeit, Organisation und Wirtschaft hervorheben konnten.<\/p>\n<p>Der Generaldirektor Pablo Serna war damit beauftragt, die Auszeichnung in Empfang zu nehmen, die ihm von Adri\u00e1n Ivorra, Generaldirektor von TV und Radio Prensa Ib\u00e9rica \u00fcberreicht wurde. In seiner Rede widmete er die Auszeichnung all jenen, die in den letzten 49 Jahren solch einen Erfolg erm\u00f6glicht haben. Er unterstrich auch die wichtige Rolle von Unternehmern in der Branche des Wohn-Tourismus, die zur direkten Schaffung von Arbeitspl\u00e4tzen, Reichtum und Wohlstand beitrugen.<\/p>\n<p>Im Oktober dieses Jahres waren wir erneut Gewinner in zwei Kategorien der <strong>prestigetr\u00e4chtigen \u201eEuropean Property Awards\u201c<\/strong>: Mar De Pulp\u00ed, unser Wohnkomplex an der K\u00fcste von Almeria, hat sowohl die Pr\u00e4mie f\u00fcr \u2018Residential Development\u2019 als auch Mixed-use Development\u2019 erhalten. Zwei Pr\u00e4mien, durch die \u00a0Zusammenwirken und Harmonie von Wohngeb\u00e4uden, Gesch\u00e4ften und Freizeitr\u00e4umen bewertet werden.<\/p>\n<p>Anerkennungen wie diese bedeuten f\u00fcr uns einen Ansporn <strong>f\u00fcr st\u00e4ndige Verbesserung und Weiterentwicklung<\/strong>. Wir bleiben dran, arbeiten weiter, mit der gleichen Begeisterung, mit der wir unsere Kunden auch in Zukunft gl\u00fccklich machen wollen: Menschen, die bei TM Grupo Immobiliario ihr Zuhause finden.<\/p>\n","protected":false},"excerpt":{"rendered":"<p>Erst Anerkennung und Wertsch\u00e4tzung von au\u00dfen sind die Best\u00e4tigung, dass sich Arbeit, M\u00fche und Begeisterung eines Unternehmens auch ausgezahlt haben. Dieses Jahr wurde TM Grupo Inmobiliario mit verschiedenen, sehr wichtigen Pr\u00e4mien und Auszeichnungen der Firmen- und Immobilienbranche bedacht. Von diesen m\u00f6chten wir besonders zwei erw\u00e4hnen, auf die wir besonders stolz sind. Anfang Oktober hat unsere [&hellip;]<\/p>\n","protected":false},"author":11711,"featured_media":13259,"comment_status":"open","ping_status":"open","sticky":false,"template":"","format":"standard","meta":{"_jetpack_memberships_contains_paid_content":false,"footnotes":""},"categories":[1],"tags":[],"class_list":["post-13258","post","type-post","status-publish","format-standard","has-post-thumbnail","hentry","category-sin-categoria"],"better_featured_image":{"id":13259,"alt_text":"","caption":"Premios INFO4Bankia","description":"","media_type":"image","media_details":{"width":1000,"height":676,"file":"2018\/12\/fotografos_20181107_214901.jpg","sizes":{"thumbnail":{"file":"fotografos_20181107_214901-150x150.jpg","width":150,"height":150,"mime-type":"image\/jpeg","source_url":"https:\/\/blog.tmgrupoinmobiliario.com\/de\/wp-content\/uploads\/sites\/3\/2018\/12\/fotografos_20181107_214901-150x150.jpg"},"medium":{"file":"fotografos_20181107_214901-300x203.jpg","width":300,"height":203,"mime-type":"image\/jpeg","source_url":"https:\/\/blog.tmgrupoinmobiliario.com\/de\/wp-content\/uploads\/sites\/3\/2018\/12\/fotografos_20181107_214901-300x203.jpg"},"medium_large":{"file":"fotografos_20181107_214901-768x519.jpg","width":768,"height":519,"mime-type":"image\/jpeg","source_url":"https:\/\/blog.tmgrupoinmobiliario.com\/de\/wp-content\/uploads\/sites\/3\/2018\/12\/fotografos_20181107_214901-768x519.jpg"},"blog-large":{"file":"fotografos_20181107_214901-669x272.jpg","width":669,"height":272,"mime-type":"image\/jpeg","source_url":"https:\/\/blog.tmgrupoinmobiliario.com\/de\/wp-content\/uploads\/sites\/3\/2018\/12\/fotografos_20181107_214901-669x272.jpg"},"blog-medium":{"file":"fotografos_20181107_214901-320x202.jpg","width":320,"height":202,"mime-type":"image\/jpeg","source_url":"https:\/\/blog.tmgrupoinmobiliario.com\/de\/wp-content\/uploads\/sites\/3\/2018\/12\/fotografos_20181107_214901-320x202.jpg"},"tabs-img":{"file":"fotografos_20181107_214901-52x50.jpg","width":52,"height":50,"mime-type":"image\/jpeg","source_url":"https:\/\/blog.tmgrupoinmobiliario.com\/de\/wp-content\/uploads\/sites\/3\/2018\/12\/fotografos_20181107_214901-52x50.jpg"},"related-img":{"file":"fotografos_20181107_214901-180x138.jpg","width":180,"height":138,"mime-type":"image\/jpeg","source_url":"https:\/\/blog.tmgrupoinmobiliario.com\/de\/wp-content\/uploads\/sites\/3\/2018\/12\/fotografos_20181107_214901-180x138.jpg"},"portfolio-full":{"file":"fotografos_20181107_214901-940x400.jpg","width":940,"height":400,"mime-type":"image\/jpeg","source_url":"https:\/\/blog.tmgrupoinmobiliario.com\/de\/wp-content\/uploads\/sites\/3\/2018\/12\/fotografos_20181107_214901-940x400.jpg"},"portfolio-one":{"file":"fotografos_20181107_214901-540x272.jpg","width":540,"height":272,"mime-type":"image\/jpeg","source_url":"https:\/\/blog.tmgrupoinmobiliario.com\/de\/wp-content\/uploads\/sites\/3\/2018\/12\/fotografos_20181107_214901-540x272.jpg"},"portfolio-two":{"file":"fotografos_20181107_214901-460x295.jpg","width":460,"height":295,"mime-type":"image\/jpeg","source_url":"https:\/\/blog.tmgrupoinmobiliario.com\/de\/wp-content\/uploads\/sites\/3\/2018\/12\/fotografos_20181107_214901-460x295.jpg"},"portfolio-three":{"file":"fotografos_20181107_214901-300x214.jpg","width":300,"height":214,"mime-type":"image\/jpeg","source_url":"https:\/\/blog.tmgrupoinmobiliario.com\/de\/wp-content\/uploads\/sites\/3\/2018\/12\/fotografos_20181107_214901-300x214.jpg"},"portfolio-four":{"file":"fotografos_20181107_214901-220x161.jpg","width":220,"height":161,"mime-type":"image\/jpeg","source_url":"https:\/\/blog.tmgrupoinmobiliario.com\/de\/wp-content\/uploads\/sites\/3\/2018\/12\/fotografos_20181107_214901-220x161.jpg"},"portfolio-five":{"file":"fotografos_20181107_214901-177x142.jpg","width":177,"height":142,"mime-type":"image\/jpeg","source_url":"https:\/\/blog.tmgrupoinmobiliario.com\/de\/wp-content\/uploads\/sites\/3\/2018\/12\/fotografos_20181107_214901-177x142.jpg"},"portfolio-six":{"file":"fotografos_20181107_214901-147x118.jpg","width":147,"height":118,"mime-type":"image\/jpeg","source_url":"https:\/\/blog.tmgrupoinmobiliario.com\/de\/wp-content\/uploads\/sites\/3\/2018\/12\/fotografos_20181107_214901-147x118.jpg"},"recent-posts":{"file":"fotografos_20181107_214901-700x441.jpg","width":700,"height":441,"mime-type":"image\/jpeg","source_url":"https:\/\/blog.tmgrupoinmobiliario.com\/de\/wp-content\/uploads\/sites\/3\/2018\/12\/fotografos_20181107_214901-700x441.jpg"},"recent-works-thumbnail":{"file":"fotografos_20181107_214901-66x66.jpg","width":66,"height":66,"mime-type":"image\/jpeg","source_url":"https:\/\/blog.tmgrupoinmobiliario.com\/de\/wp-content\/uploads\/sites\/3\/2018\/12\/fotografos_20181107_214901-66x66.jpg"}},"image_meta":{"aperture":"3.5","credit":"Pilar Cort\u00e9s","camera":"Canon EOS 5D Mark III","caption":"Premios INFO4Bankia","created_timestamp":"1541624374","copyright":"","focal_length":"18","iso":"640","shutter_speed":"0.016666666666667","title":"Premios INFO4Bankia","orientation":"1","keywords":[]}},"post":13258,"source_url":"https:\/\/blog.tmgrupoinmobiliario.com\/de\/wp-content\/uploads\/sites\/3\/2018\/12\/fotografos_20181107_214901.jpg"},"acf":{"imagen_destacada_desktop":null,"imagen_destacada_mobile":null,"formato":null,"entradilla":null,"etiquetas":null,"cabecera_escritorio":null,"cabecera_mobile":null,"galeria":null},"yoast_head":"<!-- This site is optimized with the Yoast SEO Premium plugin v23.6 (Yoast SEO v27.5) - https:\/\/yoast.com\/product\/yoast-seo-premium-wordpress\/ -->\n<title>Ein Jahr Der Anerkennung - Deutsche<\/title>\n<meta name=\"robots\" content=\"index, follow, max-snippet:-1, max-image-preview:large, max-video-preview:-1\" \/>\n<link rel=\"canonical\" href=\"https:\/\/blog.tmgrupoinmobiliario.com\/de\/2018\/12\/27\/ein-jahr-der-anerkennung\/\" \/>\n<meta property=\"og:locale\" content=\"de_DE\" \/>\n<meta property=\"og:type\" content=\"article\" \/>\n<meta property=\"og:title\" content=\"Ein Jahr Der Anerkennung\" \/>\n<meta property=\"og:description\" content=\"Erst Anerkennung und Wertsch\u00e4tzung von au\u00dfen sind die Best\u00e4tigung, dass sich Arbeit, M\u00fche und Begeisterung eines Unternehmens auch ausgezahlt haben. Dieses Jahr wurde TM Grupo Inmobiliario mit verschiedenen, sehr wichtigen Pr\u00e4mien und Auszeichnungen der Firmen- und Immobilienbranche bedacht. Von diesen m\u00f6chten wir besonders zwei erw\u00e4hnen, auf die wir besonders stolz sind. Anfang Oktober hat unsere [&hellip;]\" \/>\n<meta property=\"og:url\" content=\"https:\/\/blog.tmgrupoinmobiliario.com\/de\/2018\/12\/27\/ein-jahr-der-anerkennung\/\" \/>\n<meta property=\"og:site_name\" content=\"Deutsche\" \/>\n<meta property=\"article:published_time\" content=\"2018-12-27T16:59:36+00:00\" \/>\n<meta property=\"og:image\" content=\"https:\/\/blog.tmgrupoinmobiliario.com\/de\/wp-content\/uploads\/sites\/3\/2018\/12\/fotografos_20181107_214901.jpg\" \/>\n\t<meta property=\"og:image:width\" content=\"1000\" \/>\n\t<meta property=\"og:image:height\" content=\"676\" \/>\n\t<meta property=\"og:image:type\" content=\"image\/jpeg\" \/>\n<meta name=\"author\" content=\"fara\" \/>\n<meta name=\"twitter:card\" content=\"summary_large_image\" \/>\n<meta name=\"twitter:label1\" content=\"Geschrieben von\" \/>\n\t<meta name=\"twitter:data1\" content=\"fara\" \/>\n\t<meta name=\"twitter:label2\" content=\"Gesch\u00e4tzte Lesezeit\" \/>\n\t<meta name=\"twitter:data2\" content=\"2\u00a0Minuten\" \/>\n<script type=\"application\/ld+json\" class=\"yoast-schema-graph\">{\"@context\":\"https:\\\/\\\/schema.org\",\"@graph\":[{\"@type\":\"Article\",\"@id\":\"https:\\\/\\\/blog.tmgrupoinmobiliario.com\\\/de\\\/2018\\\/12\\\/27\\\/ein-jahr-der-anerkennung\\\/#article\",\"isPartOf\":{\"@id\":\"https:\\\/\\\/blog.tmgrupoinmobiliario.com\\\/de\\\/2018\\\/12\\\/27\\\/ein-jahr-der-anerkennung\\\/\"},\"author\":{\"name\":\"fara\",\"@id\":\"https:\\\/\\\/blog.tmgrupoinmobiliario.com\\\/de\\\/#\\\/schema\\\/person\\\/a84aec2e78e08c84b83b6c2e603485d4\"},\"headline\":\"Ein Jahr Der Anerkennung\",\"datePublished\":\"2018-12-27T16:59:36+00:00\",\"mainEntityOfPage\":{\"@id\":\"https:\\\/\\\/blog.tmgrupoinmobiliario.com\\\/de\\\/2018\\\/12\\\/27\\\/ein-jahr-der-anerkennung\\\/\"},\"wordCount\":340,\"commentCount\":0,\"image\":{\"@id\":\"https:\\\/\\\/blog.tmgrupoinmobiliario.com\\\/de\\\/2018\\\/12\\\/27\\\/ein-jahr-der-anerkennung\\\/#primaryimage\"},\"thumbnailUrl\":\"https:\\\/\\\/blog.tmgrupoinmobiliario.com\\\/de\\\/wp-content\\\/uploads\\\/sites\\\/3\\\/2018\\\/12\\\/fotografos_20181107_214901.jpg\",\"articleSection\":[\"Sin categor\u00eda\"],\"inLanguage\":\"de\",\"potentialAction\":[{\"@type\":\"CommentAction\",\"name\":\"Comment\",\"target\":[\"https:\\\/\\\/blog.tmgrupoinmobiliario.com\\\/de\\\/2018\\\/12\\\/27\\\/ein-jahr-der-anerkennung\\\/#respond\"]}]},{\"@type\":\"WebPage\",\"@id\":\"https:\\\/\\\/blog.tmgrupoinmobiliario.com\\\/de\\\/2018\\\/12\\\/27\\\/ein-jahr-der-anerkennung\\\/\",\"url\":\"https:\\\/\\\/blog.tmgrupoinmobiliario.com\\\/de\\\/2018\\\/12\\\/27\\\/ein-jahr-der-anerkennung\\\/\",\"name\":\"Ein Jahr Der Anerkennung - Deutsche\",\"isPartOf\":{\"@id\":\"https:\\\/\\\/blog.tmgrupoinmobiliario.com\\\/de\\\/#website\"},\"primaryImageOfPage\":{\"@id\":\"https:\\\/\\\/blog.tmgrupoinmobiliario.com\\\/de\\\/2018\\\/12\\\/27\\\/ein-jahr-der-anerkennung\\\/#primaryimage\"},\"image\":{\"@id\":\"https:\\\/\\\/blog.tmgrupoinmobiliario.com\\\/de\\\/2018\\\/12\\\/27\\\/ein-jahr-der-anerkennung\\\/#primaryimage\"},\"thumbnailUrl\":\"https:\\\/\\\/blog.tmgrupoinmobiliario.com\\\/de\\\/wp-content\\\/uploads\\\/sites\\\/3\\\/2018\\\/12\\\/fotografos_20181107_214901.jpg\",\"datePublished\":\"2018-12-27T16:59:36+00:00\",\"author\":{\"@id\":\"https:\\\/\\\/blog.tmgrupoinmobiliario.com\\\/de\\\/#\\\/schema\\\/person\\\/a84aec2e78e08c84b83b6c2e603485d4\"},\"breadcrumb\":{\"@id\":\"https:\\\/\\\/blog.tmgrupoinmobiliario.com\\\/de\\\/2018\\\/12\\\/27\\\/ein-jahr-der-anerkennung\\\/#breadcrumb\"},\"inLanguage\":\"de\",\"potentialAction\":[{\"@type\":\"ReadAction\",\"target\":[\"https:\\\/\\\/blog.tmgrupoinmobiliario.com\\\/de\\\/2018\\\/12\\\/27\\\/ein-jahr-der-anerkennung\\\/\"]}]},{\"@type\":\"ImageObject\",\"inLanguage\":\"de\",\"@id\":\"https:\\\/\\\/blog.tmgrupoinmobiliario.com\\\/de\\\/2018\\\/12\\\/27\\\/ein-jahr-der-anerkennung\\\/#primaryimage\",\"url\":\"https:\\\/\\\/blog.tmgrupoinmobiliario.com\\\/de\\\/wp-content\\\/uploads\\\/sites\\\/3\\\/2018\\\/12\\\/fotografos_20181107_214901.jpg\",\"contentUrl\":\"https:\\\/\\\/blog.tmgrupoinmobiliario.com\\\/de\\\/wp-content\\\/uploads\\\/sites\\\/3\\\/2018\\\/12\\\/fotografos_20181107_214901.jpg\",\"width\":1000,\"height\":676,\"caption\":\"Premios INFO4Bankia\"},{\"@type\":\"BreadcrumbList\",\"@id\":\"https:\\\/\\\/blog.tmgrupoinmobiliario.com\\\/de\\\/2018\\\/12\\\/27\\\/ein-jahr-der-anerkennung\\\/#breadcrumb\",\"itemListElement\":[{\"@type\":\"ListItem\",\"position\":1,\"name\":\"Portada\",\"item\":\"https:\\\/\\\/blog.tmgrupoinmobiliario.com\\\/de\\\/\"},{\"@type\":\"ListItem\",\"position\":2,\"name\":\"Ein Jahr Der Anerkennung\"}]},{\"@type\":\"WebSite\",\"@id\":\"https:\\\/\\\/blog.tmgrupoinmobiliario.com\\\/de\\\/#website\",\"url\":\"https:\\\/\\\/blog.tmgrupoinmobiliario.com\\\/de\\\/\",\"name\":\"Deutsche\",\"description\":\"Otro sitio m\u00e1s de Blog Desarrollo TM sitios\",\"potentialAction\":[{\"@type\":\"SearchAction\",\"target\":{\"@type\":\"EntryPoint\",\"urlTemplate\":\"https:\\\/\\\/blog.tmgrupoinmobiliario.com\\\/de\\\/?s={search_term_string}\"},\"query-input\":{\"@type\":\"PropertyValueSpecification\",\"valueRequired\":true,\"valueName\":\"search_term_string\"}}],\"inLanguage\":\"de\"},{\"@type\":\"Person\",\"@id\":\"https:\\\/\\\/blog.tmgrupoinmobiliario.com\\\/de\\\/#\\\/schema\\\/person\\\/a84aec2e78e08c84b83b6c2e603485d4\",\"name\":\"fara\",\"image\":{\"@type\":\"ImageObject\",\"inLanguage\":\"de\",\"@id\":\"https:\\\/\\\/secure.gravatar.com\\\/avatar\\\/7f220746227c0519c6c04da143303cd82cc8dcb5a6e36ab83c4d34194b752687?s=96&d=mm&r=g\",\"url\":\"https:\\\/\\\/secure.gravatar.com\\\/avatar\\\/7f220746227c0519c6c04da143303cd82cc8dcb5a6e36ab83c4d34194b752687?s=96&d=mm&r=g\",\"contentUrl\":\"https:\\\/\\\/secure.gravatar.com\\\/avatar\\\/7f220746227c0519c6c04da143303cd82cc8dcb5a6e36ab83c4d34194b752687?s=96&d=mm&r=g\",\"caption\":\"fara\"},\"url\":\"https:\\\/\\\/blog.tmgrupoinmobiliario.com\\\/de\\\/author\\\/fara\\\/\"}]}<\/script>\n<!-- \/ Yoast SEO Premium plugin. -->","yoast_head_json":{"title":"Ein Jahr Der Anerkennung - Deutsche","robots":{"index":"index","follow":"follow","max-snippet":"max-snippet:-1","max-image-preview":"max-image-preview:large","max-video-preview":"max-video-preview:-1"},"canonical":"https:\/\/blog.tmgrupoinmobiliario.com\/de\/2018\/12\/27\/ein-jahr-der-anerkennung\/","og_locale":"de_DE","og_type":"article","og_title":"Ein Jahr Der Anerkennung","og_description":"Erst Anerkennung und Wertsch\u00e4tzung von au\u00dfen sind die Best\u00e4tigung, dass sich Arbeit, M\u00fche und Begeisterung eines Unternehmens auch ausgezahlt haben. Dieses Jahr wurde TM Grupo Inmobiliario mit verschiedenen, sehr wichtigen Pr\u00e4mien und Auszeichnungen der Firmen- und Immobilienbranche bedacht. Von diesen m\u00f6chten wir besonders zwei erw\u00e4hnen, auf die wir besonders stolz sind. Anfang Oktober hat unsere [&hellip;]","og_url":"https:\/\/blog.tmgrupoinmobiliario.com\/de\/2018\/12\/27\/ein-jahr-der-anerkennung\/","og_site_name":"Deutsche","article_published_time":"2018-12-27T16:59:36+00:00","og_image":[{"width":1000,"height":676,"url":"https:\/\/blog.tmgrupoinmobiliario.com\/de\/wp-content\/uploads\/sites\/3\/2018\/12\/fotografos_20181107_214901.jpg","type":"image\/jpeg"}],"author":"fara","twitter_card":"summary_large_image","twitter_misc":{"Geschrieben von":"fara","Gesch\u00e4tzte Lesezeit":"2\u00a0Minuten"},"schema":{"@context":"https:\/\/schema.org","@graph":[{"@type":"Article","@id":"https:\/\/blog.tmgrupoinmobiliario.com\/de\/2018\/12\/27\/ein-jahr-der-anerkennung\/#article","isPartOf":{"@id":"https:\/\/blog.tmgrupoinmobiliario.com\/de\/2018\/12\/27\/ein-jahr-der-anerkennung\/"},"author":{"name":"fara","@id":"https:\/\/blog.tmgrupoinmobiliario.com\/de\/#\/schema\/person\/a84aec2e78e08c84b83b6c2e603485d4"},"headline":"Ein Jahr Der Anerkennung","datePublished":"2018-12-27T16:59:36+00:00","mainEntityOfPage":{"@id":"https:\/\/blog.tmgrupoinmobiliario.com\/de\/2018\/12\/27\/ein-jahr-der-anerkennung\/"},"wordCount":340,"commentCount":0,"image":{"@id":"https:\/\/blog.tmgrupoinmobiliario.com\/de\/2018\/12\/27\/ein-jahr-der-anerkennung\/#primaryimage"},"thumbnailUrl":"https:\/\/blog.tmgrupoinmobiliario.com\/de\/wp-content\/uploads\/sites\/3\/2018\/12\/fotografos_20181107_214901.jpg","articleSection":["Sin categor\u00eda"],"inLanguage":"de","potentialAction":[{"@type":"CommentAction","name":"Comment","target":["https:\/\/blog.tmgrupoinmobiliario.com\/de\/2018\/12\/27\/ein-jahr-der-anerkennung\/#respond"]}]},{"@type":"WebPage","@id":"https:\/\/blog.tmgrupoinmobiliario.com\/de\/2018\/12\/27\/ein-jahr-der-anerkennung\/","url":"https:\/\/blog.tmgrupoinmobiliario.com\/de\/2018\/12\/27\/ein-jahr-der-anerkennung\/","name":"Ein Jahr Der Anerkennung - Deutsche","isPartOf":{"@id":"https:\/\/blog.tmgrupoinmobiliario.com\/de\/#website"},"primaryImageOfPage":{"@id":"https:\/\/blog.tmgrupoinmobiliario.com\/de\/2018\/12\/27\/ein-jahr-der-anerkennung\/#primaryimage"},"image":{"@id":"https:\/\/blog.tmgrupoinmobiliario.com\/de\/2018\/12\/27\/ein-jahr-der-anerkennung\/#primaryimage"},"thumbnailUrl":"https:\/\/blog.tmgrupoinmobiliario.com\/de\/wp-content\/uploads\/sites\/3\/2018\/12\/fotografos_20181107_214901.jpg","datePublished":"2018-12-27T16:59:36+00:00","author":{"@id":"https:\/\/blog.tmgrupoinmobiliario.com\/de\/#\/schema\/person\/a84aec2e78e08c84b83b6c2e603485d4"},"breadcrumb":{"@id":"https:\/\/blog.tmgrupoinmobiliario.com\/de\/2018\/12\/27\/ein-jahr-der-anerkennung\/#breadcrumb"},"inLanguage":"de","potentialAction":[{"@type":"ReadAction","target":["https:\/\/blog.tmgrupoinmobiliario.com\/de\/2018\/12\/27\/ein-jahr-der-anerkennung\/"]}]},{"@type":"ImageObject","inLanguage":"de","@id":"https:\/\/blog.tmgrupoinmobiliario.com\/de\/2018\/12\/27\/ein-jahr-der-anerkennung\/#primaryimage","url":"https:\/\/blog.tmgrupoinmobiliario.com\/de\/wp-content\/uploads\/sites\/3\/2018\/12\/fotografos_20181107_214901.jpg","contentUrl":"https:\/\/blog.tmgrupoinmobiliario.com\/de\/wp-content\/uploads\/sites\/3\/2018\/12\/fotografos_20181107_214901.jpg","width":1000,"height":676,"caption":"Premios INFO4Bankia"},{"@type":"BreadcrumbList","@id":"https:\/\/blog.tmgrupoinmobiliario.com\/de\/2018\/12\/27\/ein-jahr-der-anerkennung\/#breadcrumb","itemListElement":[{"@type":"ListItem","position":1,"name":"Portada","item":"https:\/\/blog.tmgrupoinmobiliario.com\/de\/"},{"@type":"ListItem","position":2,"name":"Ein Jahr Der Anerkennung"}]},{"@type":"WebSite","@id":"https:\/\/blog.tmgrupoinmobiliario.com\/de\/#website","url":"https:\/\/blog.tmgrupoinmobiliario.com\/de\/","name":"Deutsche","description":"Otro sitio m\u00e1s de Blog Desarrollo TM sitios","potentialAction":[{"@type":"SearchAction","target":{"@type":"EntryPoint","urlTemplate":"https:\/\/blog.tmgrupoinmobiliario.com\/de\/?s={search_term_string}"},"query-input":{"@type":"PropertyValueSpecification","valueRequired":true,"valueName":"search_term_string"}}],"inLanguage":"de"},{"@type":"Person","@id":"https:\/\/blog.tmgrupoinmobiliario.com\/de\/#\/schema\/person\/a84aec2e78e08c84b83b6c2e603485d4","name":"fara","image":{"@type":"ImageObject","inLanguage":"de","@id":"https:\/\/secure.gravatar.com\/avatar\/7f220746227c0519c6c04da143303cd82cc8dcb5a6e36ab83c4d34194b752687?s=96&d=mm&r=g","url":"https:\/\/secure.gravatar.com\/avatar\/7f220746227c0519c6c04da143303cd82cc8dcb5a6e36ab83c4d34194b752687?s=96&d=mm&r=g","contentUrl":"https:\/\/secure.gravatar.com\/avatar\/7f220746227c0519c6c04da143303cd82cc8dcb5a6e36ab83c4d34194b752687?s=96&d=mm&r=g","caption":"fara"},"url":"https:\/\/blog.tmgrupoinmobiliario.com\/de\/author\/fara\/"}]}},"jetpack_featured_media_url":"https:\/\/blog.tmgrupoinmobiliario.com\/de\/wp-content\/uploads\/sites\/3\/2018\/12\/fotografos_20181107_214901.jpg","jetpack_sharing_enabled":true,"_links":{"self":[{"href":"https:\/\/blog.tmgrupoinmobiliario.com\/de\/wp-json\/wp\/v2\/posts\/13258","targetHints":{"allow":["GET"]}}],"collection":[{"href":"https:\/\/blog.tmgrupoinmobiliario.com\/de\/wp-json\/wp\/v2\/posts"}],"about":[{"href":"https:\/\/blog.tmgrupoinmobiliario.com\/de\/wp-json\/wp\/v2\/types\/post"}],"author":[{"embeddable":true,"href":"https:\/\/blog.tmgrupoinmobiliario.com\/de\/wp-json\/wp\/v2\/users\/11711"}],"replies":[{"embeddable":true,"href":"https:\/\/blog.tmgrupoinmobiliario.com\/de\/wp-json\/wp\/v2\/comments?post=13258"}],"version-history":[{"count":1,"href":"https:\/\/blog.tmgrupoinmobiliario.com\/de\/wp-json\/wp\/v2\/posts\/13258\/revisions"}],"predecessor-version":[{"id":13260,"href":"https:\/\/blog.tmgrupoinmobiliario.com\/de\/wp-json\/wp\/v2\/posts\/13258\/revisions\/13260"}],"wp:featuredmedia":[{"embeddable":true,"href":"https:\/\/blog.tmgrupoinmobiliario.com\/de\/wp-json\/wp\/v2\/media\/13259"}],"wp:attachment":[{"href":"https:\/\/blog.tmgrupoinmobiliario.com\/de\/wp-json\/wp\/v2\/media?parent=13258"}],"wp:term":[{"taxonomy":"category","embeddable":true,"href":"https:\/\/blog.tmgrupoinmobiliario.com\/de\/wp-json\/wp\/v2\/categories?post=13258"},{"taxonomy":"post_tag","embeddable":true,"href":"https:\/\/blog.tmgrupoinmobiliario.com\/de\/wp-json\/wp\/v2\/tags?post=13258"}],"curies":[{"name":"wp","href":"https:\/\/api.w.org\/{rel}","templated":true}]}}